{"id":180883,"date":"2024-11-06T06:16:09","date_gmt":"2024-11-06T11:16:09","guid":{"rendered":"https:\/\/news.canadamotorjobs.com\/?p=180883"},"modified":"2024-11-06T06:29:03","modified_gmt":"2024-11-06T11:29:03","slug":"retour-de-trump-a-la-maison-blanche-vers-une-ere-dincertitude-pour-lindustrie-automobile","status":"publish","type":"post","link":"https:\/\/news.canadamotorjobs.com\/fr\/retour-de-trump-a-la-maison-blanche-vers-une-ere-dincertitude-pour-lindustrie-automobile\/","title":{"rendered":"Retour de Trump \u00e0 la Maison-Blanche : vers une \u00e8re d\u2019incertitude pour l\u2019industrie automobile"},"content":{"rendered":"<\/p>\n<p>En revenant au pouvoir, Trump pourrait d\u00e9cider de rel\u00e2cher les normes impos\u00e9es aux manufacturiers de v\u00e9hicules en mati\u00e8re d\u2019\u00e9lectrification. Sous l\u2019administration Biden, le secteur a d\u00fb se conformer \u00e0 des objectifs ambitieux en mati\u00e8re de production de v\u00e9hicules \u00e9lectriques (VE), mais ce rythme pourrait ralentir sous Trump. D&#8217;apr\u00e8s plusieurs sources, les manufacturiers am\u00e9ricains pourraient \u00e9galement b\u00e9n\u00e9ficier d\u2019une r\u00e9duction des cr\u00e9dits d\u2019imp\u00f4t qui visent \u00e0 stimuler les achats de v\u00e9hicules \u00e9lectriques, remettant en question les efforts d\u2019\u00e9lectrification de l\u2019industrie.<\/p>\n<p>De plus, Trump pourrait s\u2019appuyer sur une majorit\u00e9 r\u00e9publicaine au S\u00e9nat pour avancer des politiques visant \u00e0 limiter l&#8217;influence de la Chine sur le march\u00e9 am\u00e9ricain des composants automobiles. Cette approche serait ax\u00e9e sur la protection de la cha\u00eene d&#8217;approvisionnement locale, mais pourrait \u00e9galement engendrer des hausses de co\u00fbts pour les consommateurs.<\/p>\n<h2>Impacts sur les cr\u00e9dits d\u2019imp\u00f4ts et tarifs commerciaux<\/h2>\n<p>\nL&#8217;une des cons\u00e9quences possibles de cette nouvelle administration serait la r\u00e9vision, voire la r\u00e9duction, des cr\u00e9dits d\u2019imp\u00f4t destin\u00e9s aux VE. Cette r\u00e9duction pourrait affecter les manufacturiers ayant investi massivement dans des technologies \u00e9lectriques, esp\u00e9rant se conformer aux exigences internationales. En cons\u00e9quence, l\u2019impact sur le prix final des v\u00e9hicules pourrait dissuader plusieurs consommateurs, freinant ainsi la demande d\u00e9j\u00e0 fragile pour les v\u00e9hicules \u00e9lectriques.<\/p>\n<p>Les tarifs commerciaux sur les composants \u00e9trangers, notamment chinois, pourraient aussi \u00eatre renforc\u00e9s. Les batteries de v\u00e9hicules \u00e9lectriques, dont les co\u00fbts sont d\u00e9j\u00e0 \u00e9lev\u00e9s, pourraient ainsi devenir encore plus on\u00e9reuses, accentuant la pression sur les manufacturiers.<\/p>\n<h2>Une transition \u00e9lectrique sous Trump : entre protectionnisme et incertitude<\/h2>\n<p>\nLe retour de Trump place l\u2019industrie automobile dans une p\u00e9riode d\u2019incertitude politique, ce qui pourrait nuire aux efforts de l\u2019industrie pour se r\u00e9orienter vers des technologies plus propres. Trump, r\u00e9put\u00e9 pour son soutien \u00e0 une approche plus protectionniste, pourrait \u00e9galement chercher \u00e0 \u00e9liminer les normes strictes de la Californie en mati\u00e8re d&#8217;\u00e9missions polluantes, m\u00eame si plusieurs manufacturiers comme Ford et GM ont annonc\u00e9 leur intention de les respecter.<\/p>\n<h2>Commerce avec la Chine : vers un durcissement des tarifs ?<\/h2>\n<p>\nPour prot\u00e9ger le secteur manufacturier am\u00e9ricain, Trump pourrait d\u00e9cider d&#8217;imposer des tarifs encore plus \u00e9lev\u00e9s sur les batteries et composants chinois. Cette d\u00e9cision viserait non seulement \u00e0 r\u00e9duire la d\u00e9pendance envers la Chine mais aussi \u00e0 s\u00e9curiser l\u2019approvisionnement en mat\u00e9riaux critiques. Cependant, des analystes soulignent que cela pourrait aggraver les difficult\u00e9s de l\u2019industrie am\u00e9ricaine, d\u00e9pendante de ces composants pour maintenir ses marges et rester comp\u00e9titive.<\/p>\n<p>En somme, si Trump retourne \u00e0 la Maison-Blanche, il est probable que l\u2019industrie automobile entre dans une nouvelle \u00e8re marqu\u00e9e par un retour au protectionnisme et une r\u00e9vision des objectifs de transition \u00e9cologique. Les manufacturiers devront s\u2019adapter \u00e0 ces nouvelles r\u00e9alit\u00e9s politiques tout en jonglant avec les attentes fluctuantes en mati\u00e8re de technologie verte.<\/p>\n<p><strong>Avec des renseignements d&#8217;Automotive News<\/strong><\/p>\n<p>Le texte <a rel=\"nofollow\" href=\"https:\/\/annuelauto.ca\/retour-trump-impact-industrie-automobile\/\">Retour de Trump \u00e0 la Maison-Blanche : vers une \u00e8re d\u2019incertitude pour l\u2019industrie automobile<\/a> provient de <a rel=\"nofollow\" href=\"https:\/\/annuelauto.ca\">L&#8217;annuel de l&#8217;automobile &#8211; Actualit\u00e9 automobile<\/a><\/p>\n<p><\/p>\n","protected":false},"excerpt":{"rendered":"<p>En revenant au pouvoir, Trump pourrait d\u00e9cider de rel\u00e2cher les normes impos\u00e9es aux manufacturiers de v\u00e9hicules en mati\u00e8re d\u2019\u00e9lectrification. Sous l\u2019administration Biden, le secteur a d\u00fb se conformer \u00e0 des objectifs ambitieux en mati\u00e8re de production de v\u00e9hicules \u00e9lectriques (VE), mais ce rythme pourrait ralentir sous Trump. D&#8217;apr\u00e8s plusieurs sources, les manufacturiers am\u00e9ricains pourraient \u00e9galement [&hellip;]<\/p>\n","protected":false},"author":8,"featured_media":180885,"comment_status":"close","ping_status":"closed","sticky":false,"template":"","format":"standard","meta":{"_monsterinsights_skip_tracking":false,"_monsterinsights_sitenote_active":false,"_monsterinsights_sitenote_note":"","_monsterinsights_sitenote_category":0,"footnotes":""},"categories":[101],"tags":[],"yoast_head":"<!-- This site is optimized with the Yoast SEO plugin v23.2 - https:\/\/yoast.com\/wordpress\/plugins\/seo\/ -->\n<title>Retour de Trump \u00e0 la Maison-Blanche : vers une \u00e8re d\u2019incertitude pour l\u2019industrie automobile - CanadaMotorJobs.com<\/title>\n<meta name=\"description\" content=\"Retour de Trump \u00e0 la Maison-Blanche : vers une \u00e8re d\u2019incertitude pour l\u2019industrie automobile - Benoit Charette - Annuel automobile - CanadaMotorJobs.com.\" \/>\n<meta name=\"robots\" content=\"index, follow, max-snippet:-1, max-image-preview:large, max-video-preview:-1\" \/>\n<meta property=\"og:locale\" content=\"fr_CA\" \/>\n<meta property=\"og:type\" content=\"article\" \/>\n<meta property=\"og:title\" content=\"Retour de Trump \u00e0 la Maison-Blanche : vers une \u00e8re d\u2019incertitude pour l\u2019industrie automobile - CanadaMotorJobs.com\" \/>\n<meta property=\"og:description\" content=\"Retour de Trump \u00e0 la Maison-Blanche : vers une \u00e8re d\u2019incertitude pour l\u2019industrie automobile - Benoit Charette - Annuel automobile - CanadaMotorJobs.com.\" \/>\n<meta property=\"og:url\" content=\"https:\/\/news.canadamotorjobs.com\/fr\/retour-de-trump-a-la-maison-blanche-vers-une-ere-dincertitude-pour-lindustrie-automobile\/\" \/>\n<meta property=\"og:site_name\" content=\"CanadaMotorJobs.com\" \/>\n<meta property=\"article:publisher\" content=\"https:\/\/www.facebook.com\/canadamotorjobs\/\" \/>\n<meta property=\"article:published_time\" content=\"2024-11-06T11:16:09+00:00\" \/>\n<meta property=\"article:modified_time\" content=\"2024-11-06T11:29:03+00:00\" \/>\n<meta property=\"og:image\" content=\"https:\/\/news.canadamotorjobs.com\/wp-content\/uploads\/2024\/11\/Donald_J._Trump_at_Marriott_Marquis_NYC_September_7th_2016_04.jpg\" \/>\n\t<meta property=\"og:image:width\" content=\"1200\" \/>\n\t<meta property=\"og:image:height\" content=\"800\" \/>\n\t<meta property=\"og:image:type\" content=\"image\/jpeg\" \/>\n<meta name=\"author\" content=\"Benoit Charette\" \/>\n<meta name=\"twitter:card\" content=\"summary_large_image\" \/>\n<meta name=\"twitter:creator\" content=\"@canadamotorjobs\" \/>\n<meta name=\"twitter:site\" content=\"@canadamotorjobs\" \/>\n<meta name=\"twitter:label1\" content=\"\u00c9crit par\" \/>\n\t<meta name=\"twitter:data1\" content=\"Benoit Charette\" \/>\n\t<meta name=\"twitter:label2\" content=\"Estimation du temps de lecture\" \/>\n\t<meta name=\"twitter:data2\" content=\"3 minutes\" \/>\n<!-- \/ Yoast SEO plugin. -->","yoast_head_json":{"title":"Retour de Trump \u00e0 la Maison-Blanche : vers une \u00e8re d\u2019incertitude pour l\u2019industrie automobile - CanadaMotorJobs.com","description":"Retour de Trump \u00e0 la Maison-Blanche : vers une \u00e8re d\u2019incertitude pour l\u2019industrie automobile - Benoit Charette - Annuel automobile - CanadaMotorJobs.com.","robots":{"index":"index","follow":"follow","max-snippet":"max-snippet:-1","max-image-preview":"max-image-preview:large","max-video-preview":"max-video-preview:-1"},"og_locale":"fr_CA","og_type":"article","og_title":"Retour de Trump \u00e0 la Maison-Blanche : vers une \u00e8re d\u2019incertitude pour l\u2019industrie automobile - CanadaMotorJobs.com","og_description":"Retour de Trump \u00e0 la Maison-Blanche : vers une \u00e8re d\u2019incertitude pour l\u2019industrie automobile - Benoit Charette - Annuel automobile - CanadaMotorJobs.com.","og_url":"https:\/\/news.canadamotorjobs.com\/fr\/retour-de-trump-a-la-maison-blanche-vers-une-ere-dincertitude-pour-lindustrie-automobile\/","og_site_name":"CanadaMotorJobs.com","article_publisher":"https:\/\/www.facebook.com\/canadamotorjobs\/","article_published_time":"2024-11-06T11:16:09+00:00","article_modified_time":"2024-11-06T11:29:03+00:00","og_image":[{"width":1200,"height":800,"url":"https:\/\/news.canadamotorjobs.com\/wp-content\/uploads\/2024\/11\/Donald_J._Trump_at_Marriott_Marquis_NYC_September_7th_2016_04.jpg","type":"image\/jpeg"}],"author":"Benoit Charette","twitter_card":"summary_large_image","twitter_creator":"@canadamotorjobs","twitter_site":"@canadamotorjobs","twitter_misc":{"\u00c9crit par":"Benoit Charette","Estimation du temps de lecture":"3 minutes"},"schema":{"@context":"https:\/\/schema.org","@graph":[{"@type":"Article","@id":"https:\/\/news.canadamotorjobs.com\/fr\/retour-de-trump-a-la-maison-blanche-vers-une-ere-dincertitude-pour-lindustrie-automobile\/#article","isPartOf":{"@id":"https:\/\/news.canadamotorjobs.com\/fr\/retour-de-trump-a-la-maison-blanche-vers-une-ere-dincertitude-pour-lindustrie-automobile\/"},"author":{"name":"Benoit Charette","@id":"https:\/\/news.canadamotorjobs.com\/#\/schema\/person\/51793d1f87d44011d7bcc2ed99269a90"},"headline":"Retour de Trump \u00e0 la Maison-Blanche : vers une \u00e8re d\u2019incertitude pour l\u2019industrie automobile","datePublished":"2024-11-06T11:16:09+00:00","dateModified":"2024-11-06T11:29:03+00:00","mainEntityOfPage":{"@id":"https:\/\/news.canadamotorjobs.com\/fr\/retour-de-trump-a-la-maison-blanche-vers-une-ere-dincertitude-pour-lindustrie-automobile\/"},"wordCount":565,"publisher":{"@id":"https:\/\/news.canadamotorjobs.com\/#organization"},"image":{"@id":"https:\/\/news.canadamotorjobs.com\/fr\/retour-de-trump-a-la-maison-blanche-vers-une-ere-dincertitude-pour-lindustrie-automobile\/#primaryimage"},"thumbnailUrl":"https:\/\/news.canadamotorjobs.com\/wp-content\/uploads\/2024\/11\/Donald_J._Trump_at_Marriott_Marquis_NYC_September_7th_2016_04.jpg","articleSection":["Annuel automobile"],"inLanguage":"fr-CA"},{"@type":"WebPage","@id":"https:\/\/news.canadamotorjobs.com\/fr\/retour-de-trump-a-la-maison-blanche-vers-une-ere-dincertitude-pour-lindustrie-automobile\/","url":"https:\/\/news.canadamotorjobs.com\/fr\/retour-de-trump-a-la-maison-blanche-vers-une-ere-dincertitude-pour-lindustrie-automobile\/","name":"Retour de Trump \u00e0 la Maison-Blanche : vers une \u00e8re d\u2019incertitude pour l\u2019industrie automobile - CanadaMotorJobs.com","isPartOf":{"@id":"https:\/\/news.canadamotorjobs.com\/#website"},"primaryImageOfPage":{"@id":"https:\/\/news.canadamotorjobs.com\/fr\/retour-de-trump-a-la-maison-blanche-vers-une-ere-dincertitude-pour-lindustrie-automobile\/#primaryimage"},"image":{"@id":"https:\/\/news.canadamotorjobs.com\/fr\/retour-de-trump-a-la-maison-blanche-vers-une-ere-dincertitude-pour-lindustrie-automobile\/#primaryimage"},"thumbnailUrl":"https:\/\/news.canadamotorjobs.com\/wp-content\/uploads\/2024\/11\/Donald_J._Trump_at_Marriott_Marquis_NYC_September_7th_2016_04.jpg","datePublished":"2024-11-06T11:16:09+00:00","dateModified":"2024-11-06T11:29:03+00:00","description":"Retour de Trump \u00e0 la Maison-Blanche : vers une \u00e8re d\u2019incertitude pour l\u2019industrie automobile - Benoit Charette - Annuel automobile - CanadaMotorJobs.com.","breadcrumb":{"@id":"https:\/\/news.canadamotorjobs.com\/fr\/retour-de-trump-a-la-maison-blanche-vers-une-ere-dincertitude-pour-lindustrie-automobile\/#breadcrumb"},"inLanguage":"fr-CA","potentialAction":[{"@type":"ReadAction","target":["https:\/\/news.canadamotorjobs.com\/fr\/retour-de-trump-a-la-maison-blanche-vers-une-ere-dincertitude-pour-lindustrie-automobile\/"]}]},{"@type":"ImageObject","inLanguage":"fr-CA","@id":"https:\/\/news.canadamotorjobs.com\/fr\/retour-de-trump-a-la-maison-blanche-vers-une-ere-dincertitude-pour-lindustrie-automobile\/#primaryimage","url":"https:\/\/news.canadamotorjobs.com\/wp-content\/uploads\/2024\/11\/Donald_J._Trump_at_Marriott_Marquis_NYC_September_7th_2016_04.jpg","contentUrl":"https:\/\/news.canadamotorjobs.com\/wp-content\/uploads\/2024\/11\/Donald_J._Trump_at_Marriott_Marquis_NYC_September_7th_2016_04.jpg","width":1200,"height":800},{"@type":"BreadcrumbList","@id":"https:\/\/news.canadamotorjobs.com\/fr\/retour-de-trump-a-la-maison-blanche-vers-une-ere-dincertitude-pour-lindustrie-automobile\/#breadcrumb","itemListElement":[{"@type":"ListItem","position":1,"name":"Home","item":"https:\/\/news.canadamotorjobs.com\/fr\/blog\/"},{"@type":"ListItem","position":2,"name":"Retour de Trump \u00e0 la Maison-Blanche : vers une \u00e8re d\u2019incertitude pour l\u2019industrie automobile"}]},{"@type":"WebSite","@id":"https:\/\/news.canadamotorjobs.com\/#website","url":"https:\/\/news.canadamotorjobs.com\/","name":"CanadaMotorJobs.com","description":"Automotive Jobs","publisher":{"@id":"https:\/\/news.canadamotorjobs.com\/#organization"},"potentialAction":[{"@type":"SearchAction","target":{"@type":"EntryPoint","urlTemplate":"https:\/\/news.canadamotorjobs.com\/?s={search_term_string}"},"query-input":"required name=search_term_string"}],"inLanguage":"fr-CA"},{"@type":"Organization","@id":"https:\/\/news.canadamotorjobs.com\/#organization","name":"Canada Motor Jobs","url":"https:\/\/news.canadamotorjobs.com\/","logo":{"@type":"ImageObject","inLanguage":"fr-CA","@id":"https:\/\/news.canadamotorjobs.com\/#\/schema\/logo\/image\/","url":"https:\/\/news.canadamotorjobs.com\/wp-content\/uploads\/2022\/10\/logo-canada-motor-jobs-1.png","contentUrl":"https:\/\/news.canadamotorjobs.com\/wp-content\/uploads\/2022\/10\/logo-canada-motor-jobs-1.png","width":800,"height":400,"caption":"Canada Motor Jobs"},"image":{"@id":"https:\/\/news.canadamotorjobs.com\/#\/schema\/logo\/image\/"},"sameAs":["https:\/\/www.facebook.com\/canadamotorjobs\/","https:\/\/x.com\/canadamotorjobs","https:\/\/www.instagram.com\/canadamotorjobs\/","https:\/\/www.linkedin.com\/company\/canadamotorjobs"]},{"@type":"Person","@id":"https:\/\/news.canadamotorjobs.com\/#\/schema\/person\/51793d1f87d44011d7bcc2ed99269a90","name":"Benoit Charette","image":{"@type":"ImageObject","inLanguage":"fr-CA","@id":"https:\/\/news.canadamotorjobs.com\/#\/schema\/person\/image\/","url":"https:\/\/secure.gravatar.com\/avatar\/45f3d2eebcccd909668d7ce7ea7267b6?s=96&d=mm&r=g","contentUrl":"https:\/\/secure.gravatar.com\/avatar\/45f3d2eebcccd909668d7ce7ea7267b6?s=96&d=mm&r=g","caption":"Benoit Charette"},"description":"Benoit Charette \/ Propri\u00e9taire et r\u00e9dacteur en chef Benoit Charette pratique le journalisme automobile depuis bient\u00f4t 30 ans. Il a fait ses classes au c\u00f4t\u00e9 de Daniel H\u00e9raud et au Carnet de route de 1992 \u00e0 2001. Il est fondateur, copropri\u00e9taire et r\u00e9dacteur en chef de L\u2019Annuel de l\u2019automobile, qu\u2019il publie depuis 2001. Il a anim\u00e9 les \u00e9missions RPM et RPM+ sur V et les L\u00e9gendes de la route sur Historia. \u00c0 la radio depuis 1986, il reprend l\u2019antenne cette ann\u00e9e sur les ondes de Cogeco et participe pour la deuxi\u00e8me ann\u00e9e \u00e0 l\u2019\u00e9mission Passion Auto sur RDS en plus de mettre en ligne le site Web officiel de L\u2019Annuel de l\u2019automobile sur annuelauto.ca.","sameAs":["https:\/\/annuelauto.ca\/"],"url":"https:\/\/news.canadamotorjobs.com\/fr\/author\/benoit-charette\/"}]}},"_links":{"self":[{"href":"https:\/\/news.canadamotorjobs.com\/fr\/wp-json\/wp\/v2\/posts\/180883"}],"collection":[{"href":"https:\/\/news.canadamotorjobs.com\/fr\/wp-json\/wp\/v2\/posts"}],"about":[{"href":"https:\/\/news.canadamotorjobs.com\/fr\/wp-json\/wp\/v2\/types\/post"}],"author":[{"embeddable":true,"href":"https:\/\/news.canadamotorjobs.com\/fr\/wp-json\/wp\/v2\/users\/8"}],"replies":[{"embeddable":true,"href":"https:\/\/news.canadamotorjobs.com\/fr\/wp-json\/wp\/v2\/comments?post=180883"}],"version-history":[{"count":2,"href":"https:\/\/news.canadamotorjobs.com\/fr\/wp-json\/wp\/v2\/posts\/180883\/revisions"}],"predecessor-version":[{"id":180887,"href":"https:\/\/news.canadamotorjobs.com\/fr\/wp-json\/wp\/v2\/posts\/180883\/revisions\/180887"}],"wp:featuredmedia":[{"embeddable":true,"href":"https:\/\/news.canadamotorjobs.com\/fr\/wp-json\/wp\/v2\/media\/180885"}],"wp:attachment":[{"href":"https:\/\/news.canadamotorjobs.com\/fr\/wp-json\/wp\/v2\/media?parent=180883"}],"wp:term":[{"taxonomy":"category","embeddable":true,"href":"https:\/\/news.canadamotorjobs.com\/fr\/wp-json\/wp\/v2\/categories?post=180883"},{"taxonomy":"post_tag","embeddable":true,"href":"https:\/\/news.canadamotorjobs.com\/fr\/wp-json\/wp\/v2\/tags?post=180883"}],"curies":[{"name":"wp","href":"https:\/\/api.w.org\/{rel}","templated":true}]}}