{"id":180824,"date":"2024-11-06T02:24:33","date_gmt":"2024-11-06T07:24:33","guid":{"rendered":"https:\/\/news.canadamotorjobs.com\/?p=180824"},"modified":"2024-11-06T02:29:29","modified_gmt":"2024-11-06T07:29:29","slug":"un-indice-pointe-vers-le-retour-des-celica-et-mr2-chez-toyota","status":"publish","type":"post","link":"https:\/\/news.canadamotorjobs.com\/fr\/un-indice-pointe-vers-le-retour-des-celica-et-mr2-chez-toyota\/","title":{"rendered":"Un indice pointe vers le retour des Celica et MR2 chez Toyota"},"content":{"rendered":"<\/p>\n<p>\u00c7a fait plusieurs fois que des rumeurs font \u00e9tat du retour de deux sportives chez Toyota, soit la Celica et la MR2. Depuis que la Supra a \u00e9t\u00e9 ramen\u00e9e \u00e0 la vie pour 2020, elles ne se sont qu\u2019intensifi\u00e9es.<\/p>\n<p>Et voil\u00e0 qu\u2019un autre indice vient de pointer dans cette direction, soit une bande dessin\u00e9e de type Anime, produite par le constructeur. Dans un nouvel \u00e9pisode, on peut voir un tableau blanc cach\u00e9 \u00e0 l\u2019arri\u00e8re d\u2019un plan qui dresse la liste d\u2019un certain nombre de mod\u00e8les classiques de Toyota, et ces derniers h\u00e9ritent d\u2019une d\u00e9signation qui fait \u00e9tat d\u2019une nouvelle g\u00e9n\u00e9ration.<\/p>\n<p><\/p>\n<figure><img decoding=\"async\" src=\"https:\/\/news.canadamotorjobs.com\/wp-content\/uploads\/2024\/11\/toyota-celica-grip-screenshot-000-5.jpg\" \/><figcaption>Un indice pointe vers le retour des Celica et MR2 chez Toyota | Auto123.com<\/figcaption><\/figure>\n<figure><img decoding=\"async\" src=\"https:\/\/news.canadamotorjobs.com\/wp-content\/uploads\/2024\/11\/toyota-celica-grip-screenshot-001-1.jpg\" alt=\"Image tir\u00e9e de la vid\u00e9o Grip (premier \u00e9pisode de la deuxi\u00e8me saison)\" \/><figcaption>Image tir\u00e9e de la vid\u00e9o Grip (premier \u00e9pisode de la deuxi\u00e8me saison) | Auto123.com<\/figcaption><\/figure>\n<p>Cette liste comprend des noms familiers, ainsi qu\u2019une Toyota Celica de huiti\u00e8me g\u00e9n\u00e9ration et une Toyota MR2 de quatri\u00e8me g\u00e9n\u00e9ration.<\/p>\n<p><\/p>\n<p>Pour en avoir une id\u00e9e, il faut se rendre \u00e0 47 secondes du premier \u00e9pisode de la deuxi\u00e8me saison. La sc\u00e8ne fait aussi voir une Supra de sixi\u00e8me g\u00e9n\u00e9ration, une GR86 de troisi\u00e8me g\u00e9n\u00e9ration, ainsi que les deux produits qui retiennent ici l\u2019attention.<\/p>\n<p>Toyota n\u2019a rien confirm\u00e9 concernant la production de ces mod\u00e8les, et il faut dire que le d\u00e9partement de marketing de la division Gazoo Racing (GR) est pass\u00e9 ma\u00eetre dans l\u2019art de titiller les amateurs de la sorte.<\/p>\n<p>Cependant, dans le pass\u00e9, on a vu des mod\u00e8les appara\u00eetre de cette fa\u00e7on avant de passer \u00e0 la production, ce qui permet aux amateurs d\u2019esp\u00e9rer pour le mieux.<\/p>\n<p>La Celica a \u00e9t\u00e9 propos\u00e9e une derni\u00e8re fois en 2006, mais elle \u00e9tait disparue de notre march\u00e9 l\u2019ann\u00e9e pr\u00e9c\u00e9dente. Idem pour la MR2, qui a subsist\u00e9 jusqu\u2019en 2007 sur d\u2019autres march\u00e9s.<\/p>\n<p>Il faudra voir s\u2019il y a de v\u00e9ritables plans derri\u00e8re ce qu\u2019on a vu, et si oui, sous quelle forme cela prendrait vie. On imagine mal des mod\u00e8les \u00e0 essence, sans une quelconque forme d\u2019\u00e9lectrification, mais soyons patients ; Toyota a le don de surprendre, parfois pour le meilleur, parfois pour le pire.<\/p>\n<p><\/p>\n<figure><img decoding=\"async\" src=\"https:\/\/news.canadamotorjobs.com\/wp-content\/uploads\/2024\/11\/toyota_mr2_spyder_2003-1.jpg\" alt=\"Toyota MR2 Spdyer 2003\" \/><figcaption>Toyota MR2 Spdyer 2003 | Auto123.com<\/figcaption><\/figure>\n<p style=\"padding-top: 15px\">Contenu original de <a href=\"https:\/\/www.auto123.com\/fr\/actualites\/toyota-celica-mr2-retour-anime\/72023\/\">auto123<\/a>.<\/p>\n<p>Le texte <a rel=\"nofollow\" href=\"https:\/\/annuelauto.ca\/un-indice-pointe-vers-le-retour-des-celica-et-mr2-chez-toyota\/\">Un indice pointe vers le retour des Celica et MR2 chez Toyota<\/a> provient de <a rel=\"nofollow\" href=\"https:\/\/annuelauto.ca\">L&#8217;annuel de l&#8217;automobile &#8211; Actualit\u00e9 automobile<\/a><\/p>\n<p><\/p>\n","protected":false},"excerpt":{"rendered":"<p>\u00c7a fait plusieurs fois que des rumeurs font \u00e9tat du retour de deux sportives chez Toyota, soit la Celica et la MR2. Depuis que la Supra a \u00e9t\u00e9 ramen\u00e9e \u00e0 la vie pour 2020, elles ne se sont qu\u2019intensifi\u00e9es. Et voil\u00e0 qu\u2019un autre indice vient de pointer dans cette direction, soit une bande dessin\u00e9e de [&hellip;]<\/p>\n","protected":false},"author":8,"featured_media":180826,"comment_status":"close","ping_status":"closed","sticky":false,"template":"","format":"standard","meta":{"_monsterinsights_skip_tracking":false,"_monsterinsights_sitenote_active":false,"_monsterinsights_sitenote_note":"","_monsterinsights_sitenote_category":0,"footnotes":""},"categories":[101],"tags":[],"yoast_head":"<!-- This site is optimized with the Yoast SEO plugin v23.2 - https:\/\/yoast.com\/wordpress\/plugins\/seo\/ -->\n<title>Un indice pointe vers le retour des Celica et MR2 chez Toyota - CanadaMotorJobs.com<\/title>\n<meta name=\"description\" content=\"Un indice pointe vers le retour des Celica et MR2 chez Toyota - Benoit Charette - Annuel automobile - CanadaMotorJobs.com.\" \/>\n<meta name=\"robots\" content=\"index, follow, max-snippet:-1, max-image-preview:large, max-video-preview:-1\" \/>\n<meta property=\"og:locale\" content=\"fr_CA\" \/>\n<meta property=\"og:type\" content=\"article\" \/>\n<meta property=\"og:title\" content=\"Un indice pointe vers le retour des Celica et MR2 chez Toyota - CanadaMotorJobs.com\" \/>\n<meta property=\"og:description\" content=\"Un indice pointe vers le retour des Celica et MR2 chez Toyota - Benoit Charette - Annuel automobile - CanadaMotorJobs.com.\" \/>\n<meta property=\"og:url\" content=\"https:\/\/news.canadamotorjobs.com\/fr\/un-indice-pointe-vers-le-retour-des-celica-et-mr2-chez-toyota\/\" \/>\n<meta property=\"og:site_name\" content=\"CanadaMotorJobs.com\" \/>\n<meta property=\"article:publisher\" content=\"https:\/\/www.facebook.com\/canadamotorjobs\/\" \/>\n<meta property=\"article:published_time\" content=\"2024-11-06T07:24:33+00:00\" \/>\n<meta property=\"article:modified_time\" content=\"2024-11-06T07:29:29+00:00\" \/>\n<meta property=\"og:image\" content=\"https:\/\/news.canadamotorjobs.com\/wp-content\/uploads\/2024\/11\/toyota-celica-grip-screenshot-000.jpg\" \/>\n\t<meta property=\"og:image:width\" content=\"1200\" \/>\n\t<meta property=\"og:image:height\" content=\"585\" \/>\n\t<meta property=\"og:image:type\" content=\"image\/jpeg\" \/>\n<meta name=\"author\" content=\"Benoit Charette\" \/>\n<meta name=\"twitter:card\" content=\"summary_large_image\" \/>\n<meta name=\"twitter:creator\" content=\"@canadamotorjobs\" \/>\n<meta name=\"twitter:site\" content=\"@canadamotorjobs\" \/>\n<meta name=\"twitter:label1\" content=\"\u00c9crit par\" \/>\n\t<meta name=\"twitter:data1\" content=\"Benoit Charette\" \/>\n\t<meta name=\"twitter:label2\" content=\"Estimation du temps de lecture\" \/>\n\t<meta name=\"twitter:data2\" content=\"2 minutes\" \/>\n<!-- \/ Yoast SEO plugin. -->","yoast_head_json":{"title":"Un indice pointe vers le retour des Celica et MR2 chez Toyota - CanadaMotorJobs.com","description":"Un indice pointe vers le retour des Celica et MR2 chez Toyota - Benoit Charette - Annuel automobile - CanadaMotorJobs.com.","robots":{"index":"index","follow":"follow","max-snippet":"max-snippet:-1","max-image-preview":"max-image-preview:large","max-video-preview":"max-video-preview:-1"},"og_locale":"fr_CA","og_type":"article","og_title":"Un indice pointe vers le retour des Celica et MR2 chez Toyota - CanadaMotorJobs.com","og_description":"Un indice pointe vers le retour des Celica et MR2 chez Toyota - Benoit Charette - Annuel automobile - CanadaMotorJobs.com.","og_url":"https:\/\/news.canadamotorjobs.com\/fr\/un-indice-pointe-vers-le-retour-des-celica-et-mr2-chez-toyota\/","og_site_name":"CanadaMotorJobs.com","article_publisher":"https:\/\/www.facebook.com\/canadamotorjobs\/","article_published_time":"2024-11-06T07:24:33+00:00","article_modified_time":"2024-11-06T07:29:29+00:00","og_image":[{"width":1200,"height":585,"url":"https:\/\/news.canadamotorjobs.com\/wp-content\/uploads\/2024\/11\/toyota-celica-grip-screenshot-000.jpg","type":"image\/jpeg"}],"author":"Benoit Charette","twitter_card":"summary_large_image","twitter_creator":"@canadamotorjobs","twitter_site":"@canadamotorjobs","twitter_misc":{"\u00c9crit par":"Benoit Charette","Estimation du temps de lecture":"2 minutes"},"schema":{"@context":"https:\/\/schema.org","@graph":[{"@type":"Article","@id":"https:\/\/news.canadamotorjobs.com\/fr\/un-indice-pointe-vers-le-retour-des-celica-et-mr2-chez-toyota\/#article","isPartOf":{"@id":"https:\/\/news.canadamotorjobs.com\/fr\/un-indice-pointe-vers-le-retour-des-celica-et-mr2-chez-toyota\/"},"author":{"name":"Benoit Charette","@id":"https:\/\/news.canadamotorjobs.com\/#\/schema\/person\/51793d1f87d44011d7bcc2ed99269a90"},"headline":"Un indice pointe vers le retour des Celica et MR2 chez Toyota","datePublished":"2024-11-06T07:24:33+00:00","dateModified":"2024-11-06T07:29:29+00:00","mainEntityOfPage":{"@id":"https:\/\/news.canadamotorjobs.com\/fr\/un-indice-pointe-vers-le-retour-des-celica-et-mr2-chez-toyota\/"},"wordCount":436,"publisher":{"@id":"https:\/\/news.canadamotorjobs.com\/#organization"},"image":{"@id":"https:\/\/news.canadamotorjobs.com\/fr\/un-indice-pointe-vers-le-retour-des-celica-et-mr2-chez-toyota\/#primaryimage"},"thumbnailUrl":"https:\/\/news.canadamotorjobs.com\/wp-content\/uploads\/2024\/11\/toyota-celica-grip-screenshot-000.jpg","articleSection":["Annuel automobile"],"inLanguage":"fr-CA"},{"@type":"WebPage","@id":"https:\/\/news.canadamotorjobs.com\/fr\/un-indice-pointe-vers-le-retour-des-celica-et-mr2-chez-toyota\/","url":"https:\/\/news.canadamotorjobs.com\/fr\/un-indice-pointe-vers-le-retour-des-celica-et-mr2-chez-toyota\/","name":"Un indice pointe vers le retour des Celica et MR2 chez Toyota - CanadaMotorJobs.com","isPartOf":{"@id":"https:\/\/news.canadamotorjobs.com\/#website"},"primaryImageOfPage":{"@id":"https:\/\/news.canadamotorjobs.com\/fr\/un-indice-pointe-vers-le-retour-des-celica-et-mr2-chez-toyota\/#primaryimage"},"image":{"@id":"https:\/\/news.canadamotorjobs.com\/fr\/un-indice-pointe-vers-le-retour-des-celica-et-mr2-chez-toyota\/#primaryimage"},"thumbnailUrl":"https:\/\/news.canadamotorjobs.com\/wp-content\/uploads\/2024\/11\/toyota-celica-grip-screenshot-000.jpg","datePublished":"2024-11-06T07:24:33+00:00","dateModified":"2024-11-06T07:29:29+00:00","description":"Un indice pointe vers le retour des Celica et MR2 chez Toyota - Benoit Charette - Annuel automobile - CanadaMotorJobs.com.","breadcrumb":{"@id":"https:\/\/news.canadamotorjobs.com\/fr\/un-indice-pointe-vers-le-retour-des-celica-et-mr2-chez-toyota\/#breadcrumb"},"inLanguage":"fr-CA","potentialAction":[{"@type":"ReadAction","target":["https:\/\/news.canadamotorjobs.com\/fr\/un-indice-pointe-vers-le-retour-des-celica-et-mr2-chez-toyota\/"]}]},{"@type":"ImageObject","inLanguage":"fr-CA","@id":"https:\/\/news.canadamotorjobs.com\/fr\/un-indice-pointe-vers-le-retour-des-celica-et-mr2-chez-toyota\/#primaryimage","url":"https:\/\/news.canadamotorjobs.com\/wp-content\/uploads\/2024\/11\/toyota-celica-grip-screenshot-000.jpg","contentUrl":"https:\/\/news.canadamotorjobs.com\/wp-content\/uploads\/2024\/11\/toyota-celica-grip-screenshot-000.jpg","width":1200,"height":585},{"@type":"BreadcrumbList","@id":"https:\/\/news.canadamotorjobs.com\/fr\/un-indice-pointe-vers-le-retour-des-celica-et-mr2-chez-toyota\/#breadcrumb","itemListElement":[{"@type":"ListItem","position":1,"name":"Home","item":"https:\/\/news.canadamotorjobs.com\/fr\/blog\/"},{"@type":"ListItem","position":2,"name":"Un indice pointe vers le retour des Celica et MR2 chez Toyota"}]},{"@type":"WebSite","@id":"https:\/\/news.canadamotorjobs.com\/#website","url":"https:\/\/news.canadamotorjobs.com\/","name":"CanadaMotorJobs.com","description":"Automotive Jobs","publisher":{"@id":"https:\/\/news.canadamotorjobs.com\/#organization"},"potentialAction":[{"@type":"SearchAction","target":{"@type":"EntryPoint","urlTemplate":"https:\/\/news.canadamotorjobs.com\/?s={search_term_string}"},"query-input":"required name=search_term_string"}],"inLanguage":"fr-CA"},{"@type":"Organization","@id":"https:\/\/news.canadamotorjobs.com\/#organization","name":"Canada Motor Jobs","url":"https:\/\/news.canadamotorjobs.com\/","logo":{"@type":"ImageObject","inLanguage":"fr-CA","@id":"https:\/\/news.canadamotorjobs.com\/#\/schema\/logo\/image\/","url":"https:\/\/news.canadamotorjobs.com\/wp-content\/uploads\/2022\/10\/logo-canada-motor-jobs-1.png","contentUrl":"https:\/\/news.canadamotorjobs.com\/wp-content\/uploads\/2022\/10\/logo-canada-motor-jobs-1.png","width":800,"height":400,"caption":"Canada Motor Jobs"},"image":{"@id":"https:\/\/news.canadamotorjobs.com\/#\/schema\/logo\/image\/"},"sameAs":["https:\/\/www.facebook.com\/canadamotorjobs\/","https:\/\/x.com\/canadamotorjobs","https:\/\/www.instagram.com\/canadamotorjobs\/","https:\/\/www.linkedin.com\/company\/canadamotorjobs"]},{"@type":"Person","@id":"https:\/\/news.canadamotorjobs.com\/#\/schema\/person\/51793d1f87d44011d7bcc2ed99269a90","name":"Benoit Charette","image":{"@type":"ImageObject","inLanguage":"fr-CA","@id":"https:\/\/news.canadamotorjobs.com\/#\/schema\/person\/image\/","url":"https:\/\/secure.gravatar.com\/avatar\/45f3d2eebcccd909668d7ce7ea7267b6?s=96&d=mm&r=g","contentUrl":"https:\/\/secure.gravatar.com\/avatar\/45f3d2eebcccd909668d7ce7ea7267b6?s=96&d=mm&r=g","caption":"Benoit Charette"},"description":"Benoit Charette \/ Propri\u00e9taire et r\u00e9dacteur en chef Benoit Charette pratique le journalisme automobile depuis bient\u00f4t 30 ans. Il a fait ses classes au c\u00f4t\u00e9 de Daniel H\u00e9raud et au Carnet de route de 1992 \u00e0 2001. Il est fondateur, copropri\u00e9taire et r\u00e9dacteur en chef de L\u2019Annuel de l\u2019automobile, qu\u2019il publie depuis 2001. Il a anim\u00e9 les \u00e9missions RPM et RPM+ sur V et les L\u00e9gendes de la route sur Historia. \u00c0 la radio depuis 1986, il reprend l\u2019antenne cette ann\u00e9e sur les ondes de Cogeco et participe pour la deuxi\u00e8me ann\u00e9e \u00e0 l\u2019\u00e9mission Passion Auto sur RDS en plus de mettre en ligne le site Web officiel de L\u2019Annuel de l\u2019automobile sur annuelauto.ca.","sameAs":["https:\/\/annuelauto.ca\/"],"url":"https:\/\/news.canadamotorjobs.com\/fr\/author\/benoit-charette\/"}]}},"_links":{"self":[{"href":"https:\/\/news.canadamotorjobs.com\/fr\/wp-json\/wp\/v2\/posts\/180824"}],"collection":[{"href":"https:\/\/news.canadamotorjobs.com\/fr\/wp-json\/wp\/v2\/posts"}],"about":[{"href":"https:\/\/news.canadamotorjobs.com\/fr\/wp-json\/wp\/v2\/types\/post"}],"author":[{"embeddable":true,"href":"https:\/\/news.canadamotorjobs.com\/fr\/wp-json\/wp\/v2\/users\/8"}],"replies":[{"embeddable":true,"href":"https:\/\/news.canadamotorjobs.com\/fr\/wp-json\/wp\/v2\/comments?post=180824"}],"version-history":[{"count":3,"href":"https:\/\/news.canadamotorjobs.com\/fr\/wp-json\/wp\/v2\/posts\/180824\/revisions"}],"predecessor-version":[{"id":180859,"href":"https:\/\/news.canadamotorjobs.com\/fr\/wp-json\/wp\/v2\/posts\/180824\/revisions\/180859"}],"wp:featuredmedia":[{"embeddable":true,"href":"https:\/\/news.canadamotorjobs.com\/fr\/wp-json\/wp\/v2\/media\/180826"}],"wp:attachment":[{"href":"https:\/\/news.canadamotorjobs.com\/fr\/wp-json\/wp\/v2\/media?parent=180824"}],"wp:term":[{"taxonomy":"category","embeddable":true,"href":"https:\/\/news.canadamotorjobs.com\/fr\/wp-json\/wp\/v2\/categories?post=180824"},{"taxonomy":"post_tag","embeddable":true,"href":"https:\/\/news.canadamotorjobs.com\/fr\/wp-json\/wp\/v2\/tags?post=180824"}],"curies":[{"name":"wp","href":"https:\/\/api.w.org\/{rel}","templated":true}]}}