{"id":180796,"date":"2024-11-05T14:24:28","date_gmt":"2024-11-05T19:24:28","guid":{"rendered":"https:\/\/news.canadamotorjobs.com\/?p=180796"},"modified":"2024-11-05T14:30:38","modified_gmt":"2024-11-05T19:30:38","slug":"kia-ev2-quelques-modeles-en-camouflage-circulent-en-europe","status":"publish","type":"post","link":"https:\/\/news.canadamotorjobs.com\/fr\/kia-ev2-quelques-modeles-en-camouflage-circulent-en-europe\/","title":{"rendered":"Kia EV2 : quelques mod\u00e8les en camouflage circulent en Europe"},"content":{"rendered":"<\/p>\n<p>Le constructeur cor\u00e9en Kia se pr\u00e9pare \u00e0 \u00e9largir son offre de v\u00e9hicules \u00e9lectriques avec un mod\u00e8le encore plus compact que l\u2019utilitaire EV3. Ce nouveau mod\u00e8le, baptis\u00e9 EV2, a \u00e9t\u00e9 aper\u00e7u en phase de tests en Europe. Pr\u00e9vu pour 2026 l\u00e0-bas, le EV2 ciblera les acheteurs cherchant une option \u00e9lectrique abordable, avec un prix estim\u00e9 entre 25 000 \u20ac et 30 000 \u20ac.<\/p>\n<p><strong>Design compact et allure robuste<\/strong><\/p>\n<p>Camoufl\u00e9, le prototype du Kia EV2 adopte une silhouette compacte, mais affirm\u00e9e. Avec un nez droit, un pare-brise presque vertical et une carrosserie carr\u00e9e surmont\u00e9e de rails de toit, le EV2 reprend des traits typiques de la famille \u00e9lectrique de Kia.<\/p>\n<p>Les phares \u00e0 DEL, plac\u00e9s verticalement, et les piliers assombris lui donnent un air de famille avec les EV3, EV5 et EV9, bien que les feux plac\u00e9s plus bas pourraient n\u2019\u00eatre que des \u00e9l\u00e9ments temporaires.<\/p>\n<p>Le Kia EV2 se distingue \u00e9galement par des jantes en alliage au fini usin\u00e9, ajoutant une touche moderne. \u00c0 l\u2019int\u00e9rieur, bien que la plupart du tableau de bord reste camoufl\u00e9, un \u00e9cran multim\u00e9dia distinct semble se d\u00e9tacher du centre, une nouveaut\u00e9 par rapport \u00e0 l\u2019\u00e9cran int\u00e9gr\u00e9 habituel de Kia.<\/p>\n<p><\/p>\n<figure><img decoding=\"async\" src=\"https:\/\/news.canadamotorjobs.com\/wp-content\/uploads\/2024\/11\/kia-ev-day-2023-5.jpg\" alt=\"Les mod\u00e8les montr\u00e9s lors du Kia EV Day 2023\" \/><figcaption>Les mod\u00e8les montr\u00e9s lors du Kia EV Day 2023 | Auto123.com<\/figcaption><\/figure>\n<p><strong>Un format de citadine<\/strong><\/p>\n<p>Mesurant environ quatre m\u00e8tres de long, le EV2 est l\u00e9g\u00e8rement plus gros que le Hyundai et un peu plus petit que le MINI Aceman (4079 mm). \u00c0 titre comparatif, le Kia EV3 mesure 4300 mm, positionnant le EV2 comme une solution de rechange plus compacte dans la cat\u00e9gorie des petits VUS.<\/p>\n<p><strong>Plateforme et motorisation cibl\u00e9es pour un prix comp\u00e9titif<\/strong><\/p>\n<p>Le Kia EV2 pourrait utiliser une version raccourcie de la plateforme E-GMP (Electric-Global Modular Platform) de Kia. Avec un seul moteur \u00e9lectrique et une batterie plus petite, il vise les acheteurs qui souhaitent passer \u00e0 l\u2019\u00e9lectrique sans sacrifier leur budget.<\/p>\n<p>Cette strat\u00e9gie permettra \u00e0 Kia de concurrencer des mod\u00e8les comme le MINI Aceman et le Jeep Avenger (en Europe), en offrant une solution abordable dans le segment des VUS \u00e9lectriques.<\/p>\n<p>Reste maintenant \u00e0 savoir si ce mod\u00e8le joindra l\u2019Am\u00e9rique du Nord.<\/p>\n<p><\/p>\n<p style=\"padding-top: 15px\">Contenu original de <a href=\"https:\/\/www.auto123.com\/fr\/actualites\/kia-ev2-vus-electrique-abordable-lancement-2026\/72020\/\">auto123<\/a>.<\/p>\n<p>Le texte <a rel=\"nofollow\" href=\"https:\/\/annuelauto.ca\/kia-ev2-quelques-modeles-en-camouflage-circulent-en-europe\/\">Kia EV2 : quelques mod\u00e8les en camouflage circulent en Europe<\/a> provient de <a rel=\"nofollow\" href=\"https:\/\/annuelauto.ca\">L&#8217;annuel de l&#8217;automobile &#8211; Actualit\u00e9 automobile<\/a><\/p>\n<p><\/p>\n","protected":false},"excerpt":{"rendered":"<p>Le constructeur cor\u00e9en Kia se pr\u00e9pare \u00e0 \u00e9largir son offre de v\u00e9hicules \u00e9lectriques avec un mod\u00e8le encore plus compact que l\u2019utilitaire EV3. Ce nouveau mod\u00e8le, baptis\u00e9 EV2, a \u00e9t\u00e9 aper\u00e7u en phase de tests en Europe. Pr\u00e9vu pour 2026 l\u00e0-bas, le EV2 ciblera les acheteurs cherchant une option \u00e9lectrique abordable, avec un prix estim\u00e9 entre [&hellip;]<\/p>\n","protected":false},"author":8,"featured_media":180798,"comment_status":"close","ping_status":"closed","sticky":false,"template":"","format":"standard","meta":{"_monsterinsights_skip_tracking":false,"_monsterinsights_sitenote_active":false,"_monsterinsights_sitenote_note":"","_monsterinsights_sitenote_category":0,"footnotes":""},"categories":[101],"tags":[],"yoast_head":"<!-- This site is optimized with the Yoast SEO plugin v23.2 - https:\/\/yoast.com\/wordpress\/plugins\/seo\/ -->\n<title>Kia EV2 : quelques mod\u00e8les en camouflage circulent en Europe - CanadaMotorJobs.com<\/title>\n<meta name=\"description\" content=\"Kia EV2 : quelques mod\u00e8les en camouflage circulent en Europe - Benoit Charette - Annuel automobile - CanadaMotorJobs.com.\" \/>\n<meta name=\"robots\" content=\"index, follow, max-snippet:-1, max-image-preview:large, max-video-preview:-1\" \/>\n<meta property=\"og:locale\" content=\"fr_CA\" \/>\n<meta property=\"og:type\" content=\"article\" \/>\n<meta property=\"og:title\" content=\"Kia EV2 : quelques mod\u00e8les en camouflage circulent en Europe - CanadaMotorJobs.com\" \/>\n<meta property=\"og:description\" content=\"Kia EV2 : quelques mod\u00e8les en camouflage circulent en Europe - Benoit Charette - Annuel automobile - CanadaMotorJobs.com.\" \/>\n<meta property=\"og:url\" content=\"https:\/\/news.canadamotorjobs.com\/fr\/kia-ev2-quelques-modeles-en-camouflage-circulent-en-europe\/\" \/>\n<meta property=\"og:site_name\" content=\"CanadaMotorJobs.com\" \/>\n<meta property=\"article:publisher\" content=\"https:\/\/www.facebook.com\/canadamotorjobs\/\" \/>\n<meta property=\"article:published_time\" content=\"2024-11-05T19:24:28+00:00\" \/>\n<meta property=\"article:modified_time\" content=\"2024-11-05T19:30:38+00:00\" \/>\n<meta property=\"og:image\" content=\"https:\/\/news.canadamotorjobs.com\/wp-content\/uploads\/2024\/11\/kia-ev-day-2023.jpg\" \/>\n\t<meta property=\"og:image:width\" content=\"1200\" \/>\n\t<meta property=\"og:image:height\" content=\"792\" \/>\n\t<meta property=\"og:image:type\" content=\"image\/jpeg\" \/>\n<meta name=\"author\" content=\"Benoit Charette\" \/>\n<meta name=\"twitter:card\" content=\"summary_large_image\" \/>\n<meta name=\"twitter:creator\" content=\"@canadamotorjobs\" \/>\n<meta name=\"twitter:site\" content=\"@canadamotorjobs\" \/>\n<meta name=\"twitter:label1\" content=\"\u00c9crit par\" \/>\n\t<meta name=\"twitter:data1\" content=\"Benoit Charette\" \/>\n\t<meta name=\"twitter:label2\" content=\"Estimation du temps de lecture\" \/>\n\t<meta name=\"twitter:data2\" content=\"2 minutes\" \/>\n<!-- \/ Yoast SEO plugin. -->","yoast_head_json":{"title":"Kia EV2 : quelques mod\u00e8les en camouflage circulent en Europe - CanadaMotorJobs.com","description":"Kia EV2 : quelques mod\u00e8les en camouflage circulent en Europe - Benoit Charette - Annuel automobile - CanadaMotorJobs.com.","robots":{"index":"index","follow":"follow","max-snippet":"max-snippet:-1","max-image-preview":"max-image-preview:large","max-video-preview":"max-video-preview:-1"},"og_locale":"fr_CA","og_type":"article","og_title":"Kia EV2 : quelques mod\u00e8les en camouflage circulent en Europe - CanadaMotorJobs.com","og_description":"Kia EV2 : quelques mod\u00e8les en camouflage circulent en Europe - Benoit Charette - Annuel automobile - CanadaMotorJobs.com.","og_url":"https:\/\/news.canadamotorjobs.com\/fr\/kia-ev2-quelques-modeles-en-camouflage-circulent-en-europe\/","og_site_name":"CanadaMotorJobs.com","article_publisher":"https:\/\/www.facebook.com\/canadamotorjobs\/","article_published_time":"2024-11-05T19:24:28+00:00","article_modified_time":"2024-11-05T19:30:38+00:00","og_image":[{"width":1200,"height":792,"url":"https:\/\/news.canadamotorjobs.com\/wp-content\/uploads\/2024\/11\/kia-ev-day-2023.jpg","type":"image\/jpeg"}],"author":"Benoit Charette","twitter_card":"summary_large_image","twitter_creator":"@canadamotorjobs","twitter_site":"@canadamotorjobs","twitter_misc":{"\u00c9crit par":"Benoit Charette","Estimation du temps de lecture":"2 minutes"},"schema":{"@context":"https:\/\/schema.org","@graph":[{"@type":"Article","@id":"https:\/\/news.canadamotorjobs.com\/fr\/kia-ev2-quelques-modeles-en-camouflage-circulent-en-europe\/#article","isPartOf":{"@id":"https:\/\/news.canadamotorjobs.com\/fr\/kia-ev2-quelques-modeles-en-camouflage-circulent-en-europe\/"},"author":{"name":"Benoit Charette","@id":"https:\/\/news.canadamotorjobs.com\/#\/schema\/person\/51793d1f87d44011d7bcc2ed99269a90"},"headline":"Kia EV2 : quelques mod\u00e8les en camouflage circulent en Europe","datePublished":"2024-11-05T19:24:28+00:00","dateModified":"2024-11-05T19:30:38+00:00","mainEntityOfPage":{"@id":"https:\/\/news.canadamotorjobs.com\/fr\/kia-ev2-quelques-modeles-en-camouflage-circulent-en-europe\/"},"wordCount":401,"publisher":{"@id":"https:\/\/news.canadamotorjobs.com\/#organization"},"image":{"@id":"https:\/\/news.canadamotorjobs.com\/fr\/kia-ev2-quelques-modeles-en-camouflage-circulent-en-europe\/#primaryimage"},"thumbnailUrl":"https:\/\/news.canadamotorjobs.com\/wp-content\/uploads\/2024\/11\/kia-ev-day-2023.jpg","articleSection":["Annuel automobile"],"inLanguage":"fr-CA"},{"@type":"WebPage","@id":"https:\/\/news.canadamotorjobs.com\/fr\/kia-ev2-quelques-modeles-en-camouflage-circulent-en-europe\/","url":"https:\/\/news.canadamotorjobs.com\/fr\/kia-ev2-quelques-modeles-en-camouflage-circulent-en-europe\/","name":"Kia EV2 : quelques mod\u00e8les en camouflage circulent en Europe - CanadaMotorJobs.com","isPartOf":{"@id":"https:\/\/news.canadamotorjobs.com\/#website"},"primaryImageOfPage":{"@id":"https:\/\/news.canadamotorjobs.com\/fr\/kia-ev2-quelques-modeles-en-camouflage-circulent-en-europe\/#primaryimage"},"image":{"@id":"https:\/\/news.canadamotorjobs.com\/fr\/kia-ev2-quelques-modeles-en-camouflage-circulent-en-europe\/#primaryimage"},"thumbnailUrl":"https:\/\/news.canadamotorjobs.com\/wp-content\/uploads\/2024\/11\/kia-ev-day-2023.jpg","datePublished":"2024-11-05T19:24:28+00:00","dateModified":"2024-11-05T19:30:38+00:00","description":"Kia EV2 : quelques mod\u00e8les en camouflage circulent en Europe - Benoit Charette - Annuel automobile - CanadaMotorJobs.com.","breadcrumb":{"@id":"https:\/\/news.canadamotorjobs.com\/fr\/kia-ev2-quelques-modeles-en-camouflage-circulent-en-europe\/#breadcrumb"},"inLanguage":"fr-CA","potentialAction":[{"@type":"ReadAction","target":["https:\/\/news.canadamotorjobs.com\/fr\/kia-ev2-quelques-modeles-en-camouflage-circulent-en-europe\/"]}]},{"@type":"ImageObject","inLanguage":"fr-CA","@id":"https:\/\/news.canadamotorjobs.com\/fr\/kia-ev2-quelques-modeles-en-camouflage-circulent-en-europe\/#primaryimage","url":"https:\/\/news.canadamotorjobs.com\/wp-content\/uploads\/2024\/11\/kia-ev-day-2023.jpg","contentUrl":"https:\/\/news.canadamotorjobs.com\/wp-content\/uploads\/2024\/11\/kia-ev-day-2023.jpg","width":1200,"height":792},{"@type":"BreadcrumbList","@id":"https:\/\/news.canadamotorjobs.com\/fr\/kia-ev2-quelques-modeles-en-camouflage-circulent-en-europe\/#breadcrumb","itemListElement":[{"@type":"ListItem","position":1,"name":"Home","item":"https:\/\/news.canadamotorjobs.com\/fr\/blog\/"},{"@type":"ListItem","position":2,"name":"Kia EV2 : quelques mod\u00e8les en camouflage circulent en Europe"}]},{"@type":"WebSite","@id":"https:\/\/news.canadamotorjobs.com\/#website","url":"https:\/\/news.canadamotorjobs.com\/","name":"CanadaMotorJobs.com","description":"Automotive Jobs","publisher":{"@id":"https:\/\/news.canadamotorjobs.com\/#organization"},"potentialAction":[{"@type":"SearchAction","target":{"@type":"EntryPoint","urlTemplate":"https:\/\/news.canadamotorjobs.com\/?s={search_term_string}"},"query-input":"required name=search_term_string"}],"inLanguage":"fr-CA"},{"@type":"Organization","@id":"https:\/\/news.canadamotorjobs.com\/#organization","name":"Canada Motor Jobs","url":"https:\/\/news.canadamotorjobs.com\/","logo":{"@type":"ImageObject","inLanguage":"fr-CA","@id":"https:\/\/news.canadamotorjobs.com\/#\/schema\/logo\/image\/","url":"https:\/\/news.canadamotorjobs.com\/wp-content\/uploads\/2022\/10\/logo-canada-motor-jobs-1.png","contentUrl":"https:\/\/news.canadamotorjobs.com\/wp-content\/uploads\/2022\/10\/logo-canada-motor-jobs-1.png","width":800,"height":400,"caption":"Canada Motor Jobs"},"image":{"@id":"https:\/\/news.canadamotorjobs.com\/#\/schema\/logo\/image\/"},"sameAs":["https:\/\/www.facebook.com\/canadamotorjobs\/","https:\/\/x.com\/canadamotorjobs","https:\/\/www.instagram.com\/canadamotorjobs\/","https:\/\/www.linkedin.com\/company\/canadamotorjobs"]},{"@type":"Person","@id":"https:\/\/news.canadamotorjobs.com\/#\/schema\/person\/51793d1f87d44011d7bcc2ed99269a90","name":"Benoit Charette","image":{"@type":"ImageObject","inLanguage":"fr-CA","@id":"https:\/\/news.canadamotorjobs.com\/#\/schema\/person\/image\/","url":"https:\/\/secure.gravatar.com\/avatar\/45f3d2eebcccd909668d7ce7ea7267b6?s=96&d=mm&r=g","contentUrl":"https:\/\/secure.gravatar.com\/avatar\/45f3d2eebcccd909668d7ce7ea7267b6?s=96&d=mm&r=g","caption":"Benoit Charette"},"description":"Benoit Charette \/ Propri\u00e9taire et r\u00e9dacteur en chef Benoit Charette pratique le journalisme automobile depuis bient\u00f4t 30 ans. Il a fait ses classes au c\u00f4t\u00e9 de Daniel H\u00e9raud et au Carnet de route de 1992 \u00e0 2001. Il est fondateur, copropri\u00e9taire et r\u00e9dacteur en chef de L\u2019Annuel de l\u2019automobile, qu\u2019il publie depuis 2001. Il a anim\u00e9 les \u00e9missions RPM et RPM+ sur V et les L\u00e9gendes de la route sur Historia. \u00c0 la radio depuis 1986, il reprend l\u2019antenne cette ann\u00e9e sur les ondes de Cogeco et participe pour la deuxi\u00e8me ann\u00e9e \u00e0 l\u2019\u00e9mission Passion Auto sur RDS en plus de mettre en ligne le site Web officiel de L\u2019Annuel de l\u2019automobile sur annuelauto.ca.","sameAs":["https:\/\/annuelauto.ca\/"],"url":"https:\/\/news.canadamotorjobs.com\/fr\/author\/benoit-charette\/"}]}},"_links":{"self":[{"href":"https:\/\/news.canadamotorjobs.com\/fr\/wp-json\/wp\/v2\/posts\/180796"}],"collection":[{"href":"https:\/\/news.canadamotorjobs.com\/fr\/wp-json\/wp\/v2\/posts"}],"about":[{"href":"https:\/\/news.canadamotorjobs.com\/fr\/wp-json\/wp\/v2\/types\/post"}],"author":[{"embeddable":true,"href":"https:\/\/news.canadamotorjobs.com\/fr\/wp-json\/wp\/v2\/users\/8"}],"replies":[{"embeddable":true,"href":"https:\/\/news.canadamotorjobs.com\/fr\/wp-json\/wp\/v2\/comments?post=180796"}],"version-history":[{"count":3,"href":"https:\/\/news.canadamotorjobs.com\/fr\/wp-json\/wp\/v2\/posts\/180796\/revisions"}],"predecessor-version":[{"id":180823,"href":"https:\/\/news.canadamotorjobs.com\/fr\/wp-json\/wp\/v2\/posts\/180796\/revisions\/180823"}],"wp:featuredmedia":[{"embeddable":true,"href":"https:\/\/news.canadamotorjobs.com\/fr\/wp-json\/wp\/v2\/media\/180798"}],"wp:attachment":[{"href":"https:\/\/news.canadamotorjobs.com\/fr\/wp-json\/wp\/v2\/media?parent=180796"}],"wp:term":[{"taxonomy":"category","embeddable":true,"href":"https:\/\/news.canadamotorjobs.com\/fr\/wp-json\/wp\/v2\/categories?post=180796"},{"taxonomy":"post_tag","embeddable":true,"href":"https:\/\/news.canadamotorjobs.com\/fr\/wp-json\/wp\/v2\/tags?post=180796"}],"curies":[{"name":"wp","href":"https:\/\/api.w.org\/{rel}","templated":true}]}}