{"id":180672,"date":"2024-11-05T14:24:29","date_gmt":"2024-11-05T19:24:29","guid":{"rendered":"https:\/\/news.canadamotorjobs.com\/?p=180672"},"modified":"2024-11-05T14:29:38","modified_gmt":"2024-11-05T19:29:38","slug":"tom-cruise-serait-en-discussion-pour-le-tournage-de-days-of-thunder-2","status":"publish","type":"post","link":"https:\/\/news.canadamotorjobs.com\/fr\/tom-cruise-serait-en-discussion-pour-le-tournage-de-days-of-thunder-2\/","title":{"rendered":"Tom Cruise serait en discussion pour le tournage de Days of Thunder 2"},"content":{"rendered":"<\/p>\n<p><strong>\u2022\u00a0\u00a0\u00a0 Une suite \u00e0 Days of Thunder mettant \u00e0 nouveau en vedette Tom Cruise ? C&#8217;est la rumeur qui court.<\/strong><\/p>\n<p>En 1990, le film Days of Thunder, qui portait sur la s\u00e9rie am\u00e9ricaine NASCAR (National Association for Stock Car Auto Racing), prenait l\u2019affiche avec ce qui \u00e9tait alors la vedette montante de l\u2019heure au grand \u00e9cran, Tom Cruise.<\/p>\n<p>Le futur acteur de la s\u00e9rie de films \u00ab Mission Impossible \u00bb interpr\u00e9tait alors Cole Trickle, un pilote de course peu scrupuleux recrut\u00e9 par une nouvelle \u00e9quipe. Le lien entre Tom Cruise et le film est consid\u00e9rable : il a obtenu son premier et, \u00e0 ce jour, seul cr\u00e9dit d\u2019\u00e9criture officiel sur le film. C\u2019est \u00e9galement l\u00e0 qu\u2019il a rencontr\u00e9 Nicole Kidman, avec qui il a \u00e9t\u00e9 mari\u00e9 pendant 11 ans.<\/p>\n<p>Comme l\u2019a rapport\u00e9 le site Hollywood Reporter, qui a \u00e9t\u00e9 le premier \u00e0 partager cette nouvelle, le film a connu un succ\u00e8s modeste aux guichets, avec 157,9 millions de recettes \u00e0 partir d\u2019un budget de 60 millions. Ce n\u2019est pas mal, mais la critique a \u00e9t\u00e9 dure avec le film, non sans raison. Si les producteurs ont eu un acc\u00e8s in\u00e9dit \u00e0 la s\u00e9rie pour les sc\u00e8nes de tournage, les s\u00e9quences sont peu cr\u00e9dibles et certaines sc\u00e8nes sont dignes de vraies bandes dessin\u00e9es.<\/p>\n<p>Le film est quand m\u00eame devenu culte, car au demeurant, il s\u2019agit d\u2019un bon divertissement, ce qui demeure l\u2019objectif bien souvent de ce genre de film, au-del\u00e0 d\u2019un r\u00e9alisme souhait\u00e9.<\/p>\n<p>Depuis, quantit\u00e9 de films sur la course automobile ont pris l\u2019affiche, certains avec peu de succ\u00e8s (Driven), d\u2019autres ayant \u00e9t\u00e9 acclam\u00e9s par la critique (Rush, Ford vs Ferrari).<\/p>\n<p><\/p>\n<figure><img decoding=\"async\" src=\"https:\/\/news.canadamotorjobs.com\/wp-content\/uploads\/2024\/11\/days-of-thunder-002-5.png\" alt=\"Image tir\u00e9e du film Days of Thunder (1990)\" \/><figcaption>Image tir\u00e9e du film Days of Thunder (1990) | Auto123.com<\/figcaption><\/figure>\n<p><strong>Une suite ?<\/strong><\/p>\n<p>Maintenant, suite au succ\u00e8s remport\u00e9 par Top Gun: Maverick, l\u2019acteur, maintenant \u00e2g\u00e9 de 61 ans, aurait entam\u00e9 des n\u00e9gociations avec Paramount pour une suite \u00e0 Days of Thunder.<\/p>\n<p>Il faudra voir quelle sera la r\u00e9action de tout le monde, car l\u2019horaire de Tom Cruise est charg\u00e9 avec le tournage de Mission Impossible 8, et pour r\u00e9aliser un deuxi\u00e8me volet sur la s\u00e9rie NASCAR, la collaboration de cette derni\u00e8re sera n\u00e9cessaire, ce qui exige beaucoup de pr\u00e9paration sur le plan logistique.<\/p>\n<p>Lors du premier film, l\u2019\u00e9quipe de course de Rick Hendricks s\u2019\u00e9tait charg\u00e9e de la pr\u00e9paration des voitures du film, qui ont particip\u00e9 \u00e0 quelques courses pour la r\u00e9alisation de s\u00e9quences.<\/p>\n<p>Bref, si le projet va de l\u2019avant, il ne faudrait pas s\u2019attendre \u00e0 le voir se mettre en branle rapidement.<\/p>\n<p><\/p>\n<p style=\"padding-top: 15px\">Contenu original de <a href=\"https:\/\/www.auto123.com\/fr\/actualites\/tom-cruise-days-thunder-2\/72019\/\">auto123<\/a>.<\/p>\n<p>Le texte <a rel=\"nofollow\" href=\"https:\/\/annuelauto.ca\/tom-cruise-serait-en-discussion-pour-le-tournage-de-days-of-thunder-2\/\">Tom Cruise serait en discussion pour le tournage de Days of Thunder 2<\/a> provient de <a rel=\"nofollow\" href=\"https:\/\/annuelauto.ca\">L&#8217;annuel de l&#8217;automobile &#8211; Actualit\u00e9 automobile<\/a><\/p>\n<p><\/p>\n","protected":false},"excerpt":{"rendered":"<p>\u2022\u00a0\u00a0\u00a0 Une suite \u00e0 Days of Thunder mettant \u00e0 nouveau en vedette Tom Cruise ? C&#8217;est la rumeur qui court. En 1990, le film Days of Thunder, qui portait sur la s\u00e9rie am\u00e9ricaine NASCAR (National Association for Stock Car Auto Racing), prenait l\u2019affiche avec ce qui \u00e9tait alors la vedette montante de l\u2019heure au grand [&hellip;]<\/p>\n","protected":false},"author":8,"featured_media":180674,"comment_status":"close","ping_status":"closed","sticky":false,"template":"","format":"standard","meta":{"_monsterinsights_skip_tracking":false,"_monsterinsights_sitenote_active":false,"_monsterinsights_sitenote_note":"","_monsterinsights_sitenote_category":0,"footnotes":""},"categories":[101],"tags":[],"yoast_head":"<!-- This site is optimized with the Yoast SEO plugin v23.2 - https:\/\/yoast.com\/wordpress\/plugins\/seo\/ -->\n<title>Tom Cruise serait en discussion pour le tournage de Days of Thunder 2 - CanadaMotorJobs.com<\/title>\n<meta name=\"description\" content=\"Tom Cruise serait en discussion pour le tournage de Days of Thunder 2 - Benoit Charette - Annuel automobile - CanadaMotorJobs.com.\" \/>\n<meta name=\"robots\" content=\"index, follow, max-snippet:-1, max-image-preview:large, max-video-preview:-1\" \/>\n<meta property=\"og:locale\" content=\"fr_CA\" \/>\n<meta property=\"og:type\" content=\"article\" \/>\n<meta property=\"og:title\" content=\"Tom Cruise serait en discussion pour le tournage de Days of Thunder 2 - CanadaMotorJobs.com\" \/>\n<meta property=\"og:description\" content=\"Tom Cruise serait en discussion pour le tournage de Days of Thunder 2 - Benoit Charette - Annuel automobile - CanadaMotorJobs.com.\" \/>\n<meta property=\"og:url\" content=\"https:\/\/news.canadamotorjobs.com\/fr\/tom-cruise-serait-en-discussion-pour-le-tournage-de-days-of-thunder-2\/\" \/>\n<meta property=\"og:site_name\" content=\"CanadaMotorJobs.com\" \/>\n<meta property=\"article:publisher\" content=\"https:\/\/www.facebook.com\/canadamotorjobs\/\" \/>\n<meta property=\"article:published_time\" content=\"2024-11-05T19:24:29+00:00\" \/>\n<meta property=\"article:modified_time\" content=\"2024-11-05T19:29:38+00:00\" \/>\n<meta property=\"og:image\" content=\"https:\/\/news.canadamotorjobs.com\/wp-content\/uploads\/2024\/11\/days-of-thunder-002.png\" \/>\n\t<meta property=\"og:image:width\" content=\"1200\" \/>\n\t<meta property=\"og:image:height\" content=\"675\" \/>\n\t<meta property=\"og:image:type\" content=\"image\/png\" \/>\n<meta name=\"author\" content=\"Benoit Charette\" \/>\n<meta name=\"twitter:card\" content=\"summary_large_image\" \/>\n<meta name=\"twitter:creator\" content=\"@canadamotorjobs\" \/>\n<meta name=\"twitter:site\" content=\"@canadamotorjobs\" \/>\n<meta name=\"twitter:label1\" content=\"\u00c9crit par\" \/>\n\t<meta name=\"twitter:data1\" content=\"Benoit Charette\" \/>\n\t<meta name=\"twitter:label2\" content=\"Estimation du temps de lecture\" \/>\n\t<meta name=\"twitter:data2\" content=\"2 minutes\" \/>\n<!-- \/ Yoast SEO plugin. -->","yoast_head_json":{"title":"Tom Cruise serait en discussion pour le tournage de Days of Thunder 2 - CanadaMotorJobs.com","description":"Tom Cruise serait en discussion pour le tournage de Days of Thunder 2 - Benoit Charette - Annuel automobile - CanadaMotorJobs.com.","robots":{"index":"index","follow":"follow","max-snippet":"max-snippet:-1","max-image-preview":"max-image-preview:large","max-video-preview":"max-video-preview:-1"},"og_locale":"fr_CA","og_type":"article","og_title":"Tom Cruise serait en discussion pour le tournage de Days of Thunder 2 - CanadaMotorJobs.com","og_description":"Tom Cruise serait en discussion pour le tournage de Days of Thunder 2 - Benoit Charette - Annuel automobile - CanadaMotorJobs.com.","og_url":"https:\/\/news.canadamotorjobs.com\/fr\/tom-cruise-serait-en-discussion-pour-le-tournage-de-days-of-thunder-2\/","og_site_name":"CanadaMotorJobs.com","article_publisher":"https:\/\/www.facebook.com\/canadamotorjobs\/","article_published_time":"2024-11-05T19:24:29+00:00","article_modified_time":"2024-11-05T19:29:38+00:00","og_image":[{"width":1200,"height":675,"url":"https:\/\/news.canadamotorjobs.com\/wp-content\/uploads\/2024\/11\/days-of-thunder-002.png","type":"image\/png"}],"author":"Benoit Charette","twitter_card":"summary_large_image","twitter_creator":"@canadamotorjobs","twitter_site":"@canadamotorjobs","twitter_misc":{"\u00c9crit par":"Benoit Charette","Estimation du temps de lecture":"2 minutes"},"schema":{"@context":"https:\/\/schema.org","@graph":[{"@type":"Article","@id":"https:\/\/news.canadamotorjobs.com\/fr\/tom-cruise-serait-en-discussion-pour-le-tournage-de-days-of-thunder-2\/#article","isPartOf":{"@id":"https:\/\/news.canadamotorjobs.com\/fr\/tom-cruise-serait-en-discussion-pour-le-tournage-de-days-of-thunder-2\/"},"author":{"name":"Benoit Charette","@id":"https:\/\/news.canadamotorjobs.com\/#\/schema\/person\/51793d1f87d44011d7bcc2ed99269a90"},"headline":"Tom Cruise serait en discussion pour le tournage de Days of Thunder 2","datePublished":"2024-11-05T19:24:29+00:00","dateModified":"2024-11-05T19:29:38+00:00","mainEntityOfPage":{"@id":"https:\/\/news.canadamotorjobs.com\/fr\/tom-cruise-serait-en-discussion-pour-le-tournage-de-days-of-thunder-2\/"},"wordCount":485,"publisher":{"@id":"https:\/\/news.canadamotorjobs.com\/#organization"},"image":{"@id":"https:\/\/news.canadamotorjobs.com\/fr\/tom-cruise-serait-en-discussion-pour-le-tournage-de-days-of-thunder-2\/#primaryimage"},"thumbnailUrl":"https:\/\/news.canadamotorjobs.com\/wp-content\/uploads\/2024\/11\/days-of-thunder-002.png","articleSection":["Annuel automobile"],"inLanguage":"fr-CA"},{"@type":"WebPage","@id":"https:\/\/news.canadamotorjobs.com\/fr\/tom-cruise-serait-en-discussion-pour-le-tournage-de-days-of-thunder-2\/","url":"https:\/\/news.canadamotorjobs.com\/fr\/tom-cruise-serait-en-discussion-pour-le-tournage-de-days-of-thunder-2\/","name":"Tom Cruise serait en discussion pour le tournage de Days of Thunder 2 - CanadaMotorJobs.com","isPartOf":{"@id":"https:\/\/news.canadamotorjobs.com\/#website"},"primaryImageOfPage":{"@id":"https:\/\/news.canadamotorjobs.com\/fr\/tom-cruise-serait-en-discussion-pour-le-tournage-de-days-of-thunder-2\/#primaryimage"},"image":{"@id":"https:\/\/news.canadamotorjobs.com\/fr\/tom-cruise-serait-en-discussion-pour-le-tournage-de-days-of-thunder-2\/#primaryimage"},"thumbnailUrl":"https:\/\/news.canadamotorjobs.com\/wp-content\/uploads\/2024\/11\/days-of-thunder-002.png","datePublished":"2024-11-05T19:24:29+00:00","dateModified":"2024-11-05T19:29:38+00:00","description":"Tom Cruise serait en discussion pour le tournage de Days of Thunder 2 - Benoit Charette - Annuel automobile - CanadaMotorJobs.com.","breadcrumb":{"@id":"https:\/\/news.canadamotorjobs.com\/fr\/tom-cruise-serait-en-discussion-pour-le-tournage-de-days-of-thunder-2\/#breadcrumb"},"inLanguage":"fr-CA","potentialAction":[{"@type":"ReadAction","target":["https:\/\/news.canadamotorjobs.com\/fr\/tom-cruise-serait-en-discussion-pour-le-tournage-de-days-of-thunder-2\/"]}]},{"@type":"ImageObject","inLanguage":"fr-CA","@id":"https:\/\/news.canadamotorjobs.com\/fr\/tom-cruise-serait-en-discussion-pour-le-tournage-de-days-of-thunder-2\/#primaryimage","url":"https:\/\/news.canadamotorjobs.com\/wp-content\/uploads\/2024\/11\/days-of-thunder-002.png","contentUrl":"https:\/\/news.canadamotorjobs.com\/wp-content\/uploads\/2024\/11\/days-of-thunder-002.png","width":1200,"height":675},{"@type":"BreadcrumbList","@id":"https:\/\/news.canadamotorjobs.com\/fr\/tom-cruise-serait-en-discussion-pour-le-tournage-de-days-of-thunder-2\/#breadcrumb","itemListElement":[{"@type":"ListItem","position":1,"name":"Home","item":"https:\/\/news.canadamotorjobs.com\/fr\/blog\/"},{"@type":"ListItem","position":2,"name":"Tom Cruise serait en discussion pour le tournage de Days of Thunder 2"}]},{"@type":"WebSite","@id":"https:\/\/news.canadamotorjobs.com\/#website","url":"https:\/\/news.canadamotorjobs.com\/","name":"CanadaMotorJobs.com","description":"Automotive Jobs","publisher":{"@id":"https:\/\/news.canadamotorjobs.com\/#organization"},"potentialAction":[{"@type":"SearchAction","target":{"@type":"EntryPoint","urlTemplate":"https:\/\/news.canadamotorjobs.com\/?s={search_term_string}"},"query-input":"required name=search_term_string"}],"inLanguage":"fr-CA"},{"@type":"Organization","@id":"https:\/\/news.canadamotorjobs.com\/#organization","name":"Canada Motor Jobs","url":"https:\/\/news.canadamotorjobs.com\/","logo":{"@type":"ImageObject","inLanguage":"fr-CA","@id":"https:\/\/news.canadamotorjobs.com\/#\/schema\/logo\/image\/","url":"https:\/\/news.canadamotorjobs.com\/wp-content\/uploads\/2022\/10\/logo-canada-motor-jobs-1.png","contentUrl":"https:\/\/news.canadamotorjobs.com\/wp-content\/uploads\/2022\/10\/logo-canada-motor-jobs-1.png","width":800,"height":400,"caption":"Canada Motor Jobs"},"image":{"@id":"https:\/\/news.canadamotorjobs.com\/#\/schema\/logo\/image\/"},"sameAs":["https:\/\/www.facebook.com\/canadamotorjobs\/","https:\/\/x.com\/canadamotorjobs","https:\/\/www.instagram.com\/canadamotorjobs\/","https:\/\/www.linkedin.com\/company\/canadamotorjobs"]},{"@type":"Person","@id":"https:\/\/news.canadamotorjobs.com\/#\/schema\/person\/51793d1f87d44011d7bcc2ed99269a90","name":"Benoit Charette","image":{"@type":"ImageObject","inLanguage":"fr-CA","@id":"https:\/\/news.canadamotorjobs.com\/#\/schema\/person\/image\/","url":"https:\/\/secure.gravatar.com\/avatar\/45f3d2eebcccd909668d7ce7ea7267b6?s=96&d=mm&r=g","contentUrl":"https:\/\/secure.gravatar.com\/avatar\/45f3d2eebcccd909668d7ce7ea7267b6?s=96&d=mm&r=g","caption":"Benoit Charette"},"description":"Benoit Charette \/ Propri\u00e9taire et r\u00e9dacteur en chef Benoit Charette pratique le journalisme automobile depuis bient\u00f4t 30 ans. Il a fait ses classes au c\u00f4t\u00e9 de Daniel H\u00e9raud et au Carnet de route de 1992 \u00e0 2001. Il est fondateur, copropri\u00e9taire et r\u00e9dacteur en chef de L\u2019Annuel de l\u2019automobile, qu\u2019il publie depuis 2001. Il a anim\u00e9 les \u00e9missions RPM et RPM+ sur V et les L\u00e9gendes de la route sur Historia. \u00c0 la radio depuis 1986, il reprend l\u2019antenne cette ann\u00e9e sur les ondes de Cogeco et participe pour la deuxi\u00e8me ann\u00e9e \u00e0 l\u2019\u00e9mission Passion Auto sur RDS en plus de mettre en ligne le site Web officiel de L\u2019Annuel de l\u2019automobile sur annuelauto.ca.","sameAs":["https:\/\/annuelauto.ca\/"],"url":"https:\/\/news.canadamotorjobs.com\/fr\/author\/benoit-charette\/"}]}},"_links":{"self":[{"href":"https:\/\/news.canadamotorjobs.com\/fr\/wp-json\/wp\/v2\/posts\/180672"}],"collection":[{"href":"https:\/\/news.canadamotorjobs.com\/fr\/wp-json\/wp\/v2\/posts"}],"about":[{"href":"https:\/\/news.canadamotorjobs.com\/fr\/wp-json\/wp\/v2\/types\/post"}],"author":[{"embeddable":true,"href":"https:\/\/news.canadamotorjobs.com\/fr\/wp-json\/wp\/v2\/users\/8"}],"replies":[{"embeddable":true,"href":"https:\/\/news.canadamotorjobs.com\/fr\/wp-json\/wp\/v2\/comments?post=180672"}],"version-history":[{"count":3,"href":"https:\/\/news.canadamotorjobs.com\/fr\/wp-json\/wp\/v2\/posts\/180672\/revisions"}],"predecessor-version":[{"id":180699,"href":"https:\/\/news.canadamotorjobs.com\/fr\/wp-json\/wp\/v2\/posts\/180672\/revisions\/180699"}],"wp:featuredmedia":[{"embeddable":true,"href":"https:\/\/news.canadamotorjobs.com\/fr\/wp-json\/wp\/v2\/media\/180674"}],"wp:attachment":[{"href":"https:\/\/news.canadamotorjobs.com\/fr\/wp-json\/wp\/v2\/media?parent=180672"}],"wp:term":[{"taxonomy":"category","embeddable":true,"href":"https:\/\/news.canadamotorjobs.com\/fr\/wp-json\/wp\/v2\/categories?post=180672"},{"taxonomy":"post_tag","embeddable":true,"href":"https:\/\/news.canadamotorjobs.com\/fr\/wp-json\/wp\/v2\/tags?post=180672"}],"curies":[{"name":"wp","href":"https:\/\/api.w.org\/{rel}","templated":true}]}}