{"id":180644,"date":"2024-11-05T14:24:30","date_gmt":"2024-11-05T19:24:30","guid":{"rendered":"https:\/\/news.canadamotorjobs.com\/?p=180644"},"modified":"2024-11-05T14:29:12","modified_gmt":"2024-11-05T19:29:12","slug":"une-erreur-sur-loutil-de-configuration-de-porsche-devoile-la-nouvelle-911-turbo","status":"publish","type":"post","link":"https:\/\/news.canadamotorjobs.com\/fr\/une-erreur-sur-loutil-de-configuration-de-porsche-devoile-la-nouvelle-911-turbo\/","title":{"rendered":"Une erreur sur l\u2019outil de configuration de Porsche d\u00e9voile la nouvelle 911 Turbo"},"content":{"rendered":"<\/p>\n<p><strong>\u2022\u00a0\u00a0\u00a0 Porsche a d\u00e9voil\u00e9 par erreur le design de la nouvelle 911 Turbo sur son outil de configuration allemand.<\/strong><\/p>\n<p>Porsche encha\u00eene les nouveaut\u00e9s cette ann\u00e9e, d\u00e9voilant plusieurs mod\u00e8les et \u00e9ditions sp\u00e9ciales, dont la 911 de base et la GTS 2025.<\/p>\n<p>Derni\u00e8re en lice, la 911 Turbo restyl\u00e9e a \u00e9t\u00e9 d\u00e9voil\u00e9e accidentellement sur l\u2019outil de configuration du march\u00e9 allemand. C\u2019est Ari, un observateur d\u2019automobiles bien connu en Allemagne, qui a d\u00e9couvert la fuite. Il a remarqu\u00e9 que le mod\u00e8le Turbo apparaissait sur le visuel de l\u2019option du r\u00e9gulateur de vitesse pour la 911 Carrera, avec des caract\u00e9ristiques distinctives : quatre sorties d\u2019\u00e9chappement et des ailes arri\u00e8re tr\u00e8s larges.<\/p>\n<p>Bien que Porsche ait depuis corrig\u00e9 l\u2019erreur, l\u2019image reste visible sur le compte Instagram d\u2019Ari.<\/p>\n<p><\/p>\n<figure><img decoding=\"async\" src=\"https:\/\/news.canadamotorjobs.com\/wp-content\/uploads\/2024\/11\/202-porsche-911-turbo-leaked-image-configurator-001-5.jpg\" alt=\"Image de la Porsche 911 Turbo 2025\" \/><figcaption>Image de la Porsche 911 Turbo 2025 | Auto123.com<\/figcaption><\/figure>\n<p><strong>Un design subtilement rafra\u00eechi avec la 992.2<\/strong><\/p>\n<p>Malheureusement, seul l\u2019arri\u00e8re de la voiture a \u00e9t\u00e9 r\u00e9v\u00e9l\u00e9 et la qualit\u00e9 de l\u2019image n\u2019est pas optimale. Cependant, quelques d\u00e9tails distinctifs ressortent clairement. Le pare-chocs arri\u00e8re a \u00e9t\u00e9 modifi\u00e9 avec une cavit\u00e9 de plaque d\u2019immatriculation plus marqu\u00e9e et des \u00e9vents verticaux \u00e0 chaque extr\u00e9mit\u00e9 qui remplacent les sorties d\u2019air carr\u00e9es du mod\u00e8le 992.1. Les embouts d\u2019\u00e9chappement sont d\u00e9sormais carr\u00e9s, et la partie regroupant le diffuseur semble plus massive.<\/p>\n<p>On retrouve les r\u00e9flecteurs horizontaux habituels, et l\u2019on s\u2019attend \u00e0 voir le mod\u00e8le arborer les nouveaux phares de Porsche, incluant les clignotants int\u00e9gr\u00e9s, ainsi que des ajustements subtils \u00e0 l\u2019avant.<\/p>\n<p>Bien que ce rafra\u00eechissement semble discret sur papier, il est clair qu\u2019en personne, cette nouvelle 911 Turbo ne passera pas inaper\u00e7ue.<\/p>\n<p><strong>Motorisation hybride pour le mod\u00e8le 2025<\/strong><\/p>\n<p>Il y a une semaine, Porsche a confirm\u00e9 que la 911 Turbo 2025 utiliserait la technologie de batterie Varta, d\u00e9j\u00e0 pr\u00e9sente sur le dernier mod\u00e8le GTS, confirmant ainsi l\u2019arriv\u00e9e de l\u2019hybridation pour la 992.2 Turbo.<\/p>\n<p>Il reste \u00e0 voir si cette Turbo maintiendra un moteur biturbo classique ou si elle adoptera un seul turbo \u00e9lectrique comme la GTS. Toutefois, la premi\u00e8re option semble la plus probable pour cette g\u00e9n\u00e9ration, avec une nouvelle configuration plus radicale pr\u00e9vue pour la prochaine.<\/p>\n<p>Avec des images d\u00e9j\u00e0 visibles sur certains outils de configuration, la pr\u00e9sentation officielle de la nouvelle 911 Turbo ne devrait plus tarder. On s\u2019attend \u00e0 une annonce d\u00e8s le d\u00e9but de 2025, voire avant la fin de l\u2019ann\u00e9e. En attendant, Porsche continue de proposer l\u2019\u00e9dition anniversaire des 50 ans de la 911 Turbo.<\/p>\n<p><\/p>\n<p style=\"padding-top: 15px\">Contenu original de <a href=\"https:\/\/www.auto123.com\/fr\/actualites\/porsche-911-turbo-2025-design-image\/72018\/\">auto123<\/a>.<\/p>\n<p>Le texte <a rel=\"nofollow\" href=\"https:\/\/annuelauto.ca\/une-erreur-sur-loutil-de-configuration-de-porsche-devoile-la-nouvelle-911-turbo\/\">Une erreur sur l\u2019outil de configuration de Porsche d\u00e9voile la nouvelle 911 Turbo<\/a> provient de <a rel=\"nofollow\" href=\"https:\/\/annuelauto.ca\">L&#8217;annuel de l&#8217;automobile &#8211; Actualit\u00e9 automobile<\/a><\/p>\n<p><\/p>\n","protected":false},"excerpt":{"rendered":"<p>\u2022\u00a0\u00a0\u00a0 Porsche a d\u00e9voil\u00e9 par erreur le design de la nouvelle 911 Turbo sur son outil de configuration allemand. Porsche encha\u00eene les nouveaut\u00e9s cette ann\u00e9e, d\u00e9voilant plusieurs mod\u00e8les et \u00e9ditions sp\u00e9ciales, dont la 911 de base et la GTS 2025. Derni\u00e8re en lice, la 911 Turbo restyl\u00e9e a \u00e9t\u00e9 d\u00e9voil\u00e9e accidentellement sur l\u2019outil de configuration [&hellip;]<\/p>\n","protected":false},"author":8,"featured_media":180646,"comment_status":"close","ping_status":"closed","sticky":false,"template":"","format":"standard","meta":{"_monsterinsights_skip_tracking":false,"_monsterinsights_sitenote_active":false,"_monsterinsights_sitenote_note":"","_monsterinsights_sitenote_category":0,"footnotes":""},"categories":[101],"tags":[],"yoast_head":"<!-- This site is optimized with the Yoast SEO plugin v23.2 - https:\/\/yoast.com\/wordpress\/plugins\/seo\/ -->\n<title>Une erreur sur l\u2019outil de configuration de Porsche d\u00e9voile la nouvelle 911 Turbo - CanadaMotorJobs.com<\/title>\n<meta name=\"description\" content=\"Une erreur sur l\u2019outil de configuration de Porsche d\u00e9voile la nouvelle 911 Turbo - Benoit Charette - Annuel automobile - CanadaMotorJobs.com.\" \/>\n<meta name=\"robots\" content=\"index, follow, max-snippet:-1, max-image-preview:large, max-video-preview:-1\" \/>\n<meta property=\"og:locale\" content=\"fr_CA\" \/>\n<meta property=\"og:type\" content=\"article\" \/>\n<meta property=\"og:title\" content=\"Une erreur sur l\u2019outil de configuration de Porsche d\u00e9voile la nouvelle 911 Turbo - CanadaMotorJobs.com\" \/>\n<meta property=\"og:description\" content=\"Une erreur sur l\u2019outil de configuration de Porsche d\u00e9voile la nouvelle 911 Turbo - Benoit Charette - Annuel automobile - CanadaMotorJobs.com.\" \/>\n<meta property=\"og:url\" content=\"https:\/\/news.canadamotorjobs.com\/fr\/une-erreur-sur-loutil-de-configuration-de-porsche-devoile-la-nouvelle-911-turbo\/\" \/>\n<meta property=\"og:site_name\" content=\"CanadaMotorJobs.com\" \/>\n<meta property=\"article:publisher\" content=\"https:\/\/www.facebook.com\/canadamotorjobs\/\" \/>\n<meta property=\"article:published_time\" content=\"2024-11-05T19:24:30+00:00\" \/>\n<meta property=\"article:modified_time\" content=\"2024-11-05T19:29:12+00:00\" \/>\n<meta property=\"og:image\" content=\"https:\/\/news.canadamotorjobs.com\/wp-content\/uploads\/2024\/11\/202-porsche-911-turbo-leaked-image-configurator-001.jpg\" \/>\n\t<meta property=\"og:image:width\" content=\"1200\" \/>\n\t<meta property=\"og:image:height\" content=\"501\" \/>\n\t<meta property=\"og:image:type\" content=\"image\/jpeg\" \/>\n<meta name=\"author\" content=\"Benoit Charette\" \/>\n<meta name=\"twitter:card\" content=\"summary_large_image\" \/>\n<meta name=\"twitter:creator\" content=\"@canadamotorjobs\" \/>\n<meta name=\"twitter:site\" content=\"@canadamotorjobs\" \/>\n<meta name=\"twitter:label1\" content=\"\u00c9crit par\" \/>\n\t<meta name=\"twitter:data1\" content=\"Benoit Charette\" \/>\n\t<meta name=\"twitter:label2\" content=\"Estimation du temps de lecture\" \/>\n\t<meta name=\"twitter:data2\" content=\"2 minutes\" \/>\n<!-- \/ Yoast SEO plugin. -->","yoast_head_json":{"title":"Une erreur sur l\u2019outil de configuration de Porsche d\u00e9voile la nouvelle 911 Turbo - CanadaMotorJobs.com","description":"Une erreur sur l\u2019outil de configuration de Porsche d\u00e9voile la nouvelle 911 Turbo - Benoit Charette - Annuel automobile - CanadaMotorJobs.com.","robots":{"index":"index","follow":"follow","max-snippet":"max-snippet:-1","max-image-preview":"max-image-preview:large","max-video-preview":"max-video-preview:-1"},"og_locale":"fr_CA","og_type":"article","og_title":"Une erreur sur l\u2019outil de configuration de Porsche d\u00e9voile la nouvelle 911 Turbo - CanadaMotorJobs.com","og_description":"Une erreur sur l\u2019outil de configuration de Porsche d\u00e9voile la nouvelle 911 Turbo - Benoit Charette - Annuel automobile - CanadaMotorJobs.com.","og_url":"https:\/\/news.canadamotorjobs.com\/fr\/une-erreur-sur-loutil-de-configuration-de-porsche-devoile-la-nouvelle-911-turbo\/","og_site_name":"CanadaMotorJobs.com","article_publisher":"https:\/\/www.facebook.com\/canadamotorjobs\/","article_published_time":"2024-11-05T19:24:30+00:00","article_modified_time":"2024-11-05T19:29:12+00:00","og_image":[{"width":1200,"height":501,"url":"https:\/\/news.canadamotorjobs.com\/wp-content\/uploads\/2024\/11\/202-porsche-911-turbo-leaked-image-configurator-001.jpg","type":"image\/jpeg"}],"author":"Benoit Charette","twitter_card":"summary_large_image","twitter_creator":"@canadamotorjobs","twitter_site":"@canadamotorjobs","twitter_misc":{"\u00c9crit par":"Benoit Charette","Estimation du temps de lecture":"2 minutes"},"schema":{"@context":"https:\/\/schema.org","@graph":[{"@type":"Article","@id":"https:\/\/news.canadamotorjobs.com\/fr\/une-erreur-sur-loutil-de-configuration-de-porsche-devoile-la-nouvelle-911-turbo\/#article","isPartOf":{"@id":"https:\/\/news.canadamotorjobs.com\/fr\/une-erreur-sur-loutil-de-configuration-de-porsche-devoile-la-nouvelle-911-turbo\/"},"author":{"name":"Benoit Charette","@id":"https:\/\/news.canadamotorjobs.com\/#\/schema\/person\/51793d1f87d44011d7bcc2ed99269a90"},"headline":"Une erreur sur l\u2019outil de configuration de Porsche d\u00e9voile la nouvelle 911 Turbo","datePublished":"2024-11-05T19:24:30+00:00","dateModified":"2024-11-05T19:29:12+00:00","mainEntityOfPage":{"@id":"https:\/\/news.canadamotorjobs.com\/fr\/une-erreur-sur-loutil-de-configuration-de-porsche-devoile-la-nouvelle-911-turbo\/"},"wordCount":486,"publisher":{"@id":"https:\/\/news.canadamotorjobs.com\/#organization"},"image":{"@id":"https:\/\/news.canadamotorjobs.com\/fr\/une-erreur-sur-loutil-de-configuration-de-porsche-devoile-la-nouvelle-911-turbo\/#primaryimage"},"thumbnailUrl":"https:\/\/news.canadamotorjobs.com\/wp-content\/uploads\/2024\/11\/202-porsche-911-turbo-leaked-image-configurator-001.jpg","articleSection":["Annuel automobile"],"inLanguage":"fr-CA"},{"@type":"WebPage","@id":"https:\/\/news.canadamotorjobs.com\/fr\/une-erreur-sur-loutil-de-configuration-de-porsche-devoile-la-nouvelle-911-turbo\/","url":"https:\/\/news.canadamotorjobs.com\/fr\/une-erreur-sur-loutil-de-configuration-de-porsche-devoile-la-nouvelle-911-turbo\/","name":"Une erreur sur l\u2019outil de configuration de Porsche d\u00e9voile la nouvelle 911 Turbo - CanadaMotorJobs.com","isPartOf":{"@id":"https:\/\/news.canadamotorjobs.com\/#website"},"primaryImageOfPage":{"@id":"https:\/\/news.canadamotorjobs.com\/fr\/une-erreur-sur-loutil-de-configuration-de-porsche-devoile-la-nouvelle-911-turbo\/#primaryimage"},"image":{"@id":"https:\/\/news.canadamotorjobs.com\/fr\/une-erreur-sur-loutil-de-configuration-de-porsche-devoile-la-nouvelle-911-turbo\/#primaryimage"},"thumbnailUrl":"https:\/\/news.canadamotorjobs.com\/wp-content\/uploads\/2024\/11\/202-porsche-911-turbo-leaked-image-configurator-001.jpg","datePublished":"2024-11-05T19:24:30+00:00","dateModified":"2024-11-05T19:29:12+00:00","description":"Une erreur sur l\u2019outil de configuration de Porsche d\u00e9voile la nouvelle 911 Turbo - Benoit Charette - Annuel automobile - CanadaMotorJobs.com.","breadcrumb":{"@id":"https:\/\/news.canadamotorjobs.com\/fr\/une-erreur-sur-loutil-de-configuration-de-porsche-devoile-la-nouvelle-911-turbo\/#breadcrumb"},"inLanguage":"fr-CA","potentialAction":[{"@type":"ReadAction","target":["https:\/\/news.canadamotorjobs.com\/fr\/une-erreur-sur-loutil-de-configuration-de-porsche-devoile-la-nouvelle-911-turbo\/"]}]},{"@type":"ImageObject","inLanguage":"fr-CA","@id":"https:\/\/news.canadamotorjobs.com\/fr\/une-erreur-sur-loutil-de-configuration-de-porsche-devoile-la-nouvelle-911-turbo\/#primaryimage","url":"https:\/\/news.canadamotorjobs.com\/wp-content\/uploads\/2024\/11\/202-porsche-911-turbo-leaked-image-configurator-001.jpg","contentUrl":"https:\/\/news.canadamotorjobs.com\/wp-content\/uploads\/2024\/11\/202-porsche-911-turbo-leaked-image-configurator-001.jpg","width":1200,"height":501},{"@type":"BreadcrumbList","@id":"https:\/\/news.canadamotorjobs.com\/fr\/une-erreur-sur-loutil-de-configuration-de-porsche-devoile-la-nouvelle-911-turbo\/#breadcrumb","itemListElement":[{"@type":"ListItem","position":1,"name":"Home","item":"https:\/\/news.canadamotorjobs.com\/fr\/blog\/"},{"@type":"ListItem","position":2,"name":"Une erreur sur l\u2019outil de configuration de Porsche d\u00e9voile la nouvelle 911 Turbo"}]},{"@type":"WebSite","@id":"https:\/\/news.canadamotorjobs.com\/#website","url":"https:\/\/news.canadamotorjobs.com\/","name":"CanadaMotorJobs.com","description":"Automotive Jobs","publisher":{"@id":"https:\/\/news.canadamotorjobs.com\/#organization"},"potentialAction":[{"@type":"SearchAction","target":{"@type":"EntryPoint","urlTemplate":"https:\/\/news.canadamotorjobs.com\/?s={search_term_string}"},"query-input":"required name=search_term_string"}],"inLanguage":"fr-CA"},{"@type":"Organization","@id":"https:\/\/news.canadamotorjobs.com\/#organization","name":"Canada Motor Jobs","url":"https:\/\/news.canadamotorjobs.com\/","logo":{"@type":"ImageObject","inLanguage":"fr-CA","@id":"https:\/\/news.canadamotorjobs.com\/#\/schema\/logo\/image\/","url":"https:\/\/news.canadamotorjobs.com\/wp-content\/uploads\/2022\/10\/logo-canada-motor-jobs-1.png","contentUrl":"https:\/\/news.canadamotorjobs.com\/wp-content\/uploads\/2022\/10\/logo-canada-motor-jobs-1.png","width":800,"height":400,"caption":"Canada Motor Jobs"},"image":{"@id":"https:\/\/news.canadamotorjobs.com\/#\/schema\/logo\/image\/"},"sameAs":["https:\/\/www.facebook.com\/canadamotorjobs\/","https:\/\/x.com\/canadamotorjobs","https:\/\/www.instagram.com\/canadamotorjobs\/","https:\/\/www.linkedin.com\/company\/canadamotorjobs"]},{"@type":"Person","@id":"https:\/\/news.canadamotorjobs.com\/#\/schema\/person\/51793d1f87d44011d7bcc2ed99269a90","name":"Benoit Charette","image":{"@type":"ImageObject","inLanguage":"fr-CA","@id":"https:\/\/news.canadamotorjobs.com\/#\/schema\/person\/image\/","url":"https:\/\/secure.gravatar.com\/avatar\/45f3d2eebcccd909668d7ce7ea7267b6?s=96&d=mm&r=g","contentUrl":"https:\/\/secure.gravatar.com\/avatar\/45f3d2eebcccd909668d7ce7ea7267b6?s=96&d=mm&r=g","caption":"Benoit Charette"},"description":"Benoit Charette \/ Propri\u00e9taire et r\u00e9dacteur en chef Benoit Charette pratique le journalisme automobile depuis bient\u00f4t 30 ans. Il a fait ses classes au c\u00f4t\u00e9 de Daniel H\u00e9raud et au Carnet de route de 1992 \u00e0 2001. Il est fondateur, copropri\u00e9taire et r\u00e9dacteur en chef de L\u2019Annuel de l\u2019automobile, qu\u2019il publie depuis 2001. Il a anim\u00e9 les \u00e9missions RPM et RPM+ sur V et les L\u00e9gendes de la route sur Historia. \u00c0 la radio depuis 1986, il reprend l\u2019antenne cette ann\u00e9e sur les ondes de Cogeco et participe pour la deuxi\u00e8me ann\u00e9e \u00e0 l\u2019\u00e9mission Passion Auto sur RDS en plus de mettre en ligne le site Web officiel de L\u2019Annuel de l\u2019automobile sur annuelauto.ca.","sameAs":["https:\/\/annuelauto.ca\/"],"url":"https:\/\/news.canadamotorjobs.com\/fr\/author\/benoit-charette\/"}]}},"_links":{"self":[{"href":"https:\/\/news.canadamotorjobs.com\/fr\/wp-json\/wp\/v2\/posts\/180644"}],"collection":[{"href":"https:\/\/news.canadamotorjobs.com\/fr\/wp-json\/wp\/v2\/posts"}],"about":[{"href":"https:\/\/news.canadamotorjobs.com\/fr\/wp-json\/wp\/v2\/types\/post"}],"author":[{"embeddable":true,"href":"https:\/\/news.canadamotorjobs.com\/fr\/wp-json\/wp\/v2\/users\/8"}],"replies":[{"embeddable":true,"href":"https:\/\/news.canadamotorjobs.com\/fr\/wp-json\/wp\/v2\/comments?post=180644"}],"version-history":[{"count":3,"href":"https:\/\/news.canadamotorjobs.com\/fr\/wp-json\/wp\/v2\/posts\/180644\/revisions"}],"predecessor-version":[{"id":180671,"href":"https:\/\/news.canadamotorjobs.com\/fr\/wp-json\/wp\/v2\/posts\/180644\/revisions\/180671"}],"wp:featuredmedia":[{"embeddable":true,"href":"https:\/\/news.canadamotorjobs.com\/fr\/wp-json\/wp\/v2\/media\/180646"}],"wp:attachment":[{"href":"https:\/\/news.canadamotorjobs.com\/fr\/wp-json\/wp\/v2\/media?parent=180644"}],"wp:term":[{"taxonomy":"category","embeddable":true,"href":"https:\/\/news.canadamotorjobs.com\/fr\/wp-json\/wp\/v2\/categories?post=180644"},{"taxonomy":"post_tag","embeddable":true,"href":"https:\/\/news.canadamotorjobs.com\/fr\/wp-json\/wp\/v2\/tags?post=180644"}],"curies":[{"name":"wp","href":"https:\/\/api.w.org\/{rel}","templated":true}]}}