{"id":180579,"date":"2024-11-05T09:13:58","date_gmt":"2024-11-05T14:13:58","guid":{"rendered":"https:\/\/news.canadamotorjobs.com\/?p=180579"},"modified":"2024-11-05T09:29:00","modified_gmt":"2024-11-05T14:29:00","slug":"jeep-passe-les-prix-a-la-tronconneuse-jusquen-2027","status":"publish","type":"post","link":"https:\/\/news.canadamotorjobs.com\/fr\/jeep-passe-les-prix-a-la-tronconneuse-jusquen-2027\/","title":{"rendered":"Jeep passe les prix \u00e0 la tron\u00e7onneuse jusqu\u2019en 2027"},"content":{"rendered":"<\/p>\n<p>Jeep annonce une baisse de prix significative de 7 000 $US pour ses Wagoneer et Grand Wagoneer 2025 aux \u00c9tats-Unis. Cette d\u00e9cision s&#8217;inscrit dans une strat\u00e9gie plus large pour stimuler les ventes et redresser une marque en difficult\u00e9.<\/p>\n<h3>Un plan pour enrayer la chute des ventes<\/h3>\n<p>\nDepuis 2018, Jeep a subi une baisse de 34 % de ses ventes sur le march\u00e9 am\u00e9ricain, passant de 973 000 unit\u00e9s annuelles en 2018 \u00e0 643 000 en 2023. Ce d\u00e9clin intervient malgr\u00e9 une reprise des ventes dans l\u2019industrie l&#8217;an dernier. Jeep, en revanche, a vu ses propres ventes reculer de 6 % par rapport \u00e0 2022.<\/p>\n<h3>Un repositionnement n\u00e9cessaire pour s\u00e9duire les acheteurs<\/h3>\n<p>\nLes prix moyens des v\u00e9hicules Jeep ont largement augment\u00e9, atteignant 54 811 $US, soit 6 500 $US au-dessus de la moyenne du march\u00e9 d\u00e9but 2024. Ce repositionnement tarifaire a cr\u00e9\u00e9 un \u00e9cart entre Jeep et ses valeurs traditionnelles de marque accessible, surtout en raison de la disparition des mod\u00e8les d\u2019entr\u00e9e de gamme comme le Renegade et le Cherokee, autrefois tr\u00e8s populaires et cumulant jusqu&#8217;\u00e0 300 000 ventes annuelles.<\/p>\n<p>Le retrait de ces mod\u00e8les a r\u00e9duit la couverture de march\u00e9 de Jeep de 80 % \u00e0 seulement 45 %, selon le PDG de Jeep, Antonio Filosa.<\/p>\n<h3>De nouvelles initiatives pour un renouveau d\u2019ici fin 2024<\/h3>\n<p>\nAvec de nouveaux mod\u00e8les hybrides et \u00e9lectriques \u00e0 venir, Jeep entend retrouver sa couverture de march\u00e9 historique. En parall\u00e8le, des mesures comme la r\u00e9duction des prix, les offres de financement \u00e0 0 %, et une augmentation des investissements en marketing ont d\u00e9j\u00e0 port\u00e9 leurs fruits.<\/p>\n<p>En ao\u00fbt 2024, les ventes ont augment\u00e9 de 28 % par rapport \u00e0 ao\u00fbt 2023, et de 55 % par rapport \u00e0 juillet. Cette relance a permis \u00e0 Jeep de r\u00e9duire son inventaire d&#8217;environ 25 000 v\u00e9hicules.<\/p>\n<h3>Un objectif ambitieux : 1,5 million de ventes d\u2019ici 2027<\/h3>\n<p>\nStellantis, la soci\u00e9t\u00e9 m\u00e8re de Jeep, vise un volume mondial de 1,5 million de ventes pour la marque d&#8217;ici 2027, un d\u00e9fi de taille pour inverser la tendance actuelle. Ce volume correspond aux ventes combin\u00e9es des cinq marques am\u00e9ricaines de Stellantis en 2023. Pour y parvenir, Jeep devra miser sur ses nouveaux mod\u00e8les et une strat\u00e9gie de prix plus comp\u00e9titive.<\/p>\n<p>Le texte <a rel=\"nofollow\" href=\"https:\/\/annuelauto.ca\/jeep-reduction-prix-2027\/\">Jeep passe les prix \u00e0 la tron\u00e7onneuse jusqu\u2019en 2027<\/a> provient de <a rel=\"nofollow\" href=\"https:\/\/annuelauto.ca\">L&#8217;annuel de l&#8217;automobile &#8211; Actualit\u00e9 automobile<\/a><\/p>\n<p><\/p>\n","protected":false},"excerpt":{"rendered":"<p>Jeep annonce une baisse de prix significative de 7 000 $US pour ses Wagoneer et Grand Wagoneer 2025 aux \u00c9tats-Unis. Cette d\u00e9cision s&#8217;inscrit dans une strat\u00e9gie plus large pour stimuler les ventes et redresser une marque en difficult\u00e9. Un plan pour enrayer la chute des ventes Depuis 2018, Jeep a subi une baisse de 34 [&hellip;]<\/p>\n","protected":false},"author":8,"featured_media":180581,"comment_status":"close","ping_status":"closed","sticky":false,"template":"","format":"standard","meta":{"_monsterinsights_skip_tracking":false,"_monsterinsights_sitenote_active":false,"_monsterinsights_sitenote_note":"","_monsterinsights_sitenote_category":0,"footnotes":""},"categories":[101],"tags":[],"yoast_head":"<!-- This site is optimized with the Yoast SEO plugin v23.2 - https:\/\/yoast.com\/wordpress\/plugins\/seo\/ -->\n<title>Jeep passe les prix \u00e0 la tron\u00e7onneuse jusqu\u2019en 2027 - CanadaMotorJobs.com<\/title>\n<meta name=\"description\" content=\"Jeep passe les prix \u00e0 la tron\u00e7onneuse jusqu\u2019en 2027 - Benoit Charette - Annuel automobile - CanadaMotorJobs.com.\" \/>\n<meta name=\"robots\" content=\"index, follow, max-snippet:-1, max-image-preview:large, max-video-preview:-1\" \/>\n<meta property=\"og:locale\" content=\"fr_CA\" \/>\n<meta property=\"og:type\" content=\"article\" \/>\n<meta property=\"og:title\" content=\"Jeep passe les prix \u00e0 la tron\u00e7onneuse jusqu\u2019en 2027 - CanadaMotorJobs.com\" \/>\n<meta property=\"og:description\" content=\"Jeep passe les prix \u00e0 la tron\u00e7onneuse jusqu\u2019en 2027 - Benoit Charette - Annuel automobile - CanadaMotorJobs.com.\" \/>\n<meta property=\"og:url\" content=\"https:\/\/news.canadamotorjobs.com\/fr\/jeep-passe-les-prix-a-la-tronconneuse-jusquen-2027\/\" \/>\n<meta property=\"og:site_name\" content=\"CanadaMotorJobs.com\" \/>\n<meta property=\"article:publisher\" content=\"https:\/\/www.facebook.com\/canadamotorjobs\/\" \/>\n<meta property=\"article:published_time\" content=\"2024-11-05T14:13:58+00:00\" \/>\n<meta property=\"article:modified_time\" content=\"2024-11-05T14:29:00+00:00\" \/>\n<meta property=\"og:image\" content=\"https:\/\/news.canadamotorjobs.com\/wp-content\/uploads\/2024\/11\/WS023_001GWmgto5eeuevm1fl74qbt8uk6qjb.jpg\" \/>\n\t<meta property=\"og:image:width\" content=\"1500\" \/>\n\t<meta property=\"og:image:height\" content=\"1000\" \/>\n\t<meta property=\"og:image:type\" content=\"image\/jpeg\" \/>\n<meta name=\"author\" content=\"Benoit Charette\" \/>\n<meta name=\"twitter:card\" content=\"summary_large_image\" \/>\n<meta name=\"twitter:creator\" content=\"@canadamotorjobs\" \/>\n<meta name=\"twitter:site\" content=\"@canadamotorjobs\" \/>\n<meta name=\"twitter:label1\" content=\"\u00c9crit par\" \/>\n\t<meta name=\"twitter:data1\" content=\"Benoit Charette\" \/>\n\t<meta name=\"twitter:label2\" content=\"Estimation du temps de lecture\" \/>\n\t<meta name=\"twitter:data2\" content=\"2 minutes\" \/>\n<!-- \/ Yoast SEO plugin. -->","yoast_head_json":{"title":"Jeep passe les prix \u00e0 la tron\u00e7onneuse jusqu\u2019en 2027 - CanadaMotorJobs.com","description":"Jeep passe les prix \u00e0 la tron\u00e7onneuse jusqu\u2019en 2027 - Benoit Charette - Annuel automobile - CanadaMotorJobs.com.","robots":{"index":"index","follow":"follow","max-snippet":"max-snippet:-1","max-image-preview":"max-image-preview:large","max-video-preview":"max-video-preview:-1"},"og_locale":"fr_CA","og_type":"article","og_title":"Jeep passe les prix \u00e0 la tron\u00e7onneuse jusqu\u2019en 2027 - CanadaMotorJobs.com","og_description":"Jeep passe les prix \u00e0 la tron\u00e7onneuse jusqu\u2019en 2027 - Benoit Charette - Annuel automobile - CanadaMotorJobs.com.","og_url":"https:\/\/news.canadamotorjobs.com\/fr\/jeep-passe-les-prix-a-la-tronconneuse-jusquen-2027\/","og_site_name":"CanadaMotorJobs.com","article_publisher":"https:\/\/www.facebook.com\/canadamotorjobs\/","article_published_time":"2024-11-05T14:13:58+00:00","article_modified_time":"2024-11-05T14:29:00+00:00","og_image":[{"width":1500,"height":1000,"url":"https:\/\/news.canadamotorjobs.com\/wp-content\/uploads\/2024\/11\/WS023_001GWmgto5eeuevm1fl74qbt8uk6qjb.jpg","type":"image\/jpeg"}],"author":"Benoit Charette","twitter_card":"summary_large_image","twitter_creator":"@canadamotorjobs","twitter_site":"@canadamotorjobs","twitter_misc":{"\u00c9crit par":"Benoit Charette","Estimation du temps de lecture":"2 minutes"},"schema":{"@context":"https:\/\/schema.org","@graph":[{"@type":"Article","@id":"https:\/\/news.canadamotorjobs.com\/fr\/jeep-passe-les-prix-a-la-tronconneuse-jusquen-2027\/#article","isPartOf":{"@id":"https:\/\/news.canadamotorjobs.com\/fr\/jeep-passe-les-prix-a-la-tronconneuse-jusquen-2027\/"},"author":{"name":"Benoit Charette","@id":"https:\/\/news.canadamotorjobs.com\/#\/schema\/person\/51793d1f87d44011d7bcc2ed99269a90"},"headline":"Jeep passe les prix \u00e0 la tron\u00e7onneuse jusqu\u2019en 2027","datePublished":"2024-11-05T14:13:58+00:00","dateModified":"2024-11-05T14:29:00+00:00","mainEntityOfPage":{"@id":"https:\/\/news.canadamotorjobs.com\/fr\/jeep-passe-les-prix-a-la-tronconneuse-jusquen-2027\/"},"wordCount":384,"publisher":{"@id":"https:\/\/news.canadamotorjobs.com\/#organization"},"image":{"@id":"https:\/\/news.canadamotorjobs.com\/fr\/jeep-passe-les-prix-a-la-tronconneuse-jusquen-2027\/#primaryimage"},"thumbnailUrl":"https:\/\/news.canadamotorjobs.com\/wp-content\/uploads\/2024\/11\/WS023_001GWmgto5eeuevm1fl74qbt8uk6qjb.jpg","articleSection":["Annuel automobile"],"inLanguage":"fr-CA"},{"@type":"WebPage","@id":"https:\/\/news.canadamotorjobs.com\/fr\/jeep-passe-les-prix-a-la-tronconneuse-jusquen-2027\/","url":"https:\/\/news.canadamotorjobs.com\/fr\/jeep-passe-les-prix-a-la-tronconneuse-jusquen-2027\/","name":"Jeep passe les prix \u00e0 la tron\u00e7onneuse jusqu\u2019en 2027 - CanadaMotorJobs.com","isPartOf":{"@id":"https:\/\/news.canadamotorjobs.com\/#website"},"primaryImageOfPage":{"@id":"https:\/\/news.canadamotorjobs.com\/fr\/jeep-passe-les-prix-a-la-tronconneuse-jusquen-2027\/#primaryimage"},"image":{"@id":"https:\/\/news.canadamotorjobs.com\/fr\/jeep-passe-les-prix-a-la-tronconneuse-jusquen-2027\/#primaryimage"},"thumbnailUrl":"https:\/\/news.canadamotorjobs.com\/wp-content\/uploads\/2024\/11\/WS023_001GWmgto5eeuevm1fl74qbt8uk6qjb.jpg","datePublished":"2024-11-05T14:13:58+00:00","dateModified":"2024-11-05T14:29:00+00:00","description":"Jeep passe les prix \u00e0 la tron\u00e7onneuse jusqu\u2019en 2027 - Benoit Charette - Annuel automobile - CanadaMotorJobs.com.","breadcrumb":{"@id":"https:\/\/news.canadamotorjobs.com\/fr\/jeep-passe-les-prix-a-la-tronconneuse-jusquen-2027\/#breadcrumb"},"inLanguage":"fr-CA","potentialAction":[{"@type":"ReadAction","target":["https:\/\/news.canadamotorjobs.com\/fr\/jeep-passe-les-prix-a-la-tronconneuse-jusquen-2027\/"]}]},{"@type":"ImageObject","inLanguage":"fr-CA","@id":"https:\/\/news.canadamotorjobs.com\/fr\/jeep-passe-les-prix-a-la-tronconneuse-jusquen-2027\/#primaryimage","url":"https:\/\/news.canadamotorjobs.com\/wp-content\/uploads\/2024\/11\/WS023_001GWmgto5eeuevm1fl74qbt8uk6qjb.jpg","contentUrl":"https:\/\/news.canadamotorjobs.com\/wp-content\/uploads\/2024\/11\/WS023_001GWmgto5eeuevm1fl74qbt8uk6qjb.jpg","width":1500,"height":1000},{"@type":"BreadcrumbList","@id":"https:\/\/news.canadamotorjobs.com\/fr\/jeep-passe-les-prix-a-la-tronconneuse-jusquen-2027\/#breadcrumb","itemListElement":[{"@type":"ListItem","position":1,"name":"Home","item":"https:\/\/news.canadamotorjobs.com\/fr\/blog\/"},{"@type":"ListItem","position":2,"name":"Jeep passe les prix \u00e0 la tron\u00e7onneuse jusqu\u2019en 2027"}]},{"@type":"WebSite","@id":"https:\/\/news.canadamotorjobs.com\/#website","url":"https:\/\/news.canadamotorjobs.com\/","name":"CanadaMotorJobs.com","description":"Automotive Jobs","publisher":{"@id":"https:\/\/news.canadamotorjobs.com\/#organization"},"potentialAction":[{"@type":"SearchAction","target":{"@type":"EntryPoint","urlTemplate":"https:\/\/news.canadamotorjobs.com\/?s={search_term_string}"},"query-input":"required name=search_term_string"}],"inLanguage":"fr-CA"},{"@type":"Organization","@id":"https:\/\/news.canadamotorjobs.com\/#organization","name":"Canada Motor Jobs","url":"https:\/\/news.canadamotorjobs.com\/","logo":{"@type":"ImageObject","inLanguage":"fr-CA","@id":"https:\/\/news.canadamotorjobs.com\/#\/schema\/logo\/image\/","url":"https:\/\/news.canadamotorjobs.com\/wp-content\/uploads\/2022\/10\/logo-canada-motor-jobs-1.png","contentUrl":"https:\/\/news.canadamotorjobs.com\/wp-content\/uploads\/2022\/10\/logo-canada-motor-jobs-1.png","width":800,"height":400,"caption":"Canada Motor Jobs"},"image":{"@id":"https:\/\/news.canadamotorjobs.com\/#\/schema\/logo\/image\/"},"sameAs":["https:\/\/www.facebook.com\/canadamotorjobs\/","https:\/\/x.com\/canadamotorjobs","https:\/\/www.instagram.com\/canadamotorjobs\/","https:\/\/www.linkedin.com\/company\/canadamotorjobs"]},{"@type":"Person","@id":"https:\/\/news.canadamotorjobs.com\/#\/schema\/person\/51793d1f87d44011d7bcc2ed99269a90","name":"Benoit Charette","image":{"@type":"ImageObject","inLanguage":"fr-CA","@id":"https:\/\/news.canadamotorjobs.com\/#\/schema\/person\/image\/","url":"https:\/\/secure.gravatar.com\/avatar\/45f3d2eebcccd909668d7ce7ea7267b6?s=96&d=mm&r=g","contentUrl":"https:\/\/secure.gravatar.com\/avatar\/45f3d2eebcccd909668d7ce7ea7267b6?s=96&d=mm&r=g","caption":"Benoit Charette"},"description":"Benoit Charette \/ Propri\u00e9taire et r\u00e9dacteur en chef Benoit Charette pratique le journalisme automobile depuis bient\u00f4t 30 ans. Il a fait ses classes au c\u00f4t\u00e9 de Daniel H\u00e9raud et au Carnet de route de 1992 \u00e0 2001. Il est fondateur, copropri\u00e9taire et r\u00e9dacteur en chef de L\u2019Annuel de l\u2019automobile, qu\u2019il publie depuis 2001. Il a anim\u00e9 les \u00e9missions RPM et RPM+ sur V et les L\u00e9gendes de la route sur Historia. \u00c0 la radio depuis 1986, il reprend l\u2019antenne cette ann\u00e9e sur les ondes de Cogeco et participe pour la deuxi\u00e8me ann\u00e9e \u00e0 l\u2019\u00e9mission Passion Auto sur RDS en plus de mettre en ligne le site Web officiel de L\u2019Annuel de l\u2019automobile sur annuelauto.ca.","sameAs":["https:\/\/annuelauto.ca\/"],"url":"https:\/\/news.canadamotorjobs.com\/fr\/author\/benoit-charette\/"}]}},"_links":{"self":[{"href":"https:\/\/news.canadamotorjobs.com\/fr\/wp-json\/wp\/v2\/posts\/180579"}],"collection":[{"href":"https:\/\/news.canadamotorjobs.com\/fr\/wp-json\/wp\/v2\/posts"}],"about":[{"href":"https:\/\/news.canadamotorjobs.com\/fr\/wp-json\/wp\/v2\/types\/post"}],"author":[{"embeddable":true,"href":"https:\/\/news.canadamotorjobs.com\/fr\/wp-json\/wp\/v2\/users\/8"}],"replies":[{"embeddable":true,"href":"https:\/\/news.canadamotorjobs.com\/fr\/wp-json\/wp\/v2\/comments?post=180579"}],"version-history":[{"count":2,"href":"https:\/\/news.canadamotorjobs.com\/fr\/wp-json\/wp\/v2\/posts\/180579\/revisions"}],"predecessor-version":[{"id":180583,"href":"https:\/\/news.canadamotorjobs.com\/fr\/wp-json\/wp\/v2\/posts\/180579\/revisions\/180583"}],"wp:featuredmedia":[{"embeddable":true,"href":"https:\/\/news.canadamotorjobs.com\/fr\/wp-json\/wp\/v2\/media\/180581"}],"wp:attachment":[{"href":"https:\/\/news.canadamotorjobs.com\/fr\/wp-json\/wp\/v2\/media?parent=180579"}],"wp:term":[{"taxonomy":"category","embeddable":true,"href":"https:\/\/news.canadamotorjobs.com\/fr\/wp-json\/wp\/v2\/categories?post=180579"},{"taxonomy":"post_tag","embeddable":true,"href":"https:\/\/news.canadamotorjobs.com\/fr\/wp-json\/wp\/v2\/tags?post=180579"}],"curies":[{"name":"wp","href":"https:\/\/api.w.org\/{rel}","templated":true}]}}