{"id":180453,"date":"2024-11-03T02:24:27","date_gmt":"2024-11-03T07:24:27","guid":{"rendered":"https:\/\/news.canadamotorjobs.com\/?p=180453"},"modified":"2024-11-03T02:29:31","modified_gmt":"2024-11-03T07:29:31","slug":"rappel-massif-de-ram-1500-pour-un-probleme-de-securite","status":"publish","type":"post","link":"https:\/\/news.canadamotorjobs.com\/fr\/rappel-massif-de-ram-1500-pour-un-probleme-de-securite\/","title":{"rendered":"Rappel massif de Ram 1500 pour un probl\u00e8me de s\u00e9curit\u00e9"},"content":{"rendered":"<\/p>\n<p>Ram proc\u00e8de au rappel de 33 777 camions 1500 de l&#8217;ann\u00e9e 2025 en raison d&#8217;un probl\u00e8me potentiel au niveau des anneaux de codage de roulement de la roue avant. Ces anneaux, susceptibles d&#8217;avoir \u00e9t\u00e9 endommag\u00e9s lors de la manipulation, pourraient entra\u00eener la d\u00e9sactivation du syst\u00e8me de contr\u00f4le \u00e9lectronique de la stabilit\u00e9 (ESC), augmentant le risque d&#8217;accident.<\/p>\n<h2>Un probl\u00e8me d\u00e9tect\u00e9 dans un faible pourcentage de camions<\/h2>\n<p>Bien que massif, ce rappel ne devrait concerner qu&#8217;un faible pourcentage des v\u00e9hicules en circulation. Selon les documents d\u00e9pos\u00e9s par Ram aupr\u00e8s de la National Highway Traffic Safety Administration (NHTSA), environ 1 % seulement des 33 777 v\u00e9hicules rappel\u00e9s seraient affect\u00e9s. Les mod\u00e8les concern\u00e9s ont \u00e9t\u00e9 produits entre le 13 octobre 2023 et le 11 ao\u00fbt 2024.<\/p>\n<p><\/p>\n<figure><img decoding=\"async\" src=\"https:\/\/news.canadamotorjobs.com\/wp-content\/uploads\/2024\/11\/RM025_261FNf8oap9cldjhiop1pqcdrmj7ind-5.jpg\" alt=\"Ram 1500 Warlock 2025\" \/><figcaption>Ram 1500 Warlock 2025 | Auto123.com<\/figcaption><\/figure>\n<h2>Les cons\u00e9quences d\u2019un contr\u00f4le de stabilit\u00e9 d\u00e9fectueux<\/h2>\n<p>Un dysfonctionnement de l&#8217;anneau de codage peut affecter le signal du capteur de vitesse des roues et entra\u00eener la d\u00e9sactivation du syst\u00e8me de contr\u00f4le de stabilit\u00e9 \u00e9lectronique (ESC). Sans ce syst\u00e8me de s\u00e9curit\u00e9 essentiel, le camion devient plus susceptible de perdre le contr\u00f4le, notamment dans des conditions de conduite difficiles.<\/p>\n<h2>Ram prend en charge les r\u00e9parations<\/h2>\n<p>Pour rem\u00e9dier \u00e0 la situation, Ram propose une inspection compl\u00e8te de l\u2019ensemble de moyeu de roulement de roue avant et, si n\u00e9cessaire, le remplacement de la pi\u00e8ce d\u00e9fectueuse. Le constructeur automobile s\u2019engage \u00e9galement \u00e0 rembourser les frais encourus par les propri\u00e9taires ayant d\u00e9j\u00e0 r\u00e9par\u00e9 ce probl\u00e8me avant l\u2019annonce du rappel.<\/p>\n<h2>Avis aux propri\u00e9taires : notification \u00e0 partir de d\u00e9cembre<\/h2>\n<p>Ram avisera les concessionnaires dans les prochaines semaines, et les propri\u00e9taires des v\u00e9hicules concern\u00e9s recevront une notification \u00e0 partir du 19 d\u00e9cembre 2024<\/p>\n<p><\/p>\n<figure><img decoding=\"async\" src=\"https:\/\/news.canadamotorjobs.com\/wp-content\/uploads\/2024\/11\/RM025_117FNniib0ovnspjlk0bqnaerfbgses-1.jpg\" alt=\"Ram 1500 Tungsten 2025\" \/><figcaption>Ram 1500 Tungsten 2025 | Auto123.com<\/figcaption><\/figure>\n<p style=\"padding-top: 15px\">Contenu original de <a href=\"https:\/\/www.auto123.com\/fr\/actualites\/rappel-ram-1500-2025-controle-stabilite\/72015\/\">auto123<\/a>.<\/p>\n<p>Le texte <a rel=\"nofollow\" href=\"https:\/\/annuelauto.ca\/rappel-massif-de-ram-1500-pour-un-probleme-de-securite\/\">Rappel massif de Ram 1500 pour un probl\u00e8me de s\u00e9curit\u00e9<\/a> provient de <a rel=\"nofollow\" href=\"https:\/\/annuelauto.ca\">L&#8217;annuel de l&#8217;automobile &#8211; Actualit\u00e9 automobile<\/a><\/p>\n<p><\/p>\n","protected":false},"excerpt":{"rendered":"<p>Ram proc\u00e8de au rappel de 33 777 camions 1500 de l&#8217;ann\u00e9e 2025 en raison d&#8217;un probl\u00e8me potentiel au niveau des anneaux de codage de roulement de la roue avant. Ces anneaux, susceptibles d&#8217;avoir \u00e9t\u00e9 endommag\u00e9s lors de la manipulation, pourraient entra\u00eener la d\u00e9sactivation du syst\u00e8me de contr\u00f4le \u00e9lectronique de la stabilit\u00e9 (ESC), augmentant le risque [&hellip;]<\/p>\n","protected":false},"author":8,"featured_media":180455,"comment_status":"close","ping_status":"closed","sticky":false,"template":"","format":"standard","meta":{"_monsterinsights_skip_tracking":false,"_monsterinsights_sitenote_active":false,"_monsterinsights_sitenote_note":"","_monsterinsights_sitenote_category":0,"footnotes":""},"categories":[101],"tags":[],"yoast_head":"<!-- This site is optimized with the Yoast SEO plugin v23.2 - https:\/\/yoast.com\/wordpress\/plugins\/seo\/ -->\n<title>Rappel massif de Ram 1500 pour un probl\u00e8me de s\u00e9curit\u00e9 - CanadaMotorJobs.com<\/title>\n<meta name=\"description\" content=\"Rappel massif de Ram 1500 pour un probl\u00e8me de s\u00e9curit\u00e9 - Benoit Charette - Annuel automobile - CanadaMotorJobs.com.\" \/>\n<meta name=\"robots\" content=\"index, follow, max-snippet:-1, max-image-preview:large, max-video-preview:-1\" \/>\n<meta property=\"og:locale\" content=\"fr_CA\" \/>\n<meta property=\"og:type\" content=\"article\" \/>\n<meta property=\"og:title\" content=\"Rappel massif de Ram 1500 pour un probl\u00e8me de s\u00e9curit\u00e9 - CanadaMotorJobs.com\" \/>\n<meta property=\"og:description\" content=\"Rappel massif de Ram 1500 pour un probl\u00e8me de s\u00e9curit\u00e9 - Benoit Charette - Annuel automobile - CanadaMotorJobs.com.\" \/>\n<meta property=\"og:url\" content=\"https:\/\/news.canadamotorjobs.com\/fr\/rappel-massif-de-ram-1500-pour-un-probleme-de-securite\/\" \/>\n<meta property=\"og:site_name\" content=\"CanadaMotorJobs.com\" \/>\n<meta property=\"article:publisher\" content=\"https:\/\/www.facebook.com\/canadamotorjobs\/\" \/>\n<meta property=\"article:published_time\" content=\"2024-11-03T07:24:27+00:00\" \/>\n<meta property=\"article:modified_time\" content=\"2024-11-03T07:29:31+00:00\" \/>\n<meta property=\"og:image\" content=\"https:\/\/news.canadamotorjobs.com\/wp-content\/uploads\/2024\/11\/RM025_261FNf8oap9cldjhiop1pqcdrmj7ind.jpg\" \/>\n\t<meta property=\"og:image:width\" content=\"1200\" \/>\n\t<meta property=\"og:image:height\" content=\"800\" \/>\n\t<meta property=\"og:image:type\" content=\"image\/jpeg\" \/>\n<meta name=\"author\" content=\"Benoit Charette\" \/>\n<meta name=\"twitter:card\" content=\"summary_large_image\" \/>\n<meta name=\"twitter:creator\" content=\"@canadamotorjobs\" \/>\n<meta name=\"twitter:site\" content=\"@canadamotorjobs\" \/>\n<meta name=\"twitter:label1\" content=\"\u00c9crit par\" \/>\n\t<meta name=\"twitter:data1\" content=\"Benoit Charette\" \/>\n\t<meta name=\"twitter:label2\" content=\"Estimation du temps de lecture\" \/>\n\t<meta name=\"twitter:data2\" content=\"2 minutes\" \/>\n<!-- \/ Yoast SEO plugin. -->","yoast_head_json":{"title":"Rappel massif de Ram 1500 pour un probl\u00e8me de s\u00e9curit\u00e9 - CanadaMotorJobs.com","description":"Rappel massif de Ram 1500 pour un probl\u00e8me de s\u00e9curit\u00e9 - Benoit Charette - Annuel automobile - CanadaMotorJobs.com.","robots":{"index":"index","follow":"follow","max-snippet":"max-snippet:-1","max-image-preview":"max-image-preview:large","max-video-preview":"max-video-preview:-1"},"og_locale":"fr_CA","og_type":"article","og_title":"Rappel massif de Ram 1500 pour un probl\u00e8me de s\u00e9curit\u00e9 - CanadaMotorJobs.com","og_description":"Rappel massif de Ram 1500 pour un probl\u00e8me de s\u00e9curit\u00e9 - Benoit Charette - Annuel automobile - CanadaMotorJobs.com.","og_url":"https:\/\/news.canadamotorjobs.com\/fr\/rappel-massif-de-ram-1500-pour-un-probleme-de-securite\/","og_site_name":"CanadaMotorJobs.com","article_publisher":"https:\/\/www.facebook.com\/canadamotorjobs\/","article_published_time":"2024-11-03T07:24:27+00:00","article_modified_time":"2024-11-03T07:29:31+00:00","og_image":[{"width":1200,"height":800,"url":"https:\/\/news.canadamotorjobs.com\/wp-content\/uploads\/2024\/11\/RM025_261FNf8oap9cldjhiop1pqcdrmj7ind.jpg","type":"image\/jpeg"}],"author":"Benoit Charette","twitter_card":"summary_large_image","twitter_creator":"@canadamotorjobs","twitter_site":"@canadamotorjobs","twitter_misc":{"\u00c9crit par":"Benoit Charette","Estimation du temps de lecture":"2 minutes"},"schema":{"@context":"https:\/\/schema.org","@graph":[{"@type":"Article","@id":"https:\/\/news.canadamotorjobs.com\/fr\/rappel-massif-de-ram-1500-pour-un-probleme-de-securite\/#article","isPartOf":{"@id":"https:\/\/news.canadamotorjobs.com\/fr\/rappel-massif-de-ram-1500-pour-un-probleme-de-securite\/"},"author":{"name":"Benoit Charette","@id":"https:\/\/news.canadamotorjobs.com\/#\/schema\/person\/51793d1f87d44011d7bcc2ed99269a90"},"headline":"Rappel massif de Ram 1500 pour un probl\u00e8me de s\u00e9curit\u00e9","datePublished":"2024-11-03T07:24:27+00:00","dateModified":"2024-11-03T07:29:31+00:00","mainEntityOfPage":{"@id":"https:\/\/news.canadamotorjobs.com\/fr\/rappel-massif-de-ram-1500-pour-un-probleme-de-securite\/"},"wordCount":350,"publisher":{"@id":"https:\/\/news.canadamotorjobs.com\/#organization"},"image":{"@id":"https:\/\/news.canadamotorjobs.com\/fr\/rappel-massif-de-ram-1500-pour-un-probleme-de-securite\/#primaryimage"},"thumbnailUrl":"https:\/\/news.canadamotorjobs.com\/wp-content\/uploads\/2024\/11\/RM025_261FNf8oap9cldjhiop1pqcdrmj7ind.jpg","articleSection":["Annuel automobile"],"inLanguage":"fr-CA"},{"@type":"WebPage","@id":"https:\/\/news.canadamotorjobs.com\/fr\/rappel-massif-de-ram-1500-pour-un-probleme-de-securite\/","url":"https:\/\/news.canadamotorjobs.com\/fr\/rappel-massif-de-ram-1500-pour-un-probleme-de-securite\/","name":"Rappel massif de Ram 1500 pour un probl\u00e8me de s\u00e9curit\u00e9 - CanadaMotorJobs.com","isPartOf":{"@id":"https:\/\/news.canadamotorjobs.com\/#website"},"primaryImageOfPage":{"@id":"https:\/\/news.canadamotorjobs.com\/fr\/rappel-massif-de-ram-1500-pour-un-probleme-de-securite\/#primaryimage"},"image":{"@id":"https:\/\/news.canadamotorjobs.com\/fr\/rappel-massif-de-ram-1500-pour-un-probleme-de-securite\/#primaryimage"},"thumbnailUrl":"https:\/\/news.canadamotorjobs.com\/wp-content\/uploads\/2024\/11\/RM025_261FNf8oap9cldjhiop1pqcdrmj7ind.jpg","datePublished":"2024-11-03T07:24:27+00:00","dateModified":"2024-11-03T07:29:31+00:00","description":"Rappel massif de Ram 1500 pour un probl\u00e8me de s\u00e9curit\u00e9 - Benoit Charette - Annuel automobile - CanadaMotorJobs.com.","breadcrumb":{"@id":"https:\/\/news.canadamotorjobs.com\/fr\/rappel-massif-de-ram-1500-pour-un-probleme-de-securite\/#breadcrumb"},"inLanguage":"fr-CA","potentialAction":[{"@type":"ReadAction","target":["https:\/\/news.canadamotorjobs.com\/fr\/rappel-massif-de-ram-1500-pour-un-probleme-de-securite\/"]}]},{"@type":"ImageObject","inLanguage":"fr-CA","@id":"https:\/\/news.canadamotorjobs.com\/fr\/rappel-massif-de-ram-1500-pour-un-probleme-de-securite\/#primaryimage","url":"https:\/\/news.canadamotorjobs.com\/wp-content\/uploads\/2024\/11\/RM025_261FNf8oap9cldjhiop1pqcdrmj7ind.jpg","contentUrl":"https:\/\/news.canadamotorjobs.com\/wp-content\/uploads\/2024\/11\/RM025_261FNf8oap9cldjhiop1pqcdrmj7ind.jpg","width":1200,"height":800},{"@type":"BreadcrumbList","@id":"https:\/\/news.canadamotorjobs.com\/fr\/rappel-massif-de-ram-1500-pour-un-probleme-de-securite\/#breadcrumb","itemListElement":[{"@type":"ListItem","position":1,"name":"Home","item":"https:\/\/news.canadamotorjobs.com\/fr\/blog\/"},{"@type":"ListItem","position":2,"name":"Rappel massif de Ram 1500 pour un probl\u00e8me de s\u00e9curit\u00e9"}]},{"@type":"WebSite","@id":"https:\/\/news.canadamotorjobs.com\/#website","url":"https:\/\/news.canadamotorjobs.com\/","name":"CanadaMotorJobs.com","description":"Automotive Jobs","publisher":{"@id":"https:\/\/news.canadamotorjobs.com\/#organization"},"potentialAction":[{"@type":"SearchAction","target":{"@type":"EntryPoint","urlTemplate":"https:\/\/news.canadamotorjobs.com\/?s={search_term_string}"},"query-input":"required name=search_term_string"}],"inLanguage":"fr-CA"},{"@type":"Organization","@id":"https:\/\/news.canadamotorjobs.com\/#organization","name":"Canada Motor Jobs","url":"https:\/\/news.canadamotorjobs.com\/","logo":{"@type":"ImageObject","inLanguage":"fr-CA","@id":"https:\/\/news.canadamotorjobs.com\/#\/schema\/logo\/image\/","url":"https:\/\/news.canadamotorjobs.com\/wp-content\/uploads\/2022\/10\/logo-canada-motor-jobs-1.png","contentUrl":"https:\/\/news.canadamotorjobs.com\/wp-content\/uploads\/2022\/10\/logo-canada-motor-jobs-1.png","width":800,"height":400,"caption":"Canada Motor Jobs"},"image":{"@id":"https:\/\/news.canadamotorjobs.com\/#\/schema\/logo\/image\/"},"sameAs":["https:\/\/www.facebook.com\/canadamotorjobs\/","https:\/\/x.com\/canadamotorjobs","https:\/\/www.instagram.com\/canadamotorjobs\/","https:\/\/www.linkedin.com\/company\/canadamotorjobs"]},{"@type":"Person","@id":"https:\/\/news.canadamotorjobs.com\/#\/schema\/person\/51793d1f87d44011d7bcc2ed99269a90","name":"Benoit Charette","image":{"@type":"ImageObject","inLanguage":"fr-CA","@id":"https:\/\/news.canadamotorjobs.com\/#\/schema\/person\/image\/","url":"https:\/\/secure.gravatar.com\/avatar\/45f3d2eebcccd909668d7ce7ea7267b6?s=96&d=mm&r=g","contentUrl":"https:\/\/secure.gravatar.com\/avatar\/45f3d2eebcccd909668d7ce7ea7267b6?s=96&d=mm&r=g","caption":"Benoit Charette"},"description":"Benoit Charette \/ Propri\u00e9taire et r\u00e9dacteur en chef Benoit Charette pratique le journalisme automobile depuis bient\u00f4t 30 ans. Il a fait ses classes au c\u00f4t\u00e9 de Daniel H\u00e9raud et au Carnet de route de 1992 \u00e0 2001. Il est fondateur, copropri\u00e9taire et r\u00e9dacteur en chef de L\u2019Annuel de l\u2019automobile, qu\u2019il publie depuis 2001. Il a anim\u00e9 les \u00e9missions RPM et RPM+ sur V et les L\u00e9gendes de la route sur Historia. \u00c0 la radio depuis 1986, il reprend l\u2019antenne cette ann\u00e9e sur les ondes de Cogeco et participe pour la deuxi\u00e8me ann\u00e9e \u00e0 l\u2019\u00e9mission Passion Auto sur RDS en plus de mettre en ligne le site Web officiel de L\u2019Annuel de l\u2019automobile sur annuelauto.ca.","sameAs":["https:\/\/annuelauto.ca\/"],"url":"https:\/\/news.canadamotorjobs.com\/fr\/author\/benoit-charette\/"}]}},"_links":{"self":[{"href":"https:\/\/news.canadamotorjobs.com\/fr\/wp-json\/wp\/v2\/posts\/180453"}],"collection":[{"href":"https:\/\/news.canadamotorjobs.com\/fr\/wp-json\/wp\/v2\/posts"}],"about":[{"href":"https:\/\/news.canadamotorjobs.com\/fr\/wp-json\/wp\/v2\/types\/post"}],"author":[{"embeddable":true,"href":"https:\/\/news.canadamotorjobs.com\/fr\/wp-json\/wp\/v2\/users\/8"}],"replies":[{"embeddable":true,"href":"https:\/\/news.canadamotorjobs.com\/fr\/wp-json\/wp\/v2\/comments?post=180453"}],"version-history":[{"count":3,"href":"https:\/\/news.canadamotorjobs.com\/fr\/wp-json\/wp\/v2\/posts\/180453\/revisions"}],"predecessor-version":[{"id":180484,"href":"https:\/\/news.canadamotorjobs.com\/fr\/wp-json\/wp\/v2\/posts\/180453\/revisions\/180484"}],"wp:featuredmedia":[{"embeddable":true,"href":"https:\/\/news.canadamotorjobs.com\/fr\/wp-json\/wp\/v2\/media\/180455"}],"wp:attachment":[{"href":"https:\/\/news.canadamotorjobs.com\/fr\/wp-json\/wp\/v2\/media?parent=180453"}],"wp:term":[{"taxonomy":"category","embeddable":true,"href":"https:\/\/news.canadamotorjobs.com\/fr\/wp-json\/wp\/v2\/categories?post=180453"},{"taxonomy":"post_tag","embeddable":true,"href":"https:\/\/news.canadamotorjobs.com\/fr\/wp-json\/wp\/v2\/tags?post=180453"}],"curies":[{"name":"wp","href":"https:\/\/api.w.org\/{rel}","templated":true}]}}