{"id":180403,"date":"2024-11-02T09:53:34","date_gmt":"2024-11-02T13:53:34","guid":{"rendered":"https:\/\/news.canadamotorjobs.com\/?p=180403"},"modified":"2024-11-02T09:59:05","modified_gmt":"2024-11-02T13:59:05","slug":"subaru-svx-a-t-elle-bien-vieilli","status":"publish","type":"post","link":"https:\/\/news.canadamotorjobs.com\/fr\/subaru-svx-a-t-elle-bien-vieilli\/","title":{"rendered":"Subaru SVX\u00a0: a-t-elle bien vieilli\u2009?"},"content":{"rendered":"<\/p>\n<p>Subaru est une marque reconnue pour nous offrir des mod\u00e8les efficaces, surtout l\u2019hiver gr\u00e2ce \u00e0 leur traction int\u00e9grale comp\u00e9tente. Parall\u00e8lement, la marque est aussi reconnue pour nous proposer des mod\u00e8les au style plut\u00f4t mornes, voire ennuyeux.<\/p>\n<p>Il y a bien s\u00fbr des exceptions \u00e0 cette r\u00e8gle, notamment avec la sportive BRZ, d\u00e9velopp\u00e9e conjointement avec Toyota, ainsi qu\u2019avec la WRX. Toutefois, m\u00eame dans ce dernier cas, le style du mod\u00e8le demeure relativement conservateur.<\/p>\n<p>Il y a de ces images dont certaines marques ont de la difficult\u00e9 \u00e0 se d\u00e9faire.<\/p>\n<h3><strong>Les ann\u00e9es\u00a080<\/strong><\/h3>\n<p>\nImaginez-vous que dans les ann\u00e9es\u00a080, c\u2019\u00e9tait un peu la m\u00eame chose, alors que Subaru cherchait \u00e0 faire sa place sur le march\u00e9. La marque \u00e9tait alors r\u00e9put\u00e9e pour commercialiser des mod\u00e8les tr\u00e8s solides, voire increvables, mais malheureusement pour le march\u00e9 qu\u00e9b\u00e9cois, des produits qui \u00e9taient aussi biod\u00e9gradables. Les plus vieux se souviendront d\u2019avoir vu quantit\u00e9 d\u2019\u00e9paves sur la route, les ailes et les flancs rong\u00e9s par la rouille.<\/p>\n<p>Quant au style des cr\u00e9ations propos\u00e9es lors de la d\u00e9cennie\u00a01980, il n\u2019y avait rien pour \u00e9crire \u00e0 sa m\u00e8re. Il y avait bien eu le coup\u00e9 XT, mais son passage fut bref. Au tournant de la d\u00e9cennie\u00a01990, la marque souhaitait donner un coup de barre en offrant quelque chose d\u2019un peu plus fly\u00e9.<\/p>\n<p>Appara\u00eet donc le coup\u00e9 SVX.<\/p>\n<h3><strong>1992-1996<\/strong><\/h3>\n<p>\nLanc\u00e9e en 1991 comme mod\u00e8le 1992, la Subaru SVX proposait un moteur Boxer, une configuration \u00e0 quatre roues motrices (le mod\u00e8le \u00e9tait aussi propos\u00e9 en configuration \u00e0 traction), deux signatures de la compagnie. Le moteur en question \u00e9tait un 6-cylindres de 3,3\u00a0litres, dont la puissance \u00e9tait tr\u00e8s respectable pour l\u2019\u00e9poque \u00e0 231\u00a0chevaux et 228\u00a0livres-pieds de couple. \u00c7a permettait au mod\u00e8le d\u2019effacer le 0-100\u00a0km\/h en 8,7\u00a0secondes.<\/p>\n<p>La consommation d\u2019essence \u00e9tait plut\u00f4t ordinaire cependant, \u00e0 11,8\u00a0litres aux 100\u00a0kilom\u00e8tres, en moyenne. Pour un v\u00e9hicule de seulement 1602\u00a0kg (3359\u00a0livres), c\u2019\u00e9tait d\u00e9cevant.<\/p>\n<p>Sa conduite \u00e9tait toutefois d\u00e9crite comme amusante et concluante.<\/p>\n<p>O\u00f9 \u00e9tait le probl\u00e8me, alors\u2009?<\/p>\n<p>Vous avez vis\u00e9 dans le mille si vous avez identifi\u00e9 son style.<\/p>\n<h3><strong>Tellement beau que c\u2019est laid\u2009?<\/strong><\/h3>\n<p>\nCertains designs qui ne font pas l\u2019unanimit\u00e9 \u00e0 leurs d\u00e9buts parviennent \u00e0 mieux traverser l\u2019\u00e9preuve du temps. Est-ce que c\u2019est le cas avec la Subaru SVX\u2009? Je ne pr\u00e9tends pas avoir la r\u00e9ponse, surtout que les go\u00fbts ne sont pas \u00e0 discuter. Cependant, il faut convenir que le mod\u00e8le \u00e9tait porteur de lignes douteuses.<\/p>\n<p>La pire signature, accouch\u00e9e conjointement par la firme Italdesign et les stylistes de Subaru, c\u2019\u00e9tait les vitres lat\u00e9rales. En fait, le design vous fait voir une vitre int\u00e9gr\u00e9e \u00e0 une autre. Seule la plus petite s\u2019ouvre, ce qui est probl\u00e9matique pour l\u2019a\u00e9ration de la cabine.<\/p>\n<p>Et de profil, c\u2019est tout sauf joli.<\/p>\n<p>Et il y a cette partie arri\u00e8re, o\u00f9 l\u2019on semble avoir d\u00e9pos\u00e9 une pi\u00e8ce de carrosserie sur le coffre\u2009; c\u2019est tout sauf harmonieux.<\/p>\n<p>Prenez le temps de bien observer le mod\u00e8le. En retirant certains \u00e9l\u00e9ments et en adoucissant certains \u00e9l\u00e9ments, nous aurions \u00e9t\u00e9 en pr\u00e9sence d\u2019un joli coup\u00e9.<\/p>\n<p>Plut\u00f4t, les consommateurs ont boud\u00e9 la SVX. Il faut aussi consid\u00e9rer qu\u2019\u00e0 son arriv\u00e9e sur le march\u00e9 am\u00e9ricain, pour l\u2019ann\u00e9e\u00a01992, le produit n\u2019\u00e9tait pas donn\u00e9, avec un prix de base juste sous la barre des 25\u2009000\u00a0$ US.<\/p>\n<p>En tout, en six ans, Subaru a r\u00e9ussi \u00e0 \u00e9couler un peu moins de 25\u2009000\u00a0unit\u00e9s de son coup\u00e9 SVX. Pr\u00e8s de 15\u2009000 ont pris la direction de l\u2019Am\u00e9rique du Nord, ce qui fait qu\u2019il est possible d\u2019en trouver sur le march\u00e9, si vous recherchez quelque chose d\u2019original.<\/p>\n<h3><strong>Valeur aujourd\u2019hui<\/strong><\/h3>\n<p>\nEt combien vaut une Subaru SVX sur le march\u00e9 d\u2019aujourd\u2019hui\u2009? \u00c7a varie beaucoup, selon le kilom\u00e9trage et la condition. Disons que pour un mod\u00e8le qui a du v\u00e9cu, 4000\u00a0$ ou 5000\u00a0$ devraient vous permettre de mettre la main sur un exemplaire en \u00e9tat de rouler, mais qui aura \u00e9ventuellement besoin de soins.<\/p>\n<p>Pour une version affichant peu de kilom\u00e9trage, la facture peut grimper au-del\u00e0 de 10\u2009000\u00a0$, voir s\u2019approcher de 15\u2009000\u00a0$.<\/p>\n<p>Chose certaine, si une version vous int\u00e9resse, un d\u00e9tour chez Subaru s\u2019impose pour une inspection en r\u00e8gle.<\/p>\n<p>\u00a0<\/p>\n<p>\u00a0<\/p>\n<p>\u00a0<\/p>\n<p>\u00a0<\/p>\n<p>\u00a0<\/p>\n<p>\u00a0<\/p>\n<p>Le texte <a rel=\"nofollow\" href=\"https:\/\/annuelauto.ca\/subaru-svx-a-t-elle-bien-vieilli%e2%80%89\/\">Subaru SVX\u00a0: a-t-elle bien vieilli\u2009?<\/a> provient de <a rel=\"nofollow\" href=\"https:\/\/annuelauto.ca\">L&#8217;annuel de l&#8217;automobile &#8211; Actualit\u00e9 automobile<\/a><\/p>\n<p><\/p>\n","protected":false},"excerpt":{"rendered":"<p>Subaru est une marque reconnue pour nous offrir des mod\u00e8les efficaces, surtout l\u2019hiver gr\u00e2ce \u00e0 leur traction int\u00e9grale comp\u00e9tente. Parall\u00e8lement, la marque est aussi reconnue pour nous proposer des mod\u00e8les au style plut\u00f4t mornes, voire ennuyeux. Il y a bien s\u00fbr des exceptions \u00e0 cette r\u00e8gle, notamment avec la sportive BRZ, d\u00e9velopp\u00e9e conjointement avec Toyota, [&hellip;]<\/p>\n","protected":false},"author":8,"featured_media":180405,"comment_status":"close","ping_status":"closed","sticky":false,"template":"","format":"standard","meta":{"_monsterinsights_skip_tracking":false,"_monsterinsights_sitenote_active":false,"_monsterinsights_sitenote_note":"","_monsterinsights_sitenote_category":0,"footnotes":""},"categories":[101],"tags":[],"yoast_head":"<!-- This site is optimized with the Yoast SEO plugin v23.2 - https:\/\/yoast.com\/wordpress\/plugins\/seo\/ -->\n<title>Subaru SVX\u00a0: a-t-elle bien vieilli\u2009? - CanadaMotorJobs.com<\/title>\n<meta name=\"description\" content=\"Subaru SVX\u00a0: a-t-elle bien vieilli\u2009? - Benoit Charette - Annuel automobile - CanadaMotorJobs.com.\" \/>\n<meta name=\"robots\" content=\"index, follow, max-snippet:-1, max-image-preview:large, max-video-preview:-1\" \/>\n<meta property=\"og:locale\" content=\"fr_CA\" \/>\n<meta property=\"og:type\" content=\"article\" \/>\n<meta property=\"og:title\" content=\"Subaru SVX\u00a0: a-t-elle bien vieilli\u2009? - CanadaMotorJobs.com\" \/>\n<meta property=\"og:description\" content=\"Subaru SVX\u00a0: a-t-elle bien vieilli\u2009? - Benoit Charette - Annuel automobile - CanadaMotorJobs.com.\" \/>\n<meta property=\"og:url\" content=\"https:\/\/news.canadamotorjobs.com\/fr\/subaru-svx-a-t-elle-bien-vieilli\/\" \/>\n<meta property=\"og:site_name\" content=\"CanadaMotorJobs.com\" \/>\n<meta property=\"article:publisher\" content=\"https:\/\/www.facebook.com\/canadamotorjobs\/\" \/>\n<meta property=\"article:published_time\" content=\"2024-11-02T13:53:34+00:00\" \/>\n<meta property=\"article:modified_time\" content=\"2024-11-02T13:59:05+00:00\" \/>\n<meta property=\"og:image\" content=\"https:\/\/news.canadamotorjobs.com\/wp-content\/uploads\/2024\/11\/subaru_svx_1.jpg\" \/>\n\t<meta property=\"og:image:width\" content=\"1024\" \/>\n\t<meta property=\"og:image:height\" content=\"729\" \/>\n\t<meta property=\"og:image:type\" content=\"image\/jpeg\" \/>\n<meta name=\"author\" content=\"Benoit Charette\" \/>\n<meta name=\"twitter:card\" content=\"summary_large_image\" \/>\n<meta name=\"twitter:creator\" content=\"@canadamotorjobs\" \/>\n<meta name=\"twitter:site\" content=\"@canadamotorjobs\" \/>\n<meta name=\"twitter:label1\" content=\"\u00c9crit par\" \/>\n\t<meta name=\"twitter:data1\" content=\"Benoit Charette\" \/>\n\t<meta name=\"twitter:label2\" content=\"Estimation du temps de lecture\" \/>\n\t<meta name=\"twitter:data2\" content=\"4 minutes\" \/>\n<!-- \/ Yoast SEO plugin. -->","yoast_head_json":{"title":"Subaru SVX\u00a0: a-t-elle bien vieilli\u2009? - CanadaMotorJobs.com","description":"Subaru SVX\u00a0: a-t-elle bien vieilli\u2009? - Benoit Charette - Annuel automobile - CanadaMotorJobs.com.","robots":{"index":"index","follow":"follow","max-snippet":"max-snippet:-1","max-image-preview":"max-image-preview:large","max-video-preview":"max-video-preview:-1"},"og_locale":"fr_CA","og_type":"article","og_title":"Subaru SVX\u00a0: a-t-elle bien vieilli\u2009? - CanadaMotorJobs.com","og_description":"Subaru SVX\u00a0: a-t-elle bien vieilli\u2009? - Benoit Charette - Annuel automobile - CanadaMotorJobs.com.","og_url":"https:\/\/news.canadamotorjobs.com\/fr\/subaru-svx-a-t-elle-bien-vieilli\/","og_site_name":"CanadaMotorJobs.com","article_publisher":"https:\/\/www.facebook.com\/canadamotorjobs\/","article_published_time":"2024-11-02T13:53:34+00:00","article_modified_time":"2024-11-02T13:59:05+00:00","og_image":[{"width":1024,"height":729,"url":"https:\/\/news.canadamotorjobs.com\/wp-content\/uploads\/2024\/11\/subaru_svx_1.jpg","type":"image\/jpeg"}],"author":"Benoit Charette","twitter_card":"summary_large_image","twitter_creator":"@canadamotorjobs","twitter_site":"@canadamotorjobs","twitter_misc":{"\u00c9crit par":"Benoit Charette","Estimation du temps de lecture":"4 minutes"},"schema":{"@context":"https:\/\/schema.org","@graph":[{"@type":"Article","@id":"https:\/\/news.canadamotorjobs.com\/fr\/subaru-svx-a-t-elle-bien-vieilli\/#article","isPartOf":{"@id":"https:\/\/news.canadamotorjobs.com\/fr\/subaru-svx-a-t-elle-bien-vieilli\/"},"author":{"name":"Benoit Charette","@id":"https:\/\/news.canadamotorjobs.com\/#\/schema\/person\/51793d1f87d44011d7bcc2ed99269a90"},"headline":"Subaru SVX\u00a0: a-t-elle bien vieilli\u2009?","datePublished":"2024-11-02T13:53:34+00:00","dateModified":"2024-11-02T13:59:05+00:00","mainEntityOfPage":{"@id":"https:\/\/news.canadamotorjobs.com\/fr\/subaru-svx-a-t-elle-bien-vieilli\/"},"wordCount":773,"publisher":{"@id":"https:\/\/news.canadamotorjobs.com\/#organization"},"image":{"@id":"https:\/\/news.canadamotorjobs.com\/fr\/subaru-svx-a-t-elle-bien-vieilli\/#primaryimage"},"thumbnailUrl":"https:\/\/news.canadamotorjobs.com\/wp-content\/uploads\/2024\/11\/subaru_svx_1.jpg","articleSection":["Annuel automobile"],"inLanguage":"fr-CA"},{"@type":"WebPage","@id":"https:\/\/news.canadamotorjobs.com\/fr\/subaru-svx-a-t-elle-bien-vieilli\/","url":"https:\/\/news.canadamotorjobs.com\/fr\/subaru-svx-a-t-elle-bien-vieilli\/","name":"Subaru SVX\u00a0: a-t-elle bien vieilli\u2009? - CanadaMotorJobs.com","isPartOf":{"@id":"https:\/\/news.canadamotorjobs.com\/#website"},"primaryImageOfPage":{"@id":"https:\/\/news.canadamotorjobs.com\/fr\/subaru-svx-a-t-elle-bien-vieilli\/#primaryimage"},"image":{"@id":"https:\/\/news.canadamotorjobs.com\/fr\/subaru-svx-a-t-elle-bien-vieilli\/#primaryimage"},"thumbnailUrl":"https:\/\/news.canadamotorjobs.com\/wp-content\/uploads\/2024\/11\/subaru_svx_1.jpg","datePublished":"2024-11-02T13:53:34+00:00","dateModified":"2024-11-02T13:59:05+00:00","description":"Subaru SVX\u00a0: a-t-elle bien vieilli\u2009? - Benoit Charette - Annuel automobile - CanadaMotorJobs.com.","breadcrumb":{"@id":"https:\/\/news.canadamotorjobs.com\/fr\/subaru-svx-a-t-elle-bien-vieilli\/#breadcrumb"},"inLanguage":"fr-CA","potentialAction":[{"@type":"ReadAction","target":["https:\/\/news.canadamotorjobs.com\/fr\/subaru-svx-a-t-elle-bien-vieilli\/"]}]},{"@type":"ImageObject","inLanguage":"fr-CA","@id":"https:\/\/news.canadamotorjobs.com\/fr\/subaru-svx-a-t-elle-bien-vieilli\/#primaryimage","url":"https:\/\/news.canadamotorjobs.com\/wp-content\/uploads\/2024\/11\/subaru_svx_1.jpg","contentUrl":"https:\/\/news.canadamotorjobs.com\/wp-content\/uploads\/2024\/11\/subaru_svx_1.jpg","width":1024,"height":729},{"@type":"BreadcrumbList","@id":"https:\/\/news.canadamotorjobs.com\/fr\/subaru-svx-a-t-elle-bien-vieilli\/#breadcrumb","itemListElement":[{"@type":"ListItem","position":1,"name":"Home","item":"https:\/\/news.canadamotorjobs.com\/fr\/blog\/"},{"@type":"ListItem","position":2,"name":"Subaru SVX\u00a0: a-t-elle bien vieilli\u2009?"}]},{"@type":"WebSite","@id":"https:\/\/news.canadamotorjobs.com\/#website","url":"https:\/\/news.canadamotorjobs.com\/","name":"CanadaMotorJobs.com","description":"Automotive Jobs","publisher":{"@id":"https:\/\/news.canadamotorjobs.com\/#organization"},"potentialAction":[{"@type":"SearchAction","target":{"@type":"EntryPoint","urlTemplate":"https:\/\/news.canadamotorjobs.com\/?s={search_term_string}"},"query-input":"required name=search_term_string"}],"inLanguage":"fr-CA"},{"@type":"Organization","@id":"https:\/\/news.canadamotorjobs.com\/#organization","name":"Canada Motor Jobs","url":"https:\/\/news.canadamotorjobs.com\/","logo":{"@type":"ImageObject","inLanguage":"fr-CA","@id":"https:\/\/news.canadamotorjobs.com\/#\/schema\/logo\/image\/","url":"https:\/\/news.canadamotorjobs.com\/wp-content\/uploads\/2022\/10\/logo-canada-motor-jobs-1.png","contentUrl":"https:\/\/news.canadamotorjobs.com\/wp-content\/uploads\/2022\/10\/logo-canada-motor-jobs-1.png","width":800,"height":400,"caption":"Canada Motor Jobs"},"image":{"@id":"https:\/\/news.canadamotorjobs.com\/#\/schema\/logo\/image\/"},"sameAs":["https:\/\/www.facebook.com\/canadamotorjobs\/","https:\/\/x.com\/canadamotorjobs","https:\/\/www.instagram.com\/canadamotorjobs\/","https:\/\/www.linkedin.com\/company\/canadamotorjobs"]},{"@type":"Person","@id":"https:\/\/news.canadamotorjobs.com\/#\/schema\/person\/51793d1f87d44011d7bcc2ed99269a90","name":"Benoit Charette","image":{"@type":"ImageObject","inLanguage":"fr-CA","@id":"https:\/\/news.canadamotorjobs.com\/#\/schema\/person\/image\/","url":"https:\/\/secure.gravatar.com\/avatar\/45f3d2eebcccd909668d7ce7ea7267b6?s=96&d=mm&r=g","contentUrl":"https:\/\/secure.gravatar.com\/avatar\/45f3d2eebcccd909668d7ce7ea7267b6?s=96&d=mm&r=g","caption":"Benoit Charette"},"description":"Benoit Charette \/ Propri\u00e9taire et r\u00e9dacteur en chef Benoit Charette pratique le journalisme automobile depuis bient\u00f4t 30 ans. Il a fait ses classes au c\u00f4t\u00e9 de Daniel H\u00e9raud et au Carnet de route de 1992 \u00e0 2001. Il est fondateur, copropri\u00e9taire et r\u00e9dacteur en chef de L\u2019Annuel de l\u2019automobile, qu\u2019il publie depuis 2001. Il a anim\u00e9 les \u00e9missions RPM et RPM+ sur V et les L\u00e9gendes de la route sur Historia. \u00c0 la radio depuis 1986, il reprend l\u2019antenne cette ann\u00e9e sur les ondes de Cogeco et participe pour la deuxi\u00e8me ann\u00e9e \u00e0 l\u2019\u00e9mission Passion Auto sur RDS en plus de mettre en ligne le site Web officiel de L\u2019Annuel de l\u2019automobile sur annuelauto.ca.","sameAs":["https:\/\/annuelauto.ca\/"],"url":"https:\/\/news.canadamotorjobs.com\/fr\/author\/benoit-charette\/"}]}},"_links":{"self":[{"href":"https:\/\/news.canadamotorjobs.com\/fr\/wp-json\/wp\/v2\/posts\/180403"}],"collection":[{"href":"https:\/\/news.canadamotorjobs.com\/fr\/wp-json\/wp\/v2\/posts"}],"about":[{"href":"https:\/\/news.canadamotorjobs.com\/fr\/wp-json\/wp\/v2\/types\/post"}],"author":[{"embeddable":true,"href":"https:\/\/news.canadamotorjobs.com\/fr\/wp-json\/wp\/v2\/users\/8"}],"replies":[{"embeddable":true,"href":"https:\/\/news.canadamotorjobs.com\/fr\/wp-json\/wp\/v2\/comments?post=180403"}],"version-history":[{"count":2,"href":"https:\/\/news.canadamotorjobs.com\/fr\/wp-json\/wp\/v2\/posts\/180403\/revisions"}],"predecessor-version":[{"id":180407,"href":"https:\/\/news.canadamotorjobs.com\/fr\/wp-json\/wp\/v2\/posts\/180403\/revisions\/180407"}],"wp:featuredmedia":[{"embeddable":true,"href":"https:\/\/news.canadamotorjobs.com\/fr\/wp-json\/wp\/v2\/media\/180405"}],"wp:attachment":[{"href":"https:\/\/news.canadamotorjobs.com\/fr\/wp-json\/wp\/v2\/media?parent=180403"}],"wp:term":[{"taxonomy":"category","embeddable":true,"href":"https:\/\/news.canadamotorjobs.com\/fr\/wp-json\/wp\/v2\/categories?post=180403"},{"taxonomy":"post_tag","embeddable":true,"href":"https:\/\/news.canadamotorjobs.com\/fr\/wp-json\/wp\/v2\/tags?post=180403"}],"curies":[{"name":"wp","href":"https:\/\/api.w.org\/{rel}","templated":true}]}}