{"id":180352,"date":"2024-11-02T03:24:29","date_gmt":"2024-11-02T07:24:29","guid":{"rendered":"https:\/\/news.canadamotorjobs.com\/?p=180352"},"modified":"2024-11-02T03:30:23","modified_gmt":"2024-11-02T07:30:23","slug":"jaguar-cesse-la-vente-de-ses-voitures-neuves-au-royaume-uni","status":"publish","type":"post","link":"https:\/\/news.canadamotorjobs.com\/fr\/jaguar-cesse-la-vente-de-ses-voitures-neuves-au-royaume-uni\/","title":{"rendered":"Jaguar cesse la vente de ses voitures neuves au Royaume-Uni"},"content":{"rendered":"<\/p>\n<p>Jaguar, l\u2019iconique marque britannique, a pris une d\u00e9cision audacieuse : elle cesse la vente de ses voitures neuves sur son propre territoire, le Royaume-Uni, d&#8217;ici la fin du mois. Ce choix est motiv\u00e9 par une transformation en profondeur, visant \u00e0 repositionner Jaguar comme une marque de luxe 100 % \u00e9lectrique \u00e0 partir de 2025.<\/p>\n<p>Annonc\u00e9e il y a presque quatre ans, la strat\u00e9gie mondiale \u00ab Reimagine \u00bb de Jaguar Land Rover (JLR) vise \u00e0 faire de Jaguar un leader du luxe \u00e9lectrique. La marque met fin \u00e0 la vente de ses mod\u00e8les thermiques au Royaume-Uni, m\u00eame si ses nouveaux v\u00e9hicules \u00e9lectriques ne sont pas encore disponibles. Cette d\u00e9cision, qui peut para\u00eetre frustrante pour certains, s&#8217;inscrit dans une vision strat\u00e9gique \u00e0 long terme et marque la volont\u00e9 de Jaguar de se tourner vers un avenir plus \u00e9cologique et haut de gamme.<\/p>\n<h2>Fin des mod\u00e8les actuels : une \u00e9tape vers l\u2019\u00e9lectrification<\/h2>\n<p>Les mod\u00e8les phares de la marque, tels que la E-Pace, XE, XF et F-Type, ont d\u00e9j\u00e0 disparu du march\u00e9 britannique, et le F-Pace vient de les rejoindre. Dans une d\u00e9claration \u00e0 Autocar, JLR confirme : \u00ab D\u00e8s novembre 2024, les ventes de nouveaux v\u00e9hicules Jaguar prendront fin au Royaume-Uni. Nous avons cess\u00e9 la distribution de notre g\u00e9n\u00e9ration actuelle de v\u00e9hicules Jaguar.<\/p>\n<p>Cependant, pour les march\u00e9s internationaux, ces mod\u00e8les sont encore disponibles, m\u00eame si leur production se termine bient\u00f4t. Les clients britanniques pourront toujours opter pour des v\u00e9hicules certifi\u00e9s d\u2019occasion.<\/p>\n<p><\/p>\n<figure><img decoding=\"async\" src=\"https:\/\/news.canadamotorjobs.com\/wp-content\/uploads\/2024\/11\/Photo_Jaguar-5.jpg\" alt=\"Jaguar F-Type 2024\" \/><figcaption>Jaguar F-Type 2024 | Auto123.com<\/figcaption><\/figure>\n<h2>Jaguar : un repositionnement strat\u00e9gique vers le luxe ultra-premium<\/h2>\n<p>Propri\u00e9t\u00e9 de Tata Motors depuis 2008, Jaguar pr\u00e9voit de monter en gamme pour rivaliser avec Bentley et Aston Martin, abandonnant ainsi la comp\u00e9tition directe avec BMW, Mercedes-Benz et Audi. Le premier v\u00e9hicule \u00e9lectrique de la nouvelle \u00e8re Jaguar pourrait se positionner comme concurrent de la Porsche Taycan, tandis qu&#8217;une version tout-terrain rivale du Bentley Bentayga est attendue en 2026.\u00a0<\/p>\n<p>Ces mod\u00e8les seront construits sur la nouvelle architecture Jaguar Electrified Architecture, qui servira \u00e9galement de base pour une grande berline pr\u00e9vue plus tard dans la d\u00e9cennie.<\/p>\n<h2>Un futur concept GT et des ambitions \u00e9lectriques pour 2025<\/h2>\n<p>Un concept car de luxe \u00e0 quatre portes, affichant un prix de d\u00e9part de plus de 100 000 \u00a3 (environ 130 000 $), devrait \u00eatre d\u00e9voil\u00e9 cette ann\u00e9e aux \u00c9tats-Unis. Rawdon Glover, le directeur g\u00e9n\u00e9ral de Jaguar, a r\u00e9cemment admis que la transition vers une marque enti\u00e8rement \u00e9lectrique avait \u00e9t\u00e9 \u00ab extr\u00eamement frustrante \u00bb. Jaguar voit toutefois dans cette transformation l\u2019opportunit\u00e9 de vendre moins de v\u00e9hicules avec des marges b\u00e9n\u00e9ficiaires plus \u00e9lev\u00e9es, ce qui permettra de consolider son image dans l\u2019univers du luxe.<\/p>\n<p>Jaguar se tourne r\u00e9solument vers l&#8217;avenir avec une vision audacieuse qui repousse les fronti\u00e8res de l\u2019innovation et du design. La marque entend s\u00e9duire les passionn\u00e9s de voitures \u00e9lectriques et de luxe avec une nouvelle g\u00e9n\u00e9ration de v\u00e9hicules \u00e0 la pointe de la technologie.<\/p>\n<p>Avec des renseignements de Motor 1<\/p>\n<p><\/p>\n<p style=\"padding-top: 15px\">Contenu original de <a href=\"https:\/\/www.auto123.com\/fr\/actualites\/jaguar-cesse-vente-voitures-neuves-Royuame-Uni\/72014\/\">auto123<\/a>.<\/p>\n<p>Le texte <a rel=\"nofollow\" href=\"https:\/\/annuelauto.ca\/jaguar-cesse-la-vente-de-ses-voitures-neuves-au-royaume-uni\/\">Jaguar cesse la vente de ses voitures neuves au Royaume-Uni<\/a> provient de <a rel=\"nofollow\" href=\"https:\/\/annuelauto.ca\">L&#8217;annuel de l&#8217;automobile &#8211; Actualit\u00e9 automobile<\/a><\/p>\n<p><\/p>\n","protected":false},"excerpt":{"rendered":"<p>Jaguar, l\u2019iconique marque britannique, a pris une d\u00e9cision audacieuse : elle cesse la vente de ses voitures neuves sur son propre territoire, le Royaume-Uni, d&#8217;ici la fin du mois. Ce choix est motiv\u00e9 par une transformation en profondeur, visant \u00e0 repositionner Jaguar comme une marque de luxe 100 % \u00e9lectrique \u00e0 partir de 2025. Annonc\u00e9e [&hellip;]<\/p>\n","protected":false},"author":8,"featured_media":180354,"comment_status":"close","ping_status":"closed","sticky":false,"template":"","format":"standard","meta":{"_monsterinsights_skip_tracking":false,"_monsterinsights_sitenote_active":false,"_monsterinsights_sitenote_note":"","_monsterinsights_sitenote_category":0,"footnotes":""},"categories":[101],"tags":[],"yoast_head":"<!-- This site is optimized with the Yoast SEO plugin v23.2 - https:\/\/yoast.com\/wordpress\/plugins\/seo\/ -->\n<title>Jaguar cesse la vente de ses voitures neuves au Royaume-Uni - CanadaMotorJobs.com<\/title>\n<meta name=\"description\" content=\"Jaguar cesse la vente de ses voitures neuves au Royaume-Uni - Benoit Charette - Annuel automobile - CanadaMotorJobs.com.\" \/>\n<meta name=\"robots\" content=\"index, follow, max-snippet:-1, max-image-preview:large, max-video-preview:-1\" \/>\n<meta property=\"og:locale\" content=\"fr_CA\" \/>\n<meta property=\"og:type\" content=\"article\" \/>\n<meta property=\"og:title\" content=\"Jaguar cesse la vente de ses voitures neuves au Royaume-Uni - CanadaMotorJobs.com\" \/>\n<meta property=\"og:description\" content=\"Jaguar cesse la vente de ses voitures neuves au Royaume-Uni - Benoit Charette - Annuel automobile - CanadaMotorJobs.com.\" \/>\n<meta property=\"og:url\" content=\"https:\/\/news.canadamotorjobs.com\/fr\/jaguar-cesse-la-vente-de-ses-voitures-neuves-au-royaume-uni\/\" \/>\n<meta property=\"og:site_name\" content=\"CanadaMotorJobs.com\" \/>\n<meta property=\"article:publisher\" content=\"https:\/\/www.facebook.com\/canadamotorjobs\/\" \/>\n<meta property=\"article:published_time\" content=\"2024-11-02T07:24:29+00:00\" \/>\n<meta property=\"article:modified_time\" content=\"2024-11-02T07:30:23+00:00\" \/>\n<meta property=\"og:image\" content=\"https:\/\/news.canadamotorjobs.com\/wp-content\/uploads\/2024\/11\/Photo_Jaguar.jpg\" \/>\n\t<meta property=\"og:image:width\" content=\"1200\" \/>\n\t<meta property=\"og:image:height\" content=\"900\" \/>\n\t<meta property=\"og:image:type\" content=\"image\/jpeg\" \/>\n<meta name=\"author\" content=\"Benoit Charette\" \/>\n<meta name=\"twitter:card\" content=\"summary_large_image\" \/>\n<meta name=\"twitter:creator\" content=\"@canadamotorjobs\" \/>\n<meta name=\"twitter:site\" content=\"@canadamotorjobs\" \/>\n<meta name=\"twitter:label1\" content=\"\u00c9crit par\" \/>\n\t<meta name=\"twitter:data1\" content=\"Benoit Charette\" \/>\n\t<meta name=\"twitter:label2\" content=\"Estimation du temps de lecture\" \/>\n\t<meta name=\"twitter:data2\" content=\"3 minutes\" \/>\n<!-- \/ Yoast SEO plugin. -->","yoast_head_json":{"title":"Jaguar cesse la vente de ses voitures neuves au Royaume-Uni - CanadaMotorJobs.com","description":"Jaguar cesse la vente de ses voitures neuves au Royaume-Uni - Benoit Charette - Annuel automobile - CanadaMotorJobs.com.","robots":{"index":"index","follow":"follow","max-snippet":"max-snippet:-1","max-image-preview":"max-image-preview:large","max-video-preview":"max-video-preview:-1"},"og_locale":"fr_CA","og_type":"article","og_title":"Jaguar cesse la vente de ses voitures neuves au Royaume-Uni - CanadaMotorJobs.com","og_description":"Jaguar cesse la vente de ses voitures neuves au Royaume-Uni - Benoit Charette - Annuel automobile - CanadaMotorJobs.com.","og_url":"https:\/\/news.canadamotorjobs.com\/fr\/jaguar-cesse-la-vente-de-ses-voitures-neuves-au-royaume-uni\/","og_site_name":"CanadaMotorJobs.com","article_publisher":"https:\/\/www.facebook.com\/canadamotorjobs\/","article_published_time":"2024-11-02T07:24:29+00:00","article_modified_time":"2024-11-02T07:30:23+00:00","og_image":[{"width":1200,"height":900,"url":"https:\/\/news.canadamotorjobs.com\/wp-content\/uploads\/2024\/11\/Photo_Jaguar.jpg","type":"image\/jpeg"}],"author":"Benoit Charette","twitter_card":"summary_large_image","twitter_creator":"@canadamotorjobs","twitter_site":"@canadamotorjobs","twitter_misc":{"\u00c9crit par":"Benoit Charette","Estimation du temps de lecture":"3 minutes"},"schema":{"@context":"https:\/\/schema.org","@graph":[{"@type":"Article","@id":"https:\/\/news.canadamotorjobs.com\/fr\/jaguar-cesse-la-vente-de-ses-voitures-neuves-au-royaume-uni\/#article","isPartOf":{"@id":"https:\/\/news.canadamotorjobs.com\/fr\/jaguar-cesse-la-vente-de-ses-voitures-neuves-au-royaume-uni\/"},"author":{"name":"Benoit Charette","@id":"https:\/\/news.canadamotorjobs.com\/#\/schema\/person\/51793d1f87d44011d7bcc2ed99269a90"},"headline":"Jaguar cesse la vente de ses voitures neuves au Royaume-Uni","datePublished":"2024-11-02T07:24:29+00:00","dateModified":"2024-11-02T07:30:23+00:00","mainEntityOfPage":{"@id":"https:\/\/news.canadamotorjobs.com\/fr\/jaguar-cesse-la-vente-de-ses-voitures-neuves-au-royaume-uni\/"},"wordCount":544,"publisher":{"@id":"https:\/\/news.canadamotorjobs.com\/#organization"},"image":{"@id":"https:\/\/news.canadamotorjobs.com\/fr\/jaguar-cesse-la-vente-de-ses-voitures-neuves-au-royaume-uni\/#primaryimage"},"thumbnailUrl":"https:\/\/news.canadamotorjobs.com\/wp-content\/uploads\/2024\/11\/Photo_Jaguar.jpg","articleSection":["Annuel automobile"],"inLanguage":"fr-CA"},{"@type":"WebPage","@id":"https:\/\/news.canadamotorjobs.com\/fr\/jaguar-cesse-la-vente-de-ses-voitures-neuves-au-royaume-uni\/","url":"https:\/\/news.canadamotorjobs.com\/fr\/jaguar-cesse-la-vente-de-ses-voitures-neuves-au-royaume-uni\/","name":"Jaguar cesse la vente de ses voitures neuves au Royaume-Uni - CanadaMotorJobs.com","isPartOf":{"@id":"https:\/\/news.canadamotorjobs.com\/#website"},"primaryImageOfPage":{"@id":"https:\/\/news.canadamotorjobs.com\/fr\/jaguar-cesse-la-vente-de-ses-voitures-neuves-au-royaume-uni\/#primaryimage"},"image":{"@id":"https:\/\/news.canadamotorjobs.com\/fr\/jaguar-cesse-la-vente-de-ses-voitures-neuves-au-royaume-uni\/#primaryimage"},"thumbnailUrl":"https:\/\/news.canadamotorjobs.com\/wp-content\/uploads\/2024\/11\/Photo_Jaguar.jpg","datePublished":"2024-11-02T07:24:29+00:00","dateModified":"2024-11-02T07:30:23+00:00","description":"Jaguar cesse la vente de ses voitures neuves au Royaume-Uni - Benoit Charette - Annuel automobile - CanadaMotorJobs.com.","breadcrumb":{"@id":"https:\/\/news.canadamotorjobs.com\/fr\/jaguar-cesse-la-vente-de-ses-voitures-neuves-au-royaume-uni\/#breadcrumb"},"inLanguage":"fr-CA","potentialAction":[{"@type":"ReadAction","target":["https:\/\/news.canadamotorjobs.com\/fr\/jaguar-cesse-la-vente-de-ses-voitures-neuves-au-royaume-uni\/"]}]},{"@type":"ImageObject","inLanguage":"fr-CA","@id":"https:\/\/news.canadamotorjobs.com\/fr\/jaguar-cesse-la-vente-de-ses-voitures-neuves-au-royaume-uni\/#primaryimage","url":"https:\/\/news.canadamotorjobs.com\/wp-content\/uploads\/2024\/11\/Photo_Jaguar.jpg","contentUrl":"https:\/\/news.canadamotorjobs.com\/wp-content\/uploads\/2024\/11\/Photo_Jaguar.jpg","width":1200,"height":900},{"@type":"BreadcrumbList","@id":"https:\/\/news.canadamotorjobs.com\/fr\/jaguar-cesse-la-vente-de-ses-voitures-neuves-au-royaume-uni\/#breadcrumb","itemListElement":[{"@type":"ListItem","position":1,"name":"Home","item":"https:\/\/news.canadamotorjobs.com\/fr\/blog\/"},{"@type":"ListItem","position":2,"name":"Jaguar cesse la vente de ses voitures neuves au Royaume-Uni"}]},{"@type":"WebSite","@id":"https:\/\/news.canadamotorjobs.com\/#website","url":"https:\/\/news.canadamotorjobs.com\/","name":"CanadaMotorJobs.com","description":"Automotive Jobs","publisher":{"@id":"https:\/\/news.canadamotorjobs.com\/#organization"},"potentialAction":[{"@type":"SearchAction","target":{"@type":"EntryPoint","urlTemplate":"https:\/\/news.canadamotorjobs.com\/?s={search_term_string}"},"query-input":"required name=search_term_string"}],"inLanguage":"fr-CA"},{"@type":"Organization","@id":"https:\/\/news.canadamotorjobs.com\/#organization","name":"Canada Motor Jobs","url":"https:\/\/news.canadamotorjobs.com\/","logo":{"@type":"ImageObject","inLanguage":"fr-CA","@id":"https:\/\/news.canadamotorjobs.com\/#\/schema\/logo\/image\/","url":"https:\/\/news.canadamotorjobs.com\/wp-content\/uploads\/2022\/10\/logo-canada-motor-jobs-1.png","contentUrl":"https:\/\/news.canadamotorjobs.com\/wp-content\/uploads\/2022\/10\/logo-canada-motor-jobs-1.png","width":800,"height":400,"caption":"Canada Motor Jobs"},"image":{"@id":"https:\/\/news.canadamotorjobs.com\/#\/schema\/logo\/image\/"},"sameAs":["https:\/\/www.facebook.com\/canadamotorjobs\/","https:\/\/x.com\/canadamotorjobs","https:\/\/www.instagram.com\/canadamotorjobs\/","https:\/\/www.linkedin.com\/company\/canadamotorjobs"]},{"@type":"Person","@id":"https:\/\/news.canadamotorjobs.com\/#\/schema\/person\/51793d1f87d44011d7bcc2ed99269a90","name":"Benoit Charette","image":{"@type":"ImageObject","inLanguage":"fr-CA","@id":"https:\/\/news.canadamotorjobs.com\/#\/schema\/person\/image\/","url":"https:\/\/secure.gravatar.com\/avatar\/45f3d2eebcccd909668d7ce7ea7267b6?s=96&d=mm&r=g","contentUrl":"https:\/\/secure.gravatar.com\/avatar\/45f3d2eebcccd909668d7ce7ea7267b6?s=96&d=mm&r=g","caption":"Benoit Charette"},"description":"Benoit Charette \/ Propri\u00e9taire et r\u00e9dacteur en chef Benoit Charette pratique le journalisme automobile depuis bient\u00f4t 30 ans. Il a fait ses classes au c\u00f4t\u00e9 de Daniel H\u00e9raud et au Carnet de route de 1992 \u00e0 2001. Il est fondateur, copropri\u00e9taire et r\u00e9dacteur en chef de L\u2019Annuel de l\u2019automobile, qu\u2019il publie depuis 2001. Il a anim\u00e9 les \u00e9missions RPM et RPM+ sur V et les L\u00e9gendes de la route sur Historia. \u00c0 la radio depuis 1986, il reprend l\u2019antenne cette ann\u00e9e sur les ondes de Cogeco et participe pour la deuxi\u00e8me ann\u00e9e \u00e0 l\u2019\u00e9mission Passion Auto sur RDS en plus de mettre en ligne le site Web officiel de L\u2019Annuel de l\u2019automobile sur annuelauto.ca.","sameAs":["https:\/\/annuelauto.ca\/"],"url":"https:\/\/news.canadamotorjobs.com\/fr\/author\/benoit-charette\/"}]}},"_links":{"self":[{"href":"https:\/\/news.canadamotorjobs.com\/fr\/wp-json\/wp\/v2\/posts\/180352"}],"collection":[{"href":"https:\/\/news.canadamotorjobs.com\/fr\/wp-json\/wp\/v2\/posts"}],"about":[{"href":"https:\/\/news.canadamotorjobs.com\/fr\/wp-json\/wp\/v2\/types\/post"}],"author":[{"embeddable":true,"href":"https:\/\/news.canadamotorjobs.com\/fr\/wp-json\/wp\/v2\/users\/8"}],"replies":[{"embeddable":true,"href":"https:\/\/news.canadamotorjobs.com\/fr\/wp-json\/wp\/v2\/comments?post=180352"}],"version-history":[{"count":3,"href":"https:\/\/news.canadamotorjobs.com\/fr\/wp-json\/wp\/v2\/posts\/180352\/revisions"}],"predecessor-version":[{"id":180379,"href":"https:\/\/news.canadamotorjobs.com\/fr\/wp-json\/wp\/v2\/posts\/180352\/revisions\/180379"}],"wp:featuredmedia":[{"embeddable":true,"href":"https:\/\/news.canadamotorjobs.com\/fr\/wp-json\/wp\/v2\/media\/180354"}],"wp:attachment":[{"href":"https:\/\/news.canadamotorjobs.com\/fr\/wp-json\/wp\/v2\/media?parent=180352"}],"wp:term":[{"taxonomy":"category","embeddable":true,"href":"https:\/\/news.canadamotorjobs.com\/fr\/wp-json\/wp\/v2\/categories?post=180352"},{"taxonomy":"post_tag","embeddable":true,"href":"https:\/\/news.canadamotorjobs.com\/fr\/wp-json\/wp\/v2\/tags?post=180352"}],"curies":[{"name":"wp","href":"https:\/\/api.w.org\/{rel}","templated":true}]}}