{"id":180169,"date":"2024-11-01T13:24:46","date_gmt":"2024-11-01T17:24:46","guid":{"rendered":"https:\/\/news.canadamotorjobs.com\/?p=180169"},"modified":"2024-11-01T13:43:43","modified_gmt":"2024-11-01T17:43:43","slug":"la-derniere-cadillac-delvis-une-seville-1977-est-a-vendre","status":"publish","type":"post","link":"https:\/\/news.canadamotorjobs.com\/fr\/la-derniere-cadillac-delvis-une-seville-1977-est-a-vendre\/","title":{"rendered":"La derni\u00e8re Cadillac d\u2019Elvis, une Seville 1977, est \u00e0 vendre"},"content":{"rendered":"<\/p>\n<p>La derni\u00e8re <a href=\"https:\/\/annuelauto.ca\/la-cadillac-1949-de-neil-young-est-a-vendre-pour-la-2e-fois-en-5-ans\/\" target=\"_blank\" rel=\"noopener noreferrer\">Cadillac<\/a> du <em>King<\/em> du Rock\u2019n Roll fait une nouvelle incursion sur le march\u00e9 des collectionneurs, la premi\u00e8re en une d\u00e9cennie. L\u2019encanteur britannique <a href=\"https:\/\/annuelauto.ca\/cette-lamborghini-vaut-entre-15-et-2-millions-us-selon-bonhams\/\" target=\"_blank\" rel=\"noopener noreferrer\">Bonhams<\/a>|Cars offrira cette berline Seville\u00a01977 qui a appartenu \u00e0 <a href=\"https:\/\/annuelauto.ca\/un-collectionneur-paye-plus-de-400-000-pour-une-stutz-blackhawk-1971-delvis-presley\/\" target=\"_blank\" rel=\"noopener noreferrer\">Elvis Presley<\/a> (1936-1977) par le biais d\u2019une vente aux ench\u00e8res en ligne qui se d\u00e9roulera du 4 au 25\u00a0novembre 2024.<\/p>\n<p>Les sp\u00e9cialistes de cet encanteur affirment que cette Seville est la derni\u00e8re automobile achet\u00e9e par Presley pour son usage personnel. Elle serait aussi la derni\u00e8re automobile qu\u2019il aurait conduite quelques jours avant sa mort, survenue le 16 ao\u00fbt 1977. Ils estiment, enfin, qu\u2019elle sera vendue pour une somme bien sup\u00e9rieure \u00e0 100 000 $ US. L\u2019encanteur pr\u00e9cise \u00e9galement que les plaques d\u2019immatriculation \u00ab ELVIS 1 \u00bb du Tennessee qu\u2019arbore la voiture ne sont pas incluses dans la vente.<\/p>\n<h3><strong>La \u00ab\u00a0petite\u00a0\u00bb Cadillac<\/strong><\/h3>\n<p>\nRappelons que la Seville a \u00e9t\u00e9 cr\u00e9\u00e9e par General Motors pour aider Cadillac \u00e0 mieux rivaliser avec les marques europ\u00e9ennes, dont l\u2019emprise sur le march\u00e9 nord-am\u00e9ricain des voitures de luxe s\u2019est accentu\u00e9e durant les ann\u00e9es 70. Lanc\u00e9e en 1977, au Canada, la Seville devenait d\u2019ailleurs le mod\u00e8le le plus cher de la gamme Cadillac, malgr\u00e9 des dimensions que plusieurs jugeaient \u00ab\u00a0petites\u00a0\u00bb.<\/p>\n<p>Son prix de base de 15 089 $ d\u00e9passait substantiellement ceux de la grosse berline Fleetwood Brougham (12 774 $) et de l\u2019imposant coup\u00e9 Eldorado \u00e0 roues avant motrices (12 681 $). Ce prix l\u2019alignait de mani\u00e8re \u00e9vidente sur la BMW 530i (13 415 $) et la Mercedes-Benz 240D (14 565 $) \u2014 NDLR : prix tir\u00e9s du <em>Guide de l\u2019auto 77<\/em> et du magazine <em>Carguide<\/em>.<\/p>\n<h3><strong>Une Seville pour le King<\/strong><\/h3>\n<p>\nAvec sa carrosserie personnalis\u00e9e par Fisher, cette Cadillac n&#8217;\u00e9tait pas seulement une autre voiture pour le <em>King<\/em>. Grand amateur d&#8217;automobiles, Elvis avait lui-m\u00eame choisi les couleurs deux tons, bourgogne et argent, et l\u2019int\u00e9rieur en cuir gris. Il l\u2019avait \u00e9galement dot\u00e9e d&#8217;une radio CB pour \u00eatre en mesure de communiquer en tout temps avec la cuisine de Graceland, mais aussi avec le poste de garde, pour qu\u2019on lui ouvre la grille donnant acc\u00e8s \u00e0 son domaine.<\/p>\n<p>C\u00f4t\u00e9 m\u00e9canique, par contre, cette Seville n\u2019avait subi aucun changement. Elle avait le V8 de 5,7\u00a0L et 180\u00a0ch de s\u00e9rie, qui entra\u00eenait les roues arri\u00e8re par le biais d\u2019une bo\u00eete de vitesses automatique \u00e0 3\u00a0rapports. Actuellement, son odom\u00e8tre affiche 57\u00a0998\u00a0mi (93\u00a0336\u00a0km).<\/p>\n<h3><strong>Un parcours d\u2019un demi-si\u00e8cle<\/strong><\/h3>\n<p>\nLe parcours de cette Seville est aussi riche en revirements que celui de son premier propri\u00e9taire. Neuf jours apr\u00e8s le d\u00e9c\u00e8s d&#8217;Elvis, son p\u00e8re, Vernon Presley (pour qui Elvis avait achet\u00e9 cette voiture initialement), en a transf\u00e9r\u00e9 la droits de propri\u00e9t\u00e9 \u00e0 Ginger Alden, alors fianc\u00e9e d&#8217;Elvis.<\/p>\n<p>Par la suite, la voiture a fait partie de la c\u00e9l\u00e8bre collection de Jimmy Velvet, fondateur du mus\u00e9e Elvis Presley \u00e0 Memphis, au Tennessee, avant d&#8217;\u00eatre finalement vendue \u00e0 l\u2019Australien Greg Page pour la somme de 101\u00a0500\u00a0$\u00a0US, lors d&#8217;une vente aux ench\u00e8res organis\u00e9e \u00e0 Las Vegas en 1994. Ancien membre du populaire groupe musical pour enfants <em>The Wiggles<\/em>, cet artiste australien \u00e9tait aussi un passionn\u00e9 d\u2019Elvis. Aujourd\u2019hui \u00e2g\u00e9 de 52 ans, ont affirme qu\u2019il a longtemps poss\u00e9d\u00e9 la quatri\u00e8me plus grande collection de souvenirs d&#8217;Elvis Presley au monde\u00a0!<\/p>\n<p>En 2014, la Seville a \u00e9t\u00e9 vendue \u00e0 Suzannah Horn, une collectionneure britannique bien connue, lors d\u2019une vente aux ench\u00e8res organis\u00e9e par Graceland. Mme\u00a0Horn aurait d\u00e9bours\u00e9 81\u00a0250\u00a0$\u00a0US pour s\u2019offrir cet artefact du c\u00e9l\u00e8bre chanteur am\u00e9ricain. Par la suite, la Cadillac du King a \u00e9t\u00e9 pr\u00eat\u00e9e au National Motor Museum de Beaulieu, en Angleterre, o\u00f9 elle a \u00e9t\u00e9 expos\u00e9e plusieurs ann\u00e9es durant pour le plus grand bonheur du public.<\/p>\n<p>Fait \u00e0 noter, on raconte qu\u2019Elvis aurait achet\u00e9 plus de 200\u00a0Cadillac au cours de sa vie. Ces automobiles, il les a achet\u00e9es pour lui, pour ses amis, sa famille et m\u00eame, dans certains cas, de parfaits inconnus qui l\u2019avaient aid\u00e9 ou qui avaient \u00e9t\u00e9 gentils \u00e0 son \u00e9gard\u00a0!<\/p>\n<p><em>Photos : Bonhams et archives LG<\/em><\/p>\n<p>Le texte <a rel=\"nofollow\" href=\"https:\/\/annuelauto.ca\/la-derniere-cadillac-delvis-une-seville-1977-est-a-vendre\/\">La derni\u00e8re Cadillac d\u2019Elvis, une Seville 1977, est \u00e0 vendre<\/a> provient de <a rel=\"nofollow\" href=\"https:\/\/annuelauto.ca\">L&#8217;annuel de l&#8217;automobile &#8211; Actualit\u00e9 automobile<\/a><\/p>\n<p><\/p>\n","protected":false},"excerpt":{"rendered":"<p>La derni\u00e8re Cadillac du King du Rock\u2019n Roll fait une nouvelle incursion sur le march\u00e9 des collectionneurs, la premi\u00e8re en une d\u00e9cennie. L\u2019encanteur britannique Bonhams|Cars offrira cette berline Seville\u00a01977 qui a appartenu \u00e0 Elvis Presley (1936-1977) par le biais d\u2019une vente aux ench\u00e8res en ligne qui se d\u00e9roulera du 4 au 25\u00a0novembre 2024. Les sp\u00e9cialistes [&hellip;]<\/p>\n","protected":false},"author":8,"featured_media":180171,"comment_status":"close","ping_status":"closed","sticky":false,"template":"","format":"standard","meta":{"_monsterinsights_skip_tracking":false,"_monsterinsights_sitenote_active":false,"_monsterinsights_sitenote_note":"","_monsterinsights_sitenote_category":0,"footnotes":""},"categories":[101],"tags":[],"yoast_head":"<!-- This site is optimized with the Yoast SEO plugin v23.2 - https:\/\/yoast.com\/wordpress\/plugins\/seo\/ -->\n<title>La derni\u00e8re Cadillac d\u2019Elvis, une Seville 1977, est \u00e0 vendre - CanadaMotorJobs.com<\/title>\n<meta name=\"description\" content=\"La derni\u00e8re Cadillac d\u2019Elvis, une Seville 1977, est \u00e0 vendre - Benoit Charette - Annuel automobile - CanadaMotorJobs.com.\" \/>\n<meta name=\"robots\" content=\"index, follow, max-snippet:-1, max-image-preview:large, max-video-preview:-1\" \/>\n<meta property=\"og:locale\" content=\"fr_CA\" \/>\n<meta property=\"og:type\" content=\"article\" \/>\n<meta property=\"og:title\" content=\"La derni\u00e8re Cadillac d\u2019Elvis, une Seville 1977, est \u00e0 vendre - CanadaMotorJobs.com\" \/>\n<meta property=\"og:description\" content=\"La derni\u00e8re Cadillac d\u2019Elvis, une Seville 1977, est \u00e0 vendre - Benoit Charette - Annuel automobile - CanadaMotorJobs.com.\" \/>\n<meta property=\"og:url\" content=\"https:\/\/news.canadamotorjobs.com\/fr\/la-derniere-cadillac-delvis-une-seville-1977-est-a-vendre\/\" \/>\n<meta property=\"og:site_name\" content=\"CanadaMotorJobs.com\" \/>\n<meta property=\"article:publisher\" content=\"https:\/\/www.facebook.com\/canadamotorjobs\/\" \/>\n<meta property=\"article:published_time\" content=\"2024-11-01T17:24:46+00:00\" \/>\n<meta property=\"article:modified_time\" content=\"2024-11-01T17:43:43+00:00\" \/>\n<meta property=\"og:image\" content=\"https:\/\/news.canadamotorjobs.com\/wp-content\/uploads\/2024\/11\/Cadillac-Seville-1977-ex-Elvis-Presley-4.jpg\" \/>\n\t<meta property=\"og:image:width\" content=\"1024\" \/>\n\t<meta property=\"og:image:height\" content=\"683\" \/>\n\t<meta property=\"og:image:type\" content=\"image\/jpeg\" \/>\n<meta name=\"author\" content=\"Benoit Charette\" \/>\n<meta name=\"twitter:card\" content=\"summary_large_image\" \/>\n<meta name=\"twitter:creator\" content=\"@canadamotorjobs\" \/>\n<meta name=\"twitter:site\" content=\"@canadamotorjobs\" \/>\n<meta name=\"twitter:label1\" content=\"\u00c9crit par\" \/>\n\t<meta name=\"twitter:data1\" content=\"Benoit Charette\" \/>\n\t<meta name=\"twitter:label2\" content=\"Estimation du temps de lecture\" \/>\n\t<meta name=\"twitter:data2\" content=\"4 minutes\" \/>\n<!-- \/ Yoast SEO plugin. -->","yoast_head_json":{"title":"La derni\u00e8re Cadillac d\u2019Elvis, une Seville 1977, est \u00e0 vendre - CanadaMotorJobs.com","description":"La derni\u00e8re Cadillac d\u2019Elvis, une Seville 1977, est \u00e0 vendre - Benoit Charette - Annuel automobile - CanadaMotorJobs.com.","robots":{"index":"index","follow":"follow","max-snippet":"max-snippet:-1","max-image-preview":"max-image-preview:large","max-video-preview":"max-video-preview:-1"},"og_locale":"fr_CA","og_type":"article","og_title":"La derni\u00e8re Cadillac d\u2019Elvis, une Seville 1977, est \u00e0 vendre - CanadaMotorJobs.com","og_description":"La derni\u00e8re Cadillac d\u2019Elvis, une Seville 1977, est \u00e0 vendre - Benoit Charette - Annuel automobile - CanadaMotorJobs.com.","og_url":"https:\/\/news.canadamotorjobs.com\/fr\/la-derniere-cadillac-delvis-une-seville-1977-est-a-vendre\/","og_site_name":"CanadaMotorJobs.com","article_publisher":"https:\/\/www.facebook.com\/canadamotorjobs\/","article_published_time":"2024-11-01T17:24:46+00:00","article_modified_time":"2024-11-01T17:43:43+00:00","og_image":[{"width":1024,"height":683,"url":"https:\/\/news.canadamotorjobs.com\/wp-content\/uploads\/2024\/11\/Cadillac-Seville-1977-ex-Elvis-Presley-4.jpg","type":"image\/jpeg"}],"author":"Benoit Charette","twitter_card":"summary_large_image","twitter_creator":"@canadamotorjobs","twitter_site":"@canadamotorjobs","twitter_misc":{"\u00c9crit par":"Benoit Charette","Estimation du temps de lecture":"4 minutes"},"schema":{"@context":"https:\/\/schema.org","@graph":[{"@type":"Article","@id":"https:\/\/news.canadamotorjobs.com\/fr\/la-derniere-cadillac-delvis-une-seville-1977-est-a-vendre\/#article","isPartOf":{"@id":"https:\/\/news.canadamotorjobs.com\/fr\/la-derniere-cadillac-delvis-une-seville-1977-est-a-vendre\/"},"author":{"name":"Benoit Charette","@id":"https:\/\/news.canadamotorjobs.com\/#\/schema\/person\/51793d1f87d44011d7bcc2ed99269a90"},"headline":"La derni\u00e8re Cadillac d\u2019Elvis, une Seville 1977, est \u00e0 vendre","datePublished":"2024-11-01T17:24:46+00:00","dateModified":"2024-11-01T17:43:43+00:00","mainEntityOfPage":{"@id":"https:\/\/news.canadamotorjobs.com\/fr\/la-derniere-cadillac-delvis-une-seville-1977-est-a-vendre\/"},"wordCount":728,"publisher":{"@id":"https:\/\/news.canadamotorjobs.com\/#organization"},"image":{"@id":"https:\/\/news.canadamotorjobs.com\/fr\/la-derniere-cadillac-delvis-une-seville-1977-est-a-vendre\/#primaryimage"},"thumbnailUrl":"https:\/\/news.canadamotorjobs.com\/wp-content\/uploads\/2024\/11\/Cadillac-Seville-1977-ex-Elvis-Presley-4.jpg","articleSection":["Annuel automobile"],"inLanguage":"fr-CA"},{"@type":"WebPage","@id":"https:\/\/news.canadamotorjobs.com\/fr\/la-derniere-cadillac-delvis-une-seville-1977-est-a-vendre\/","url":"https:\/\/news.canadamotorjobs.com\/fr\/la-derniere-cadillac-delvis-une-seville-1977-est-a-vendre\/","name":"La derni\u00e8re Cadillac d\u2019Elvis, une Seville 1977, est \u00e0 vendre - CanadaMotorJobs.com","isPartOf":{"@id":"https:\/\/news.canadamotorjobs.com\/#website"},"primaryImageOfPage":{"@id":"https:\/\/news.canadamotorjobs.com\/fr\/la-derniere-cadillac-delvis-une-seville-1977-est-a-vendre\/#primaryimage"},"image":{"@id":"https:\/\/news.canadamotorjobs.com\/fr\/la-derniere-cadillac-delvis-une-seville-1977-est-a-vendre\/#primaryimage"},"thumbnailUrl":"https:\/\/news.canadamotorjobs.com\/wp-content\/uploads\/2024\/11\/Cadillac-Seville-1977-ex-Elvis-Presley-4.jpg","datePublished":"2024-11-01T17:24:46+00:00","dateModified":"2024-11-01T17:43:43+00:00","description":"La derni\u00e8re Cadillac d\u2019Elvis, une Seville 1977, est \u00e0 vendre - Benoit Charette - Annuel automobile - CanadaMotorJobs.com.","breadcrumb":{"@id":"https:\/\/news.canadamotorjobs.com\/fr\/la-derniere-cadillac-delvis-une-seville-1977-est-a-vendre\/#breadcrumb"},"inLanguage":"fr-CA","potentialAction":[{"@type":"ReadAction","target":["https:\/\/news.canadamotorjobs.com\/fr\/la-derniere-cadillac-delvis-une-seville-1977-est-a-vendre\/"]}]},{"@type":"ImageObject","inLanguage":"fr-CA","@id":"https:\/\/news.canadamotorjobs.com\/fr\/la-derniere-cadillac-delvis-une-seville-1977-est-a-vendre\/#primaryimage","url":"https:\/\/news.canadamotorjobs.com\/wp-content\/uploads\/2024\/11\/Cadillac-Seville-1977-ex-Elvis-Presley-4.jpg","contentUrl":"https:\/\/news.canadamotorjobs.com\/wp-content\/uploads\/2024\/11\/Cadillac-Seville-1977-ex-Elvis-Presley-4.jpg","width":1024,"height":683},{"@type":"BreadcrumbList","@id":"https:\/\/news.canadamotorjobs.com\/fr\/la-derniere-cadillac-delvis-une-seville-1977-est-a-vendre\/#breadcrumb","itemListElement":[{"@type":"ListItem","position":1,"name":"Home","item":"https:\/\/news.canadamotorjobs.com\/fr\/blog\/"},{"@type":"ListItem","position":2,"name":"La derni\u00e8re Cadillac d\u2019Elvis, une Seville 1977, est \u00e0 vendre"}]},{"@type":"WebSite","@id":"https:\/\/news.canadamotorjobs.com\/#website","url":"https:\/\/news.canadamotorjobs.com\/","name":"CanadaMotorJobs.com","description":"Automotive Jobs","publisher":{"@id":"https:\/\/news.canadamotorjobs.com\/#organization"},"potentialAction":[{"@type":"SearchAction","target":{"@type":"EntryPoint","urlTemplate":"https:\/\/news.canadamotorjobs.com\/?s={search_term_string}"},"query-input":"required name=search_term_string"}],"inLanguage":"fr-CA"},{"@type":"Organization","@id":"https:\/\/news.canadamotorjobs.com\/#organization","name":"Canada Motor Jobs","url":"https:\/\/news.canadamotorjobs.com\/","logo":{"@type":"ImageObject","inLanguage":"fr-CA","@id":"https:\/\/news.canadamotorjobs.com\/#\/schema\/logo\/image\/","url":"https:\/\/news.canadamotorjobs.com\/wp-content\/uploads\/2022\/10\/logo-canada-motor-jobs-1.png","contentUrl":"https:\/\/news.canadamotorjobs.com\/wp-content\/uploads\/2022\/10\/logo-canada-motor-jobs-1.png","width":800,"height":400,"caption":"Canada Motor Jobs"},"image":{"@id":"https:\/\/news.canadamotorjobs.com\/#\/schema\/logo\/image\/"},"sameAs":["https:\/\/www.facebook.com\/canadamotorjobs\/","https:\/\/x.com\/canadamotorjobs","https:\/\/www.instagram.com\/canadamotorjobs\/","https:\/\/www.linkedin.com\/company\/canadamotorjobs"]},{"@type":"Person","@id":"https:\/\/news.canadamotorjobs.com\/#\/schema\/person\/51793d1f87d44011d7bcc2ed99269a90","name":"Benoit Charette","image":{"@type":"ImageObject","inLanguage":"fr-CA","@id":"https:\/\/news.canadamotorjobs.com\/#\/schema\/person\/image\/","url":"https:\/\/secure.gravatar.com\/avatar\/45f3d2eebcccd909668d7ce7ea7267b6?s=96&d=mm&r=g","contentUrl":"https:\/\/secure.gravatar.com\/avatar\/45f3d2eebcccd909668d7ce7ea7267b6?s=96&d=mm&r=g","caption":"Benoit Charette"},"description":"Benoit Charette \/ Propri\u00e9taire et r\u00e9dacteur en chef Benoit Charette pratique le journalisme automobile depuis bient\u00f4t 30 ans. Il a fait ses classes au c\u00f4t\u00e9 de Daniel H\u00e9raud et au Carnet de route de 1992 \u00e0 2001. Il est fondateur, copropri\u00e9taire et r\u00e9dacteur en chef de L\u2019Annuel de l\u2019automobile, qu\u2019il publie depuis 2001. Il a anim\u00e9 les \u00e9missions RPM et RPM+ sur V et les L\u00e9gendes de la route sur Historia. \u00c0 la radio depuis 1986, il reprend l\u2019antenne cette ann\u00e9e sur les ondes de Cogeco et participe pour la deuxi\u00e8me ann\u00e9e \u00e0 l\u2019\u00e9mission Passion Auto sur RDS en plus de mettre en ligne le site Web officiel de L\u2019Annuel de l\u2019automobile sur annuelauto.ca.","sameAs":["https:\/\/annuelauto.ca\/"],"url":"https:\/\/news.canadamotorjobs.com\/fr\/author\/benoit-charette\/"}]}},"_links":{"self":[{"href":"https:\/\/news.canadamotorjobs.com\/fr\/wp-json\/wp\/v2\/posts\/180169"}],"collection":[{"href":"https:\/\/news.canadamotorjobs.com\/fr\/wp-json\/wp\/v2\/posts"}],"about":[{"href":"https:\/\/news.canadamotorjobs.com\/fr\/wp-json\/wp\/v2\/types\/post"}],"author":[{"embeddable":true,"href":"https:\/\/news.canadamotorjobs.com\/fr\/wp-json\/wp\/v2\/users\/8"}],"replies":[{"embeddable":true,"href":"https:\/\/news.canadamotorjobs.com\/fr\/wp-json\/wp\/v2\/comments?post=180169"}],"version-history":[{"count":2,"href":"https:\/\/news.canadamotorjobs.com\/fr\/wp-json\/wp\/v2\/posts\/180169\/revisions"}],"predecessor-version":[{"id":180173,"href":"https:\/\/news.canadamotorjobs.com\/fr\/wp-json\/wp\/v2\/posts\/180169\/revisions\/180173"}],"wp:featuredmedia":[{"embeddable":true,"href":"https:\/\/news.canadamotorjobs.com\/fr\/wp-json\/wp\/v2\/media\/180171"}],"wp:attachment":[{"href":"https:\/\/news.canadamotorjobs.com\/fr\/wp-json\/wp\/v2\/media?parent=180169"}],"wp:term":[{"taxonomy":"category","embeddable":true,"href":"https:\/\/news.canadamotorjobs.com\/fr\/wp-json\/wp\/v2\/categories?post=180169"},{"taxonomy":"post_tag","embeddable":true,"href":"https:\/\/news.canadamotorjobs.com\/fr\/wp-json\/wp\/v2\/tags?post=180169"}],"curies":[{"name":"wp","href":"https:\/\/api.w.org\/{rel}","templated":true}]}}