{"id":180092,"date":"2024-11-01T08:10:58","date_gmt":"2024-11-01T12:10:58","guid":{"rendered":"https:\/\/news.canadamotorjobs.com\/?p=180092"},"modified":"2024-11-01T08:14:15","modified_gmt":"2024-11-01T12:14:15","slug":"lancienne-williams-de-jacques-villeneuve-mise-en-vente-a-paris-en-2025","status":"publish","type":"post","link":"https:\/\/news.canadamotorjobs.com\/fr\/lancienne-williams-de-jacques-villeneuve-mise-en-vente-a-paris-en-2025\/","title":{"rendered":"L\u2019ancienne Williams de Jacques Villeneuve mise en vente \u00e0 Paris en 2025"},"content":{"rendered":"<\/p>\n<h3><strong>Une pi\u00e8ce de collection de l&#8217;\u00e2ge d&#8217;or de la F1 en vente \u00e0 Paris<\/strong><\/h3>\n<p>\nLes amateurs de Formule 1 et d\u2019histoire de l\u2019automobile auront l\u2019occasion unique de se procurer un morceau embl\u00e9matique des circuits : la Williams FW20 de 1998, anciennement pilot\u00e9e par Jacques Villeneuve, sera mise aux ench\u00e8res \u00e0 Paris par RM Sotheby\u2019s le 5 f\u00e9vrier 2025. Ce bolide, qui a marqu\u00e9 l\u2019\u00e9poque dor\u00e9e de la F1, sera pr\u00e9sent\u00e9 au prestigieux \u00e9v\u00e9nement au Carrousel du Louvre, dans le \u00ab Triangle d\u2019Or \u00bb parisien, pour une troisi\u00e8me ann\u00e9e cons\u00e9cutive. L\u2019an dernier une Ferrari 250 GT SWB Berlinetta Competizione s\u2019\u00e9tais vendue \u00e0 plus de 10 millions d\u2019Euros.<\/p>\n<h3><strong>Un mod\u00e8le historique offert directement par Williams Heritage<\/strong><\/h3>\n<p>\nIssue de la collection de Williams Heritage, cette Williams FW20, ch\u00e2ssis FW20-03, repr\u00e9sente une page importante de l\u2019histoire de Williams en Formule 1. Elle a jou\u00e9 un r\u00f4le essentiel lors de la saison 1998 o\u00f9 l\u2019\u00e9curie a termin\u00e9 au 3e rang du championnat des constructeurs. Durant cette saison, le champion du monde en titre, le Canadien Jacques Villeneuve, a men\u00e9 ce ch\u00e2ssis \u00e0 la 5e place en Australie et \u00e0 la 4e place \u00e0 Saint-Marin. La voiture a \u00e9galement \u00e9t\u00e9 utilis\u00e9e en qualifications au Grand Prix d\u2019Argentine avant que Villeneuve ne soit contraint d\u2019abandonner apr\u00e8s un accrochage avec David Coulthard. Elle a ensuite servi de voiture de r\u00e9serve pour les essais, pilot\u00e9e par Juan Pablo Montoya et Heinz-Harald Frentzen.<\/p>\n<h3><strong>Un exemplaire pour les collectionneurs et passionn\u00e9s de Formule 1<\/strong><\/h3>\n<p>\nCette monoplace historique est \u00e9quip\u00e9e d\u2019un moteur Mecachrome V-10 \u00ab de pr\u00e9sentation \u00bb et reste admissible pour les \u00e9v\u00e9nements de course historique. Elle constitue une acquisition de choix pour toute collection centr\u00e9e sur le sport automobile et la F1. Son charme et sa puissance captivent les amateurs de comp\u00e9tition et de vitesse.<\/p>\n<p>La Williams FW20-03 sera expos\u00e9e au grand public lors de l\u2019ench\u00e8re de RM Sotheby\u2019s \u00e0 Londres les 1er et 2 novembre 2024 au Peninsula London avant d&#8217;\u00eatre mise en vente sans prix de r\u00e9serve \u00e0 Paris. Son prix est estim\u00e9 entre 290 000 $ et 430 000 $ CA (200 000 \u20ac &#8211; 300 000 \u20ac), un montant qui t\u00e9moigne de sa raret\u00e9 et de son attrait pour les passionn\u00e9s de Formule 1.<\/p>\n<p>Source\u00a0: RM Sotherby\u2019s<\/p>\n<p>Le texte <a rel=\"nofollow\" href=\"https:\/\/annuelauto.ca\/ancienne-williams-jacques-villeneuve-enchere-paris-2025\/\">L\u2019ancienne Williams de Jacques Villeneuve mise en vente \u00e0 Paris en 2025<\/a> provient de <a rel=\"nofollow\" href=\"https:\/\/annuelauto.ca\">L&#8217;annuel de l&#8217;automobile &#8211; Actualit\u00e9 automobile<\/a><\/p>\n<p><\/p>\n","protected":false},"excerpt":{"rendered":"<p>Une pi\u00e8ce de collection de l&#8217;\u00e2ge d&#8217;or de la F1 en vente \u00e0 Paris Les amateurs de Formule 1 et d\u2019histoire de l\u2019automobile auront l\u2019occasion unique de se procurer un morceau embl\u00e9matique des circuits : la Williams FW20 de 1998, anciennement pilot\u00e9e par Jacques Villeneuve, sera mise aux ench\u00e8res \u00e0 Paris par RM Sotheby\u2019s le [&hellip;]<\/p>\n","protected":false},"author":8,"featured_media":180094,"comment_status":"close","ping_status":"closed","sticky":false,"template":"","format":"standard","meta":{"_monsterinsights_skip_tracking":false,"_monsterinsights_sitenote_active":false,"_monsterinsights_sitenote_note":"","_monsterinsights_sitenote_category":0,"footnotes":""},"categories":[101],"tags":[],"yoast_head":"<!-- This site is optimized with the Yoast SEO plugin v23.2 - https:\/\/yoast.com\/wordpress\/plugins\/seo\/ -->\n<title>L\u2019ancienne Williams de Jacques Villeneuve mise en vente \u00e0 Paris en 2025 - CanadaMotorJobs.com<\/title>\n<meta name=\"description\" content=\"L\u2019ancienne Williams de Jacques Villeneuve mise en vente \u00e0 Paris en 2025 - Benoit Charette - Annuel automobile - CanadaMotorJobs.com.\" \/>\n<meta name=\"robots\" content=\"index, follow, max-snippet:-1, max-image-preview:large, max-video-preview:-1\" \/>\n<meta property=\"og:locale\" content=\"fr_CA\" \/>\n<meta property=\"og:type\" content=\"article\" \/>\n<meta property=\"og:title\" content=\"L\u2019ancienne Williams de Jacques Villeneuve mise en vente \u00e0 Paris en 2025 - CanadaMotorJobs.com\" \/>\n<meta property=\"og:description\" content=\"L\u2019ancienne Williams de Jacques Villeneuve mise en vente \u00e0 Paris en 2025 - Benoit Charette - Annuel automobile - CanadaMotorJobs.com.\" \/>\n<meta property=\"og:url\" content=\"https:\/\/news.canadamotorjobs.com\/fr\/lancienne-williams-de-jacques-villeneuve-mise-en-vente-a-paris-en-2025\/\" \/>\n<meta property=\"og:site_name\" content=\"CanadaMotorJobs.com\" \/>\n<meta property=\"article:publisher\" content=\"https:\/\/www.facebook.com\/canadamotorjobs\/\" \/>\n<meta property=\"article:published_time\" content=\"2024-11-01T12:10:58+00:00\" \/>\n<meta property=\"article:modified_time\" content=\"2024-11-01T12:14:15+00:00\" \/>\n<meta property=\"og:image\" content=\"https:\/\/news.canadamotorjobs.com\/wp-content\/uploads\/2024\/11\/Williams_FW20_front-right_2017_Williams_Conference_Centre_2.jpg\" \/>\n\t<meta property=\"og:image:width\" content=\"1200\" \/>\n\t<meta property=\"og:image:height\" content=\"800\" \/>\n\t<meta property=\"og:image:type\" content=\"image\/jpeg\" \/>\n<meta name=\"author\" content=\"Benoit Charette\" \/>\n<meta name=\"twitter:card\" content=\"summary_large_image\" \/>\n<meta name=\"twitter:creator\" content=\"@canadamotorjobs\" \/>\n<meta name=\"twitter:site\" content=\"@canadamotorjobs\" \/>\n<meta name=\"twitter:label1\" content=\"\u00c9crit par\" \/>\n\t<meta name=\"twitter:data1\" content=\"Benoit Charette\" \/>\n\t<meta name=\"twitter:label2\" content=\"Estimation du temps de lecture\" \/>\n\t<meta name=\"twitter:data2\" content=\"2 minutes\" \/>\n<!-- \/ Yoast SEO plugin. -->","yoast_head_json":{"title":"L\u2019ancienne Williams de Jacques Villeneuve mise en vente \u00e0 Paris en 2025 - CanadaMotorJobs.com","description":"L\u2019ancienne Williams de Jacques Villeneuve mise en vente \u00e0 Paris en 2025 - Benoit Charette - Annuel automobile - CanadaMotorJobs.com.","robots":{"index":"index","follow":"follow","max-snippet":"max-snippet:-1","max-image-preview":"max-image-preview:large","max-video-preview":"max-video-preview:-1"},"og_locale":"fr_CA","og_type":"article","og_title":"L\u2019ancienne Williams de Jacques Villeneuve mise en vente \u00e0 Paris en 2025 - CanadaMotorJobs.com","og_description":"L\u2019ancienne Williams de Jacques Villeneuve mise en vente \u00e0 Paris en 2025 - Benoit Charette - Annuel automobile - CanadaMotorJobs.com.","og_url":"https:\/\/news.canadamotorjobs.com\/fr\/lancienne-williams-de-jacques-villeneuve-mise-en-vente-a-paris-en-2025\/","og_site_name":"CanadaMotorJobs.com","article_publisher":"https:\/\/www.facebook.com\/canadamotorjobs\/","article_published_time":"2024-11-01T12:10:58+00:00","article_modified_time":"2024-11-01T12:14:15+00:00","og_image":[{"width":1200,"height":800,"url":"https:\/\/news.canadamotorjobs.com\/wp-content\/uploads\/2024\/11\/Williams_FW20_front-right_2017_Williams_Conference_Centre_2.jpg","type":"image\/jpeg"}],"author":"Benoit Charette","twitter_card":"summary_large_image","twitter_creator":"@canadamotorjobs","twitter_site":"@canadamotorjobs","twitter_misc":{"\u00c9crit par":"Benoit Charette","Estimation du temps de lecture":"2 minutes"},"schema":{"@context":"https:\/\/schema.org","@graph":[{"@type":"Article","@id":"https:\/\/news.canadamotorjobs.com\/fr\/lancienne-williams-de-jacques-villeneuve-mise-en-vente-a-paris-en-2025\/#article","isPartOf":{"@id":"https:\/\/news.canadamotorjobs.com\/fr\/lancienne-williams-de-jacques-villeneuve-mise-en-vente-a-paris-en-2025\/"},"author":{"name":"Benoit Charette","@id":"https:\/\/news.canadamotorjobs.com\/#\/schema\/person\/51793d1f87d44011d7bcc2ed99269a90"},"headline":"L\u2019ancienne Williams de Jacques Villeneuve mise en vente \u00e0 Paris en 2025","datePublished":"2024-11-01T12:10:58+00:00","dateModified":"2024-11-01T12:14:15+00:00","mainEntityOfPage":{"@id":"https:\/\/news.canadamotorjobs.com\/fr\/lancienne-williams-de-jacques-villeneuve-mise-en-vente-a-paris-en-2025\/"},"wordCount":420,"publisher":{"@id":"https:\/\/news.canadamotorjobs.com\/#organization"},"image":{"@id":"https:\/\/news.canadamotorjobs.com\/fr\/lancienne-williams-de-jacques-villeneuve-mise-en-vente-a-paris-en-2025\/#primaryimage"},"thumbnailUrl":"https:\/\/news.canadamotorjobs.com\/wp-content\/uploads\/2024\/11\/Williams_FW20_front-right_2017_Williams_Conference_Centre_2.jpg","articleSection":["Annuel automobile"],"inLanguage":"fr-CA"},{"@type":"WebPage","@id":"https:\/\/news.canadamotorjobs.com\/fr\/lancienne-williams-de-jacques-villeneuve-mise-en-vente-a-paris-en-2025\/","url":"https:\/\/news.canadamotorjobs.com\/fr\/lancienne-williams-de-jacques-villeneuve-mise-en-vente-a-paris-en-2025\/","name":"L\u2019ancienne Williams de Jacques Villeneuve mise en vente \u00e0 Paris en 2025 - CanadaMotorJobs.com","isPartOf":{"@id":"https:\/\/news.canadamotorjobs.com\/#website"},"primaryImageOfPage":{"@id":"https:\/\/news.canadamotorjobs.com\/fr\/lancienne-williams-de-jacques-villeneuve-mise-en-vente-a-paris-en-2025\/#primaryimage"},"image":{"@id":"https:\/\/news.canadamotorjobs.com\/fr\/lancienne-williams-de-jacques-villeneuve-mise-en-vente-a-paris-en-2025\/#primaryimage"},"thumbnailUrl":"https:\/\/news.canadamotorjobs.com\/wp-content\/uploads\/2024\/11\/Williams_FW20_front-right_2017_Williams_Conference_Centre_2.jpg","datePublished":"2024-11-01T12:10:58+00:00","dateModified":"2024-11-01T12:14:15+00:00","description":"L\u2019ancienne Williams de Jacques Villeneuve mise en vente \u00e0 Paris en 2025 - Benoit Charette - Annuel automobile - CanadaMotorJobs.com.","breadcrumb":{"@id":"https:\/\/news.canadamotorjobs.com\/fr\/lancienne-williams-de-jacques-villeneuve-mise-en-vente-a-paris-en-2025\/#breadcrumb"},"inLanguage":"fr-CA","potentialAction":[{"@type":"ReadAction","target":["https:\/\/news.canadamotorjobs.com\/fr\/lancienne-williams-de-jacques-villeneuve-mise-en-vente-a-paris-en-2025\/"]}]},{"@type":"ImageObject","inLanguage":"fr-CA","@id":"https:\/\/news.canadamotorjobs.com\/fr\/lancienne-williams-de-jacques-villeneuve-mise-en-vente-a-paris-en-2025\/#primaryimage","url":"https:\/\/news.canadamotorjobs.com\/wp-content\/uploads\/2024\/11\/Williams_FW20_front-right_2017_Williams_Conference_Centre_2.jpg","contentUrl":"https:\/\/news.canadamotorjobs.com\/wp-content\/uploads\/2024\/11\/Williams_FW20_front-right_2017_Williams_Conference_Centre_2.jpg","width":1200,"height":800},{"@type":"BreadcrumbList","@id":"https:\/\/news.canadamotorjobs.com\/fr\/lancienne-williams-de-jacques-villeneuve-mise-en-vente-a-paris-en-2025\/#breadcrumb","itemListElement":[{"@type":"ListItem","position":1,"name":"Home","item":"https:\/\/news.canadamotorjobs.com\/fr\/blog\/"},{"@type":"ListItem","position":2,"name":"L\u2019ancienne Williams de Jacques Villeneuve mise en vente \u00e0 Paris en 2025"}]},{"@type":"WebSite","@id":"https:\/\/news.canadamotorjobs.com\/#website","url":"https:\/\/news.canadamotorjobs.com\/","name":"CanadaMotorJobs.com","description":"Automotive Jobs","publisher":{"@id":"https:\/\/news.canadamotorjobs.com\/#organization"},"potentialAction":[{"@type":"SearchAction","target":{"@type":"EntryPoint","urlTemplate":"https:\/\/news.canadamotorjobs.com\/?s={search_term_string}"},"query-input":"required name=search_term_string"}],"inLanguage":"fr-CA"},{"@type":"Organization","@id":"https:\/\/news.canadamotorjobs.com\/#organization","name":"Canada Motor Jobs","url":"https:\/\/news.canadamotorjobs.com\/","logo":{"@type":"ImageObject","inLanguage":"fr-CA","@id":"https:\/\/news.canadamotorjobs.com\/#\/schema\/logo\/image\/","url":"https:\/\/news.canadamotorjobs.com\/wp-content\/uploads\/2022\/10\/logo-canada-motor-jobs-1.png","contentUrl":"https:\/\/news.canadamotorjobs.com\/wp-content\/uploads\/2022\/10\/logo-canada-motor-jobs-1.png","width":800,"height":400,"caption":"Canada Motor Jobs"},"image":{"@id":"https:\/\/news.canadamotorjobs.com\/#\/schema\/logo\/image\/"},"sameAs":["https:\/\/www.facebook.com\/canadamotorjobs\/","https:\/\/x.com\/canadamotorjobs","https:\/\/www.instagram.com\/canadamotorjobs\/","https:\/\/www.linkedin.com\/company\/canadamotorjobs"]},{"@type":"Person","@id":"https:\/\/news.canadamotorjobs.com\/#\/schema\/person\/51793d1f87d44011d7bcc2ed99269a90","name":"Benoit Charette","image":{"@type":"ImageObject","inLanguage":"fr-CA","@id":"https:\/\/news.canadamotorjobs.com\/#\/schema\/person\/image\/","url":"https:\/\/secure.gravatar.com\/avatar\/45f3d2eebcccd909668d7ce7ea7267b6?s=96&d=mm&r=g","contentUrl":"https:\/\/secure.gravatar.com\/avatar\/45f3d2eebcccd909668d7ce7ea7267b6?s=96&d=mm&r=g","caption":"Benoit Charette"},"description":"Benoit Charette \/ Propri\u00e9taire et r\u00e9dacteur en chef Benoit Charette pratique le journalisme automobile depuis bient\u00f4t 30 ans. Il a fait ses classes au c\u00f4t\u00e9 de Daniel H\u00e9raud et au Carnet de route de 1992 \u00e0 2001. Il est fondateur, copropri\u00e9taire et r\u00e9dacteur en chef de L\u2019Annuel de l\u2019automobile, qu\u2019il publie depuis 2001. Il a anim\u00e9 les \u00e9missions RPM et RPM+ sur V et les L\u00e9gendes de la route sur Historia. \u00c0 la radio depuis 1986, il reprend l\u2019antenne cette ann\u00e9e sur les ondes de Cogeco et participe pour la deuxi\u00e8me ann\u00e9e \u00e0 l\u2019\u00e9mission Passion Auto sur RDS en plus de mettre en ligne le site Web officiel de L\u2019Annuel de l\u2019automobile sur annuelauto.ca.","sameAs":["https:\/\/annuelauto.ca\/"],"url":"https:\/\/news.canadamotorjobs.com\/fr\/author\/benoit-charette\/"}]}},"_links":{"self":[{"href":"https:\/\/news.canadamotorjobs.com\/fr\/wp-json\/wp\/v2\/posts\/180092"}],"collection":[{"href":"https:\/\/news.canadamotorjobs.com\/fr\/wp-json\/wp\/v2\/posts"}],"about":[{"href":"https:\/\/news.canadamotorjobs.com\/fr\/wp-json\/wp\/v2\/types\/post"}],"author":[{"embeddable":true,"href":"https:\/\/news.canadamotorjobs.com\/fr\/wp-json\/wp\/v2\/users\/8"}],"replies":[{"embeddable":true,"href":"https:\/\/news.canadamotorjobs.com\/fr\/wp-json\/wp\/v2\/comments?post=180092"}],"version-history":[{"count":2,"href":"https:\/\/news.canadamotorjobs.com\/fr\/wp-json\/wp\/v2\/posts\/180092\/revisions"}],"predecessor-version":[{"id":180096,"href":"https:\/\/news.canadamotorjobs.com\/fr\/wp-json\/wp\/v2\/posts\/180092\/revisions\/180096"}],"wp:featuredmedia":[{"embeddable":true,"href":"https:\/\/news.canadamotorjobs.com\/fr\/wp-json\/wp\/v2\/media\/180094"}],"wp:attachment":[{"href":"https:\/\/news.canadamotorjobs.com\/fr\/wp-json\/wp\/v2\/media?parent=180092"}],"wp:term":[{"taxonomy":"category","embeddable":true,"href":"https:\/\/news.canadamotorjobs.com\/fr\/wp-json\/wp\/v2\/categories?post=180092"},{"taxonomy":"post_tag","embeddable":true,"href":"https:\/\/news.canadamotorjobs.com\/fr\/wp-json\/wp\/v2\/tags?post=180092"}],"curies":[{"name":"wp","href":"https:\/\/api.w.org\/{rel}","templated":true}]}}