{"id":179977,"date":"2024-10-31T15:37:12","date_gmt":"2024-10-31T19:37:12","guid":{"rendered":"https:\/\/news.canadamotorjobs.com\/?p=179977"},"modified":"2024-10-31T15:44:31","modified_gmt":"2024-10-31T19:44:31","slug":"ford-suspend-le-projet-de-centrale-de-batteries-a-becancour","status":"publish","type":"post","link":"https:\/\/news.canadamotorjobs.com\/fr\/ford-suspend-le-projet-de-centrale-de-batteries-a-becancour\/","title":{"rendered":"Ford suspend le projet de centrale de batteries \u00e0 B\u00e9cancour"},"content":{"rendered":"<\/p>\n<p>D\u00e9cid\u00e9ment, les temps sont sures pour Ford. Apr\u00e8s une ann\u00e9e difficile aux ventes pour les mod\u00e8les \u00e9lectriques, l&#8217;annulation d&#8217;un VUS \u00e0 trois rang\u00e9es \u00e9lectriques et la suspension de la production du F-150 Lightning pour deux mois, c&#8217;est maintenant la construction d&#8217;une usine de mat\u00e9riaux de cathode \u00e0 B\u00e9cancour, Qu\u00e9bec \u2014 une coentreprise r\u00e9unissant l&#8217;am\u00e9ricain Ford, et les cor\u00e9ens EcoPro BM et SK qui est interrompue pour la deuxi\u00e8me fois cette ann\u00e9e, face \u00e0 une incertitude croissante quant \u00e0 la strat\u00e9gie \u00e9lectrique de Ford.<\/p>\n<h3>Une pause prolong\u00e9e pour \u00e9valuer les technologies<\/h3>\n<p>\nLanc\u00e9 en ao\u00fbt 2022, le projet avait d\u00e9j\u00e0 \u00e9t\u00e9 suspendu une premi\u00e8re fois en avril 2023. \u00c0 cette \u00e9poque, le Premier ministre Fran\u00e7ois Legault avait justifi\u00e9 l\u2019arr\u00eat par la n\u00e9cessit\u00e9 de mieux \u00e9valuer les technologies de traitement chimique les plus adapt\u00e9es, assurant ainsi que l&#8217;usine serait pr\u00eate \u00e0 r\u00e9pondre aux besoins futurs. Apr\u00e8s une reprise fin mai, les travaux se sont de nouveau arr\u00eat\u00e9s le 5 ao\u00fbt, cette fois pour une refonte compl\u00e8te des installations.<\/p>\n<h3>R\u00e9\u00e9valuation strat\u00e9gique face aux d\u00e9fis du march\u00e9<\/h3>\n<p>\nLa Presse rapportait r\u00e9cemment que cette refonte ne se limite pas \u00e0 des ajustements mineurs, mais s\u2019inscrit dans une r\u00e9\u00e9valuation globale face aux \u00e9volutions du march\u00e9 des v\u00e9hicules \u00e9lectriques. La filiale locale, EcoPro CAM Canada, a soulign\u00e9 que la baisse de la demande et les changements dans la dynamique des batteries EV ont influenc\u00e9 la d\u00e9cision. L&#8217;entreprise reste toutefois confiante, affirmant que les travaux reprendront une fois la refonte achev\u00e9e.<\/p>\n<h3>Pressions financi\u00e8res et retards suppl\u00e9mentaires<\/h3>\n<p>\nLes partenaires du projet, confront\u00e9s \u00e0 d&#8217;importantes pressions financi\u00e8res, investissent pr\u00e8s de 880 millions de dollars dans l\u2019usine de B\u00e9cancour, initialement pr\u00e9vue pour 2026. D\u00e9sormais, l&#8217;objectif est repouss\u00e9 \u00e0 2027. Ce d\u00e9lai refl\u00e8te les priorit\u00e9s changeantes de Ford, qui a r\u00e9cemment frein\u00e9 ses projets de d\u00e9veloppement pour de gros v\u00e9hicules \u00e9lectriques, notamment les pick-ups et les VUS, en suspension \u00e0 son usine ontarienne.<\/p>\n<h3>Divergences potentielles et avenir du projet<\/h3>\n<p>\nLes rumeurs se multiplient autour de divergences potentielles entre Ford et ses partenaires cor\u00e9ens, EcoPro BM se montrant press\u00e9 de relancer la construction d\u00e8s septembre, malgr\u00e9 l\u2019ind\u00e9cision du constructeur am\u00e9ricain. De son c\u00f4t\u00e9, le gouvernement qu\u00e9b\u00e9cois reste optimiste, Mathieu St-Amand, directeur des communications au minist\u00e8re de l&#8217;\u00e9conomie, de l&#8217;innovation et de l&#8217;\u00e9nergie, ayant d\u00e9clar\u00e9 que le projet devrait repartir dans les prochaines semaines.<\/p>\n<h3>Conclusion : Un projet cl\u00e9 pour la transition \u00e9nerg\u00e9tique<\/h3>\n<p>\nCe retarit de Ford ne met pas en p\u00e9ril la construction de l&#8217;usine, les responsables du dossier sont d\u00e9j\u00e0 en discussion avec d&#8217;autres constructeurs qui pourraiient prendre la rel\u00e8ve de Ford dans ce dossier.<\/p>\n<p>Avec des renseignements de Battery News<\/p>\n<p>Le texte <a rel=\"nofollow\" href=\"https:\/\/annuelauto.ca\/ford-suspend-projet-usine-batterie-quebec\/\">Ford suspend le projet de centrale de batteries \u00e0 B\u00e9cancour<\/a> provient de <a rel=\"nofollow\" href=\"https:\/\/annuelauto.ca\">L&#8217;annuel de l&#8217;automobile &#8211; Actualit\u00e9 automobile<\/a><\/p>\n<p><\/p>\n","protected":false},"excerpt":{"rendered":"<p>D\u00e9cid\u00e9ment, les temps sont sures pour Ford. Apr\u00e8s une ann\u00e9e difficile aux ventes pour les mod\u00e8les \u00e9lectriques, l&#8217;annulation d&#8217;un VUS \u00e0 trois rang\u00e9es \u00e9lectriques et la suspension de la production du F-150 Lightning pour deux mois, c&#8217;est maintenant la construction d&#8217;une usine de mat\u00e9riaux de cathode \u00e0 B\u00e9cancour, Qu\u00e9bec \u2014 une coentreprise r\u00e9unissant l&#8217;am\u00e9ricain Ford, [&hellip;]<\/p>\n","protected":false},"author":8,"featured_media":179979,"comment_status":"close","ping_status":"closed","sticky":false,"template":"","format":"standard","meta":{"_monsterinsights_skip_tracking":false,"_monsterinsights_sitenote_active":false,"_monsterinsights_sitenote_note":"","_monsterinsights_sitenote_category":0,"footnotes":""},"categories":[101],"tags":[],"yoast_head":"<!-- This site is optimized with the Yoast SEO plugin v23.2 - https:\/\/yoast.com\/wordpress\/plugins\/seo\/ -->\n<title>Ford suspend le projet de centrale de batteries \u00e0 B\u00e9cancour - CanadaMotorJobs.com<\/title>\n<meta name=\"description\" content=\"Ford suspend le projet de centrale de batteries \u00e0 B\u00e9cancour - Benoit Charette - Annuel automobile - CanadaMotorJobs.com.\" \/>\n<meta name=\"robots\" content=\"index, follow, max-snippet:-1, max-image-preview:large, max-video-preview:-1\" \/>\n<meta property=\"og:locale\" content=\"fr_CA\" \/>\n<meta property=\"og:type\" content=\"article\" \/>\n<meta property=\"og:title\" content=\"Ford suspend le projet de centrale de batteries \u00e0 B\u00e9cancour - CanadaMotorJobs.com\" \/>\n<meta property=\"og:description\" content=\"Ford suspend le projet de centrale de batteries \u00e0 B\u00e9cancour - Benoit Charette - Annuel automobile - CanadaMotorJobs.com.\" \/>\n<meta property=\"og:url\" content=\"https:\/\/news.canadamotorjobs.com\/fr\/ford-suspend-le-projet-de-centrale-de-batteries-a-becancour\/\" \/>\n<meta property=\"og:site_name\" content=\"CanadaMotorJobs.com\" \/>\n<meta property=\"article:publisher\" content=\"https:\/\/www.facebook.com\/canadamotorjobs\/\" \/>\n<meta property=\"article:published_time\" content=\"2024-10-31T19:37:12+00:00\" \/>\n<meta property=\"article:modified_time\" content=\"2024-10-31T19:44:31+00:00\" \/>\n<meta property=\"og:image\" content=\"https:\/\/news.canadamotorjobs.com\/wp-content\/uploads\/2024\/10\/a76f0978c41432a08856e64979394b00.jpg\" \/>\n\t<meta property=\"og:image:width\" content=\"924\" \/>\n\t<meta property=\"og:image:height\" content=\"616\" \/>\n\t<meta property=\"og:image:type\" content=\"image\/jpeg\" \/>\n<meta name=\"author\" content=\"Benoit Charette\" \/>\n<meta name=\"twitter:card\" content=\"summary_large_image\" \/>\n<meta name=\"twitter:creator\" content=\"@canadamotorjobs\" \/>\n<meta name=\"twitter:site\" content=\"@canadamotorjobs\" \/>\n<meta name=\"twitter:label1\" content=\"\u00c9crit par\" \/>\n\t<meta name=\"twitter:data1\" content=\"Benoit Charette\" \/>\n\t<meta name=\"twitter:label2\" content=\"Estimation du temps de lecture\" \/>\n\t<meta name=\"twitter:data2\" content=\"3 minutes\" \/>\n<!-- \/ Yoast SEO plugin. -->","yoast_head_json":{"title":"Ford suspend le projet de centrale de batteries \u00e0 B\u00e9cancour - CanadaMotorJobs.com","description":"Ford suspend le projet de centrale de batteries \u00e0 B\u00e9cancour - Benoit Charette - Annuel automobile - CanadaMotorJobs.com.","robots":{"index":"index","follow":"follow","max-snippet":"max-snippet:-1","max-image-preview":"max-image-preview:large","max-video-preview":"max-video-preview:-1"},"og_locale":"fr_CA","og_type":"article","og_title":"Ford suspend le projet de centrale de batteries \u00e0 B\u00e9cancour - CanadaMotorJobs.com","og_description":"Ford suspend le projet de centrale de batteries \u00e0 B\u00e9cancour - Benoit Charette - Annuel automobile - CanadaMotorJobs.com.","og_url":"https:\/\/news.canadamotorjobs.com\/fr\/ford-suspend-le-projet-de-centrale-de-batteries-a-becancour\/","og_site_name":"CanadaMotorJobs.com","article_publisher":"https:\/\/www.facebook.com\/canadamotorjobs\/","article_published_time":"2024-10-31T19:37:12+00:00","article_modified_time":"2024-10-31T19:44:31+00:00","og_image":[{"width":924,"height":616,"url":"https:\/\/news.canadamotorjobs.com\/wp-content\/uploads\/2024\/10\/a76f0978c41432a08856e64979394b00.jpg","type":"image\/jpeg"}],"author":"Benoit Charette","twitter_card":"summary_large_image","twitter_creator":"@canadamotorjobs","twitter_site":"@canadamotorjobs","twitter_misc":{"\u00c9crit par":"Benoit Charette","Estimation du temps de lecture":"3 minutes"},"schema":{"@context":"https:\/\/schema.org","@graph":[{"@type":"Article","@id":"https:\/\/news.canadamotorjobs.com\/fr\/ford-suspend-le-projet-de-centrale-de-batteries-a-becancour\/#article","isPartOf":{"@id":"https:\/\/news.canadamotorjobs.com\/fr\/ford-suspend-le-projet-de-centrale-de-batteries-a-becancour\/"},"author":{"name":"Benoit Charette","@id":"https:\/\/news.canadamotorjobs.com\/#\/schema\/person\/51793d1f87d44011d7bcc2ed99269a90"},"headline":"Ford suspend le projet de centrale de batteries \u00e0 B\u00e9cancour","datePublished":"2024-10-31T19:37:12+00:00","dateModified":"2024-10-31T19:44:31+00:00","mainEntityOfPage":{"@id":"https:\/\/news.canadamotorjobs.com\/fr\/ford-suspend-le-projet-de-centrale-de-batteries-a-becancour\/"},"wordCount":524,"publisher":{"@id":"https:\/\/news.canadamotorjobs.com\/#organization"},"image":{"@id":"https:\/\/news.canadamotorjobs.com\/fr\/ford-suspend-le-projet-de-centrale-de-batteries-a-becancour\/#primaryimage"},"thumbnailUrl":"https:\/\/news.canadamotorjobs.com\/wp-content\/uploads\/2024\/10\/a76f0978c41432a08856e64979394b00.jpg","articleSection":["Annuel automobile"],"inLanguage":"fr-CA"},{"@type":"WebPage","@id":"https:\/\/news.canadamotorjobs.com\/fr\/ford-suspend-le-projet-de-centrale-de-batteries-a-becancour\/","url":"https:\/\/news.canadamotorjobs.com\/fr\/ford-suspend-le-projet-de-centrale-de-batteries-a-becancour\/","name":"Ford suspend le projet de centrale de batteries \u00e0 B\u00e9cancour - CanadaMotorJobs.com","isPartOf":{"@id":"https:\/\/news.canadamotorjobs.com\/#website"},"primaryImageOfPage":{"@id":"https:\/\/news.canadamotorjobs.com\/fr\/ford-suspend-le-projet-de-centrale-de-batteries-a-becancour\/#primaryimage"},"image":{"@id":"https:\/\/news.canadamotorjobs.com\/fr\/ford-suspend-le-projet-de-centrale-de-batteries-a-becancour\/#primaryimage"},"thumbnailUrl":"https:\/\/news.canadamotorjobs.com\/wp-content\/uploads\/2024\/10\/a76f0978c41432a08856e64979394b00.jpg","datePublished":"2024-10-31T19:37:12+00:00","dateModified":"2024-10-31T19:44:31+00:00","description":"Ford suspend le projet de centrale de batteries \u00e0 B\u00e9cancour - Benoit Charette - Annuel automobile - CanadaMotorJobs.com.","breadcrumb":{"@id":"https:\/\/news.canadamotorjobs.com\/fr\/ford-suspend-le-projet-de-centrale-de-batteries-a-becancour\/#breadcrumb"},"inLanguage":"fr-CA","potentialAction":[{"@type":"ReadAction","target":["https:\/\/news.canadamotorjobs.com\/fr\/ford-suspend-le-projet-de-centrale-de-batteries-a-becancour\/"]}]},{"@type":"ImageObject","inLanguage":"fr-CA","@id":"https:\/\/news.canadamotorjobs.com\/fr\/ford-suspend-le-projet-de-centrale-de-batteries-a-becancour\/#primaryimage","url":"https:\/\/news.canadamotorjobs.com\/wp-content\/uploads\/2024\/10\/a76f0978c41432a08856e64979394b00.jpg","contentUrl":"https:\/\/news.canadamotorjobs.com\/wp-content\/uploads\/2024\/10\/a76f0978c41432a08856e64979394b00.jpg","width":924,"height":616},{"@type":"BreadcrumbList","@id":"https:\/\/news.canadamotorjobs.com\/fr\/ford-suspend-le-projet-de-centrale-de-batteries-a-becancour\/#breadcrumb","itemListElement":[{"@type":"ListItem","position":1,"name":"Home","item":"https:\/\/news.canadamotorjobs.com\/fr\/blog\/"},{"@type":"ListItem","position":2,"name":"Ford suspend le projet de centrale de batteries \u00e0 B\u00e9cancour"}]},{"@type":"WebSite","@id":"https:\/\/news.canadamotorjobs.com\/#website","url":"https:\/\/news.canadamotorjobs.com\/","name":"CanadaMotorJobs.com","description":"Automotive Jobs","publisher":{"@id":"https:\/\/news.canadamotorjobs.com\/#organization"},"potentialAction":[{"@type":"SearchAction","target":{"@type":"EntryPoint","urlTemplate":"https:\/\/news.canadamotorjobs.com\/?s={search_term_string}"},"query-input":"required name=search_term_string"}],"inLanguage":"fr-CA"},{"@type":"Organization","@id":"https:\/\/news.canadamotorjobs.com\/#organization","name":"Canada Motor Jobs","url":"https:\/\/news.canadamotorjobs.com\/","logo":{"@type":"ImageObject","inLanguage":"fr-CA","@id":"https:\/\/news.canadamotorjobs.com\/#\/schema\/logo\/image\/","url":"https:\/\/news.canadamotorjobs.com\/wp-content\/uploads\/2022\/10\/logo-canada-motor-jobs-1.png","contentUrl":"https:\/\/news.canadamotorjobs.com\/wp-content\/uploads\/2022\/10\/logo-canada-motor-jobs-1.png","width":800,"height":400,"caption":"Canada Motor Jobs"},"image":{"@id":"https:\/\/news.canadamotorjobs.com\/#\/schema\/logo\/image\/"},"sameAs":["https:\/\/www.facebook.com\/canadamotorjobs\/","https:\/\/x.com\/canadamotorjobs","https:\/\/www.instagram.com\/canadamotorjobs\/","https:\/\/www.linkedin.com\/company\/canadamotorjobs"]},{"@type":"Person","@id":"https:\/\/news.canadamotorjobs.com\/#\/schema\/person\/51793d1f87d44011d7bcc2ed99269a90","name":"Benoit Charette","image":{"@type":"ImageObject","inLanguage":"fr-CA","@id":"https:\/\/news.canadamotorjobs.com\/#\/schema\/person\/image\/","url":"https:\/\/secure.gravatar.com\/avatar\/45f3d2eebcccd909668d7ce7ea7267b6?s=96&d=mm&r=g","contentUrl":"https:\/\/secure.gravatar.com\/avatar\/45f3d2eebcccd909668d7ce7ea7267b6?s=96&d=mm&r=g","caption":"Benoit Charette"},"description":"Benoit Charette \/ Propri\u00e9taire et r\u00e9dacteur en chef Benoit Charette pratique le journalisme automobile depuis bient\u00f4t 30 ans. Il a fait ses classes au c\u00f4t\u00e9 de Daniel H\u00e9raud et au Carnet de route de 1992 \u00e0 2001. Il est fondateur, copropri\u00e9taire et r\u00e9dacteur en chef de L\u2019Annuel de l\u2019automobile, qu\u2019il publie depuis 2001. Il a anim\u00e9 les \u00e9missions RPM et RPM+ sur V et les L\u00e9gendes de la route sur Historia. \u00c0 la radio depuis 1986, il reprend l\u2019antenne cette ann\u00e9e sur les ondes de Cogeco et participe pour la deuxi\u00e8me ann\u00e9e \u00e0 l\u2019\u00e9mission Passion Auto sur RDS en plus de mettre en ligne le site Web officiel de L\u2019Annuel de l\u2019automobile sur annuelauto.ca.","sameAs":["https:\/\/annuelauto.ca\/"],"url":"https:\/\/news.canadamotorjobs.com\/fr\/author\/benoit-charette\/"}]}},"_links":{"self":[{"href":"https:\/\/news.canadamotorjobs.com\/fr\/wp-json\/wp\/v2\/posts\/179977"}],"collection":[{"href":"https:\/\/news.canadamotorjobs.com\/fr\/wp-json\/wp\/v2\/posts"}],"about":[{"href":"https:\/\/news.canadamotorjobs.com\/fr\/wp-json\/wp\/v2\/types\/post"}],"author":[{"embeddable":true,"href":"https:\/\/news.canadamotorjobs.com\/fr\/wp-json\/wp\/v2\/users\/8"}],"replies":[{"embeddable":true,"href":"https:\/\/news.canadamotorjobs.com\/fr\/wp-json\/wp\/v2\/comments?post=179977"}],"version-history":[{"count":2,"href":"https:\/\/news.canadamotorjobs.com\/fr\/wp-json\/wp\/v2\/posts\/179977\/revisions"}],"predecessor-version":[{"id":179981,"href":"https:\/\/news.canadamotorjobs.com\/fr\/wp-json\/wp\/v2\/posts\/179977\/revisions\/179981"}],"wp:featuredmedia":[{"embeddable":true,"href":"https:\/\/news.canadamotorjobs.com\/fr\/wp-json\/wp\/v2\/media\/179979"}],"wp:attachment":[{"href":"https:\/\/news.canadamotorjobs.com\/fr\/wp-json\/wp\/v2\/media?parent=179977"}],"wp:term":[{"taxonomy":"category","embeddable":true,"href":"https:\/\/news.canadamotorjobs.com\/fr\/wp-json\/wp\/v2\/categories?post=179977"},{"taxonomy":"post_tag","embeddable":true,"href":"https:\/\/news.canadamotorjobs.com\/fr\/wp-json\/wp\/v2\/tags?post=179977"}],"curies":[{"name":"wp","href":"https:\/\/api.w.org\/{rel}","templated":true}]}}