{"id":179934,"date":"2024-10-31T08:08:16","date_gmt":"2024-10-31T12:08:16","guid":{"rendered":"https:\/\/news.canadamotorjobs.com\/?p=179934"},"modified":"2024-10-31T08:13:48","modified_gmt":"2024-10-31T12:13:48","slug":"ford-suspend-la-production-du-f-150-lightning","status":"publish","type":"post","link":"https:\/\/news.canadamotorjobs.com\/fr\/ford-suspend-la-production-du-f-150-lightning\/","title":{"rendered":"Ford suspend la production du F-150 Lightning"},"content":{"rendered":"<\/p>\n<p>Ford a pris la d\u00e9cision de suspendre la production de son populaire camion \u00e9lectrique F-150 Lightning pour une p\u00e9riode de sept semaines, \u00e0 compter du 15 novembre jusqu\u2019au d\u00e9but de janvier 2024. Cette d\u00e9cision fait suite \u00e0 une demande moins forte qu\u2019anticip\u00e9e pour ce mod\u00e8le phare, malgr\u00e9 une augmentation des ventes de 86 % cette ann\u00e9e.<\/p>\n<h3>Une pause strat\u00e9gique pour ajuster la production<\/h3>\n<p>\nLe constructeur automobile a inform\u00e9 ses fournisseurs et les responsables de l\u2019usine de Dearborn de ce plan, incluant la fermeture durant la semaine de cong\u00e9 des F\u00eates. La production reprendra le 6 janvier. Dans une d\u00e9claration officielle, Ford a pr\u00e9cis\u00e9 : \u00ab Nous continuons d\u2019ajuster la production pour un \u00e9quilibre optimal entre la croissance des ventes et la rentabilit\u00e9. \u00bb<\/p>\n<p>Cette pause prolong\u00e9e illustre un ajustement majeur pour ce mod\u00e8le que le PDG Jim Farley et le pr\u00e9sident Bill Ford comparent au niveau d\u2019importance du c\u00e9l\u00e8bre Model T dans l\u2019histoire de Ford.<\/p>\n<h3>Des changements strat\u00e9giques et une refonte des priorit\u00e9s<\/h3>\n<p>\nD\u00e9but 2023, Ford avait d\u00e9j\u00e0 r\u00e9duit de moiti\u00e9 ses objectifs de production pour le Lightning et supprim\u00e9 deux tiers des postes au centre de v\u00e9hicules \u00e9lectriques de Dearborn, passant \u00e0 une seule \u00e9quipe de production quotidienne. Malgr\u00e9 des ventes annuelles en hausse, le F-150 Lightning a perdu son titre de camion \u00e9lectrique le plus vendu aux \u00c9tats-Unis au profit du Tesla Cybertruck.<\/p>\n<p>Ford dispose d\u2019un approvisionnement de 100 jours de F-150 au total, tandis que les stocks de Mustang Mach-E et de fourgons E-Transit s\u2019\u00e9l\u00e8vent respectivement \u00e0 130 et 128 jours. En conf\u00e9rence de presse, Farley a \u00e9voqu\u00e9 un \u00ab ralentissement dans l\u2019adoption des v\u00e9hicules \u00e9lectriques \u00bb tout en exprimant sa confiance dans la strat\u00e9gie globale de Ford en mati\u00e8re de v\u00e9hicules \u00e9lectriques.<\/p>\n<h3>Vers une nouvelle direction pour les v\u00e9hicules \u00e9lectriques<\/h3>\n<p>\nEn r\u00e9ponse aux d\u00e9fis du march\u00e9, Ford r\u00e9oriente ses efforts vers une plateforme moins co\u00fbteuse qui soutiendra un camion \u00e9lectrique de taille moyenne d\u00e8s 2027, tout en reportant certains investissements dans les v\u00e9hicules \u00e9lectriques. Farley a indiqu\u00e9 une r\u00e9duction de 1 milliard $ en co\u00fbts d\u2019EV cette ann\u00e9e, et la capacit\u00e9 de production a \u00e9t\u00e9 diminu\u00e9e de 35 % pour r\u00e9pondre \u00e0 cette demande fluctuante.<\/p>\n<h3>Perspectives pour 2025<\/h3>\n<p>\nFord pr\u00e9voit des am\u00e9liorations de rentabilit\u00e9 pour sa division Model e d\u2019ici 2025, bien qu\u2019aucune projection financi\u00e8re d\u00e9taill\u00e9e n\u2019ait \u00e9t\u00e9 fournie. L\u2019analyste de Morgan Stanley, Adam Jonas, estime que les pertes d\u2019EV de Ford pourraient diminuer \u00e0 4,4 milliards $ en 2025, contre environ 5 milliards $ cette ann\u00e9e.<\/p>\n<p>\u00a0<\/p>\n<p>Avec des renseignements d\u2019automotive News<\/p>\n<p>Le texte <a rel=\"nofollow\" href=\"https:\/\/annuelauto.ca\/ford-suspend-la-production-du-f-150-lightning\/\">Ford suspend la production du F-150 Lightning<\/a> provient de <a rel=\"nofollow\" href=\"https:\/\/annuelauto.ca\">L&#8217;annuel de l&#8217;automobile &#8211; Actualit\u00e9 automobile<\/a><\/p>\n<p><\/p>\n","protected":false},"excerpt":{"rendered":"<p>Ford a pris la d\u00e9cision de suspendre la production de son populaire camion \u00e9lectrique F-150 Lightning pour une p\u00e9riode de sept semaines, \u00e0 compter du 15 novembre jusqu\u2019au d\u00e9but de janvier 2024. Cette d\u00e9cision fait suite \u00e0 une demande moins forte qu\u2019anticip\u00e9e pour ce mod\u00e8le phare, malgr\u00e9 une augmentation des ventes de 86 % cette [&hellip;]<\/p>\n","protected":false},"author":8,"featured_media":179936,"comment_status":"close","ping_status":"closed","sticky":false,"template":"","format":"standard","meta":{"_monsterinsights_skip_tracking":false,"_monsterinsights_sitenote_active":false,"_monsterinsights_sitenote_note":"","_monsterinsights_sitenote_category":0,"footnotes":""},"categories":[101],"tags":[],"yoast_head":"<!-- This site is optimized with the Yoast SEO plugin v23.2 - https:\/\/yoast.com\/wordpress\/plugins\/seo\/ -->\n<title>Ford suspend la production du F-150 Lightning - CanadaMotorJobs.com<\/title>\n<meta name=\"description\" content=\"Ford suspend la production du F-150 Lightning - Benoit Charette - Annuel automobile - CanadaMotorJobs.com.\" \/>\n<meta name=\"robots\" content=\"index, follow, max-snippet:-1, max-image-preview:large, max-video-preview:-1\" \/>\n<meta property=\"og:locale\" content=\"fr_CA\" \/>\n<meta property=\"og:type\" content=\"article\" \/>\n<meta property=\"og:title\" content=\"Ford suspend la production du F-150 Lightning - CanadaMotorJobs.com\" \/>\n<meta property=\"og:description\" content=\"Ford suspend la production du F-150 Lightning - Benoit Charette - Annuel automobile - CanadaMotorJobs.com.\" \/>\n<meta property=\"og:url\" content=\"https:\/\/news.canadamotorjobs.com\/fr\/ford-suspend-la-production-du-f-150-lightning\/\" \/>\n<meta property=\"og:site_name\" content=\"CanadaMotorJobs.com\" \/>\n<meta property=\"article:publisher\" content=\"https:\/\/www.facebook.com\/canadamotorjobs\/\" \/>\n<meta property=\"article:published_time\" content=\"2024-10-31T12:08:16+00:00\" \/>\n<meta property=\"article:modified_time\" content=\"2024-10-31T12:13:48+00:00\" \/>\n<meta property=\"og:image\" content=\"https:\/\/news.canadamotorjobs.com\/wp-content\/uploads\/2024\/10\/DSC01398-1024x768-1.jpg\" \/>\n\t<meta property=\"og:image:width\" content=\"1024\" \/>\n\t<meta property=\"og:image:height\" content=\"768\" \/>\n\t<meta property=\"og:image:type\" content=\"image\/jpeg\" \/>\n<meta name=\"author\" content=\"Benoit Charette\" \/>\n<meta name=\"twitter:card\" content=\"summary_large_image\" \/>\n<meta name=\"twitter:creator\" content=\"@canadamotorjobs\" \/>\n<meta name=\"twitter:site\" content=\"@canadamotorjobs\" \/>\n<meta name=\"twitter:label1\" content=\"\u00c9crit par\" \/>\n\t<meta name=\"twitter:data1\" content=\"Benoit Charette\" \/>\n\t<meta name=\"twitter:label2\" content=\"Estimation du temps de lecture\" \/>\n\t<meta name=\"twitter:data2\" content=\"2 minutes\" \/>\n<!-- \/ Yoast SEO plugin. -->","yoast_head_json":{"title":"Ford suspend la production du F-150 Lightning - CanadaMotorJobs.com","description":"Ford suspend la production du F-150 Lightning - Benoit Charette - Annuel automobile - CanadaMotorJobs.com.","robots":{"index":"index","follow":"follow","max-snippet":"max-snippet:-1","max-image-preview":"max-image-preview:large","max-video-preview":"max-video-preview:-1"},"og_locale":"fr_CA","og_type":"article","og_title":"Ford suspend la production du F-150 Lightning - CanadaMotorJobs.com","og_description":"Ford suspend la production du F-150 Lightning - Benoit Charette - Annuel automobile - CanadaMotorJobs.com.","og_url":"https:\/\/news.canadamotorjobs.com\/fr\/ford-suspend-la-production-du-f-150-lightning\/","og_site_name":"CanadaMotorJobs.com","article_publisher":"https:\/\/www.facebook.com\/canadamotorjobs\/","article_published_time":"2024-10-31T12:08:16+00:00","article_modified_time":"2024-10-31T12:13:48+00:00","og_image":[{"width":1024,"height":768,"url":"https:\/\/news.canadamotorjobs.com\/wp-content\/uploads\/2024\/10\/DSC01398-1024x768-1.jpg","type":"image\/jpeg"}],"author":"Benoit Charette","twitter_card":"summary_large_image","twitter_creator":"@canadamotorjobs","twitter_site":"@canadamotorjobs","twitter_misc":{"\u00c9crit par":"Benoit Charette","Estimation du temps de lecture":"2 minutes"},"schema":{"@context":"https:\/\/schema.org","@graph":[{"@type":"Article","@id":"https:\/\/news.canadamotorjobs.com\/fr\/ford-suspend-la-production-du-f-150-lightning\/#article","isPartOf":{"@id":"https:\/\/news.canadamotorjobs.com\/fr\/ford-suspend-la-production-du-f-150-lightning\/"},"author":{"name":"Benoit Charette","@id":"https:\/\/news.canadamotorjobs.com\/#\/schema\/person\/51793d1f87d44011d7bcc2ed99269a90"},"headline":"Ford suspend la production du F-150 Lightning","datePublished":"2024-10-31T12:08:16+00:00","dateModified":"2024-10-31T12:13:48+00:00","mainEntityOfPage":{"@id":"https:\/\/news.canadamotorjobs.com\/fr\/ford-suspend-la-production-du-f-150-lightning\/"},"wordCount":471,"publisher":{"@id":"https:\/\/news.canadamotorjobs.com\/#organization"},"image":{"@id":"https:\/\/news.canadamotorjobs.com\/fr\/ford-suspend-la-production-du-f-150-lightning\/#primaryimage"},"thumbnailUrl":"https:\/\/news.canadamotorjobs.com\/wp-content\/uploads\/2024\/10\/DSC01398-1024x768-1.jpg","articleSection":["Annuel automobile"],"inLanguage":"fr-CA"},{"@type":"WebPage","@id":"https:\/\/news.canadamotorjobs.com\/fr\/ford-suspend-la-production-du-f-150-lightning\/","url":"https:\/\/news.canadamotorjobs.com\/fr\/ford-suspend-la-production-du-f-150-lightning\/","name":"Ford suspend la production du F-150 Lightning - CanadaMotorJobs.com","isPartOf":{"@id":"https:\/\/news.canadamotorjobs.com\/#website"},"primaryImageOfPage":{"@id":"https:\/\/news.canadamotorjobs.com\/fr\/ford-suspend-la-production-du-f-150-lightning\/#primaryimage"},"image":{"@id":"https:\/\/news.canadamotorjobs.com\/fr\/ford-suspend-la-production-du-f-150-lightning\/#primaryimage"},"thumbnailUrl":"https:\/\/news.canadamotorjobs.com\/wp-content\/uploads\/2024\/10\/DSC01398-1024x768-1.jpg","datePublished":"2024-10-31T12:08:16+00:00","dateModified":"2024-10-31T12:13:48+00:00","description":"Ford suspend la production du F-150 Lightning - Benoit Charette - Annuel automobile - CanadaMotorJobs.com.","breadcrumb":{"@id":"https:\/\/news.canadamotorjobs.com\/fr\/ford-suspend-la-production-du-f-150-lightning\/#breadcrumb"},"inLanguage":"fr-CA","potentialAction":[{"@type":"ReadAction","target":["https:\/\/news.canadamotorjobs.com\/fr\/ford-suspend-la-production-du-f-150-lightning\/"]}]},{"@type":"ImageObject","inLanguage":"fr-CA","@id":"https:\/\/news.canadamotorjobs.com\/fr\/ford-suspend-la-production-du-f-150-lightning\/#primaryimage","url":"https:\/\/news.canadamotorjobs.com\/wp-content\/uploads\/2024\/10\/DSC01398-1024x768-1.jpg","contentUrl":"https:\/\/news.canadamotorjobs.com\/wp-content\/uploads\/2024\/10\/DSC01398-1024x768-1.jpg","width":1024,"height":768},{"@type":"BreadcrumbList","@id":"https:\/\/news.canadamotorjobs.com\/fr\/ford-suspend-la-production-du-f-150-lightning\/#breadcrumb","itemListElement":[{"@type":"ListItem","position":1,"name":"Home","item":"https:\/\/news.canadamotorjobs.com\/fr\/blog\/"},{"@type":"ListItem","position":2,"name":"Ford suspend la production du F-150 Lightning"}]},{"@type":"WebSite","@id":"https:\/\/news.canadamotorjobs.com\/#website","url":"https:\/\/news.canadamotorjobs.com\/","name":"CanadaMotorJobs.com","description":"Automotive Jobs","publisher":{"@id":"https:\/\/news.canadamotorjobs.com\/#organization"},"potentialAction":[{"@type":"SearchAction","target":{"@type":"EntryPoint","urlTemplate":"https:\/\/news.canadamotorjobs.com\/?s={search_term_string}"},"query-input":"required name=search_term_string"}],"inLanguage":"fr-CA"},{"@type":"Organization","@id":"https:\/\/news.canadamotorjobs.com\/#organization","name":"Canada Motor Jobs","url":"https:\/\/news.canadamotorjobs.com\/","logo":{"@type":"ImageObject","inLanguage":"fr-CA","@id":"https:\/\/news.canadamotorjobs.com\/#\/schema\/logo\/image\/","url":"https:\/\/news.canadamotorjobs.com\/wp-content\/uploads\/2022\/10\/logo-canada-motor-jobs-1.png","contentUrl":"https:\/\/news.canadamotorjobs.com\/wp-content\/uploads\/2022\/10\/logo-canada-motor-jobs-1.png","width":800,"height":400,"caption":"Canada Motor Jobs"},"image":{"@id":"https:\/\/news.canadamotorjobs.com\/#\/schema\/logo\/image\/"},"sameAs":["https:\/\/www.facebook.com\/canadamotorjobs\/","https:\/\/x.com\/canadamotorjobs","https:\/\/www.instagram.com\/canadamotorjobs\/","https:\/\/www.linkedin.com\/company\/canadamotorjobs"]},{"@type":"Person","@id":"https:\/\/news.canadamotorjobs.com\/#\/schema\/person\/51793d1f87d44011d7bcc2ed99269a90","name":"Benoit Charette","image":{"@type":"ImageObject","inLanguage":"fr-CA","@id":"https:\/\/news.canadamotorjobs.com\/#\/schema\/person\/image\/","url":"https:\/\/secure.gravatar.com\/avatar\/45f3d2eebcccd909668d7ce7ea7267b6?s=96&d=mm&r=g","contentUrl":"https:\/\/secure.gravatar.com\/avatar\/45f3d2eebcccd909668d7ce7ea7267b6?s=96&d=mm&r=g","caption":"Benoit Charette"},"description":"Benoit Charette \/ Propri\u00e9taire et r\u00e9dacteur en chef Benoit Charette pratique le journalisme automobile depuis bient\u00f4t 30 ans. Il a fait ses classes au c\u00f4t\u00e9 de Daniel H\u00e9raud et au Carnet de route de 1992 \u00e0 2001. Il est fondateur, copropri\u00e9taire et r\u00e9dacteur en chef de L\u2019Annuel de l\u2019automobile, qu\u2019il publie depuis 2001. Il a anim\u00e9 les \u00e9missions RPM et RPM+ sur V et les L\u00e9gendes de la route sur Historia. \u00c0 la radio depuis 1986, il reprend l\u2019antenne cette ann\u00e9e sur les ondes de Cogeco et participe pour la deuxi\u00e8me ann\u00e9e \u00e0 l\u2019\u00e9mission Passion Auto sur RDS en plus de mettre en ligne le site Web officiel de L\u2019Annuel de l\u2019automobile sur annuelauto.ca.","sameAs":["https:\/\/annuelauto.ca\/"],"url":"https:\/\/news.canadamotorjobs.com\/fr\/author\/benoit-charette\/"}]}},"_links":{"self":[{"href":"https:\/\/news.canadamotorjobs.com\/fr\/wp-json\/wp\/v2\/posts\/179934"}],"collection":[{"href":"https:\/\/news.canadamotorjobs.com\/fr\/wp-json\/wp\/v2\/posts"}],"about":[{"href":"https:\/\/news.canadamotorjobs.com\/fr\/wp-json\/wp\/v2\/types\/post"}],"author":[{"embeddable":true,"href":"https:\/\/news.canadamotorjobs.com\/fr\/wp-json\/wp\/v2\/users\/8"}],"replies":[{"embeddable":true,"href":"https:\/\/news.canadamotorjobs.com\/fr\/wp-json\/wp\/v2\/comments?post=179934"}],"version-history":[{"count":2,"href":"https:\/\/news.canadamotorjobs.com\/fr\/wp-json\/wp\/v2\/posts\/179934\/revisions"}],"predecessor-version":[{"id":179938,"href":"https:\/\/news.canadamotorjobs.com\/fr\/wp-json\/wp\/v2\/posts\/179934\/revisions\/179938"}],"wp:featuredmedia":[{"embeddable":true,"href":"https:\/\/news.canadamotorjobs.com\/fr\/wp-json\/wp\/v2\/media\/179936"}],"wp:attachment":[{"href":"https:\/\/news.canadamotorjobs.com\/fr\/wp-json\/wp\/v2\/media?parent=179934"}],"wp:term":[{"taxonomy":"category","embeddable":true,"href":"https:\/\/news.canadamotorjobs.com\/fr\/wp-json\/wp\/v2\/categories?post=179934"},{"taxonomy":"post_tag","embeddable":true,"href":"https:\/\/news.canadamotorjobs.com\/fr\/wp-json\/wp\/v2\/tags?post=179934"}],"curies":[{"name":"wp","href":"https:\/\/api.w.org\/{rel}","templated":true}]}}