{"id":179847,"date":"2024-10-31T03:24:24","date_gmt":"2024-10-31T07:24:24","guid":{"rendered":"https:\/\/news.canadamotorjobs.com\/?p=179847"},"modified":"2024-10-31T03:29:24","modified_gmt":"2024-10-31T07:29:24","slug":"une-nouvelle-911-carrera-t-en-version-manuelle-et-decapotable","status":"publish","type":"post","link":"https:\/\/news.canadamotorjobs.com\/fr\/une-nouvelle-911-carrera-t-en-version-manuelle-et-decapotable\/","title":{"rendered":"Une nouvelle 911 Carrera T en version manuelle et d\u00e9capotable"},"content":{"rendered":"<\/p>\n<p>Porsche ravive la flamme des puristes avec la nouvelle 911 Carrera T 2025, une ode \u00e0 la conduite authentique. All\u00e9g\u00e9e, \u00e9quip\u00e9e d&#8217;une bo\u00eete manuelle \u00e0 six rapports et dot\u00e9e d&#8217;un ch\u00e2ssis aff\u00fbt\u00e9, cette sportive incarne l&#8217;essence m\u00eame du plaisir de conduite \u00e0 l&#8217;\u00e9tat pur.<\/p>\n<p>Cette \u00e9dition 2025, disponible en coup\u00e9 et pour la premi\u00e8re fois en version cabriolet, sera livr\u00e9e au Canada d\u00e8s l\u2019\u00e9t\u00e9 2025, \u00e0 partir de 149 200 $ pour le coup\u00e9 et 165 300 $ pour le cabriolet.<\/p>\n<p>Voir aussi : <a href=\"https:\/\/www.auto123.com\/fr\/actualites\/porsche-911-2025-presentee-prix\/71498\/\">Porsche 911 2025 : une \u00e9volution r\u00e9fl\u00e9chie<\/a><\/p>\n<p><\/p>\n<figure><img decoding=\"async\" src=\"https:\/\/news.canadamotorjobs.com\/wp-content\/uploads\/2024\/10\/2025-porsche-911-carrera-t_18-5.jpg\" alt=\"Porsche 911 Carrera T 2025, en version d\u00e9capotable\" \/><figcaption>Porsche 911 Carrera T 2025, en version d\u00e9capotable | Auto123.com<\/figcaption><\/figure>\n<p><strong>Une 911 all\u00e9g\u00e9e et r\u00e9active<\/strong><\/p>\n<p>Fid\u00e8le \u00e0 l&#8217;esprit &#8216;Touring&#8217; qui la caract\u00e9rise, la Porsche 911 Carrera T 2025 b\u00e9n\u00e9ficie d&#8217;un programme d&#8217;all\u00e8gement incluant un vitrage aminci, une isolation acoustique r\u00e9duite et l&#8217;absence de si\u00e8ges arri\u00e8re. En optant pour les si\u00e8ges baquets l\u00e9gers en option, le coup\u00e9 affiche un poids plume de 1478 kg, soit 40 kg de moins que la Carrera de base.<\/p>\n<p>Sous le capot, on retrouve le flat-6 biturbo de 3,0 litres d\u00e9veloppant 388 chevaux et 331 lb-pi de couple. Associ\u00e9 \u00e0 une bo\u00eete manuelle \u00e0 six rapports avec fonction Auto-Blip pour des passages de rapports fluides, ce moteur propulse le coup\u00e9 de 0 \u00e0 100 km\/h en 4,5 secondes (4,7 secondes pour le cabriolet) et lui permet d&#8217;atteindre une vitesse de pointe de 295 km\/h.<\/p>\n<p>Les amateurs appr\u00e9cieront la bo\u00eete manuelle \u00e0 six rapports dot\u00e9e de la fonction Auto-Blip, qui ajuste automatiquement les diff\u00e9rences de r\u00e9gime pour une conduite fluide.<\/p>\n<p><\/p>\n<figure><img decoding=\"async\" src=\"https:\/\/news.canadamotorjobs.com\/wp-content\/uploads\/2024\/10\/2025-porsche-911-carrera-t_4-1.jpg\" alt=\"Porsche 911 Carrera T 2025, de profil\" \/><figcaption>Porsche 911 Carrera T 2025, de profil | Auto123.com<\/figcaption><\/figure>\n<p><strong>Ch\u00e2ssis sport et agilit\u00e9 au rendez-vous<\/strong><\/p>\n<p>La Carrera T est \u00e9quip\u00e9e de s\u00e9rie de l\u2019ensemble Sport Chrono et d\u2019un ch\u00e2ssis sport (PASM) abaiss\u00e9 de 10 mm.<\/p>\n<p>Porsche ajoute \u00e9galement un syst\u00e8me de roues arri\u00e8re directrices in\u00e9dit sur ce mod\u00e8le, optimisant la r\u00e9activit\u00e9 de la direction avant.<\/p>\n<p>La Carrera T repose sur des jantes en alliage l\u00e9ger Carrera S de 20 pouces \u00e0 l\u2019avant et 21 pouces \u00e0 l\u2019arri\u00e8re.<\/p>\n<p><strong>Design exclusif et touches personnalis\u00e9es<\/strong><\/p>\n<p>Le style ext\u00e9rieur de la Carrera T se distingue par des \u00e9l\u00e9ments Gris Vanadium, des jantes polies et une l\u00e8vre de becquet optimis\u00e9e.<\/p>\n<p><\/p>\n<figure><img decoding=\"async\" src=\"https:\/\/news.canadamotorjobs.com\/wp-content\/uploads\/2024\/10\/2025-porsche-911-carrera-t_15-1.jpg\" alt=\"Porsche 911 Carrera T 2025, int\u00e9rieur\" \/><figcaption>Porsche 911 Carrera T 2025, int\u00e9rieur | Auto123.com<\/figcaption><\/figure>\n<p>\u00c0 l\u2019int\u00e9rieur, le design est \u00e9pur\u00e9 et sportif, avec des si\u00e8ges en tissu Sport-Tex et des d\u00e9tails personnalisables en fonction des pr\u00e9f\u00e9rences du conducteur.<\/p>\n<p>Des ensembles \u00ab Carrera T \u00bb pour l\u2019int\u00e9rieur et l\u2019ext\u00e9rieur introduisent la couleur Bleu Gentiane en tant que contraste visuel.<\/p>\n<p>Le levier de vitesses manuel, un hommage aux 911 classiques, est con\u00e7u en bois de noyer \u00e0 pores ouverts.<\/p>\n<p><strong>Des \u00e9quipements de personnalisation vari\u00e9s<\/strong><\/p>\n<p>Outre les si\u00e8ges sport, les options incluent des si\u00e8ges baquets l\u00e9gers ou adaptatifs sur 18 positions.<\/p>\n<p>\u00c0 l\u2019ext\u00e9rieur, des couleurs de carrosserie comme le Vert nuanc\u00e9 m\u00e9tallis\u00e9 et le Rouge Indien apportent des finitions uniques. La capote du cabriolet est disponible en plusieurs teintes, renfor\u00e7ant l\u2019aspect exclusif de cette version T.<\/p>\n<p><\/p>\n<figure><img decoding=\"async\" src=\"https:\/\/news.canadamotorjobs.com\/wp-content\/uploads\/2024\/10\/2025-porsche-911-carrera-t_17-1.jpg\" alt=\"Porsche 911 Carrera T 2025, version d\u00e9capotable, de profil\" \/><figcaption>Porsche 911 Carrera T 2025, version d\u00e9capotable, de profil | Auto123.com<\/figcaption><\/figure>\n<figure><img decoding=\"async\" src=\"https:\/\/news.canadamotorjobs.com\/wp-content\/uploads\/2024\/10\/2025-porsche-911-carrera-t_7-1.jpg\" alt=\"Porsche 911 Carrera T 2025, arri\u00e8re\" \/><figcaption>Porsche 911 Carrera T 2025, arri\u00e8re | Auto123.com<\/figcaption><\/figure>\n<figure><img decoding=\"async\" src=\"https:\/\/news.canadamotorjobs.com\/wp-content\/uploads\/2024\/10\/2025-porsche-911-carrera-t_10-1.jpg\" alt=\"Porsche 911 Carrera T 2025, de haut\" \/><figcaption>Porsche 911 Carrera T 2025, de haut | Auto123.com<\/figcaption><\/figure>\n<figure><img decoding=\"async\" src=\"https:\/\/news.canadamotorjobs.com\/wp-content\/uploads\/2024\/10\/2025-porsche-911-carrera-t_26-1.jpg\" alt=\"Porsche 911 Carrera T 2025, levier de changement de vitesse\" \/><figcaption>Porsche 911 Carrera T 2025, levier de changement de vitesse | Auto123.com<\/figcaption><\/figure>\n<figure><img decoding=\"async\" src=\"https:\/\/news.canadamotorjobs.com\/wp-content\/uploads\/2024\/10\/2025-porsche-911-carrera-t_25-1.jpg\" alt=\"Porsche 911 Carrera T 2025, si\u00e8ges\" \/><figcaption>Porsche 911 Carrera T 2025, si\u00e8ges | Auto123.com<\/figcaption><\/figure>\n<figure><img decoding=\"async\" src=\"https:\/\/news.canadamotorjobs.com\/wp-content\/uploads\/2024\/10\/2025-porsche-911-carrera-t_22-1.jpg\" alt=\"Porsche 911 Carrera T 2025, roue\" \/><figcaption>Porsche 911 Carrera T 2025, roue | Auto123.com<\/figcaption><\/figure>\n<figure><img decoding=\"async\" src=\"https:\/\/news.canadamotorjobs.com\/wp-content\/uploads\/2024\/10\/2025-porsche-911-carrera-t_6-1.jpg\" alt=\"Porsche 911 Carrera T 2025, trois quarts avant\" \/><figcaption>Porsche 911 Carrera T 2025, trois quarts avant | Auto123.com<\/figcaption><\/figure>\n<p style=\"padding-top: 15px\">Contenu original de <a href=\"https:\/\/www.auto123.com\/fr\/actualites\/porsche-911-carrera-t-2025\/72008\/\">auto123<\/a>.<\/p>\n<p>Le texte <a rel=\"nofollow\" href=\"https:\/\/annuelauto.ca\/une-nouvelle-911-carrera-t-en-version-manuelle-et-decapotable\/\">Une nouvelle 911 Carrera T en version manuelle et d\u00e9capotable<\/a> provient de <a rel=\"nofollow\" href=\"https:\/\/annuelauto.ca\">L&#8217;annuel de l&#8217;automobile &#8211; Actualit\u00e9 automobile<\/a><\/p>\n<p><\/p>\n","protected":false},"excerpt":{"rendered":"<p>Porsche ravive la flamme des puristes avec la nouvelle 911 Carrera T 2025, une ode \u00e0 la conduite authentique. All\u00e9g\u00e9e, \u00e9quip\u00e9e d&#8217;une bo\u00eete manuelle \u00e0 six rapports et dot\u00e9e d&#8217;un ch\u00e2ssis aff\u00fbt\u00e9, cette sportive incarne l&#8217;essence m\u00eame du plaisir de conduite \u00e0 l&#8217;\u00e9tat pur. Cette \u00e9dition 2025, disponible en coup\u00e9 et pour la premi\u00e8re fois [&hellip;]<\/p>\n","protected":false},"author":8,"featured_media":179849,"comment_status":"close","ping_status":"closed","sticky":false,"template":"","format":"standard","meta":{"_monsterinsights_skip_tracking":false,"_monsterinsights_sitenote_active":false,"_monsterinsights_sitenote_note":"","_monsterinsights_sitenote_category":0,"footnotes":""},"categories":[101],"tags":[],"yoast_head":"<!-- This site is optimized with the Yoast SEO plugin v23.2 - https:\/\/yoast.com\/wordpress\/plugins\/seo\/ -->\n<title>Une nouvelle 911 Carrera T en version manuelle et d\u00e9capotable - CanadaMotorJobs.com<\/title>\n<meta name=\"description\" content=\"Une nouvelle 911 Carrera T en version manuelle et d\u00e9capotable - Benoit Charette - Annuel automobile - CanadaMotorJobs.com.\" \/>\n<meta name=\"robots\" content=\"index, follow, max-snippet:-1, max-image-preview:large, max-video-preview:-1\" \/>\n<meta property=\"og:locale\" content=\"fr_CA\" \/>\n<meta property=\"og:type\" content=\"article\" \/>\n<meta property=\"og:title\" content=\"Une nouvelle 911 Carrera T en version manuelle et d\u00e9capotable - CanadaMotorJobs.com\" \/>\n<meta property=\"og:description\" content=\"Une nouvelle 911 Carrera T en version manuelle et d\u00e9capotable - Benoit Charette - Annuel automobile - CanadaMotorJobs.com.\" \/>\n<meta property=\"og:url\" content=\"https:\/\/news.canadamotorjobs.com\/fr\/une-nouvelle-911-carrera-t-en-version-manuelle-et-decapotable\/\" \/>\n<meta property=\"og:site_name\" content=\"CanadaMotorJobs.com\" \/>\n<meta property=\"article:publisher\" content=\"https:\/\/www.facebook.com\/canadamotorjobs\/\" \/>\n<meta property=\"article:published_time\" content=\"2024-10-31T07:24:24+00:00\" \/>\n<meta property=\"article:modified_time\" content=\"2024-10-31T07:29:24+00:00\" \/>\n<meta property=\"og:image\" content=\"https:\/\/news.canadamotorjobs.com\/wp-content\/uploads\/2024\/10\/2025-porsche-911-carrera-t_18.jpg\" \/>\n\t<meta property=\"og:image:width\" content=\"1200\" \/>\n\t<meta property=\"og:image:height\" content=\"675\" \/>\n\t<meta property=\"og:image:type\" content=\"image\/jpeg\" \/>\n<meta name=\"author\" content=\"Benoit Charette\" \/>\n<meta name=\"twitter:card\" content=\"summary_large_image\" \/>\n<meta name=\"twitter:creator\" content=\"@canadamotorjobs\" \/>\n<meta name=\"twitter:site\" content=\"@canadamotorjobs\" \/>\n<meta name=\"twitter:label1\" content=\"\u00c9crit par\" \/>\n\t<meta name=\"twitter:data1\" content=\"Benoit Charette\" \/>\n\t<meta name=\"twitter:label2\" content=\"Estimation du temps de lecture\" \/>\n\t<meta name=\"twitter:data2\" content=\"3 minutes\" \/>\n<!-- \/ Yoast SEO plugin. -->","yoast_head_json":{"title":"Une nouvelle 911 Carrera T en version manuelle et d\u00e9capotable - CanadaMotorJobs.com","description":"Une nouvelle 911 Carrera T en version manuelle et d\u00e9capotable - Benoit Charette - Annuel automobile - CanadaMotorJobs.com.","robots":{"index":"index","follow":"follow","max-snippet":"max-snippet:-1","max-image-preview":"max-image-preview:large","max-video-preview":"max-video-preview:-1"},"og_locale":"fr_CA","og_type":"article","og_title":"Une nouvelle 911 Carrera T en version manuelle et d\u00e9capotable - CanadaMotorJobs.com","og_description":"Une nouvelle 911 Carrera T en version manuelle et d\u00e9capotable - Benoit Charette - Annuel automobile - CanadaMotorJobs.com.","og_url":"https:\/\/news.canadamotorjobs.com\/fr\/une-nouvelle-911-carrera-t-en-version-manuelle-et-decapotable\/","og_site_name":"CanadaMotorJobs.com","article_publisher":"https:\/\/www.facebook.com\/canadamotorjobs\/","article_published_time":"2024-10-31T07:24:24+00:00","article_modified_time":"2024-10-31T07:29:24+00:00","og_image":[{"width":1200,"height":675,"url":"https:\/\/news.canadamotorjobs.com\/wp-content\/uploads\/2024\/10\/2025-porsche-911-carrera-t_18.jpg","type":"image\/jpeg"}],"author":"Benoit Charette","twitter_card":"summary_large_image","twitter_creator":"@canadamotorjobs","twitter_site":"@canadamotorjobs","twitter_misc":{"\u00c9crit par":"Benoit Charette","Estimation du temps de lecture":"3 minutes"},"schema":{"@context":"https:\/\/schema.org","@graph":[{"@type":"Article","@id":"https:\/\/news.canadamotorjobs.com\/fr\/une-nouvelle-911-carrera-t-en-version-manuelle-et-decapotable\/#article","isPartOf":{"@id":"https:\/\/news.canadamotorjobs.com\/fr\/une-nouvelle-911-carrera-t-en-version-manuelle-et-decapotable\/"},"author":{"name":"Benoit Charette","@id":"https:\/\/news.canadamotorjobs.com\/#\/schema\/person\/51793d1f87d44011d7bcc2ed99269a90"},"headline":"Une nouvelle 911 Carrera T en version manuelle et d\u00e9capotable","datePublished":"2024-10-31T07:24:24+00:00","dateModified":"2024-10-31T07:29:24+00:00","mainEntityOfPage":{"@id":"https:\/\/news.canadamotorjobs.com\/fr\/une-nouvelle-911-carrera-t-en-version-manuelle-et-decapotable\/"},"wordCount":610,"publisher":{"@id":"https:\/\/news.canadamotorjobs.com\/#organization"},"image":{"@id":"https:\/\/news.canadamotorjobs.com\/fr\/une-nouvelle-911-carrera-t-en-version-manuelle-et-decapotable\/#primaryimage"},"thumbnailUrl":"https:\/\/news.canadamotorjobs.com\/wp-content\/uploads\/2024\/10\/2025-porsche-911-carrera-t_18.jpg","articleSection":["Annuel automobile"],"inLanguage":"fr-CA"},{"@type":"WebPage","@id":"https:\/\/news.canadamotorjobs.com\/fr\/une-nouvelle-911-carrera-t-en-version-manuelle-et-decapotable\/","url":"https:\/\/news.canadamotorjobs.com\/fr\/une-nouvelle-911-carrera-t-en-version-manuelle-et-decapotable\/","name":"Une nouvelle 911 Carrera T en version manuelle et d\u00e9capotable - CanadaMotorJobs.com","isPartOf":{"@id":"https:\/\/news.canadamotorjobs.com\/#website"},"primaryImageOfPage":{"@id":"https:\/\/news.canadamotorjobs.com\/fr\/une-nouvelle-911-carrera-t-en-version-manuelle-et-decapotable\/#primaryimage"},"image":{"@id":"https:\/\/news.canadamotorjobs.com\/fr\/une-nouvelle-911-carrera-t-en-version-manuelle-et-decapotable\/#primaryimage"},"thumbnailUrl":"https:\/\/news.canadamotorjobs.com\/wp-content\/uploads\/2024\/10\/2025-porsche-911-carrera-t_18.jpg","datePublished":"2024-10-31T07:24:24+00:00","dateModified":"2024-10-31T07:29:24+00:00","description":"Une nouvelle 911 Carrera T en version manuelle et d\u00e9capotable - Benoit Charette - Annuel automobile - CanadaMotorJobs.com.","breadcrumb":{"@id":"https:\/\/news.canadamotorjobs.com\/fr\/une-nouvelle-911-carrera-t-en-version-manuelle-et-decapotable\/#breadcrumb"},"inLanguage":"fr-CA","potentialAction":[{"@type":"ReadAction","target":["https:\/\/news.canadamotorjobs.com\/fr\/une-nouvelle-911-carrera-t-en-version-manuelle-et-decapotable\/"]}]},{"@type":"ImageObject","inLanguage":"fr-CA","@id":"https:\/\/news.canadamotorjobs.com\/fr\/une-nouvelle-911-carrera-t-en-version-manuelle-et-decapotable\/#primaryimage","url":"https:\/\/news.canadamotorjobs.com\/wp-content\/uploads\/2024\/10\/2025-porsche-911-carrera-t_18.jpg","contentUrl":"https:\/\/news.canadamotorjobs.com\/wp-content\/uploads\/2024\/10\/2025-porsche-911-carrera-t_18.jpg","width":1200,"height":675},{"@type":"BreadcrumbList","@id":"https:\/\/news.canadamotorjobs.com\/fr\/une-nouvelle-911-carrera-t-en-version-manuelle-et-decapotable\/#breadcrumb","itemListElement":[{"@type":"ListItem","position":1,"name":"Home","item":"https:\/\/news.canadamotorjobs.com\/fr\/blog\/"},{"@type":"ListItem","position":2,"name":"Une nouvelle 911 Carrera T en version manuelle et d\u00e9capotable"}]},{"@type":"WebSite","@id":"https:\/\/news.canadamotorjobs.com\/#website","url":"https:\/\/news.canadamotorjobs.com\/","name":"CanadaMotorJobs.com","description":"Automotive Jobs","publisher":{"@id":"https:\/\/news.canadamotorjobs.com\/#organization"},"potentialAction":[{"@type":"SearchAction","target":{"@type":"EntryPoint","urlTemplate":"https:\/\/news.canadamotorjobs.com\/?s={search_term_string}"},"query-input":"required name=search_term_string"}],"inLanguage":"fr-CA"},{"@type":"Organization","@id":"https:\/\/news.canadamotorjobs.com\/#organization","name":"Canada Motor Jobs","url":"https:\/\/news.canadamotorjobs.com\/","logo":{"@type":"ImageObject","inLanguage":"fr-CA","@id":"https:\/\/news.canadamotorjobs.com\/#\/schema\/logo\/image\/","url":"https:\/\/news.canadamotorjobs.com\/wp-content\/uploads\/2022\/10\/logo-canada-motor-jobs-1.png","contentUrl":"https:\/\/news.canadamotorjobs.com\/wp-content\/uploads\/2022\/10\/logo-canada-motor-jobs-1.png","width":800,"height":400,"caption":"Canada Motor Jobs"},"image":{"@id":"https:\/\/news.canadamotorjobs.com\/#\/schema\/logo\/image\/"},"sameAs":["https:\/\/www.facebook.com\/canadamotorjobs\/","https:\/\/x.com\/canadamotorjobs","https:\/\/www.instagram.com\/canadamotorjobs\/","https:\/\/www.linkedin.com\/company\/canadamotorjobs"]},{"@type":"Person","@id":"https:\/\/news.canadamotorjobs.com\/#\/schema\/person\/51793d1f87d44011d7bcc2ed99269a90","name":"Benoit Charette","image":{"@type":"ImageObject","inLanguage":"fr-CA","@id":"https:\/\/news.canadamotorjobs.com\/#\/schema\/person\/image\/","url":"https:\/\/secure.gravatar.com\/avatar\/45f3d2eebcccd909668d7ce7ea7267b6?s=96&d=mm&r=g","contentUrl":"https:\/\/secure.gravatar.com\/avatar\/45f3d2eebcccd909668d7ce7ea7267b6?s=96&d=mm&r=g","caption":"Benoit Charette"},"description":"Benoit Charette \/ Propri\u00e9taire et r\u00e9dacteur en chef Benoit Charette pratique le journalisme automobile depuis bient\u00f4t 30 ans. Il a fait ses classes au c\u00f4t\u00e9 de Daniel H\u00e9raud et au Carnet de route de 1992 \u00e0 2001. Il est fondateur, copropri\u00e9taire et r\u00e9dacteur en chef de L\u2019Annuel de l\u2019automobile, qu\u2019il publie depuis 2001. Il a anim\u00e9 les \u00e9missions RPM et RPM+ sur V et les L\u00e9gendes de la route sur Historia. \u00c0 la radio depuis 1986, il reprend l\u2019antenne cette ann\u00e9e sur les ondes de Cogeco et participe pour la deuxi\u00e8me ann\u00e9e \u00e0 l\u2019\u00e9mission Passion Auto sur RDS en plus de mettre en ligne le site Web officiel de L\u2019Annuel de l\u2019automobile sur annuelauto.ca.","sameAs":["https:\/\/annuelauto.ca\/"],"url":"https:\/\/news.canadamotorjobs.com\/fr\/author\/benoit-charette\/"}]}},"_links":{"self":[{"href":"https:\/\/news.canadamotorjobs.com\/fr\/wp-json\/wp\/v2\/posts\/179847"}],"collection":[{"href":"https:\/\/news.canadamotorjobs.com\/fr\/wp-json\/wp\/v2\/posts"}],"about":[{"href":"https:\/\/news.canadamotorjobs.com\/fr\/wp-json\/wp\/v2\/types\/post"}],"author":[{"embeddable":true,"href":"https:\/\/news.canadamotorjobs.com\/fr\/wp-json\/wp\/v2\/users\/8"}],"replies":[{"embeddable":true,"href":"https:\/\/news.canadamotorjobs.com\/fr\/wp-json\/wp\/v2\/comments?post=179847"}],"version-history":[{"count":3,"href":"https:\/\/news.canadamotorjobs.com\/fr\/wp-json\/wp\/v2\/posts\/179847\/revisions"}],"predecessor-version":[{"id":179910,"href":"https:\/\/news.canadamotorjobs.com\/fr\/wp-json\/wp\/v2\/posts\/179847\/revisions\/179910"}],"wp:featuredmedia":[{"embeddable":true,"href":"https:\/\/news.canadamotorjobs.com\/fr\/wp-json\/wp\/v2\/media\/179849"}],"wp:attachment":[{"href":"https:\/\/news.canadamotorjobs.com\/fr\/wp-json\/wp\/v2\/media?parent=179847"}],"wp:term":[{"taxonomy":"category","embeddable":true,"href":"https:\/\/news.canadamotorjobs.com\/fr\/wp-json\/wp\/v2\/categories?post=179847"},{"taxonomy":"post_tag","embeddable":true,"href":"https:\/\/news.canadamotorjobs.com\/fr\/wp-json\/wp\/v2\/tags?post=179847"}],"curies":[{"name":"wp","href":"https:\/\/api.w.org\/{rel}","templated":true}]}}