{"id":179815,"date":"2024-10-31T03:24:26","date_gmt":"2024-10-31T07:24:26","guid":{"rendered":"https:\/\/news.canadamotorjobs.com\/?p=179815"},"modified":"2024-10-31T03:28:59","modified_gmt":"2024-10-31T07:28:59","slug":"hyundai-ioniq-9-des-premieres-images-du-prochain-ve-de-la-marque-coreenne","status":"publish","type":"post","link":"https:\/\/news.canadamotorjobs.com\/fr\/hyundai-ioniq-9-des-premieres-images-du-prochain-ve-de-la-marque-coreenne\/","title":{"rendered":"Hyundai Ioniq 9 : des premi\u00e8res images du prochain V\u00c9 de la marque cor\u00e9enne"},"content":{"rendered":"<\/p>\n<p>Hyundai l\u00e8ve enfin le voile sur son myst\u00e9rieux Ioniq 9, un VUS \u00e9lectrique qui promet, selon le constructeur, de r\u00e9volutionner le segment des v\u00e9hicules familiaux. Ce VUS \u00e0 trois rang\u00e9es proche cousin du Kia EV9 est pr\u00e9vu pour une premi\u00e8re mondiale en novembre 2024. Selon Hyundai, il introduit l&#8217;innovation esth\u00e9tique et l&#8217;a\u00e9rodynamisme dans un espace de vie ample et luxueux, mettant l&#8217;accent sur le confort des passagers.<\/p>\n<p><strong>Un design distinctif pour l&#8217;Ioniq 9<\/strong><\/p>\n<p>Le \u00ab 9 \u00bb de l&#8217;Ioniq 9 symbolise l&#8217;entr\u00e9e de Hyundai dans le segment des grands VUS \u00e9lectriques, compl\u00e9tant la gamme aux c\u00f4t\u00e9s des Ioniq 5 et Ioniq 6. Reposant sur la plateforme E-GMP de Hyundai, ce mod\u00e8le maximise l&#8217;espace int\u00e9rieur pour offrir un confort optimal \u00e0 tous les passagers. L&#8217;Ioniq 9 peut accueillir jusqu&#8217;\u00e0 sept passagers et propose un volume de chargement g\u00e9n\u00e9reux. Les si\u00e8ges de la deuxi\u00e8me rang\u00e9e sont r\u00e9glables et inclinables, tandis que la troisi\u00e8me rang\u00e9e offre un espace suffisant pour les adultes. L&#8217;habitacle est con\u00e7u pour minimiser le bruit et les vibrations, garantissant une exp\u00e9rience de conduite paisible et relaxante.<\/p>\n<p>\u00a0<\/p>\n<p><\/p>\n<figure><img decoding=\"async\" src=\"https:\/\/news.canadamotorjobs.com\/wp-content\/uploads\/2024\/10\/63892-HyundaiMotorPresentsFirstLookatIONIQ9EmbarkingonaNewEraofSpaciousEVDesign-5.jpg\" alt=\"Le Hyundai Ioniq 9 2025, silhouette\" \/><figcaption>Le Hyundai Ioniq 9 2025, silhouette | Auto123.com<\/figcaption><\/figure>\n<p><strong>Entre style et performance<\/strong><\/p>\n<p>Avec son design \u00ab A\u00e9rosth\u00e9tique \u00bb, l&#8217;Ioniq 9 introduit une silhouette inspir\u00e9e des navires, une ligne de toit incurv\u00e9e et un empattement \u00e9tendu. Cette combinaison donne \u00e0 ce VUS un look fluide tout en int\u00e9grant des caract\u00e9ristiques traditionnelles cor\u00e9ennes, notamment des lignes de style inspir\u00e9es du v\u00eatement Hanbok.<\/p>\n<p>Les phares pr\u00e9sentent les pixels param\u00e9triques typiques des mod\u00e8les Ioniq, et les jantes \u00e0 rayons multiples renforcent son allure dynamique.<\/p>\n<p><\/p>\n<figure><img decoding=\"async\" src=\"https:\/\/news.canadamotorjobs.com\/wp-content\/uploads\/2024\/10\/63893-HyundaiMotorPresentsFirstLookatIONIQ9EmbarkingonaNewEraofSpaciousEVDesign-1.jpg\" alt=\"Le Hyundai Ioniq 9 2025, d\u00e9tails\" \/><figcaption>Le Hyundai Ioniq 9 2025, d\u00e9tails | Auto123.com<\/figcaption><\/figure>\n<p><strong>En route vers l&#8217;\u00e9lectrification totale<\/strong><\/p>\n<p>Le lancement de l&#8217;Ioniq 9 intervient alors que Hyundai c\u00e9l\u00e8bre son 100 millioni\u00e8me v\u00e9hicule produit. On sait que la marque s\u2019est fix\u00e9 un objectif ambitieux de vendre deux millions de V\u00c9 d&#8217;ici 2030, ce nouveau mod\u00e8le s\u2019inscrit donc dans cette strat\u00e9gie.<\/p>\n<p><strong>Une premi\u00e8re mondiale en novembre<\/strong><\/p>\n<p>Le lancement officiel est pr\u00e9vu pour le mois de novembre. On peut s\u2019attendre \u00e0 d\u2019autres images et d\u00e9tails techniques d\u2019ici l\u00e0.<\/p>\n<p><\/p>\n<p style=\"padding-top: 15px\">Contenu original de <a href=\"https:\/\/www.auto123.com\/fr\/actualites\/hyundai-montre-ioniq-9-vus-electrique\/72007\/\">auto123<\/a>.<\/p>\n<p>Le texte <a rel=\"nofollow\" href=\"https:\/\/annuelauto.ca\/hyundai-ioniq-9-des-premieres-images-du-prochain-ve-de-la-marque-coreenne\/\">Hyundai Ioniq 9 : des premi\u00e8res images du prochain V\u00c9 de la marque cor\u00e9enne<\/a> provient de <a rel=\"nofollow\" href=\"https:\/\/annuelauto.ca\">L&#8217;annuel de l&#8217;automobile &#8211; Actualit\u00e9 automobile<\/a><\/p>\n<p><\/p>\n","protected":false},"excerpt":{"rendered":"<p>Hyundai l\u00e8ve enfin le voile sur son myst\u00e9rieux Ioniq 9, un VUS \u00e9lectrique qui promet, selon le constructeur, de r\u00e9volutionner le segment des v\u00e9hicules familiaux. Ce VUS \u00e0 trois rang\u00e9es proche cousin du Kia EV9 est pr\u00e9vu pour une premi\u00e8re mondiale en novembre 2024. Selon Hyundai, il introduit l&#8217;innovation esth\u00e9tique et l&#8217;a\u00e9rodynamisme dans un espace [&hellip;]<\/p>\n","protected":false},"author":8,"featured_media":179817,"comment_status":"close","ping_status":"closed","sticky":false,"template":"","format":"standard","meta":{"_monsterinsights_skip_tracking":false,"_monsterinsights_sitenote_active":false,"_monsterinsights_sitenote_note":"","_monsterinsights_sitenote_category":0,"footnotes":""},"categories":[101],"tags":[],"yoast_head":"<!-- This site is optimized with the Yoast SEO plugin v23.2 - https:\/\/yoast.com\/wordpress\/plugins\/seo\/ -->\n<title>Hyundai Ioniq 9 : des premi\u00e8res images du prochain V\u00c9 de la marque cor\u00e9enne - CanadaMotorJobs.com<\/title>\n<meta name=\"description\" content=\"Hyundai Ioniq 9 : des premi\u00e8res images du prochain V\u00c9 de la marque cor\u00e9enne - Benoit Charette - Annuel automobile - CanadaMotorJobs.com.\" \/>\n<meta name=\"robots\" content=\"index, follow, max-snippet:-1, max-image-preview:large, max-video-preview:-1\" \/>\n<meta property=\"og:locale\" content=\"fr_CA\" \/>\n<meta property=\"og:type\" content=\"article\" \/>\n<meta property=\"og:title\" content=\"Hyundai Ioniq 9 : des premi\u00e8res images du prochain V\u00c9 de la marque cor\u00e9enne - CanadaMotorJobs.com\" \/>\n<meta property=\"og:description\" content=\"Hyundai Ioniq 9 : des premi\u00e8res images du prochain V\u00c9 de la marque cor\u00e9enne - Benoit Charette - Annuel automobile - CanadaMotorJobs.com.\" \/>\n<meta property=\"og:url\" content=\"https:\/\/news.canadamotorjobs.com\/fr\/hyundai-ioniq-9-des-premieres-images-du-prochain-ve-de-la-marque-coreenne\/\" \/>\n<meta property=\"og:site_name\" content=\"CanadaMotorJobs.com\" \/>\n<meta property=\"article:publisher\" content=\"https:\/\/www.facebook.com\/canadamotorjobs\/\" \/>\n<meta property=\"article:published_time\" content=\"2024-10-31T07:24:26+00:00\" \/>\n<meta property=\"article:modified_time\" content=\"2024-10-31T07:28:59+00:00\" \/>\n<meta property=\"og:image\" content=\"https:\/\/news.canadamotorjobs.com\/wp-content\/uploads\/2024\/10\/63892-HyundaiMotorPresentsFirstLookatIONIQ9EmbarkingonaNewEraofSpaciousEVDesign.jpg\" \/>\n\t<meta property=\"og:image:width\" content=\"1200\" \/>\n\t<meta property=\"og:image:height\" content=\"489\" \/>\n\t<meta property=\"og:image:type\" content=\"image\/jpeg\" \/>\n<meta name=\"author\" content=\"Benoit Charette\" \/>\n<meta name=\"twitter:card\" content=\"summary_large_image\" \/>\n<meta name=\"twitter:creator\" content=\"@canadamotorjobs\" \/>\n<meta name=\"twitter:site\" content=\"@canadamotorjobs\" \/>\n<meta name=\"twitter:label1\" content=\"\u00c9crit par\" \/>\n\t<meta name=\"twitter:data1\" content=\"Benoit Charette\" \/>\n\t<meta name=\"twitter:label2\" content=\"Estimation du temps de lecture\" \/>\n\t<meta name=\"twitter:data2\" content=\"2 minutes\" \/>\n<!-- \/ Yoast SEO plugin. -->","yoast_head_json":{"title":"Hyundai Ioniq 9 : des premi\u00e8res images du prochain V\u00c9 de la marque cor\u00e9enne - CanadaMotorJobs.com","description":"Hyundai Ioniq 9 : des premi\u00e8res images du prochain V\u00c9 de la marque cor\u00e9enne - Benoit Charette - Annuel automobile - CanadaMotorJobs.com.","robots":{"index":"index","follow":"follow","max-snippet":"max-snippet:-1","max-image-preview":"max-image-preview:large","max-video-preview":"max-video-preview:-1"},"og_locale":"fr_CA","og_type":"article","og_title":"Hyundai Ioniq 9 : des premi\u00e8res images du prochain V\u00c9 de la marque cor\u00e9enne - CanadaMotorJobs.com","og_description":"Hyundai Ioniq 9 : des premi\u00e8res images du prochain V\u00c9 de la marque cor\u00e9enne - Benoit Charette - Annuel automobile - CanadaMotorJobs.com.","og_url":"https:\/\/news.canadamotorjobs.com\/fr\/hyundai-ioniq-9-des-premieres-images-du-prochain-ve-de-la-marque-coreenne\/","og_site_name":"CanadaMotorJobs.com","article_publisher":"https:\/\/www.facebook.com\/canadamotorjobs\/","article_published_time":"2024-10-31T07:24:26+00:00","article_modified_time":"2024-10-31T07:28:59+00:00","og_image":[{"width":1200,"height":489,"url":"https:\/\/news.canadamotorjobs.com\/wp-content\/uploads\/2024\/10\/63892-HyundaiMotorPresentsFirstLookatIONIQ9EmbarkingonaNewEraofSpaciousEVDesign.jpg","type":"image\/jpeg"}],"author":"Benoit Charette","twitter_card":"summary_large_image","twitter_creator":"@canadamotorjobs","twitter_site":"@canadamotorjobs","twitter_misc":{"\u00c9crit par":"Benoit Charette","Estimation du temps de lecture":"2 minutes"},"schema":{"@context":"https:\/\/schema.org","@graph":[{"@type":"Article","@id":"https:\/\/news.canadamotorjobs.com\/fr\/hyundai-ioniq-9-des-premieres-images-du-prochain-ve-de-la-marque-coreenne\/#article","isPartOf":{"@id":"https:\/\/news.canadamotorjobs.com\/fr\/hyundai-ioniq-9-des-premieres-images-du-prochain-ve-de-la-marque-coreenne\/"},"author":{"name":"Benoit Charette","@id":"https:\/\/news.canadamotorjobs.com\/#\/schema\/person\/51793d1f87d44011d7bcc2ed99269a90"},"headline":"Hyundai Ioniq 9 : des premi\u00e8res images du prochain V\u00c9 de la marque cor\u00e9enne","datePublished":"2024-10-31T07:24:26+00:00","dateModified":"2024-10-31T07:28:59+00:00","mainEntityOfPage":{"@id":"https:\/\/news.canadamotorjobs.com\/fr\/hyundai-ioniq-9-des-premieres-images-du-prochain-ve-de-la-marque-coreenne\/"},"wordCount":421,"publisher":{"@id":"https:\/\/news.canadamotorjobs.com\/#organization"},"image":{"@id":"https:\/\/news.canadamotorjobs.com\/fr\/hyundai-ioniq-9-des-premieres-images-du-prochain-ve-de-la-marque-coreenne\/#primaryimage"},"thumbnailUrl":"https:\/\/news.canadamotorjobs.com\/wp-content\/uploads\/2024\/10\/63892-HyundaiMotorPresentsFirstLookatIONIQ9EmbarkingonaNewEraofSpaciousEVDesign.jpg","articleSection":["Annuel automobile"],"inLanguage":"fr-CA"},{"@type":"WebPage","@id":"https:\/\/news.canadamotorjobs.com\/fr\/hyundai-ioniq-9-des-premieres-images-du-prochain-ve-de-la-marque-coreenne\/","url":"https:\/\/news.canadamotorjobs.com\/fr\/hyundai-ioniq-9-des-premieres-images-du-prochain-ve-de-la-marque-coreenne\/","name":"Hyundai Ioniq 9 : des premi\u00e8res images du prochain V\u00c9 de la marque cor\u00e9enne - CanadaMotorJobs.com","isPartOf":{"@id":"https:\/\/news.canadamotorjobs.com\/#website"},"primaryImageOfPage":{"@id":"https:\/\/news.canadamotorjobs.com\/fr\/hyundai-ioniq-9-des-premieres-images-du-prochain-ve-de-la-marque-coreenne\/#primaryimage"},"image":{"@id":"https:\/\/news.canadamotorjobs.com\/fr\/hyundai-ioniq-9-des-premieres-images-du-prochain-ve-de-la-marque-coreenne\/#primaryimage"},"thumbnailUrl":"https:\/\/news.canadamotorjobs.com\/wp-content\/uploads\/2024\/10\/63892-HyundaiMotorPresentsFirstLookatIONIQ9EmbarkingonaNewEraofSpaciousEVDesign.jpg","datePublished":"2024-10-31T07:24:26+00:00","dateModified":"2024-10-31T07:28:59+00:00","description":"Hyundai Ioniq 9 : des premi\u00e8res images du prochain V\u00c9 de la marque cor\u00e9enne - Benoit Charette - Annuel automobile - CanadaMotorJobs.com.","breadcrumb":{"@id":"https:\/\/news.canadamotorjobs.com\/fr\/hyundai-ioniq-9-des-premieres-images-du-prochain-ve-de-la-marque-coreenne\/#breadcrumb"},"inLanguage":"fr-CA","potentialAction":[{"@type":"ReadAction","target":["https:\/\/news.canadamotorjobs.com\/fr\/hyundai-ioniq-9-des-premieres-images-du-prochain-ve-de-la-marque-coreenne\/"]}]},{"@type":"ImageObject","inLanguage":"fr-CA","@id":"https:\/\/news.canadamotorjobs.com\/fr\/hyundai-ioniq-9-des-premieres-images-du-prochain-ve-de-la-marque-coreenne\/#primaryimage","url":"https:\/\/news.canadamotorjobs.com\/wp-content\/uploads\/2024\/10\/63892-HyundaiMotorPresentsFirstLookatIONIQ9EmbarkingonaNewEraofSpaciousEVDesign.jpg","contentUrl":"https:\/\/news.canadamotorjobs.com\/wp-content\/uploads\/2024\/10\/63892-HyundaiMotorPresentsFirstLookatIONIQ9EmbarkingonaNewEraofSpaciousEVDesign.jpg","width":1200,"height":489},{"@type":"BreadcrumbList","@id":"https:\/\/news.canadamotorjobs.com\/fr\/hyundai-ioniq-9-des-premieres-images-du-prochain-ve-de-la-marque-coreenne\/#breadcrumb","itemListElement":[{"@type":"ListItem","position":1,"name":"Home","item":"https:\/\/news.canadamotorjobs.com\/fr\/blog\/"},{"@type":"ListItem","position":2,"name":"Hyundai Ioniq 9 : des premi\u00e8res images du prochain V\u00c9 de la marque cor\u00e9enne"}]},{"@type":"WebSite","@id":"https:\/\/news.canadamotorjobs.com\/#website","url":"https:\/\/news.canadamotorjobs.com\/","name":"CanadaMotorJobs.com","description":"Automotive Jobs","publisher":{"@id":"https:\/\/news.canadamotorjobs.com\/#organization"},"potentialAction":[{"@type":"SearchAction","target":{"@type":"EntryPoint","urlTemplate":"https:\/\/news.canadamotorjobs.com\/?s={search_term_string}"},"query-input":"required name=search_term_string"}],"inLanguage":"fr-CA"},{"@type":"Organization","@id":"https:\/\/news.canadamotorjobs.com\/#organization","name":"Canada Motor Jobs","url":"https:\/\/news.canadamotorjobs.com\/","logo":{"@type":"ImageObject","inLanguage":"fr-CA","@id":"https:\/\/news.canadamotorjobs.com\/#\/schema\/logo\/image\/","url":"https:\/\/news.canadamotorjobs.com\/wp-content\/uploads\/2022\/10\/logo-canada-motor-jobs-1.png","contentUrl":"https:\/\/news.canadamotorjobs.com\/wp-content\/uploads\/2022\/10\/logo-canada-motor-jobs-1.png","width":800,"height":400,"caption":"Canada Motor Jobs"},"image":{"@id":"https:\/\/news.canadamotorjobs.com\/#\/schema\/logo\/image\/"},"sameAs":["https:\/\/www.facebook.com\/canadamotorjobs\/","https:\/\/x.com\/canadamotorjobs","https:\/\/www.instagram.com\/canadamotorjobs\/","https:\/\/www.linkedin.com\/company\/canadamotorjobs"]},{"@type":"Person","@id":"https:\/\/news.canadamotorjobs.com\/#\/schema\/person\/51793d1f87d44011d7bcc2ed99269a90","name":"Benoit Charette","image":{"@type":"ImageObject","inLanguage":"fr-CA","@id":"https:\/\/news.canadamotorjobs.com\/#\/schema\/person\/image\/","url":"https:\/\/secure.gravatar.com\/avatar\/45f3d2eebcccd909668d7ce7ea7267b6?s=96&d=mm&r=g","contentUrl":"https:\/\/secure.gravatar.com\/avatar\/45f3d2eebcccd909668d7ce7ea7267b6?s=96&d=mm&r=g","caption":"Benoit Charette"},"description":"Benoit Charette \/ Propri\u00e9taire et r\u00e9dacteur en chef Benoit Charette pratique le journalisme automobile depuis bient\u00f4t 30 ans. Il a fait ses classes au c\u00f4t\u00e9 de Daniel H\u00e9raud et au Carnet de route de 1992 \u00e0 2001. Il est fondateur, copropri\u00e9taire et r\u00e9dacteur en chef de L\u2019Annuel de l\u2019automobile, qu\u2019il publie depuis 2001. Il a anim\u00e9 les \u00e9missions RPM et RPM+ sur V et les L\u00e9gendes de la route sur Historia. \u00c0 la radio depuis 1986, il reprend l\u2019antenne cette ann\u00e9e sur les ondes de Cogeco et participe pour la deuxi\u00e8me ann\u00e9e \u00e0 l\u2019\u00e9mission Passion Auto sur RDS en plus de mettre en ligne le site Web officiel de L\u2019Annuel de l\u2019automobile sur annuelauto.ca.","sameAs":["https:\/\/annuelauto.ca\/"],"url":"https:\/\/news.canadamotorjobs.com\/fr\/author\/benoit-charette\/"}]}},"_links":{"self":[{"href":"https:\/\/news.canadamotorjobs.com\/fr\/wp-json\/wp\/v2\/posts\/179815"}],"collection":[{"href":"https:\/\/news.canadamotorjobs.com\/fr\/wp-json\/wp\/v2\/posts"}],"about":[{"href":"https:\/\/news.canadamotorjobs.com\/fr\/wp-json\/wp\/v2\/types\/post"}],"author":[{"embeddable":true,"href":"https:\/\/news.canadamotorjobs.com\/fr\/wp-json\/wp\/v2\/users\/8"}],"replies":[{"embeddable":true,"href":"https:\/\/news.canadamotorjobs.com\/fr\/wp-json\/wp\/v2\/comments?post=179815"}],"version-history":[{"count":3,"href":"https:\/\/news.canadamotorjobs.com\/fr\/wp-json\/wp\/v2\/posts\/179815\/revisions"}],"predecessor-version":[{"id":179846,"href":"https:\/\/news.canadamotorjobs.com\/fr\/wp-json\/wp\/v2\/posts\/179815\/revisions\/179846"}],"wp:featuredmedia":[{"embeddable":true,"href":"https:\/\/news.canadamotorjobs.com\/fr\/wp-json\/wp\/v2\/media\/179817"}],"wp:attachment":[{"href":"https:\/\/news.canadamotorjobs.com\/fr\/wp-json\/wp\/v2\/media?parent=179815"}],"wp:term":[{"taxonomy":"category","embeddable":true,"href":"https:\/\/news.canadamotorjobs.com\/fr\/wp-json\/wp\/v2\/categories?post=179815"},{"taxonomy":"post_tag","embeddable":true,"href":"https:\/\/news.canadamotorjobs.com\/fr\/wp-json\/wp\/v2\/tags?post=179815"}],"curies":[{"name":"wp","href":"https:\/\/api.w.org\/{rel}","templated":true}]}}