{"id":179783,"date":"2024-10-31T03:24:26","date_gmt":"2024-10-31T07:24:26","guid":{"rendered":"https:\/\/news.canadamotorjobs.com\/?p=179783"},"modified":"2024-10-31T03:28:48","modified_gmt":"2024-10-31T07:28:48","slug":"cadillac-ouvre-une-nouvelle-ere-de-performance-avec-le-lyriq-v-100-electrique","status":"publish","type":"post","link":"https:\/\/news.canadamotorjobs.com\/fr\/cadillac-ouvre-une-nouvelle-ere-de-performance-avec-le-lyriq-v-100-electrique\/","title":{"rendered":"Cadillac ouvre une nouvelle \u00e8re de performance avec le Lyriq-V 100 % \u00e9lectrique"},"content":{"rendered":"<\/p>\n<p>Cadillac vient de pr\u00e9senter le Lyriq-V 2026. Ce VUS \u00e9lectrique, qui rejoindra la famille V-Series au d\u00e9but de l&#8217;ann\u00e9e prochaine, marque un tournant pour la marque en combinant le luxe et la performance \u00e0 une motorisation 100 % \u00e9lectrique.<\/p>\n<p>Depuis son introduction en 2004, la s\u00e9rie V de Cadillac a toujours cherch\u00e9 \u00e0 repousser les limites de la performance brute. Le Lyriq-V s\u2019inscrira-t-il dans cette lign\u00e9e ? Nous le verrons bien lorsque nous pourrons mettre la main dessus, mais il promet d\u2019\u00eatre unique.<\/p>\n<h2>\u00a0<\/h2>\n<p><\/p>\n<figure><img decoding=\"async\" src=\"https:\/\/news.canadamotorjobs.com\/wp-content\/uploads\/2024\/10\/2026-cadillac-lyriq-v-002-5.jpg\" alt=\"Le Cadillac Lyriq-V 2026, trois quarts arri\u00e8re\" \/><figcaption>Le Cadillac Lyriq-V 2026, trois quarts arri\u00e8re | Auto123.com<\/figcaption><\/figure>\n<h2>Design du Cadillac Lyriq-V 2026<\/h2>\n<p>Cadillac a d\u00e9voil\u00e9 les premi\u00e8res images officielles du Lyriq-V, offrant un aper\u00e7u de son esth\u00e9tique distinctive. On y retrouve des \u00e9l\u00e9ments de design exclusifs \u00e0 la version V-Series, tels que des jantes au design sportif, des prises d&#8217;air plus larges et des \u00e9l\u00e9ments a\u00e9rodynamiques optimis\u00e9s.<\/p>\n<p><strong>Des performances \u00e0 la hauteur des attentes<\/strong><\/p>\n<p>Les sp\u00e9cifications compl\u00e8tes du mod\u00e8le ne seront r\u00e9v\u00e9l\u00e9es qu&#8217;au d\u00e9but de l&#8217;ann\u00e9e 2025, mais on peut s&#8217;attendre \u00e0 ce que le Lyriq-V offre des performances exceptionnelles. On peut s\u2019attendre \u00e0 une transmission int\u00e9grale \u00e0 deux moteurs \u00e9lectriques, lui permettant de rivaliser avec des concurrents comme le Tesla Model X Plaid et le Mercedes-AMG EQE SUV. On peut anticiper une puissance sup\u00e9rieure \u00e0 500 chevaux et un couple instantan\u00e9 procurant des acc\u00e9l\u00e9rations fulgurantes.<\/p>\n<p>Le Lyriq-V 2026 repr\u00e9sente une nouvelle \u00e9tape dans l&#8217;\u00e9volution de Cadillac et confirme l&#8217;engagement de la marque envers l&#8217;\u00e9lectrification de ses v\u00e9hicules haute performance.<\/p>\n<p><\/p>\n<figure><img decoding=\"async\" src=\"https:\/\/news.canadamotorjobs.com\/wp-content\/uploads\/2024\/10\/2026-cadillac-lyriq-v-001_-_Copy-1.jpg\" alt=\"Le Cadillac Lyriq-V 2026, trois quarts avant\" \/><figcaption>Le Cadillac Lyriq-V 2026, trois quarts avant | Auto123.com<\/figcaption><\/figure>\n<p style=\"padding-top: 15px\">Contenu original de <a href=\"https:\/\/www.auto123.com\/fr\/actualites\/cadillac-lyriq-v-electrique-devoile\/72006\/\">auto123<\/a>.<\/p>\n<p>Le texte <a rel=\"nofollow\" href=\"https:\/\/annuelauto.ca\/cadillac-ouvre-une-nouvelle-ere-de-performance-avec-le-lyriq-v-100-electrique\/\">Cadillac ouvre une nouvelle \u00e8re de performance avec le Lyriq-V 100 % \u00e9lectrique<\/a> provient de <a rel=\"nofollow\" href=\"https:\/\/annuelauto.ca\">L&#8217;annuel de l&#8217;automobile &#8211; Actualit\u00e9 automobile<\/a><\/p>\n<p><\/p>\n","protected":false},"excerpt":{"rendered":"<p>Cadillac vient de pr\u00e9senter le Lyriq-V 2026. Ce VUS \u00e9lectrique, qui rejoindra la famille V-Series au d\u00e9but de l&#8217;ann\u00e9e prochaine, marque un tournant pour la marque en combinant le luxe et la performance \u00e0 une motorisation 100 % \u00e9lectrique. Depuis son introduction en 2004, la s\u00e9rie V de Cadillac a toujours cherch\u00e9 \u00e0 repousser les [&hellip;]<\/p>\n","protected":false},"author":8,"featured_media":179785,"comment_status":"close","ping_status":"closed","sticky":false,"template":"","format":"standard","meta":{"_monsterinsights_skip_tracking":false,"_monsterinsights_sitenote_active":false,"_monsterinsights_sitenote_note":"","_monsterinsights_sitenote_category":0,"footnotes":""},"categories":[101],"tags":[],"yoast_head":"<!-- This site is optimized with the Yoast SEO plugin v23.2 - https:\/\/yoast.com\/wordpress\/plugins\/seo\/ -->\n<title>Cadillac ouvre une nouvelle \u00e8re de performance avec le Lyriq-V 100 % \u00e9lectrique - CanadaMotorJobs.com<\/title>\n<meta name=\"description\" content=\"Cadillac ouvre une nouvelle \u00e8re de performance avec le Lyriq-V 100 % \u00e9lectrique - Benoit Charette - Annuel automobile - CanadaMotorJobs.com.\" \/>\n<meta name=\"robots\" content=\"index, follow, max-snippet:-1, max-image-preview:large, max-video-preview:-1\" \/>\n<meta property=\"og:locale\" content=\"fr_CA\" \/>\n<meta property=\"og:type\" content=\"article\" \/>\n<meta property=\"og:title\" content=\"Cadillac ouvre une nouvelle \u00e8re de performance avec le Lyriq-V 100 % \u00e9lectrique - CanadaMotorJobs.com\" \/>\n<meta property=\"og:description\" content=\"Cadillac ouvre une nouvelle \u00e8re de performance avec le Lyriq-V 100 % \u00e9lectrique - Benoit Charette - Annuel automobile - CanadaMotorJobs.com.\" \/>\n<meta property=\"og:url\" content=\"https:\/\/news.canadamotorjobs.com\/fr\/cadillac-ouvre-une-nouvelle-ere-de-performance-avec-le-lyriq-v-100-electrique\/\" \/>\n<meta property=\"og:site_name\" content=\"CanadaMotorJobs.com\" \/>\n<meta property=\"article:publisher\" content=\"https:\/\/www.facebook.com\/canadamotorjobs\/\" \/>\n<meta property=\"article:published_time\" content=\"2024-10-31T07:24:26+00:00\" \/>\n<meta property=\"article:modified_time\" content=\"2024-10-31T07:28:48+00:00\" \/>\n<meta property=\"og:image\" content=\"https:\/\/news.canadamotorjobs.com\/wp-content\/uploads\/2024\/10\/2026-cadillac-lyriq-v-002.jpg\" \/>\n\t<meta property=\"og:image:width\" content=\"1200\" \/>\n\t<meta property=\"og:image:height\" content=\"657\" \/>\n\t<meta property=\"og:image:type\" content=\"image\/jpeg\" \/>\n<meta name=\"author\" content=\"Benoit Charette\" \/>\n<meta name=\"twitter:card\" content=\"summary_large_image\" \/>\n<meta name=\"twitter:creator\" content=\"@canadamotorjobs\" \/>\n<meta name=\"twitter:site\" content=\"@canadamotorjobs\" \/>\n<meta name=\"twitter:label1\" content=\"\u00c9crit par\" \/>\n\t<meta name=\"twitter:data1\" content=\"Benoit Charette\" \/>\n\t<meta name=\"twitter:label2\" content=\"Estimation du temps de lecture\" \/>\n\t<meta name=\"twitter:data2\" content=\"1 minute\" \/>\n<!-- \/ Yoast SEO plugin. -->","yoast_head_json":{"title":"Cadillac ouvre une nouvelle \u00e8re de performance avec le Lyriq-V 100 % \u00e9lectrique - CanadaMotorJobs.com","description":"Cadillac ouvre une nouvelle \u00e8re de performance avec le Lyriq-V 100 % \u00e9lectrique - Benoit Charette - Annuel automobile - CanadaMotorJobs.com.","robots":{"index":"index","follow":"follow","max-snippet":"max-snippet:-1","max-image-preview":"max-image-preview:large","max-video-preview":"max-video-preview:-1"},"og_locale":"fr_CA","og_type":"article","og_title":"Cadillac ouvre une nouvelle \u00e8re de performance avec le Lyriq-V 100 % \u00e9lectrique - CanadaMotorJobs.com","og_description":"Cadillac ouvre une nouvelle \u00e8re de performance avec le Lyriq-V 100 % \u00e9lectrique - Benoit Charette - Annuel automobile - CanadaMotorJobs.com.","og_url":"https:\/\/news.canadamotorjobs.com\/fr\/cadillac-ouvre-une-nouvelle-ere-de-performance-avec-le-lyriq-v-100-electrique\/","og_site_name":"CanadaMotorJobs.com","article_publisher":"https:\/\/www.facebook.com\/canadamotorjobs\/","article_published_time":"2024-10-31T07:24:26+00:00","article_modified_time":"2024-10-31T07:28:48+00:00","og_image":[{"width":1200,"height":657,"url":"https:\/\/news.canadamotorjobs.com\/wp-content\/uploads\/2024\/10\/2026-cadillac-lyriq-v-002.jpg","type":"image\/jpeg"}],"author":"Benoit Charette","twitter_card":"summary_large_image","twitter_creator":"@canadamotorjobs","twitter_site":"@canadamotorjobs","twitter_misc":{"\u00c9crit par":"Benoit Charette","Estimation du temps de lecture":"1 minute"},"schema":{"@context":"https:\/\/schema.org","@graph":[{"@type":"Article","@id":"https:\/\/news.canadamotorjobs.com\/fr\/cadillac-ouvre-une-nouvelle-ere-de-performance-avec-le-lyriq-v-100-electrique\/#article","isPartOf":{"@id":"https:\/\/news.canadamotorjobs.com\/fr\/cadillac-ouvre-une-nouvelle-ere-de-performance-avec-le-lyriq-v-100-electrique\/"},"author":{"name":"Benoit Charette","@id":"https:\/\/news.canadamotorjobs.com\/#\/schema\/person\/51793d1f87d44011d7bcc2ed99269a90"},"headline":"Cadillac ouvre une nouvelle \u00e8re de performance avec le Lyriq-V 100 % \u00e9lectrique","datePublished":"2024-10-31T07:24:26+00:00","dateModified":"2024-10-31T07:28:48+00:00","mainEntityOfPage":{"@id":"https:\/\/news.canadamotorjobs.com\/fr\/cadillac-ouvre-une-nouvelle-ere-de-performance-avec-le-lyriq-v-100-electrique\/"},"wordCount":312,"publisher":{"@id":"https:\/\/news.canadamotorjobs.com\/#organization"},"image":{"@id":"https:\/\/news.canadamotorjobs.com\/fr\/cadillac-ouvre-une-nouvelle-ere-de-performance-avec-le-lyriq-v-100-electrique\/#primaryimage"},"thumbnailUrl":"https:\/\/news.canadamotorjobs.com\/wp-content\/uploads\/2024\/10\/2026-cadillac-lyriq-v-002.jpg","articleSection":["Annuel automobile"],"inLanguage":"fr-CA"},{"@type":"WebPage","@id":"https:\/\/news.canadamotorjobs.com\/fr\/cadillac-ouvre-une-nouvelle-ere-de-performance-avec-le-lyriq-v-100-electrique\/","url":"https:\/\/news.canadamotorjobs.com\/fr\/cadillac-ouvre-une-nouvelle-ere-de-performance-avec-le-lyriq-v-100-electrique\/","name":"Cadillac ouvre une nouvelle \u00e8re de performance avec le Lyriq-V 100 % \u00e9lectrique - CanadaMotorJobs.com","isPartOf":{"@id":"https:\/\/news.canadamotorjobs.com\/#website"},"primaryImageOfPage":{"@id":"https:\/\/news.canadamotorjobs.com\/fr\/cadillac-ouvre-une-nouvelle-ere-de-performance-avec-le-lyriq-v-100-electrique\/#primaryimage"},"image":{"@id":"https:\/\/news.canadamotorjobs.com\/fr\/cadillac-ouvre-une-nouvelle-ere-de-performance-avec-le-lyriq-v-100-electrique\/#primaryimage"},"thumbnailUrl":"https:\/\/news.canadamotorjobs.com\/wp-content\/uploads\/2024\/10\/2026-cadillac-lyriq-v-002.jpg","datePublished":"2024-10-31T07:24:26+00:00","dateModified":"2024-10-31T07:28:48+00:00","description":"Cadillac ouvre une nouvelle \u00e8re de performance avec le Lyriq-V 100 % \u00e9lectrique - Benoit Charette - Annuel automobile - CanadaMotorJobs.com.","breadcrumb":{"@id":"https:\/\/news.canadamotorjobs.com\/fr\/cadillac-ouvre-une-nouvelle-ere-de-performance-avec-le-lyriq-v-100-electrique\/#breadcrumb"},"inLanguage":"fr-CA","potentialAction":[{"@type":"ReadAction","target":["https:\/\/news.canadamotorjobs.com\/fr\/cadillac-ouvre-une-nouvelle-ere-de-performance-avec-le-lyriq-v-100-electrique\/"]}]},{"@type":"ImageObject","inLanguage":"fr-CA","@id":"https:\/\/news.canadamotorjobs.com\/fr\/cadillac-ouvre-une-nouvelle-ere-de-performance-avec-le-lyriq-v-100-electrique\/#primaryimage","url":"https:\/\/news.canadamotorjobs.com\/wp-content\/uploads\/2024\/10\/2026-cadillac-lyriq-v-002.jpg","contentUrl":"https:\/\/news.canadamotorjobs.com\/wp-content\/uploads\/2024\/10\/2026-cadillac-lyriq-v-002.jpg","width":1200,"height":657},{"@type":"BreadcrumbList","@id":"https:\/\/news.canadamotorjobs.com\/fr\/cadillac-ouvre-une-nouvelle-ere-de-performance-avec-le-lyriq-v-100-electrique\/#breadcrumb","itemListElement":[{"@type":"ListItem","position":1,"name":"Home","item":"https:\/\/news.canadamotorjobs.com\/fr\/blog\/"},{"@type":"ListItem","position":2,"name":"Cadillac ouvre une nouvelle \u00e8re de performance avec le Lyriq-V 100 % \u00e9lectrique"}]},{"@type":"WebSite","@id":"https:\/\/news.canadamotorjobs.com\/#website","url":"https:\/\/news.canadamotorjobs.com\/","name":"CanadaMotorJobs.com","description":"Automotive Jobs","publisher":{"@id":"https:\/\/news.canadamotorjobs.com\/#organization"},"potentialAction":[{"@type":"SearchAction","target":{"@type":"EntryPoint","urlTemplate":"https:\/\/news.canadamotorjobs.com\/?s={search_term_string}"},"query-input":"required name=search_term_string"}],"inLanguage":"fr-CA"},{"@type":"Organization","@id":"https:\/\/news.canadamotorjobs.com\/#organization","name":"Canada Motor Jobs","url":"https:\/\/news.canadamotorjobs.com\/","logo":{"@type":"ImageObject","inLanguage":"fr-CA","@id":"https:\/\/news.canadamotorjobs.com\/#\/schema\/logo\/image\/","url":"https:\/\/news.canadamotorjobs.com\/wp-content\/uploads\/2022\/10\/logo-canada-motor-jobs-1.png","contentUrl":"https:\/\/news.canadamotorjobs.com\/wp-content\/uploads\/2022\/10\/logo-canada-motor-jobs-1.png","width":800,"height":400,"caption":"Canada Motor Jobs"},"image":{"@id":"https:\/\/news.canadamotorjobs.com\/#\/schema\/logo\/image\/"},"sameAs":["https:\/\/www.facebook.com\/canadamotorjobs\/","https:\/\/x.com\/canadamotorjobs","https:\/\/www.instagram.com\/canadamotorjobs\/","https:\/\/www.linkedin.com\/company\/canadamotorjobs"]},{"@type":"Person","@id":"https:\/\/news.canadamotorjobs.com\/#\/schema\/person\/51793d1f87d44011d7bcc2ed99269a90","name":"Benoit Charette","image":{"@type":"ImageObject","inLanguage":"fr-CA","@id":"https:\/\/news.canadamotorjobs.com\/#\/schema\/person\/image\/","url":"https:\/\/secure.gravatar.com\/avatar\/45f3d2eebcccd909668d7ce7ea7267b6?s=96&d=mm&r=g","contentUrl":"https:\/\/secure.gravatar.com\/avatar\/45f3d2eebcccd909668d7ce7ea7267b6?s=96&d=mm&r=g","caption":"Benoit Charette"},"description":"Benoit Charette \/ Propri\u00e9taire et r\u00e9dacteur en chef Benoit Charette pratique le journalisme automobile depuis bient\u00f4t 30 ans. Il a fait ses classes au c\u00f4t\u00e9 de Daniel H\u00e9raud et au Carnet de route de 1992 \u00e0 2001. Il est fondateur, copropri\u00e9taire et r\u00e9dacteur en chef de L\u2019Annuel de l\u2019automobile, qu\u2019il publie depuis 2001. Il a anim\u00e9 les \u00e9missions RPM et RPM+ sur V et les L\u00e9gendes de la route sur Historia. \u00c0 la radio depuis 1986, il reprend l\u2019antenne cette ann\u00e9e sur les ondes de Cogeco et participe pour la deuxi\u00e8me ann\u00e9e \u00e0 l\u2019\u00e9mission Passion Auto sur RDS en plus de mettre en ligne le site Web officiel de L\u2019Annuel de l\u2019automobile sur annuelauto.ca.","sameAs":["https:\/\/annuelauto.ca\/"],"url":"https:\/\/news.canadamotorjobs.com\/fr\/author\/benoit-charette\/"}]}},"_links":{"self":[{"href":"https:\/\/news.canadamotorjobs.com\/fr\/wp-json\/wp\/v2\/posts\/179783"}],"collection":[{"href":"https:\/\/news.canadamotorjobs.com\/fr\/wp-json\/wp\/v2\/posts"}],"about":[{"href":"https:\/\/news.canadamotorjobs.com\/fr\/wp-json\/wp\/v2\/types\/post"}],"author":[{"embeddable":true,"href":"https:\/\/news.canadamotorjobs.com\/fr\/wp-json\/wp\/v2\/users\/8"}],"replies":[{"embeddable":true,"href":"https:\/\/news.canadamotorjobs.com\/fr\/wp-json\/wp\/v2\/comments?post=179783"}],"version-history":[{"count":3,"href":"https:\/\/news.canadamotorjobs.com\/fr\/wp-json\/wp\/v2\/posts\/179783\/revisions"}],"predecessor-version":[{"id":179814,"href":"https:\/\/news.canadamotorjobs.com\/fr\/wp-json\/wp\/v2\/posts\/179783\/revisions\/179814"}],"wp:featuredmedia":[{"embeddable":true,"href":"https:\/\/news.canadamotorjobs.com\/fr\/wp-json\/wp\/v2\/media\/179785"}],"wp:attachment":[{"href":"https:\/\/news.canadamotorjobs.com\/fr\/wp-json\/wp\/v2\/media?parent=179783"}],"wp:term":[{"taxonomy":"category","embeddable":true,"href":"https:\/\/news.canadamotorjobs.com\/fr\/wp-json\/wp\/v2\/categories?post=179783"},{"taxonomy":"post_tag","embeddable":true,"href":"https:\/\/news.canadamotorjobs.com\/fr\/wp-json\/wp\/v2\/tags?post=179783"}],"curies":[{"name":"wp","href":"https:\/\/api.w.org\/{rel}","templated":true}]}}