{"id":179741,"date":"2024-10-30T07:54:54","date_gmt":"2024-10-30T11:54:54","guid":{"rendered":"https:\/\/news.canadamotorjobs.com\/?p=179741"},"modified":"2024-10-30T07:59:42","modified_gmt":"2024-10-30T11:59:42","slug":"volkswagen-confirme-la-fermeture-de-son-usine-audi-en-belgique","status":"publish","type":"post","link":"https:\/\/news.canadamotorjobs.com\/fr\/volkswagen-confirme-la-fermeture-de-son-usine-audi-en-belgique\/","title":{"rendered":"Volkswagen confirme la fermeture de son usine Audi en Belgique"},"content":{"rendered":"<\/p>\n<p>Volkswagen a annonc\u00e9 la fermeture de son usine Audi \u00e0 Bruxelles, pr\u00e9vue pour le 28 f\u00e9vrier 2025. Cette d\u00e9cision fait suite \u00e0 la fermeture de trois usines en Allemagne, marquant un tournant pour le constructeur dans sa strat\u00e9gie de r\u00e9duction des co\u00fbts en Europe. \u00c0 Bruxelles, l\u2019usine produisait le mod\u00e8le \u00e9lectrique Audi Q8 E-Tron, un VUS haut de gamme dont la production sera suspendue sans solution de reprise imm\u00e9diate.<\/p>\n<h3>L\u2019usine de Bruxelles cherche un repreneur<\/h3>\n<p>\nEn septembre dernier, Audi avait d\u00e9j\u00e0 signal\u00e9 son intention de vendre l\u2019usine et d\u2019arr\u00eater la production du Q8 E-Tron. Depuis, Volkswagen a activement cherch\u00e9 des investisseurs, mais malgr\u00e9 l\u2019int\u00e9r\u00eat de 26 parties, aucune solution viable n\u2019a \u00e9t\u00e9 retenue. Si l\u2019entreprise esp\u00e8re encore trouver un acheteur, la fermeture semble in\u00e9vitable et pourrait entra\u00eener la suppression des 3 000 postes actuels \u00e0 Bruxelles, bien que des licenciements ne soient pas attendus avant d\u00e9but 2025.<\/p>\n<h3>Tensions sociales et mobilisation syndicale en Belgique<\/h3>\n<p>\nFace \u00e0 cette annonce, les syndicats belges ont organis\u00e9 des rassemblements massifs dans la capitale, d\u00e9non\u00e7ant l\u2019impact de cette fermeture sur les travailleurs et l\u2019\u00e9conomie locale. Selon les syndicats, le probl\u00e8me ne r\u00e9side pas dans le manque de demande pour les v\u00e9hicules \u00e9lectriques, mais plut\u00f4t dans l\u2019accent mis par les constructeurs europ\u00e9ens sur des mod\u00e8les de VUS \u00e9lectriques co\u00fbteux, comme l\u2019Audi Q8 E-Tron, dont le prix avoisine les 80 000 \u20ac. La fermeture de l\u2019usine Audi est ainsi devenue un symbole pour les manifestants, qui pointent du doigt la strat\u00e9gie des constructeurs europ\u00e9ens favorisant les gros VUS de luxe.<\/p>\n<h3>Volkswagen en difficult\u00e9 face \u00e0 la concurrence chinoise<\/h3>\n<p>\nLa d\u00e9cision de Volkswagen de fermer des usines en Allemagne et en Belgique refl\u00e8te les d\u00e9fis actuels du constructeur, notamment un d\u00e9clin des ventes en Chine, march\u00e9 cl\u00e9 pour l\u2019entreprise. Face \u00e0 une concurrence accrue de BYD et d\u2019autres marques chinoises entrant en Europe, Volkswagen doit adapter sa strat\u00e9gie pour rester comp\u00e9titif tout en s\u2019alignant sur les attentes changeantes des consommateurs et la transition vers l\u2019\u00e9lectrification.<\/p>\n<h3>Une r\u00e9organisation historique pour Volkswagen<\/h3>\n<p>\nVolkswagen, qui emploie actuellement 300 000 personnes dans 10 usines en Allemagne, fait face \u00e0 des r\u00e9ductions importantes, avec une baisse de salaires pr\u00e9vue pour 10 % de son personnel restant en Allemagne. La fermeture d\u2019usines sur son propre territoire marque un tournant historique pour le constructeur, qui r\u00e9\u00e9value sa strat\u00e9gie face \u00e0 la nouvelle dynamique du march\u00e9.<\/p>\n<p>Avec des renseignements d&#8217;Automotive News Europe<\/p>\n<p>Le texte <a rel=\"nofollow\" href=\"https:\/\/annuelauto.ca\/fermeture-usine-audi-bruxelles\/\">Volkswagen confirme la fermeture de son usine Audi en Belgique<\/a> provient de <a rel=\"nofollow\" href=\"https:\/\/annuelauto.ca\">L&#8217;annuel de l&#8217;automobile &#8211; Actualit\u00e9 automobile<\/a><\/p>\n<p><\/p>\n","protected":false},"excerpt":{"rendered":"<p>Volkswagen a annonc\u00e9 la fermeture de son usine Audi \u00e0 Bruxelles, pr\u00e9vue pour le 28 f\u00e9vrier 2025. Cette d\u00e9cision fait suite \u00e0 la fermeture de trois usines en Allemagne, marquant un tournant pour le constructeur dans sa strat\u00e9gie de r\u00e9duction des co\u00fbts en Europe. \u00c0 Bruxelles, l\u2019usine produisait le mod\u00e8le \u00e9lectrique Audi Q8 E-Tron, un [&hellip;]<\/p>\n","protected":false},"author":8,"featured_media":179743,"comment_status":"close","ping_status":"closed","sticky":false,"template":"","format":"standard","meta":{"_monsterinsights_skip_tracking":false,"_monsterinsights_sitenote_active":false,"_monsterinsights_sitenote_note":"","_monsterinsights_sitenote_category":0,"footnotes":""},"categories":[101],"tags":[],"yoast_head":"<!-- This site is optimized with the Yoast SEO plugin v23.2 - https:\/\/yoast.com\/wordpress\/plugins\/seo\/ -->\n<title>Volkswagen confirme la fermeture de son usine Audi en Belgique - CanadaMotorJobs.com<\/title>\n<meta name=\"description\" content=\"Volkswagen confirme la fermeture de son usine Audi en Belgique - Benoit Charette - Annuel automobile - CanadaMotorJobs.com.\" \/>\n<meta name=\"robots\" content=\"index, follow, max-snippet:-1, max-image-preview:large, max-video-preview:-1\" \/>\n<meta property=\"og:locale\" content=\"fr_CA\" \/>\n<meta property=\"og:type\" content=\"article\" \/>\n<meta property=\"og:title\" content=\"Volkswagen confirme la fermeture de son usine Audi en Belgique - CanadaMotorJobs.com\" \/>\n<meta property=\"og:description\" content=\"Volkswagen confirme la fermeture de son usine Audi en Belgique - Benoit Charette - Annuel automobile - CanadaMotorJobs.com.\" \/>\n<meta property=\"og:url\" content=\"https:\/\/news.canadamotorjobs.com\/fr\/volkswagen-confirme-la-fermeture-de-son-usine-audi-en-belgique\/\" \/>\n<meta property=\"og:site_name\" content=\"CanadaMotorJobs.com\" \/>\n<meta property=\"article:publisher\" content=\"https:\/\/www.facebook.com\/canadamotorjobs\/\" \/>\n<meta property=\"article:published_time\" content=\"2024-10-30T11:54:54+00:00\" \/>\n<meta property=\"article:modified_time\" content=\"2024-10-30T11:59:42+00:00\" \/>\n<meta property=\"og:image\" content=\"https:\/\/news.canadamotorjobs.com\/wp-content\/uploads\/2024\/10\/21310670.jpeg\" \/>\n\t<meta property=\"og:image:width\" content=\"864\" \/>\n\t<meta property=\"og:image:height\" content=\"486\" \/>\n\t<meta property=\"og:image:type\" content=\"image\/jpeg\" \/>\n<meta name=\"author\" content=\"Benoit Charette\" \/>\n<meta name=\"twitter:card\" content=\"summary_large_image\" \/>\n<meta name=\"twitter:creator\" content=\"@canadamotorjobs\" \/>\n<meta name=\"twitter:site\" content=\"@canadamotorjobs\" \/>\n<meta name=\"twitter:label1\" content=\"\u00c9crit par\" \/>\n\t<meta name=\"twitter:data1\" content=\"Benoit Charette\" \/>\n\t<meta name=\"twitter:label2\" content=\"Estimation du temps de lecture\" \/>\n\t<meta name=\"twitter:data2\" content=\"2 minutes\" \/>\n<!-- \/ Yoast SEO plugin. -->","yoast_head_json":{"title":"Volkswagen confirme la fermeture de son usine Audi en Belgique - CanadaMotorJobs.com","description":"Volkswagen confirme la fermeture de son usine Audi en Belgique - Benoit Charette - Annuel automobile - CanadaMotorJobs.com.","robots":{"index":"index","follow":"follow","max-snippet":"max-snippet:-1","max-image-preview":"max-image-preview:large","max-video-preview":"max-video-preview:-1"},"og_locale":"fr_CA","og_type":"article","og_title":"Volkswagen confirme la fermeture de son usine Audi en Belgique - CanadaMotorJobs.com","og_description":"Volkswagen confirme la fermeture de son usine Audi en Belgique - Benoit Charette - Annuel automobile - CanadaMotorJobs.com.","og_url":"https:\/\/news.canadamotorjobs.com\/fr\/volkswagen-confirme-la-fermeture-de-son-usine-audi-en-belgique\/","og_site_name":"CanadaMotorJobs.com","article_publisher":"https:\/\/www.facebook.com\/canadamotorjobs\/","article_published_time":"2024-10-30T11:54:54+00:00","article_modified_time":"2024-10-30T11:59:42+00:00","og_image":[{"width":864,"height":486,"url":"https:\/\/news.canadamotorjobs.com\/wp-content\/uploads\/2024\/10\/21310670.jpeg","type":"image\/jpeg"}],"author":"Benoit Charette","twitter_card":"summary_large_image","twitter_creator":"@canadamotorjobs","twitter_site":"@canadamotorjobs","twitter_misc":{"\u00c9crit par":"Benoit Charette","Estimation du temps de lecture":"2 minutes"},"schema":{"@context":"https:\/\/schema.org","@graph":[{"@type":"Article","@id":"https:\/\/news.canadamotorjobs.com\/fr\/volkswagen-confirme-la-fermeture-de-son-usine-audi-en-belgique\/#article","isPartOf":{"@id":"https:\/\/news.canadamotorjobs.com\/fr\/volkswagen-confirme-la-fermeture-de-son-usine-audi-en-belgique\/"},"author":{"name":"Benoit Charette","@id":"https:\/\/news.canadamotorjobs.com\/#\/schema\/person\/51793d1f87d44011d7bcc2ed99269a90"},"headline":"Volkswagen confirme la fermeture de son usine Audi en Belgique","datePublished":"2024-10-30T11:54:54+00:00","dateModified":"2024-10-30T11:59:42+00:00","mainEntityOfPage":{"@id":"https:\/\/news.canadamotorjobs.com\/fr\/volkswagen-confirme-la-fermeture-de-son-usine-audi-en-belgique\/"},"wordCount":460,"publisher":{"@id":"https:\/\/news.canadamotorjobs.com\/#organization"},"image":{"@id":"https:\/\/news.canadamotorjobs.com\/fr\/volkswagen-confirme-la-fermeture-de-son-usine-audi-en-belgique\/#primaryimage"},"thumbnailUrl":"https:\/\/news.canadamotorjobs.com\/wp-content\/uploads\/2024\/10\/21310670.jpeg","articleSection":["Annuel automobile"],"inLanguage":"fr-CA"},{"@type":"WebPage","@id":"https:\/\/news.canadamotorjobs.com\/fr\/volkswagen-confirme-la-fermeture-de-son-usine-audi-en-belgique\/","url":"https:\/\/news.canadamotorjobs.com\/fr\/volkswagen-confirme-la-fermeture-de-son-usine-audi-en-belgique\/","name":"Volkswagen confirme la fermeture de son usine Audi en Belgique - CanadaMotorJobs.com","isPartOf":{"@id":"https:\/\/news.canadamotorjobs.com\/#website"},"primaryImageOfPage":{"@id":"https:\/\/news.canadamotorjobs.com\/fr\/volkswagen-confirme-la-fermeture-de-son-usine-audi-en-belgique\/#primaryimage"},"image":{"@id":"https:\/\/news.canadamotorjobs.com\/fr\/volkswagen-confirme-la-fermeture-de-son-usine-audi-en-belgique\/#primaryimage"},"thumbnailUrl":"https:\/\/news.canadamotorjobs.com\/wp-content\/uploads\/2024\/10\/21310670.jpeg","datePublished":"2024-10-30T11:54:54+00:00","dateModified":"2024-10-30T11:59:42+00:00","description":"Volkswagen confirme la fermeture de son usine Audi en Belgique - Benoit Charette - Annuel automobile - CanadaMotorJobs.com.","breadcrumb":{"@id":"https:\/\/news.canadamotorjobs.com\/fr\/volkswagen-confirme-la-fermeture-de-son-usine-audi-en-belgique\/#breadcrumb"},"inLanguage":"fr-CA","potentialAction":[{"@type":"ReadAction","target":["https:\/\/news.canadamotorjobs.com\/fr\/volkswagen-confirme-la-fermeture-de-son-usine-audi-en-belgique\/"]}]},{"@type":"ImageObject","inLanguage":"fr-CA","@id":"https:\/\/news.canadamotorjobs.com\/fr\/volkswagen-confirme-la-fermeture-de-son-usine-audi-en-belgique\/#primaryimage","url":"https:\/\/news.canadamotorjobs.com\/wp-content\/uploads\/2024\/10\/21310670.jpeg","contentUrl":"https:\/\/news.canadamotorjobs.com\/wp-content\/uploads\/2024\/10\/21310670.jpeg","width":864,"height":486},{"@type":"BreadcrumbList","@id":"https:\/\/news.canadamotorjobs.com\/fr\/volkswagen-confirme-la-fermeture-de-son-usine-audi-en-belgique\/#breadcrumb","itemListElement":[{"@type":"ListItem","position":1,"name":"Home","item":"https:\/\/news.canadamotorjobs.com\/fr\/blog\/"},{"@type":"ListItem","position":2,"name":"Volkswagen confirme la fermeture de son usine Audi en Belgique"}]},{"@type":"WebSite","@id":"https:\/\/news.canadamotorjobs.com\/#website","url":"https:\/\/news.canadamotorjobs.com\/","name":"CanadaMotorJobs.com","description":"Automotive Jobs","publisher":{"@id":"https:\/\/news.canadamotorjobs.com\/#organization"},"potentialAction":[{"@type":"SearchAction","target":{"@type":"EntryPoint","urlTemplate":"https:\/\/news.canadamotorjobs.com\/?s={search_term_string}"},"query-input":"required name=search_term_string"}],"inLanguage":"fr-CA"},{"@type":"Organization","@id":"https:\/\/news.canadamotorjobs.com\/#organization","name":"Canada Motor Jobs","url":"https:\/\/news.canadamotorjobs.com\/","logo":{"@type":"ImageObject","inLanguage":"fr-CA","@id":"https:\/\/news.canadamotorjobs.com\/#\/schema\/logo\/image\/","url":"https:\/\/news.canadamotorjobs.com\/wp-content\/uploads\/2022\/10\/logo-canada-motor-jobs-1.png","contentUrl":"https:\/\/news.canadamotorjobs.com\/wp-content\/uploads\/2022\/10\/logo-canada-motor-jobs-1.png","width":800,"height":400,"caption":"Canada Motor Jobs"},"image":{"@id":"https:\/\/news.canadamotorjobs.com\/#\/schema\/logo\/image\/"},"sameAs":["https:\/\/www.facebook.com\/canadamotorjobs\/","https:\/\/x.com\/canadamotorjobs","https:\/\/www.instagram.com\/canadamotorjobs\/","https:\/\/www.linkedin.com\/company\/canadamotorjobs"]},{"@type":"Person","@id":"https:\/\/news.canadamotorjobs.com\/#\/schema\/person\/51793d1f87d44011d7bcc2ed99269a90","name":"Benoit Charette","image":{"@type":"ImageObject","inLanguage":"fr-CA","@id":"https:\/\/news.canadamotorjobs.com\/#\/schema\/person\/image\/","url":"https:\/\/secure.gravatar.com\/avatar\/45f3d2eebcccd909668d7ce7ea7267b6?s=96&d=mm&r=g","contentUrl":"https:\/\/secure.gravatar.com\/avatar\/45f3d2eebcccd909668d7ce7ea7267b6?s=96&d=mm&r=g","caption":"Benoit Charette"},"description":"Benoit Charette \/ Propri\u00e9taire et r\u00e9dacteur en chef Benoit Charette pratique le journalisme automobile depuis bient\u00f4t 30 ans. Il a fait ses classes au c\u00f4t\u00e9 de Daniel H\u00e9raud et au Carnet de route de 1992 \u00e0 2001. Il est fondateur, copropri\u00e9taire et r\u00e9dacteur en chef de L\u2019Annuel de l\u2019automobile, qu\u2019il publie depuis 2001. Il a anim\u00e9 les \u00e9missions RPM et RPM+ sur V et les L\u00e9gendes de la route sur Historia. \u00c0 la radio depuis 1986, il reprend l\u2019antenne cette ann\u00e9e sur les ondes de Cogeco et participe pour la deuxi\u00e8me ann\u00e9e \u00e0 l\u2019\u00e9mission Passion Auto sur RDS en plus de mettre en ligne le site Web officiel de L\u2019Annuel de l\u2019automobile sur annuelauto.ca.","sameAs":["https:\/\/annuelauto.ca\/"],"url":"https:\/\/news.canadamotorjobs.com\/fr\/author\/benoit-charette\/"}]}},"_links":{"self":[{"href":"https:\/\/news.canadamotorjobs.com\/fr\/wp-json\/wp\/v2\/posts\/179741"}],"collection":[{"href":"https:\/\/news.canadamotorjobs.com\/fr\/wp-json\/wp\/v2\/posts"}],"about":[{"href":"https:\/\/news.canadamotorjobs.com\/fr\/wp-json\/wp\/v2\/types\/post"}],"author":[{"embeddable":true,"href":"https:\/\/news.canadamotorjobs.com\/fr\/wp-json\/wp\/v2\/users\/8"}],"replies":[{"embeddable":true,"href":"https:\/\/news.canadamotorjobs.com\/fr\/wp-json\/wp\/v2\/comments?post=179741"}],"version-history":[{"count":2,"href":"https:\/\/news.canadamotorjobs.com\/fr\/wp-json\/wp\/v2\/posts\/179741\/revisions"}],"predecessor-version":[{"id":179745,"href":"https:\/\/news.canadamotorjobs.com\/fr\/wp-json\/wp\/v2\/posts\/179741\/revisions\/179745"}],"wp:featuredmedia":[{"embeddable":true,"href":"https:\/\/news.canadamotorjobs.com\/fr\/wp-json\/wp\/v2\/media\/179743"}],"wp:attachment":[{"href":"https:\/\/news.canadamotorjobs.com\/fr\/wp-json\/wp\/v2\/media?parent=179741"}],"wp:term":[{"taxonomy":"category","embeddable":true,"href":"https:\/\/news.canadamotorjobs.com\/fr\/wp-json\/wp\/v2\/categories?post=179741"},{"taxonomy":"post_tag","embeddable":true,"href":"https:\/\/news.canadamotorjobs.com\/fr\/wp-json\/wp\/v2\/tags?post=179741"}],"curies":[{"name":"wp","href":"https:\/\/api.w.org\/{rel}","templated":true}]}}