{"id":179713,"date":"2024-10-30T03:24:37","date_gmt":"2024-10-30T07:24:37","guid":{"rendered":"https:\/\/news.canadamotorjobs.com\/?p=179713"},"modified":"2024-10-30T03:30:16","modified_gmt":"2024-10-30T07:30:16","slug":"ford-voit-son-benefice-net-chuter-de-26-au-troisieme-trimestre","status":"publish","type":"post","link":"https:\/\/news.canadamotorjobs.com\/fr\/ford-voit-son-benefice-net-chuter-de-26-au-troisieme-trimestre\/","title":{"rendered":"Ford voit son b\u00e9n\u00e9fice net chuter de 26 % au troisi\u00e8me trimestre"},"content":{"rendered":"<\/p>\n<p>Ford a annonc\u00e9 une diminution de 26 % de son b\u00e9n\u00e9fice net pour le troisi\u00e8me trimestre, principalement en raison d&#8217;une charge pour le retard de certains mod\u00e8les \u00e9lectriques. Ford a \u00e9galement r\u00e9vis\u00e9 \u00e0 la baisse sa projection de b\u00e9n\u00e9fices pour l&#8217;ensemble de l&#8217;ann\u00e9e, invoquant des inqui\u00e9tudes li\u00e9es aux co\u00fbts.<\/p>\n<p><strong>Hausse des revenus malgr\u00e9 tout<\/strong><\/p>\n<p>Malgr\u00e9 la baisse de son b\u00e9n\u00e9fice net, Ford a vu ses b\u00e9n\u00e9fices ajust\u00e9s avant int\u00e9r\u00eats et imp\u00f4ts (EBIT) augmenter de 16 %, atteignant 2,6 milliards USD. Les revenus de l&#8217;entreprise ont, quant \u00e0 eux, progress\u00e9 de 5 % pour atteindre 46 milliards USD.<\/p>\n<p><strong>R\u00e9vision des pr\u00e9visions de b\u00e9n\u00e9fices pour l\u2019ann\u00e9e<\/strong><\/p>\n<p>D\u00e9sormais, Ford s\u2019attend \u00e0 un EBIT ajust\u00e9 de pr\u00e8s de 10 milliards USD pour l\u2019ann\u00e9e, en baisse par rapport aux pr\u00e9visions ant\u00e9rieures qui tablaient sur un b\u00e9n\u00e9fice pouvant atteindre 12 milliards USD. Lawler a soulign\u00e9 que l\u2019entreprise a r\u00e9alis\u00e9 des r\u00e9ductions de co\u00fbts de 2 milliards USD cette ann\u00e9e, mais que ces \u00e9conomies sont compens\u00e9es par l\u2019inflation et des d\u00e9penses accrues en mati\u00e8re de garantie.<\/p>\n<p><strong>Am\u00e9liorations en mati\u00e8re de co\u00fbts et de qualit\u00e9<\/strong><\/p>\n<p>Ford a r\u00e9cemment ajust\u00e9 son syst\u00e8me de bonification des dirigeants pour mieux aligner les r\u00e9compenses financi\u00e8res sur des crit\u00e8res de co\u00fbts et de qualit\u00e9. Ce changement a d\u00e9j\u00e0 apport\u00e9 des r\u00e9sultats encourageants, surtout au niveau des lancements et des v\u00e9hicules dans leurs trois premiers mois de service.<\/p>\n<p><\/p>\n<figure><img decoding=\"async\" src=\"https:\/\/news.canadamotorjobs.com\/wp-content\/uploads\/2024\/10\/ford-f-150-2024-dh_47-5.jpg\" alt=\"Ford F-150 2024\" \/><figcaption>Ford F-150 2024 | Auto123.com<\/figcaption><\/figure>\n<p><strong>Performance des divisions : Ford Pro en hausse, Model \u00ab e \u00bb\u00a0 en baisse<\/strong><\/p>\n<p>L&#8217;analyse des performances des diff\u00e9rentes divisions de Ford r\u00e9v\u00e8le des tendances contrast\u00e9es. Ford Pro, le secteur des v\u00e9hicules commerciaux, affiche une sant\u00e9 robuste avec une hausse de 9,7 % de ses b\u00e9n\u00e9fices, atteignant 1,8 milliard USD. En revanche, le secteur Ford Blue, d\u00e9di\u00e9 aux v\u00e9hicules \u00e0 combustion, subit un recul de 5,3 % avec des b\u00e9n\u00e9fices de 1,6 milliard USD. La division \u00e9lectrique Model e, quant \u00e0 elle, continue d&#8217;enregistrer des pertes, s&#8217;\u00e9levant \u00e0 1,2 milliard USD ce trimestre. Malgr\u00e9 une am\u00e9lioration de 7,9 % par rapport \u00e0 l\u2019an dernier, ces r\u00e9sultats soulignent les d\u00e9fis de la transition vers l&#8217;\u00e9lectrification pour Ford. Il est toutefois important de noter que la forte performance de Ford Pro permet de compenser en partie les pertes de Model e, montrant la capacit\u00e9 du groupe \u00e0 diversifier ses sources de revenus<\/p>\n<p><strong>Augmentation du flux de tr\u00e9sorerie et perspectives pour 2024<\/strong><\/p>\n<p>Les b\u00e9n\u00e9fices de Ford Credit ont bondi de 52 %, atteignant 544 millions USD, tandis que le flux de tr\u00e9sorerie disponible ajust\u00e9 de Ford a augment\u00e9 de 2 milliards USD, s\u2019\u00e9tablissant \u00e0 3,2 milliards USD pour le trimestre. Le constructeur maintient par ailleurs sa pr\u00e9vision de flux de tr\u00e9sorerie disponible ajust\u00e9 pour l\u2019ann\u00e9e, entre 7,5 et 8,5 milliards USD.<\/p>\n<p>Les actions de Ford ont perdu 6 % dans les \u00e9changes apr\u00e8s la cl\u00f4ture.<\/p>\n<p><strong>Le mot de la fin<\/strong><\/p>\n<p>Bien que Ford continue de montrer des signes de croissance et d\u2019am\u00e9lioration financi\u00e8re, les d\u00e9fis li\u00e9s aux co\u00fbts, en particulier ceux de garantie, nuisent \u00e0 son potentiel de rentabilit\u00e9.<\/p>\n<p>Les ajustements entrepris, notamment en mati\u00e8re de r\u00e9duction de co\u00fbts et de qualit\u00e9, pourraient cependant offrir des perspectives financi\u00e8res prometteuses pour l\u2019avenir.<\/p>\n<p><\/p>\n<p style=\"padding-top: 15px\">Contenu original de <a href=\"https:\/\/www.auto123.com\/fr\/actualites\/ford-baisse-benefices-vehicules-electriques-t3-2024\/72003\/\">auto123<\/a>.<\/p>\n<p>Le texte <a rel=\"nofollow\" href=\"https:\/\/annuelauto.ca\/ford-voit-son-benefice-net-chuter-de-26-au-troisieme-trimestre\/\">Ford voit son b\u00e9n\u00e9fice net chuter de 26 % au troisi\u00e8me trimestre<\/a> provient de <a rel=\"nofollow\" href=\"https:\/\/annuelauto.ca\">L&#8217;annuel de l&#8217;automobile &#8211; Actualit\u00e9 automobile<\/a><\/p>\n<p><\/p>\n","protected":false},"excerpt":{"rendered":"<p>Ford a annonc\u00e9 une diminution de 26 % de son b\u00e9n\u00e9fice net pour le troisi\u00e8me trimestre, principalement en raison d&#8217;une charge pour le retard de certains mod\u00e8les \u00e9lectriques. Ford a \u00e9galement r\u00e9vis\u00e9 \u00e0 la baisse sa projection de b\u00e9n\u00e9fices pour l&#8217;ensemble de l&#8217;ann\u00e9e, invoquant des inqui\u00e9tudes li\u00e9es aux co\u00fbts. Hausse des revenus malgr\u00e9 tout Malgr\u00e9 [&hellip;]<\/p>\n","protected":false},"author":8,"featured_media":179715,"comment_status":"close","ping_status":"closed","sticky":false,"template":"","format":"standard","meta":{"_monsterinsights_skip_tracking":false,"_monsterinsights_sitenote_active":false,"_monsterinsights_sitenote_note":"","_monsterinsights_sitenote_category":0,"footnotes":""},"categories":[101],"tags":[],"yoast_head":"<!-- This site is optimized with the Yoast SEO plugin v23.2 - https:\/\/yoast.com\/wordpress\/plugins\/seo\/ -->\n<title>Ford voit son b\u00e9n\u00e9fice net chuter de 26 % au troisi\u00e8me trimestre - CanadaMotorJobs.com<\/title>\n<meta name=\"description\" content=\"Ford voit son b\u00e9n\u00e9fice net chuter de 26 % au troisi\u00e8me trimestre - Benoit Charette - Annuel automobile - CanadaMotorJobs.com.\" \/>\n<meta name=\"robots\" content=\"index, follow, max-snippet:-1, max-image-preview:large, max-video-preview:-1\" \/>\n<meta property=\"og:locale\" content=\"fr_CA\" \/>\n<meta property=\"og:type\" content=\"article\" \/>\n<meta property=\"og:title\" content=\"Ford voit son b\u00e9n\u00e9fice net chuter de 26 % au troisi\u00e8me trimestre - CanadaMotorJobs.com\" \/>\n<meta property=\"og:description\" content=\"Ford voit son b\u00e9n\u00e9fice net chuter de 26 % au troisi\u00e8me trimestre - Benoit Charette - Annuel automobile - CanadaMotorJobs.com.\" \/>\n<meta property=\"og:url\" content=\"https:\/\/news.canadamotorjobs.com\/fr\/ford-voit-son-benefice-net-chuter-de-26-au-troisieme-trimestre\/\" \/>\n<meta property=\"og:site_name\" content=\"CanadaMotorJobs.com\" \/>\n<meta property=\"article:publisher\" content=\"https:\/\/www.facebook.com\/canadamotorjobs\/\" \/>\n<meta property=\"article:published_time\" content=\"2024-10-30T07:24:37+00:00\" \/>\n<meta property=\"article:modified_time\" content=\"2024-10-30T07:30:16+00:00\" \/>\n<meta property=\"og:image\" content=\"https:\/\/news.canadamotorjobs.com\/wp-content\/uploads\/2024\/10\/ford-f-150-2024-dh_47.jpg\" \/>\n\t<meta property=\"og:image:width\" content=\"1200\" \/>\n\t<meta property=\"og:image:height\" content=\"800\" \/>\n\t<meta property=\"og:image:type\" content=\"image\/jpeg\" \/>\n<meta name=\"author\" content=\"Benoit Charette\" \/>\n<meta name=\"twitter:card\" content=\"summary_large_image\" \/>\n<meta name=\"twitter:creator\" content=\"@canadamotorjobs\" \/>\n<meta name=\"twitter:site\" content=\"@canadamotorjobs\" \/>\n<meta name=\"twitter:label1\" content=\"\u00c9crit par\" \/>\n\t<meta name=\"twitter:data1\" content=\"Benoit Charette\" \/>\n\t<meta name=\"twitter:label2\" content=\"Estimation du temps de lecture\" \/>\n\t<meta name=\"twitter:data2\" content=\"3 minutes\" \/>\n<!-- \/ Yoast SEO plugin. -->","yoast_head_json":{"title":"Ford voit son b\u00e9n\u00e9fice net chuter de 26 % au troisi\u00e8me trimestre - CanadaMotorJobs.com","description":"Ford voit son b\u00e9n\u00e9fice net chuter de 26 % au troisi\u00e8me trimestre - Benoit Charette - Annuel automobile - CanadaMotorJobs.com.","robots":{"index":"index","follow":"follow","max-snippet":"max-snippet:-1","max-image-preview":"max-image-preview:large","max-video-preview":"max-video-preview:-1"},"og_locale":"fr_CA","og_type":"article","og_title":"Ford voit son b\u00e9n\u00e9fice net chuter de 26 % au troisi\u00e8me trimestre - CanadaMotorJobs.com","og_description":"Ford voit son b\u00e9n\u00e9fice net chuter de 26 % au troisi\u00e8me trimestre - Benoit Charette - Annuel automobile - CanadaMotorJobs.com.","og_url":"https:\/\/news.canadamotorjobs.com\/fr\/ford-voit-son-benefice-net-chuter-de-26-au-troisieme-trimestre\/","og_site_name":"CanadaMotorJobs.com","article_publisher":"https:\/\/www.facebook.com\/canadamotorjobs\/","article_published_time":"2024-10-30T07:24:37+00:00","article_modified_time":"2024-10-30T07:30:16+00:00","og_image":[{"width":1200,"height":800,"url":"https:\/\/news.canadamotorjobs.com\/wp-content\/uploads\/2024\/10\/ford-f-150-2024-dh_47.jpg","type":"image\/jpeg"}],"author":"Benoit Charette","twitter_card":"summary_large_image","twitter_creator":"@canadamotorjobs","twitter_site":"@canadamotorjobs","twitter_misc":{"\u00c9crit par":"Benoit Charette","Estimation du temps de lecture":"3 minutes"},"schema":{"@context":"https:\/\/schema.org","@graph":[{"@type":"Article","@id":"https:\/\/news.canadamotorjobs.com\/fr\/ford-voit-son-benefice-net-chuter-de-26-au-troisieme-trimestre\/#article","isPartOf":{"@id":"https:\/\/news.canadamotorjobs.com\/fr\/ford-voit-son-benefice-net-chuter-de-26-au-troisieme-trimestre\/"},"author":{"name":"Benoit Charette","@id":"https:\/\/news.canadamotorjobs.com\/#\/schema\/person\/51793d1f87d44011d7bcc2ed99269a90"},"headline":"Ford voit son b\u00e9n\u00e9fice net chuter de 26 % au troisi\u00e8me trimestre","datePublished":"2024-10-30T07:24:37+00:00","dateModified":"2024-10-30T07:30:16+00:00","mainEntityOfPage":{"@id":"https:\/\/news.canadamotorjobs.com\/fr\/ford-voit-son-benefice-net-chuter-de-26-au-troisieme-trimestre\/"},"wordCount":615,"publisher":{"@id":"https:\/\/news.canadamotorjobs.com\/#organization"},"image":{"@id":"https:\/\/news.canadamotorjobs.com\/fr\/ford-voit-son-benefice-net-chuter-de-26-au-troisieme-trimestre\/#primaryimage"},"thumbnailUrl":"https:\/\/news.canadamotorjobs.com\/wp-content\/uploads\/2024\/10\/ford-f-150-2024-dh_47.jpg","articleSection":["Annuel automobile"],"inLanguage":"fr-CA"},{"@type":"WebPage","@id":"https:\/\/news.canadamotorjobs.com\/fr\/ford-voit-son-benefice-net-chuter-de-26-au-troisieme-trimestre\/","url":"https:\/\/news.canadamotorjobs.com\/fr\/ford-voit-son-benefice-net-chuter-de-26-au-troisieme-trimestre\/","name":"Ford voit son b\u00e9n\u00e9fice net chuter de 26 % au troisi\u00e8me trimestre - CanadaMotorJobs.com","isPartOf":{"@id":"https:\/\/news.canadamotorjobs.com\/#website"},"primaryImageOfPage":{"@id":"https:\/\/news.canadamotorjobs.com\/fr\/ford-voit-son-benefice-net-chuter-de-26-au-troisieme-trimestre\/#primaryimage"},"image":{"@id":"https:\/\/news.canadamotorjobs.com\/fr\/ford-voit-son-benefice-net-chuter-de-26-au-troisieme-trimestre\/#primaryimage"},"thumbnailUrl":"https:\/\/news.canadamotorjobs.com\/wp-content\/uploads\/2024\/10\/ford-f-150-2024-dh_47.jpg","datePublished":"2024-10-30T07:24:37+00:00","dateModified":"2024-10-30T07:30:16+00:00","description":"Ford voit son b\u00e9n\u00e9fice net chuter de 26 % au troisi\u00e8me trimestre - Benoit Charette - Annuel automobile - CanadaMotorJobs.com.","breadcrumb":{"@id":"https:\/\/news.canadamotorjobs.com\/fr\/ford-voit-son-benefice-net-chuter-de-26-au-troisieme-trimestre\/#breadcrumb"},"inLanguage":"fr-CA","potentialAction":[{"@type":"ReadAction","target":["https:\/\/news.canadamotorjobs.com\/fr\/ford-voit-son-benefice-net-chuter-de-26-au-troisieme-trimestre\/"]}]},{"@type":"ImageObject","inLanguage":"fr-CA","@id":"https:\/\/news.canadamotorjobs.com\/fr\/ford-voit-son-benefice-net-chuter-de-26-au-troisieme-trimestre\/#primaryimage","url":"https:\/\/news.canadamotorjobs.com\/wp-content\/uploads\/2024\/10\/ford-f-150-2024-dh_47.jpg","contentUrl":"https:\/\/news.canadamotorjobs.com\/wp-content\/uploads\/2024\/10\/ford-f-150-2024-dh_47.jpg","width":1200,"height":800},{"@type":"BreadcrumbList","@id":"https:\/\/news.canadamotorjobs.com\/fr\/ford-voit-son-benefice-net-chuter-de-26-au-troisieme-trimestre\/#breadcrumb","itemListElement":[{"@type":"ListItem","position":1,"name":"Home","item":"https:\/\/news.canadamotorjobs.com\/fr\/blog\/"},{"@type":"ListItem","position":2,"name":"Ford voit son b\u00e9n\u00e9fice net chuter de 26 % au troisi\u00e8me trimestre"}]},{"@type":"WebSite","@id":"https:\/\/news.canadamotorjobs.com\/#website","url":"https:\/\/news.canadamotorjobs.com\/","name":"CanadaMotorJobs.com","description":"Automotive Jobs","publisher":{"@id":"https:\/\/news.canadamotorjobs.com\/#organization"},"potentialAction":[{"@type":"SearchAction","target":{"@type":"EntryPoint","urlTemplate":"https:\/\/news.canadamotorjobs.com\/?s={search_term_string}"},"query-input":"required name=search_term_string"}],"inLanguage":"fr-CA"},{"@type":"Organization","@id":"https:\/\/news.canadamotorjobs.com\/#organization","name":"Canada Motor Jobs","url":"https:\/\/news.canadamotorjobs.com\/","logo":{"@type":"ImageObject","inLanguage":"fr-CA","@id":"https:\/\/news.canadamotorjobs.com\/#\/schema\/logo\/image\/","url":"https:\/\/news.canadamotorjobs.com\/wp-content\/uploads\/2022\/10\/logo-canada-motor-jobs-1.png","contentUrl":"https:\/\/news.canadamotorjobs.com\/wp-content\/uploads\/2022\/10\/logo-canada-motor-jobs-1.png","width":800,"height":400,"caption":"Canada Motor Jobs"},"image":{"@id":"https:\/\/news.canadamotorjobs.com\/#\/schema\/logo\/image\/"},"sameAs":["https:\/\/www.facebook.com\/canadamotorjobs\/","https:\/\/x.com\/canadamotorjobs","https:\/\/www.instagram.com\/canadamotorjobs\/","https:\/\/www.linkedin.com\/company\/canadamotorjobs"]},{"@type":"Person","@id":"https:\/\/news.canadamotorjobs.com\/#\/schema\/person\/51793d1f87d44011d7bcc2ed99269a90","name":"Benoit Charette","image":{"@type":"ImageObject","inLanguage":"fr-CA","@id":"https:\/\/news.canadamotorjobs.com\/#\/schema\/person\/image\/","url":"https:\/\/secure.gravatar.com\/avatar\/45f3d2eebcccd909668d7ce7ea7267b6?s=96&d=mm&r=g","contentUrl":"https:\/\/secure.gravatar.com\/avatar\/45f3d2eebcccd909668d7ce7ea7267b6?s=96&d=mm&r=g","caption":"Benoit Charette"},"description":"Benoit Charette \/ Propri\u00e9taire et r\u00e9dacteur en chef Benoit Charette pratique le journalisme automobile depuis bient\u00f4t 30 ans. Il a fait ses classes au c\u00f4t\u00e9 de Daniel H\u00e9raud et au Carnet de route de 1992 \u00e0 2001. Il est fondateur, copropri\u00e9taire et r\u00e9dacteur en chef de L\u2019Annuel de l\u2019automobile, qu\u2019il publie depuis 2001. Il a anim\u00e9 les \u00e9missions RPM et RPM+ sur V et les L\u00e9gendes de la route sur Historia. \u00c0 la radio depuis 1986, il reprend l\u2019antenne cette ann\u00e9e sur les ondes de Cogeco et participe pour la deuxi\u00e8me ann\u00e9e \u00e0 l\u2019\u00e9mission Passion Auto sur RDS en plus de mettre en ligne le site Web officiel de L\u2019Annuel de l\u2019automobile sur annuelauto.ca.","sameAs":["https:\/\/annuelauto.ca\/"],"url":"https:\/\/news.canadamotorjobs.com\/fr\/author\/benoit-charette\/"}]}},"_links":{"self":[{"href":"https:\/\/news.canadamotorjobs.com\/fr\/wp-json\/wp\/v2\/posts\/179713"}],"collection":[{"href":"https:\/\/news.canadamotorjobs.com\/fr\/wp-json\/wp\/v2\/posts"}],"about":[{"href":"https:\/\/news.canadamotorjobs.com\/fr\/wp-json\/wp\/v2\/types\/post"}],"author":[{"embeddable":true,"href":"https:\/\/news.canadamotorjobs.com\/fr\/wp-json\/wp\/v2\/users\/8"}],"replies":[{"embeddable":true,"href":"https:\/\/news.canadamotorjobs.com\/fr\/wp-json\/wp\/v2\/comments?post=179713"}],"version-history":[{"count":3,"href":"https:\/\/news.canadamotorjobs.com\/fr\/wp-json\/wp\/v2\/posts\/179713\/revisions"}],"predecessor-version":[{"id":179740,"href":"https:\/\/news.canadamotorjobs.com\/fr\/wp-json\/wp\/v2\/posts\/179713\/revisions\/179740"}],"wp:featuredmedia":[{"embeddable":true,"href":"https:\/\/news.canadamotorjobs.com\/fr\/wp-json\/wp\/v2\/media\/179715"}],"wp:attachment":[{"href":"https:\/\/news.canadamotorjobs.com\/fr\/wp-json\/wp\/v2\/media?parent=179713"}],"wp:term":[{"taxonomy":"category","embeddable":true,"href":"https:\/\/news.canadamotorjobs.com\/fr\/wp-json\/wp\/v2\/categories?post=179713"},{"taxonomy":"post_tag","embeddable":true,"href":"https:\/\/news.canadamotorjobs.com\/fr\/wp-json\/wp\/v2\/tags?post=179713"}],"curies":[{"name":"wp","href":"https:\/\/api.w.org\/{rel}","templated":true}]}}