{"id":179574,"date":"2024-10-29T16:57:17","date_gmt":"2024-10-29T20:57:17","guid":{"rendered":"https:\/\/news.canadamotorjobs.com\/?p=179574"},"modified":"2024-10-29T17:29:10","modified_gmt":"2024-10-29T21:29:10","slug":"volvo-se-branche-au-reseau-de-tesla","status":"publish","type":"post","link":"https:\/\/news.canadamotorjobs.com\/fr\/volvo-se-branche-au-reseau-de-tesla\/","title":{"rendered":"Volvo se \u00ab\u00a0branche\u00a0\u00bb au r\u00e9seau de Tesla"},"content":{"rendered":"<\/p>\n<p>\u00c0 l\u2019instar de nombreuses autres marques, Volvo a choisi de se \u00ab\u00a0brancher\u00a0\u00bb au r\u00e9seau de recharge de Tesla. Les conducteurs de ses v\u00e9hicules \u00e9lectriques ont d\u00e9sormais acc\u00e8s aux quelque 17\u00a0800 Superchargeurs du constructeur californien qu\u2019on retrouve \u00e0 travers l\u2019Am\u00e9rique du Nord.<\/p>\n<p>Pour utiliser ces bornes, qui ont un connecteur de type NACS (pour <em>North American Charging Standard<\/em>), les propri\u00e9taires actuels de V\u00c9 Volvo devront d\u2019abord faire l\u2019acquisition d\u2019un adaptateur. Dans un communiqu\u00e9 publi\u00e9 aujourd\u2019hui, Volvo Cars Canada (VCC) pr\u00e9cise qu\u2019ils peuvent \u00eatre command\u00e9s d\u00e8s aujourd\u2019hui \u00e0 ses concessionnaires autoris\u00e9s.<\/p>\n<h3><strong>Adaptateurs disponibles \u00e0 partir du 18\u00a0novembre<\/strong><\/h3>\n<p>\nCes adaptateurs co\u00fbtent 310\u00a0$. Les concessionnaires recevront d\u2019abord ceux destin\u00e9s aux C40 et XC40 Recharge \u00e0 partir du 18\u00a0novembre prochain. \u00ab\u00a0La disponibilit\u00e9 des adaptateurs pour l\u2019EX30 sera annonc\u00e9e ult\u00e9rieurement\u00a0\u00bb, pr\u00e9cise VCC dans son communiqu\u00e9, sans toutefois donner plus de d\u00e9tails.<\/p>\n<p>Un adaptateur du genre fera par ailleurs partie de la dotation de s\u00e9rie des Volvo\u00a0EX90, EX40 et EC40 mill\u00e9sim\u00e9s 2025.<\/p>\n<p>Enfin, il faut pr\u00e9ciser que ces adaptateurs ne sont pas destin\u00e9s aux Volvo ayant une motorisation hybride branchable.<\/p>\n<h3><strong>Des Superchargeurs pour quasiment tous les V\u00c9<\/strong><\/h3>\n<p>\nEn juin 2023, Polestar, la marque s\u0153ur de Volvo, avait \u00e9galement annonc\u00e9 qu&#8217;elle adoptait les connecteurs NACS pour ses mod\u00e8les mill\u00e9sim\u00e9s 2025 pour permettre aux conducteurs de ses v\u00e9hicules d\u2019utiliser les bornes de Tesla.<\/p>\n<p>Cette ann\u00e9e, Ford (en f\u00e9vrier) et GM (en septembre) ont conclu des ententes avec Tesla pour permettre aux conducteurs de leurs V\u00c9 de faire de m\u00eame, tout comme \u00e0 peu pr\u00e8s toutes les autres marques offrant des mod\u00e8les \u00e9lectriques en Am\u00e9rique du Nord : Acura, BMW, Honda, Hyundai, Lexus, Lucid, Mazda, Mercedes-Benz, Nissan, Rivian, Subaru, Toyota et Volkswagen.<\/p>\n<p>Tesla dispose actuellement du plus grand r\u00e9seau de recharge au monde avec plus de 60 000 bornes. En Am\u00e9rique du Nord, selon le constructeur, on d\u00e9nombre 17 800 Superchargeurs dont 1 490 sont au au Canada.<\/p>\n<p><em>Photos : Volvo et Polestar<\/em><\/p>\n<p>Le texte <a rel=\"nofollow\" href=\"https:\/\/annuelauto.ca\/volvo-se-branche-au-reseau-de-tesla\/\">Volvo se \u00ab\u00a0branche\u00a0\u00bb au r\u00e9seau de Tesla<\/a> provient de <a rel=\"nofollow\" href=\"https:\/\/annuelauto.ca\">L&#8217;annuel de l&#8217;automobile &#8211; Actualit\u00e9 automobile<\/a><\/p>\n<p><\/p>\n","protected":false},"excerpt":{"rendered":"<p>\u00c0 l\u2019instar de nombreuses autres marques, Volvo a choisi de se \u00ab\u00a0brancher\u00a0\u00bb au r\u00e9seau de recharge de Tesla. Les conducteurs de ses v\u00e9hicules \u00e9lectriques ont d\u00e9sormais acc\u00e8s aux quelque 17\u00a0800 Superchargeurs du constructeur californien qu\u2019on retrouve \u00e0 travers l\u2019Am\u00e9rique du Nord. Pour utiliser ces bornes, qui ont un connecteur de type NACS (pour North American [&hellip;]<\/p>\n","protected":false},"author":8,"featured_media":179576,"comment_status":"close","ping_status":"closed","sticky":false,"template":"","format":"standard","meta":{"_monsterinsights_skip_tracking":false,"_monsterinsights_sitenote_active":false,"_monsterinsights_sitenote_note":"","_monsterinsights_sitenote_category":0,"footnotes":""},"categories":[101],"tags":[],"yoast_head":"<!-- This site is optimized with the Yoast SEO plugin v23.2 - https:\/\/yoast.com\/wordpress\/plugins\/seo\/ -->\n<title>Volvo se \u00ab\u00a0branche\u00a0\u00bb au r\u00e9seau de Tesla - CanadaMotorJobs.com<\/title>\n<meta name=\"description\" content=\"Volvo se \u00ab\u00a0branche\u00a0\u00bb au r\u00e9seau de Tesla - Benoit Charette - Annuel automobile - CanadaMotorJobs.com.\" \/>\n<meta name=\"robots\" content=\"index, follow, max-snippet:-1, max-image-preview:large, max-video-preview:-1\" \/>\n<meta property=\"og:locale\" content=\"fr_CA\" \/>\n<meta property=\"og:type\" content=\"article\" \/>\n<meta property=\"og:title\" content=\"Volvo se \u00ab\u00a0branche\u00a0\u00bb au r\u00e9seau de Tesla - CanadaMotorJobs.com\" \/>\n<meta property=\"og:description\" content=\"Volvo se \u00ab\u00a0branche\u00a0\u00bb au r\u00e9seau de Tesla - Benoit Charette - Annuel automobile - CanadaMotorJobs.com.\" \/>\n<meta property=\"og:url\" content=\"https:\/\/news.canadamotorjobs.com\/fr\/volvo-se-branche-au-reseau-de-tesla\/\" \/>\n<meta property=\"og:site_name\" content=\"CanadaMotorJobs.com\" \/>\n<meta property=\"article:publisher\" content=\"https:\/\/www.facebook.com\/canadamotorjobs\/\" \/>\n<meta property=\"article:published_time\" content=\"2024-10-29T20:57:17+00:00\" \/>\n<meta property=\"article:modified_time\" content=\"2024-10-29T21:29:10+00:00\" \/>\n<meta property=\"og:image\" content=\"https:\/\/news.canadamotorjobs.com\/wp-content\/uploads\/2024\/10\/Volvo-NACS-Tesla-Superchargeur-2.jpg\" \/>\n\t<meta property=\"og:image:width\" content=\"1024\" \/>\n\t<meta property=\"og:image:height\" content=\"683\" \/>\n\t<meta property=\"og:image:type\" content=\"image\/jpeg\" \/>\n<meta name=\"author\" content=\"Benoit Charette\" \/>\n<meta name=\"twitter:card\" content=\"summary_large_image\" \/>\n<meta name=\"twitter:creator\" content=\"@canadamotorjobs\" \/>\n<meta name=\"twitter:site\" content=\"@canadamotorjobs\" \/>\n<meta name=\"twitter:label1\" content=\"\u00c9crit par\" \/>\n\t<meta name=\"twitter:data1\" content=\"Benoit Charette\" \/>\n\t<meta name=\"twitter:label2\" content=\"Estimation du temps de lecture\" \/>\n\t<meta name=\"twitter:data2\" content=\"2 minutes\" \/>\n<!-- \/ Yoast SEO plugin. -->","yoast_head_json":{"title":"Volvo se \u00ab\u00a0branche\u00a0\u00bb au r\u00e9seau de Tesla - CanadaMotorJobs.com","description":"Volvo se \u00ab\u00a0branche\u00a0\u00bb au r\u00e9seau de Tesla - Benoit Charette - Annuel automobile - CanadaMotorJobs.com.","robots":{"index":"index","follow":"follow","max-snippet":"max-snippet:-1","max-image-preview":"max-image-preview:large","max-video-preview":"max-video-preview:-1"},"og_locale":"fr_CA","og_type":"article","og_title":"Volvo se \u00ab\u00a0branche\u00a0\u00bb au r\u00e9seau de Tesla - CanadaMotorJobs.com","og_description":"Volvo se \u00ab\u00a0branche\u00a0\u00bb au r\u00e9seau de Tesla - Benoit Charette - Annuel automobile - CanadaMotorJobs.com.","og_url":"https:\/\/news.canadamotorjobs.com\/fr\/volvo-se-branche-au-reseau-de-tesla\/","og_site_name":"CanadaMotorJobs.com","article_publisher":"https:\/\/www.facebook.com\/canadamotorjobs\/","article_published_time":"2024-10-29T20:57:17+00:00","article_modified_time":"2024-10-29T21:29:10+00:00","og_image":[{"width":1024,"height":683,"url":"https:\/\/news.canadamotorjobs.com\/wp-content\/uploads\/2024\/10\/Volvo-NACS-Tesla-Superchargeur-2.jpg","type":"image\/jpeg"}],"author":"Benoit Charette","twitter_card":"summary_large_image","twitter_creator":"@canadamotorjobs","twitter_site":"@canadamotorjobs","twitter_misc":{"\u00c9crit par":"Benoit Charette","Estimation du temps de lecture":"2 minutes"},"schema":{"@context":"https:\/\/schema.org","@graph":[{"@type":"Article","@id":"https:\/\/news.canadamotorjobs.com\/fr\/volvo-se-branche-au-reseau-de-tesla\/#article","isPartOf":{"@id":"https:\/\/news.canadamotorjobs.com\/fr\/volvo-se-branche-au-reseau-de-tesla\/"},"author":{"name":"Benoit Charette","@id":"https:\/\/news.canadamotorjobs.com\/#\/schema\/person\/51793d1f87d44011d7bcc2ed99269a90"},"headline":"Volvo se \u00ab\u00a0branche\u00a0\u00bb au r\u00e9seau de Tesla","datePublished":"2024-10-29T20:57:17+00:00","dateModified":"2024-10-29T21:29:10+00:00","mainEntityOfPage":{"@id":"https:\/\/news.canadamotorjobs.com\/fr\/volvo-se-branche-au-reseau-de-tesla\/"},"wordCount":371,"publisher":{"@id":"https:\/\/news.canadamotorjobs.com\/#organization"},"image":{"@id":"https:\/\/news.canadamotorjobs.com\/fr\/volvo-se-branche-au-reseau-de-tesla\/#primaryimage"},"thumbnailUrl":"https:\/\/news.canadamotorjobs.com\/wp-content\/uploads\/2024\/10\/Volvo-NACS-Tesla-Superchargeur-2.jpg","articleSection":["Annuel automobile"],"inLanguage":"fr-CA"},{"@type":"WebPage","@id":"https:\/\/news.canadamotorjobs.com\/fr\/volvo-se-branche-au-reseau-de-tesla\/","url":"https:\/\/news.canadamotorjobs.com\/fr\/volvo-se-branche-au-reseau-de-tesla\/","name":"Volvo se \u00ab\u00a0branche\u00a0\u00bb au r\u00e9seau de Tesla - CanadaMotorJobs.com","isPartOf":{"@id":"https:\/\/news.canadamotorjobs.com\/#website"},"primaryImageOfPage":{"@id":"https:\/\/news.canadamotorjobs.com\/fr\/volvo-se-branche-au-reseau-de-tesla\/#primaryimage"},"image":{"@id":"https:\/\/news.canadamotorjobs.com\/fr\/volvo-se-branche-au-reseau-de-tesla\/#primaryimage"},"thumbnailUrl":"https:\/\/news.canadamotorjobs.com\/wp-content\/uploads\/2024\/10\/Volvo-NACS-Tesla-Superchargeur-2.jpg","datePublished":"2024-10-29T20:57:17+00:00","dateModified":"2024-10-29T21:29:10+00:00","description":"Volvo se \u00ab\u00a0branche\u00a0\u00bb au r\u00e9seau de Tesla - Benoit Charette - Annuel automobile - CanadaMotorJobs.com.","breadcrumb":{"@id":"https:\/\/news.canadamotorjobs.com\/fr\/volvo-se-branche-au-reseau-de-tesla\/#breadcrumb"},"inLanguage":"fr-CA","potentialAction":[{"@type":"ReadAction","target":["https:\/\/news.canadamotorjobs.com\/fr\/volvo-se-branche-au-reseau-de-tesla\/"]}]},{"@type":"ImageObject","inLanguage":"fr-CA","@id":"https:\/\/news.canadamotorjobs.com\/fr\/volvo-se-branche-au-reseau-de-tesla\/#primaryimage","url":"https:\/\/news.canadamotorjobs.com\/wp-content\/uploads\/2024\/10\/Volvo-NACS-Tesla-Superchargeur-2.jpg","contentUrl":"https:\/\/news.canadamotorjobs.com\/wp-content\/uploads\/2024\/10\/Volvo-NACS-Tesla-Superchargeur-2.jpg","width":1024,"height":683},{"@type":"BreadcrumbList","@id":"https:\/\/news.canadamotorjobs.com\/fr\/volvo-se-branche-au-reseau-de-tesla\/#breadcrumb","itemListElement":[{"@type":"ListItem","position":1,"name":"Home","item":"https:\/\/news.canadamotorjobs.com\/fr\/blog\/"},{"@type":"ListItem","position":2,"name":"Volvo se \u00ab\u00a0branche\u00a0\u00bb au r\u00e9seau de Tesla"}]},{"@type":"WebSite","@id":"https:\/\/news.canadamotorjobs.com\/#website","url":"https:\/\/news.canadamotorjobs.com\/","name":"CanadaMotorJobs.com","description":"Automotive Jobs","publisher":{"@id":"https:\/\/news.canadamotorjobs.com\/#organization"},"potentialAction":[{"@type":"SearchAction","target":{"@type":"EntryPoint","urlTemplate":"https:\/\/news.canadamotorjobs.com\/?s={search_term_string}"},"query-input":"required name=search_term_string"}],"inLanguage":"fr-CA"},{"@type":"Organization","@id":"https:\/\/news.canadamotorjobs.com\/#organization","name":"Canada Motor Jobs","url":"https:\/\/news.canadamotorjobs.com\/","logo":{"@type":"ImageObject","inLanguage":"fr-CA","@id":"https:\/\/news.canadamotorjobs.com\/#\/schema\/logo\/image\/","url":"https:\/\/news.canadamotorjobs.com\/wp-content\/uploads\/2022\/10\/logo-canada-motor-jobs-1.png","contentUrl":"https:\/\/news.canadamotorjobs.com\/wp-content\/uploads\/2022\/10\/logo-canada-motor-jobs-1.png","width":800,"height":400,"caption":"Canada Motor Jobs"},"image":{"@id":"https:\/\/news.canadamotorjobs.com\/#\/schema\/logo\/image\/"},"sameAs":["https:\/\/www.facebook.com\/canadamotorjobs\/","https:\/\/x.com\/canadamotorjobs","https:\/\/www.instagram.com\/canadamotorjobs\/","https:\/\/www.linkedin.com\/company\/canadamotorjobs"]},{"@type":"Person","@id":"https:\/\/news.canadamotorjobs.com\/#\/schema\/person\/51793d1f87d44011d7bcc2ed99269a90","name":"Benoit Charette","image":{"@type":"ImageObject","inLanguage":"fr-CA","@id":"https:\/\/news.canadamotorjobs.com\/#\/schema\/person\/image\/","url":"https:\/\/secure.gravatar.com\/avatar\/45f3d2eebcccd909668d7ce7ea7267b6?s=96&d=mm&r=g","contentUrl":"https:\/\/secure.gravatar.com\/avatar\/45f3d2eebcccd909668d7ce7ea7267b6?s=96&d=mm&r=g","caption":"Benoit Charette"},"description":"Benoit Charette \/ Propri\u00e9taire et r\u00e9dacteur en chef Benoit Charette pratique le journalisme automobile depuis bient\u00f4t 30 ans. Il a fait ses classes au c\u00f4t\u00e9 de Daniel H\u00e9raud et au Carnet de route de 1992 \u00e0 2001. Il est fondateur, copropri\u00e9taire et r\u00e9dacteur en chef de L\u2019Annuel de l\u2019automobile, qu\u2019il publie depuis 2001. Il a anim\u00e9 les \u00e9missions RPM et RPM+ sur V et les L\u00e9gendes de la route sur Historia. \u00c0 la radio depuis 1986, il reprend l\u2019antenne cette ann\u00e9e sur les ondes de Cogeco et participe pour la deuxi\u00e8me ann\u00e9e \u00e0 l\u2019\u00e9mission Passion Auto sur RDS en plus de mettre en ligne le site Web officiel de L\u2019Annuel de l\u2019automobile sur annuelauto.ca.","sameAs":["https:\/\/annuelauto.ca\/"],"url":"https:\/\/news.canadamotorjobs.com\/fr\/author\/benoit-charette\/"}]}},"_links":{"self":[{"href":"https:\/\/news.canadamotorjobs.com\/fr\/wp-json\/wp\/v2\/posts\/179574"}],"collection":[{"href":"https:\/\/news.canadamotorjobs.com\/fr\/wp-json\/wp\/v2\/posts"}],"about":[{"href":"https:\/\/news.canadamotorjobs.com\/fr\/wp-json\/wp\/v2\/types\/post"}],"author":[{"embeddable":true,"href":"https:\/\/news.canadamotorjobs.com\/fr\/wp-json\/wp\/v2\/users\/8"}],"replies":[{"embeddable":true,"href":"https:\/\/news.canadamotorjobs.com\/fr\/wp-json\/wp\/v2\/comments?post=179574"}],"version-history":[{"count":2,"href":"https:\/\/news.canadamotorjobs.com\/fr\/wp-json\/wp\/v2\/posts\/179574\/revisions"}],"predecessor-version":[{"id":179578,"href":"https:\/\/news.canadamotorjobs.com\/fr\/wp-json\/wp\/v2\/posts\/179574\/revisions\/179578"}],"wp:featuredmedia":[{"embeddable":true,"href":"https:\/\/news.canadamotorjobs.com\/fr\/wp-json\/wp\/v2\/media\/179576"}],"wp:attachment":[{"href":"https:\/\/news.canadamotorjobs.com\/fr\/wp-json\/wp\/v2\/media?parent=179574"}],"wp:term":[{"taxonomy":"category","embeddable":true,"href":"https:\/\/news.canadamotorjobs.com\/fr\/wp-json\/wp\/v2\/categories?post=179574"},{"taxonomy":"post_tag","embeddable":true,"href":"https:\/\/news.canadamotorjobs.com\/fr\/wp-json\/wp\/v2\/tags?post=179574"}],"curies":[{"name":"wp","href":"https:\/\/api.w.org\/{rel}","templated":true}]}}