{"id":179504,"date":"2024-10-29T05:42:27","date_gmt":"2024-10-29T09:42:27","guid":{"rendered":"https:\/\/news.canadamotorjobs.com\/?p=179504"},"modified":"2024-10-29T05:44:52","modified_gmt":"2024-10-29T09:44:52","slug":"ford-prepare-un-pickup-electrique-de-taille-moyenne-a-prix-abordable","status":"publish","type":"post","link":"https:\/\/news.canadamotorjobs.com\/fr\/ford-prepare-un-pickup-electrique-de-taille-moyenne-a-prix-abordable\/","title":{"rendered":"Ford pr\u00e9pare un pickup \u00e9lectrique de taille moyenne \u00e0 prix abordable"},"content":{"rendered":"<\/p>\n<p>Face \u00e0 la mont\u00e9e en puissance des v\u00e9hicules \u00e9lectriques abordables en provenance de la Chine, le PDG de Ford, Jim Farley, d\u00e9clare que le prochain pick-up \u00e9lectrique de taille moyenne de Ford sera une petite r\u00e9volution. Lors d\u2019une r\u00e9cente conf\u00e9rence, Farley a lanc\u00e9 un clin d\u2019\u0153il \u00e0 BYD en son pickup Shark, affirmant que le futur pick-up \u00e9lectrique de Ford sera con\u00e7u pour rivaliser avec le co\u00fbt des mod\u00e8les chinois produits au Mexique.En f\u00e9vrier dernier, Farley a r\u00e9v\u00e9l\u00e9 que Ford avait une \u00e9quipe \u00ab skunkworks \u00bb secr\u00e8te travaillant sur une plateforme \u00e9lectrique \u00e0 faible co\u00fbt, d\u00e9di\u00e9e \u00e0 ses mod\u00e8les de nouvelle g\u00e9n\u00e9ration. Dirig\u00e9e par Alan Clarke, l\u2019ing\u00e9nieur derri\u00e8re la Tesla Model Y, l\u2019\u00e9quipe est constitu\u00e9e d\u2019anciens de Tesla, Rivian, Lucid et Apple.<\/p>\n<h3>Un camion con\u00e7u pour maximiser l&#8217;efficacit\u00e9<\/h3>\n<p>\nFord a confirm\u00e9 cet \u00e9t\u00e9 que son premier mod\u00e8le bas\u00e9 sur cette plateforme serait un pick-up \u00e9lectrique de taille moyenne, sp\u00e9cialement con\u00e7u pour offrir \u00ab plus de valeur \u00bb aux clients, notamment en termes d\u2019autonomie et de polyvalence. En d\u00e9veloppant cette plateforme, Ford veut atteindre un niveau d\u2019efficacit\u00e9 et de co\u00fbt comparable aux \u00ab meilleurs comp\u00e9titeurs mondiaux \u00bb.<\/p>\n<p>En comparant son mod\u00e8le \u00e0 ceux de fabricants chinois comme BYD, qui a r\u00e9cemment lanc\u00e9 son pick-up hybride rechargeable Shark PHEV au Mexique, Ford entend proposer un v\u00e9hicule concurrentiel d\u00e8s 2027. Le pick-up de BYD, qui poss\u00e8de une autonomie de 100 km en tout \u00e9lectrique et un prix d\u2019entr\u00e9e de 53 400 $, se pose d\u00e9j\u00e0 comme rival pour le Ford Ranger dans plusieurs march\u00e9s cl\u00e9s.<\/p>\n<h3>Production de batteries LFP \u00e0 plus faible co\u00fbt<\/h3>\n<p>\nPour atteindre cet objectif d\u2019un pick-up abordable, Ford pr\u00e9voit de lancer la production de batteries au lithium fer phosphate (LFP) dans son usine au Michigan en 2026, r\u00e9duisant ainsi les co\u00fbts de production. Farley a d\u00e9clar\u00e9 que l\u2019\u00e9quipe en Californie a \u00ab surpass\u00e9 les attentes \u00bb dans le d\u00e9veloppement de la nouvelle plateforme en simplifiant la structure du v\u00e9hicule pour optimiser les co\u00fbts. En r\u00e9duisant le nombre de composants et en acc\u00e9l\u00e9rant le processus de conception, Ford vise \u00e0 offrir un pick-up qui r\u00e9ponde aux exigences de performance et de prix du march\u00e9 nord-am\u00e9ricain.<\/p>\n<h3>Un projet qui suscite l&#8217;engouement<\/h3>\n<p>\nDans une r\u00e9cente entrevue sur le podcast <em>Fully Charged<\/em>, Farley a d\u00e9crit le v\u00e9hicule comme \u00ab fantastique \u00bb et a exprim\u00e9 son d\u00e9sir de continuer \u00e0 l\u2019am\u00e9liorer. Il a \u00e9galement partag\u00e9 sur X (anciennement Twitter) qu\u2019il teste lui-m\u00eame tous les v\u00e9hicules concurrents pour mieux comprendre le march\u00e9 et se placer en position de leader.<\/p>\n<h3>Ford r\u00e9ussira-t-il son pari ?<\/h3>\n<p>\nAvec une production pr\u00e9vue pour le second semestre de 2027, Ford pourrait prendre du retard sur les fabricants chinois qui avancent rapidement sur le segment des pick-up abordables en Am\u00e9rique du Nord. Toutefois, l\u2019engagement de Ford \u00e0 innover avec sa plateforme simplifi\u00e9e et sa production de batteries LFP pourrait bien lui permettre de rester comp\u00e9titif dans cette course \u00e0 l\u2019\u00e9lectrification abordable.<\/p>\n<p>Avec des renseignements d\u2019Electrek<\/p>\n<p>Le texte <a rel=\"nofollow\" href=\"https:\/\/annuelauto.ca\/ford-pickup-electrique-abordable-rival-chinois\/\">Ford pr\u00e9pare un pickup \u00e9lectrique de taille moyenne \u00e0 prix abordable<\/a> provient de <a rel=\"nofollow\" href=\"https:\/\/annuelauto.ca\">L&#8217;annuel de l&#8217;automobile &#8211; Actualit\u00e9 automobile<\/a><\/p>\n<p><\/p>\n","protected":false},"excerpt":{"rendered":"<p>Face \u00e0 la mont\u00e9e en puissance des v\u00e9hicules \u00e9lectriques abordables en provenance de la Chine, le PDG de Ford, Jim Farley, d\u00e9clare que le prochain pick-up \u00e9lectrique de taille moyenne de Ford sera une petite r\u00e9volution. Lors d\u2019une r\u00e9cente conf\u00e9rence, Farley a lanc\u00e9 un clin d\u2019\u0153il \u00e0 BYD en son pickup Shark, affirmant que le [&hellip;]<\/p>\n","protected":false},"author":8,"featured_media":179506,"comment_status":"close","ping_status":"closed","sticky":false,"template":"","format":"standard","meta":{"_monsterinsights_skip_tracking":false,"_monsterinsights_sitenote_active":false,"_monsterinsights_sitenote_note":"","_monsterinsights_sitenote_category":0,"footnotes":""},"categories":[101],"tags":[],"yoast_head":"<!-- This site is optimized with the Yoast SEO plugin v23.2 - https:\/\/yoast.com\/wordpress\/plugins\/seo\/ -->\n<title>Ford pr\u00e9pare un pickup \u00e9lectrique de taille moyenne \u00e0 prix abordable - CanadaMotorJobs.com<\/title>\n<meta name=\"description\" content=\"Ford pr\u00e9pare un pickup \u00e9lectrique de taille moyenne \u00e0 prix abordable - Benoit Charette - Annuel automobile - CanadaMotorJobs.com.\" \/>\n<meta name=\"robots\" content=\"index, follow, max-snippet:-1, max-image-preview:large, max-video-preview:-1\" \/>\n<meta property=\"og:locale\" content=\"fr_CA\" \/>\n<meta property=\"og:type\" content=\"article\" \/>\n<meta property=\"og:title\" content=\"Ford pr\u00e9pare un pickup \u00e9lectrique de taille moyenne \u00e0 prix abordable - CanadaMotorJobs.com\" \/>\n<meta property=\"og:description\" content=\"Ford pr\u00e9pare un pickup \u00e9lectrique de taille moyenne \u00e0 prix abordable - Benoit Charette - Annuel automobile - CanadaMotorJobs.com.\" \/>\n<meta property=\"og:url\" content=\"https:\/\/news.canadamotorjobs.com\/fr\/ford-prepare-un-pickup-electrique-de-taille-moyenne-a-prix-abordable\/\" \/>\n<meta property=\"og:site_name\" content=\"CanadaMotorJobs.com\" \/>\n<meta property=\"article:publisher\" content=\"https:\/\/www.facebook.com\/canadamotorjobs\/\" \/>\n<meta property=\"article:published_time\" content=\"2024-10-29T09:42:27+00:00\" \/>\n<meta property=\"article:modified_time\" content=\"2024-10-29T09:44:52+00:00\" \/>\n<meta property=\"og:image\" content=\"https:\/\/news.canadamotorjobs.com\/wp-content\/uploads\/2024\/10\/2022-Ford-F-150-Lightning.jpg\" \/>\n\t<meta property=\"og:image:width\" content=\"2200\" \/>\n\t<meta property=\"og:image:height\" content=\"1238\" \/>\n\t<meta property=\"og:image:type\" content=\"image\/jpeg\" \/>\n<meta name=\"author\" content=\"Benoit Charette\" \/>\n<meta name=\"twitter:card\" content=\"summary_large_image\" \/>\n<meta name=\"twitter:creator\" content=\"@canadamotorjobs\" \/>\n<meta name=\"twitter:site\" content=\"@canadamotorjobs\" \/>\n<meta name=\"twitter:label1\" content=\"\u00c9crit par\" \/>\n\t<meta name=\"twitter:data1\" content=\"Benoit Charette\" \/>\n\t<meta name=\"twitter:label2\" content=\"Estimation du temps de lecture\" \/>\n\t<meta name=\"twitter:data2\" content=\"3 minutes\" \/>\n<!-- \/ Yoast SEO plugin. -->","yoast_head_json":{"title":"Ford pr\u00e9pare un pickup \u00e9lectrique de taille moyenne \u00e0 prix abordable - CanadaMotorJobs.com","description":"Ford pr\u00e9pare un pickup \u00e9lectrique de taille moyenne \u00e0 prix abordable - Benoit Charette - Annuel automobile - CanadaMotorJobs.com.","robots":{"index":"index","follow":"follow","max-snippet":"max-snippet:-1","max-image-preview":"max-image-preview:large","max-video-preview":"max-video-preview:-1"},"og_locale":"fr_CA","og_type":"article","og_title":"Ford pr\u00e9pare un pickup \u00e9lectrique de taille moyenne \u00e0 prix abordable - CanadaMotorJobs.com","og_description":"Ford pr\u00e9pare un pickup \u00e9lectrique de taille moyenne \u00e0 prix abordable - Benoit Charette - Annuel automobile - CanadaMotorJobs.com.","og_url":"https:\/\/news.canadamotorjobs.com\/fr\/ford-prepare-un-pickup-electrique-de-taille-moyenne-a-prix-abordable\/","og_site_name":"CanadaMotorJobs.com","article_publisher":"https:\/\/www.facebook.com\/canadamotorjobs\/","article_published_time":"2024-10-29T09:42:27+00:00","article_modified_time":"2024-10-29T09:44:52+00:00","og_image":[{"width":2200,"height":1238,"url":"https:\/\/news.canadamotorjobs.com\/wp-content\/uploads\/2024\/10\/2022-Ford-F-150-Lightning.jpg","type":"image\/jpeg"}],"author":"Benoit Charette","twitter_card":"summary_large_image","twitter_creator":"@canadamotorjobs","twitter_site":"@canadamotorjobs","twitter_misc":{"\u00c9crit par":"Benoit Charette","Estimation du temps de lecture":"3 minutes"},"schema":{"@context":"https:\/\/schema.org","@graph":[{"@type":"Article","@id":"https:\/\/news.canadamotorjobs.com\/fr\/ford-prepare-un-pickup-electrique-de-taille-moyenne-a-prix-abordable\/#article","isPartOf":{"@id":"https:\/\/news.canadamotorjobs.com\/fr\/ford-prepare-un-pickup-electrique-de-taille-moyenne-a-prix-abordable\/"},"author":{"name":"Benoit Charette","@id":"https:\/\/news.canadamotorjobs.com\/#\/schema\/person\/51793d1f87d44011d7bcc2ed99269a90"},"headline":"Ford pr\u00e9pare un pickup \u00e9lectrique de taille moyenne \u00e0 prix abordable","datePublished":"2024-10-29T09:42:27+00:00","dateModified":"2024-10-29T09:44:52+00:00","mainEntityOfPage":{"@id":"https:\/\/news.canadamotorjobs.com\/fr\/ford-prepare-un-pickup-electrique-de-taille-moyenne-a-prix-abordable\/"},"wordCount":570,"publisher":{"@id":"https:\/\/news.canadamotorjobs.com\/#organization"},"image":{"@id":"https:\/\/news.canadamotorjobs.com\/fr\/ford-prepare-un-pickup-electrique-de-taille-moyenne-a-prix-abordable\/#primaryimage"},"thumbnailUrl":"https:\/\/news.canadamotorjobs.com\/wp-content\/uploads\/2024\/10\/2022-Ford-F-150-Lightning.jpg","articleSection":["Annuel automobile"],"inLanguage":"fr-CA"},{"@type":"WebPage","@id":"https:\/\/news.canadamotorjobs.com\/fr\/ford-prepare-un-pickup-electrique-de-taille-moyenne-a-prix-abordable\/","url":"https:\/\/news.canadamotorjobs.com\/fr\/ford-prepare-un-pickup-electrique-de-taille-moyenne-a-prix-abordable\/","name":"Ford pr\u00e9pare un pickup \u00e9lectrique de taille moyenne \u00e0 prix abordable - CanadaMotorJobs.com","isPartOf":{"@id":"https:\/\/news.canadamotorjobs.com\/#website"},"primaryImageOfPage":{"@id":"https:\/\/news.canadamotorjobs.com\/fr\/ford-prepare-un-pickup-electrique-de-taille-moyenne-a-prix-abordable\/#primaryimage"},"image":{"@id":"https:\/\/news.canadamotorjobs.com\/fr\/ford-prepare-un-pickup-electrique-de-taille-moyenne-a-prix-abordable\/#primaryimage"},"thumbnailUrl":"https:\/\/news.canadamotorjobs.com\/wp-content\/uploads\/2024\/10\/2022-Ford-F-150-Lightning.jpg","datePublished":"2024-10-29T09:42:27+00:00","dateModified":"2024-10-29T09:44:52+00:00","description":"Ford pr\u00e9pare un pickup \u00e9lectrique de taille moyenne \u00e0 prix abordable - Benoit Charette - Annuel automobile - CanadaMotorJobs.com.","breadcrumb":{"@id":"https:\/\/news.canadamotorjobs.com\/fr\/ford-prepare-un-pickup-electrique-de-taille-moyenne-a-prix-abordable\/#breadcrumb"},"inLanguage":"fr-CA","potentialAction":[{"@type":"ReadAction","target":["https:\/\/news.canadamotorjobs.com\/fr\/ford-prepare-un-pickup-electrique-de-taille-moyenne-a-prix-abordable\/"]}]},{"@type":"ImageObject","inLanguage":"fr-CA","@id":"https:\/\/news.canadamotorjobs.com\/fr\/ford-prepare-un-pickup-electrique-de-taille-moyenne-a-prix-abordable\/#primaryimage","url":"https:\/\/news.canadamotorjobs.com\/wp-content\/uploads\/2024\/10\/2022-Ford-F-150-Lightning.jpg","contentUrl":"https:\/\/news.canadamotorjobs.com\/wp-content\/uploads\/2024\/10\/2022-Ford-F-150-Lightning.jpg","width":2200,"height":1238},{"@type":"BreadcrumbList","@id":"https:\/\/news.canadamotorjobs.com\/fr\/ford-prepare-un-pickup-electrique-de-taille-moyenne-a-prix-abordable\/#breadcrumb","itemListElement":[{"@type":"ListItem","position":1,"name":"Home","item":"https:\/\/news.canadamotorjobs.com\/fr\/blog\/"},{"@type":"ListItem","position":2,"name":"Ford pr\u00e9pare un pickup \u00e9lectrique de taille moyenne \u00e0 prix abordable"}]},{"@type":"WebSite","@id":"https:\/\/news.canadamotorjobs.com\/#website","url":"https:\/\/news.canadamotorjobs.com\/","name":"CanadaMotorJobs.com","description":"Automotive Jobs","publisher":{"@id":"https:\/\/news.canadamotorjobs.com\/#organization"},"potentialAction":[{"@type":"SearchAction","target":{"@type":"EntryPoint","urlTemplate":"https:\/\/news.canadamotorjobs.com\/?s={search_term_string}"},"query-input":"required name=search_term_string"}],"inLanguage":"fr-CA"},{"@type":"Organization","@id":"https:\/\/news.canadamotorjobs.com\/#organization","name":"Canada Motor Jobs","url":"https:\/\/news.canadamotorjobs.com\/","logo":{"@type":"ImageObject","inLanguage":"fr-CA","@id":"https:\/\/news.canadamotorjobs.com\/#\/schema\/logo\/image\/","url":"https:\/\/news.canadamotorjobs.com\/wp-content\/uploads\/2022\/10\/logo-canada-motor-jobs-1.png","contentUrl":"https:\/\/news.canadamotorjobs.com\/wp-content\/uploads\/2022\/10\/logo-canada-motor-jobs-1.png","width":800,"height":400,"caption":"Canada Motor Jobs"},"image":{"@id":"https:\/\/news.canadamotorjobs.com\/#\/schema\/logo\/image\/"},"sameAs":["https:\/\/www.facebook.com\/canadamotorjobs\/","https:\/\/x.com\/canadamotorjobs","https:\/\/www.instagram.com\/canadamotorjobs\/","https:\/\/www.linkedin.com\/company\/canadamotorjobs"]},{"@type":"Person","@id":"https:\/\/news.canadamotorjobs.com\/#\/schema\/person\/51793d1f87d44011d7bcc2ed99269a90","name":"Benoit Charette","image":{"@type":"ImageObject","inLanguage":"fr-CA","@id":"https:\/\/news.canadamotorjobs.com\/#\/schema\/person\/image\/","url":"https:\/\/secure.gravatar.com\/avatar\/45f3d2eebcccd909668d7ce7ea7267b6?s=96&d=mm&r=g","contentUrl":"https:\/\/secure.gravatar.com\/avatar\/45f3d2eebcccd909668d7ce7ea7267b6?s=96&d=mm&r=g","caption":"Benoit Charette"},"description":"Benoit Charette \/ Propri\u00e9taire et r\u00e9dacteur en chef Benoit Charette pratique le journalisme automobile depuis bient\u00f4t 30 ans. Il a fait ses classes au c\u00f4t\u00e9 de Daniel H\u00e9raud et au Carnet de route de 1992 \u00e0 2001. Il est fondateur, copropri\u00e9taire et r\u00e9dacteur en chef de L\u2019Annuel de l\u2019automobile, qu\u2019il publie depuis 2001. Il a anim\u00e9 les \u00e9missions RPM et RPM+ sur V et les L\u00e9gendes de la route sur Historia. \u00c0 la radio depuis 1986, il reprend l\u2019antenne cette ann\u00e9e sur les ondes de Cogeco et participe pour la deuxi\u00e8me ann\u00e9e \u00e0 l\u2019\u00e9mission Passion Auto sur RDS en plus de mettre en ligne le site Web officiel de L\u2019Annuel de l\u2019automobile sur annuelauto.ca.","sameAs":["https:\/\/annuelauto.ca\/"],"url":"https:\/\/news.canadamotorjobs.com\/fr\/author\/benoit-charette\/"}]}},"_links":{"self":[{"href":"https:\/\/news.canadamotorjobs.com\/fr\/wp-json\/wp\/v2\/posts\/179504"}],"collection":[{"href":"https:\/\/news.canadamotorjobs.com\/fr\/wp-json\/wp\/v2\/posts"}],"about":[{"href":"https:\/\/news.canadamotorjobs.com\/fr\/wp-json\/wp\/v2\/types\/post"}],"author":[{"embeddable":true,"href":"https:\/\/news.canadamotorjobs.com\/fr\/wp-json\/wp\/v2\/users\/8"}],"replies":[{"embeddable":true,"href":"https:\/\/news.canadamotorjobs.com\/fr\/wp-json\/wp\/v2\/comments?post=179504"}],"version-history":[{"count":2,"href":"https:\/\/news.canadamotorjobs.com\/fr\/wp-json\/wp\/v2\/posts\/179504\/revisions"}],"predecessor-version":[{"id":179508,"href":"https:\/\/news.canadamotorjobs.com\/fr\/wp-json\/wp\/v2\/posts\/179504\/revisions\/179508"}],"wp:featuredmedia":[{"embeddable":true,"href":"https:\/\/news.canadamotorjobs.com\/fr\/wp-json\/wp\/v2\/media\/179506"}],"wp:attachment":[{"href":"https:\/\/news.canadamotorjobs.com\/fr\/wp-json\/wp\/v2\/media?parent=179504"}],"wp:term":[{"taxonomy":"category","embeddable":true,"href":"https:\/\/news.canadamotorjobs.com\/fr\/wp-json\/wp\/v2\/categories?post=179504"},{"taxonomy":"post_tag","embeddable":true,"href":"https:\/\/news.canadamotorjobs.com\/fr\/wp-json\/wp\/v2\/tags?post=179504"}],"curies":[{"name":"wp","href":"https:\/\/api.w.org\/{rel}","templated":true}]}}