{"id":179477,"date":"2024-10-29T05:25:19","date_gmt":"2024-10-29T09:25:19","guid":{"rendered":"https:\/\/news.canadamotorjobs.com\/?p=179477"},"modified":"2024-10-29T05:29:36","modified_gmt":"2024-10-29T09:29:36","slug":"encore-deux-ans-de-moteur-atmospherique-pour-la-porsche-911-gt3","status":"publish","type":"post","link":"https:\/\/news.canadamotorjobs.com\/fr\/encore-deux-ans-de-moteur-atmospherique-pour-la-porsche-911-gt3\/","title":{"rendered":"Encore deux ans de moteur atmosph\u00e9rique pour la Porsche 911 GT3"},"content":{"rendered":"<\/p>\n<p>Le l\u00e9gendaire moteur atmosph\u00e9rique de 4,0 litres de la Porsche 911 GT3 ne devrait plus rester sur le march\u00e9 en version non hybrid\u00e9e ou sans turbo pour plus de deux ans, selon le chef de la division GT de Porsche, Andreas Preuninger. Ce moteur, embl\u00e8me de la gamme GT3 depuis la g\u00e9n\u00e9ration \u2018991.2\u2019 en 2018, \u00e9quipe \u00e9galement d&#8217;autres mod\u00e8les de la marque comme les 911 S\/T, 911 GT3 RS, 718 Cayman GT4 RS et 718 Spyder RS, avec des r\u00e9glages diff\u00e9rents selon les versions. Toutefois, le 4,0 litres atmosph\u00e9rique de la 911 GT3 et celui des mod\u00e8les 718 Cayman GTS 4.0 et Boxster GTS 4.0 sont parmi les derniers moteurs de Porsche \u00e0 \u00e9chapper aux contraintes d&#8217;induction forc\u00e9e ou d&#8217;\u00e9lectrification.<\/p>\n<h3>La fin d\u2019une \u00e9poque en vue<\/h3>\n<p>\nAvec l\u2019arriv\u00e9e imminente de nouvelle normes environnementales en 2026, Porsche admet que ce moteur iconique pourrait bient\u00f4t devoir c\u00e9der la place \u00e0 des technologies plus modernes pour r\u00e9pondre aux normes d&#8217;\u00e9missions toujours plus strictes. Pour atteindre les normes Euro 7, nous devrons int\u00e9grer une hybridation ou un turbo. Pour l\u2019instant, nous avons encore environ deux ans de vente, mais cela d\u00e9pendra des march\u00e9s.<\/p>\n<h3>Un moteur con\u00e7u pour le plaisir de conduire<\/h3>\n<p>\nLe plaisir de conduite de la GT3 repose sur son moteur atmosph\u00e9rique, avec une ligne droite qui relie deux courbes, pas un sprint en ligne droite. Le moteur de la GT3 atteint les 9 000 tr\/min et respecte les normes comme Euro 6 avec un tiers de moins d&#8217;oxyde d&#8217;azote et une r\u00e9duction de 40 % des \u00e9missions de particules. Maintenir cette performance sans turbo ni hybridation a \u00e9t\u00e9 un d\u00e9fi pour les ing\u00e9nieurs. \u00ab L&#8217;ajout de poids par l&#8217;\u00e9lectrification ou le turbo alt\u00e9rerait l&#8217;\u00e9quilibre de la voiture, surtout avec ce poids plac\u00e9 \u00e0 l\u2019arri\u00e8re.<\/p>\n<p>Pour maximiser la vivacit\u00e9 de la voiture sans l&#8217;alourdir, Porsche a opt\u00e9 pour un ratio de pont final plus court, favorisant une acc\u00e9l\u00e9ration plus franche sans sacrifier la philosophie pure de la GT3.<\/p>\n<p>Avec des renseignements d\u2019Autocar<\/p>\n<p>Le texte <a rel=\"nofollow\" href=\"https:\/\/annuelauto.ca\/porsche-911-gt3-deux-ans-sans-hybride\/\">Encore deux ans de moteur atmosph\u00e9rique pour la Porsche 911 GT3<\/a> provient de <a rel=\"nofollow\" href=\"https:\/\/annuelauto.ca\">L&#8217;annuel de l&#8217;automobile &#8211; Actualit\u00e9 automobile<\/a><\/p>\n<p><\/p>\n","protected":false},"excerpt":{"rendered":"<p>Le l\u00e9gendaire moteur atmosph\u00e9rique de 4,0 litres de la Porsche 911 GT3 ne devrait plus rester sur le march\u00e9 en version non hybrid\u00e9e ou sans turbo pour plus de deux ans, selon le chef de la division GT de Porsche, Andreas Preuninger. Ce moteur, embl\u00e8me de la gamme GT3 depuis la g\u00e9n\u00e9ration \u2018991.2\u2019 en 2018, [&hellip;]<\/p>\n","protected":false},"author":8,"featured_media":179479,"comment_status":"close","ping_status":"closed","sticky":false,"template":"","format":"standard","meta":{"_monsterinsights_skip_tracking":false,"_monsterinsights_sitenote_active":false,"_monsterinsights_sitenote_note":"","_monsterinsights_sitenote_category":0,"footnotes":""},"categories":[101],"tags":[],"yoast_head":"<!-- This site is optimized with the Yoast SEO plugin v23.2 - https:\/\/yoast.com\/wordpress\/plugins\/seo\/ -->\n<title>Encore deux ans de moteur atmosph\u00e9rique pour la Porsche 911 GT3 - CanadaMotorJobs.com<\/title>\n<meta name=\"description\" content=\"Encore deux ans de moteur atmosph\u00e9rique pour la Porsche 911 GT3 - Benoit Charette - Annuel automobile - CanadaMotorJobs.com.\" \/>\n<meta name=\"robots\" content=\"index, follow, max-snippet:-1, max-image-preview:large, max-video-preview:-1\" \/>\n<meta property=\"og:locale\" content=\"fr_CA\" \/>\n<meta property=\"og:type\" content=\"article\" \/>\n<meta property=\"og:title\" content=\"Encore deux ans de moteur atmosph\u00e9rique pour la Porsche 911 GT3 - CanadaMotorJobs.com\" \/>\n<meta property=\"og:description\" content=\"Encore deux ans de moteur atmosph\u00e9rique pour la Porsche 911 GT3 - Benoit Charette - Annuel automobile - CanadaMotorJobs.com.\" \/>\n<meta property=\"og:url\" content=\"https:\/\/news.canadamotorjobs.com\/fr\/encore-deux-ans-de-moteur-atmospherique-pour-la-porsche-911-gt3\/\" \/>\n<meta property=\"og:site_name\" content=\"CanadaMotorJobs.com\" \/>\n<meta property=\"article:publisher\" content=\"https:\/\/www.facebook.com\/canadamotorjobs\/\" \/>\n<meta property=\"article:published_time\" content=\"2024-10-29T09:25:19+00:00\" \/>\n<meta property=\"article:modified_time\" content=\"2024-10-29T09:29:36+00:00\" \/>\n<meta property=\"og:image\" content=\"https:\/\/news.canadamotorjobs.com\/wp-content\/uploads\/2024\/10\/Used-2024-Porsche-911-GT3-RS-1698528797.jpg\" \/>\n\t<meta property=\"og:image:width\" content=\"1920\" \/>\n\t<meta property=\"og:image:height\" content=\"1282\" \/>\n\t<meta property=\"og:image:type\" content=\"image\/jpeg\" \/>\n<meta name=\"author\" content=\"Benoit Charette\" \/>\n<meta name=\"twitter:card\" content=\"summary_large_image\" \/>\n<meta name=\"twitter:creator\" content=\"@canadamotorjobs\" \/>\n<meta name=\"twitter:site\" content=\"@canadamotorjobs\" \/>\n<meta name=\"twitter:label1\" content=\"\u00c9crit par\" \/>\n\t<meta name=\"twitter:data1\" content=\"Benoit Charette\" \/>\n\t<meta name=\"twitter:label2\" content=\"Estimation du temps de lecture\" \/>\n\t<meta name=\"twitter:data2\" content=\"2 minutes\" \/>\n<!-- \/ Yoast SEO plugin. -->","yoast_head_json":{"title":"Encore deux ans de moteur atmosph\u00e9rique pour la Porsche 911 GT3 - CanadaMotorJobs.com","description":"Encore deux ans de moteur atmosph\u00e9rique pour la Porsche 911 GT3 - Benoit Charette - Annuel automobile - CanadaMotorJobs.com.","robots":{"index":"index","follow":"follow","max-snippet":"max-snippet:-1","max-image-preview":"max-image-preview:large","max-video-preview":"max-video-preview:-1"},"og_locale":"fr_CA","og_type":"article","og_title":"Encore deux ans de moteur atmosph\u00e9rique pour la Porsche 911 GT3 - CanadaMotorJobs.com","og_description":"Encore deux ans de moteur atmosph\u00e9rique pour la Porsche 911 GT3 - Benoit Charette - Annuel automobile - CanadaMotorJobs.com.","og_url":"https:\/\/news.canadamotorjobs.com\/fr\/encore-deux-ans-de-moteur-atmospherique-pour-la-porsche-911-gt3\/","og_site_name":"CanadaMotorJobs.com","article_publisher":"https:\/\/www.facebook.com\/canadamotorjobs\/","article_published_time":"2024-10-29T09:25:19+00:00","article_modified_time":"2024-10-29T09:29:36+00:00","og_image":[{"width":1920,"height":1282,"url":"https:\/\/news.canadamotorjobs.com\/wp-content\/uploads\/2024\/10\/Used-2024-Porsche-911-GT3-RS-1698528797.jpg","type":"image\/jpeg"}],"author":"Benoit Charette","twitter_card":"summary_large_image","twitter_creator":"@canadamotorjobs","twitter_site":"@canadamotorjobs","twitter_misc":{"\u00c9crit par":"Benoit Charette","Estimation du temps de lecture":"2 minutes"},"schema":{"@context":"https:\/\/schema.org","@graph":[{"@type":"Article","@id":"https:\/\/news.canadamotorjobs.com\/fr\/encore-deux-ans-de-moteur-atmospherique-pour-la-porsche-911-gt3\/#article","isPartOf":{"@id":"https:\/\/news.canadamotorjobs.com\/fr\/encore-deux-ans-de-moteur-atmospherique-pour-la-porsche-911-gt3\/"},"author":{"name":"Benoit Charette","@id":"https:\/\/news.canadamotorjobs.com\/#\/schema\/person\/51793d1f87d44011d7bcc2ed99269a90"},"headline":"Encore deux ans de moteur atmosph\u00e9rique pour la Porsche 911 GT3","datePublished":"2024-10-29T09:25:19+00:00","dateModified":"2024-10-29T09:29:36+00:00","mainEntityOfPage":{"@id":"https:\/\/news.canadamotorjobs.com\/fr\/encore-deux-ans-de-moteur-atmospherique-pour-la-porsche-911-gt3\/"},"wordCount":383,"publisher":{"@id":"https:\/\/news.canadamotorjobs.com\/#organization"},"image":{"@id":"https:\/\/news.canadamotorjobs.com\/fr\/encore-deux-ans-de-moteur-atmospherique-pour-la-porsche-911-gt3\/#primaryimage"},"thumbnailUrl":"https:\/\/news.canadamotorjobs.com\/wp-content\/uploads\/2024\/10\/Used-2024-Porsche-911-GT3-RS-1698528797.jpg","articleSection":["Annuel automobile"],"inLanguage":"fr-CA"},{"@type":"WebPage","@id":"https:\/\/news.canadamotorjobs.com\/fr\/encore-deux-ans-de-moteur-atmospherique-pour-la-porsche-911-gt3\/","url":"https:\/\/news.canadamotorjobs.com\/fr\/encore-deux-ans-de-moteur-atmospherique-pour-la-porsche-911-gt3\/","name":"Encore deux ans de moteur atmosph\u00e9rique pour la Porsche 911 GT3 - CanadaMotorJobs.com","isPartOf":{"@id":"https:\/\/news.canadamotorjobs.com\/#website"},"primaryImageOfPage":{"@id":"https:\/\/news.canadamotorjobs.com\/fr\/encore-deux-ans-de-moteur-atmospherique-pour-la-porsche-911-gt3\/#primaryimage"},"image":{"@id":"https:\/\/news.canadamotorjobs.com\/fr\/encore-deux-ans-de-moteur-atmospherique-pour-la-porsche-911-gt3\/#primaryimage"},"thumbnailUrl":"https:\/\/news.canadamotorjobs.com\/wp-content\/uploads\/2024\/10\/Used-2024-Porsche-911-GT3-RS-1698528797.jpg","datePublished":"2024-10-29T09:25:19+00:00","dateModified":"2024-10-29T09:29:36+00:00","description":"Encore deux ans de moteur atmosph\u00e9rique pour la Porsche 911 GT3 - Benoit Charette - Annuel automobile - CanadaMotorJobs.com.","breadcrumb":{"@id":"https:\/\/news.canadamotorjobs.com\/fr\/encore-deux-ans-de-moteur-atmospherique-pour-la-porsche-911-gt3\/#breadcrumb"},"inLanguage":"fr-CA","potentialAction":[{"@type":"ReadAction","target":["https:\/\/news.canadamotorjobs.com\/fr\/encore-deux-ans-de-moteur-atmospherique-pour-la-porsche-911-gt3\/"]}]},{"@type":"ImageObject","inLanguage":"fr-CA","@id":"https:\/\/news.canadamotorjobs.com\/fr\/encore-deux-ans-de-moteur-atmospherique-pour-la-porsche-911-gt3\/#primaryimage","url":"https:\/\/news.canadamotorjobs.com\/wp-content\/uploads\/2024\/10\/Used-2024-Porsche-911-GT3-RS-1698528797.jpg","contentUrl":"https:\/\/news.canadamotorjobs.com\/wp-content\/uploads\/2024\/10\/Used-2024-Porsche-911-GT3-RS-1698528797.jpg","width":1920,"height":1282},{"@type":"BreadcrumbList","@id":"https:\/\/news.canadamotorjobs.com\/fr\/encore-deux-ans-de-moteur-atmospherique-pour-la-porsche-911-gt3\/#breadcrumb","itemListElement":[{"@type":"ListItem","position":1,"name":"Home","item":"https:\/\/news.canadamotorjobs.com\/fr\/blog\/"},{"@type":"ListItem","position":2,"name":"Encore deux ans de moteur atmosph\u00e9rique pour la Porsche 911 GT3"}]},{"@type":"WebSite","@id":"https:\/\/news.canadamotorjobs.com\/#website","url":"https:\/\/news.canadamotorjobs.com\/","name":"CanadaMotorJobs.com","description":"Automotive Jobs","publisher":{"@id":"https:\/\/news.canadamotorjobs.com\/#organization"},"potentialAction":[{"@type":"SearchAction","target":{"@type":"EntryPoint","urlTemplate":"https:\/\/news.canadamotorjobs.com\/?s={search_term_string}"},"query-input":"required name=search_term_string"}],"inLanguage":"fr-CA"},{"@type":"Organization","@id":"https:\/\/news.canadamotorjobs.com\/#organization","name":"Canada Motor Jobs","url":"https:\/\/news.canadamotorjobs.com\/","logo":{"@type":"ImageObject","inLanguage":"fr-CA","@id":"https:\/\/news.canadamotorjobs.com\/#\/schema\/logo\/image\/","url":"https:\/\/news.canadamotorjobs.com\/wp-content\/uploads\/2022\/10\/logo-canada-motor-jobs-1.png","contentUrl":"https:\/\/news.canadamotorjobs.com\/wp-content\/uploads\/2022\/10\/logo-canada-motor-jobs-1.png","width":800,"height":400,"caption":"Canada Motor Jobs"},"image":{"@id":"https:\/\/news.canadamotorjobs.com\/#\/schema\/logo\/image\/"},"sameAs":["https:\/\/www.facebook.com\/canadamotorjobs\/","https:\/\/x.com\/canadamotorjobs","https:\/\/www.instagram.com\/canadamotorjobs\/","https:\/\/www.linkedin.com\/company\/canadamotorjobs"]},{"@type":"Person","@id":"https:\/\/news.canadamotorjobs.com\/#\/schema\/person\/51793d1f87d44011d7bcc2ed99269a90","name":"Benoit Charette","image":{"@type":"ImageObject","inLanguage":"fr-CA","@id":"https:\/\/news.canadamotorjobs.com\/#\/schema\/person\/image\/","url":"https:\/\/secure.gravatar.com\/avatar\/45f3d2eebcccd909668d7ce7ea7267b6?s=96&d=mm&r=g","contentUrl":"https:\/\/secure.gravatar.com\/avatar\/45f3d2eebcccd909668d7ce7ea7267b6?s=96&d=mm&r=g","caption":"Benoit Charette"},"description":"Benoit Charette \/ Propri\u00e9taire et r\u00e9dacteur en chef Benoit Charette pratique le journalisme automobile depuis bient\u00f4t 30 ans. Il a fait ses classes au c\u00f4t\u00e9 de Daniel H\u00e9raud et au Carnet de route de 1992 \u00e0 2001. Il est fondateur, copropri\u00e9taire et r\u00e9dacteur en chef de L\u2019Annuel de l\u2019automobile, qu\u2019il publie depuis 2001. Il a anim\u00e9 les \u00e9missions RPM et RPM+ sur V et les L\u00e9gendes de la route sur Historia. \u00c0 la radio depuis 1986, il reprend l\u2019antenne cette ann\u00e9e sur les ondes de Cogeco et participe pour la deuxi\u00e8me ann\u00e9e \u00e0 l\u2019\u00e9mission Passion Auto sur RDS en plus de mettre en ligne le site Web officiel de L\u2019Annuel de l\u2019automobile sur annuelauto.ca.","sameAs":["https:\/\/annuelauto.ca\/"],"url":"https:\/\/news.canadamotorjobs.com\/fr\/author\/benoit-charette\/"}]}},"_links":{"self":[{"href":"https:\/\/news.canadamotorjobs.com\/fr\/wp-json\/wp\/v2\/posts\/179477"}],"collection":[{"href":"https:\/\/news.canadamotorjobs.com\/fr\/wp-json\/wp\/v2\/posts"}],"about":[{"href":"https:\/\/news.canadamotorjobs.com\/fr\/wp-json\/wp\/v2\/types\/post"}],"author":[{"embeddable":true,"href":"https:\/\/news.canadamotorjobs.com\/fr\/wp-json\/wp\/v2\/users\/8"}],"replies":[{"embeddable":true,"href":"https:\/\/news.canadamotorjobs.com\/fr\/wp-json\/wp\/v2\/comments?post=179477"}],"version-history":[{"count":2,"href":"https:\/\/news.canadamotorjobs.com\/fr\/wp-json\/wp\/v2\/posts\/179477\/revisions"}],"predecessor-version":[{"id":179481,"href":"https:\/\/news.canadamotorjobs.com\/fr\/wp-json\/wp\/v2\/posts\/179477\/revisions\/179481"}],"wp:featuredmedia":[{"embeddable":true,"href":"https:\/\/news.canadamotorjobs.com\/fr\/wp-json\/wp\/v2\/media\/179479"}],"wp:attachment":[{"href":"https:\/\/news.canadamotorjobs.com\/fr\/wp-json\/wp\/v2\/media?parent=179477"}],"wp:term":[{"taxonomy":"category","embeddable":true,"href":"https:\/\/news.canadamotorjobs.com\/fr\/wp-json\/wp\/v2\/categories?post=179477"},{"taxonomy":"post_tag","embeddable":true,"href":"https:\/\/news.canadamotorjobs.com\/fr\/wp-json\/wp\/v2\/tags?post=179477"}],"curies":[{"name":"wp","href":"https:\/\/api.w.org\/{rel}","templated":true}]}}