{"id":179411,"date":"2024-10-28T11:47:26","date_gmt":"2024-10-28T15:47:26","guid":{"rendered":"https:\/\/news.canadamotorjobs.com\/?p=179411"},"modified":"2024-10-28T11:59:45","modified_gmt":"2024-10-28T15:59:45","slug":"plus-de-10-000-mise-a-pied-et-trois-fermetures-dusines-chez-volks-en-allemagne","status":"publish","type":"post","link":"https:\/\/news.canadamotorjobs.com\/fr\/plus-de-10-000-mise-a-pied-et-trois-fermetures-dusines-chez-volks-en-allemagne\/","title":{"rendered":"Plus de 10 000 mise \u00e0 pied et trois fermetures d\u2019usines chez Volks en Allemagne"},"content":{"rendered":"<\/p>\n<p>Volkswagen envisage de fermer au moins trois usines en Allemagne, de r\u00e9duire les effectifs de plusieurs dizaines de milliers d\u2019employ\u00e9s et de r\u00e9duire la taille de ses installations restantes dans la plus grande \u00e9conomie d\u2019Europe. Ce plan de restructuration, plus radical qu\u2019anticip\u00e9, a \u00e9t\u00e9 r\u00e9v\u00e9l\u00e9 par la pr\u00e9sidente du conseil d\u2019entreprise de Volkswagen. Le plus grand constructeur automobile d\u2019Europe n\u00e9gocie depuis des semaines avec les syndicats pour red\u00e9finir ses op\u00e9rations et r\u00e9duire les co\u00fbts, incluant, pour la premi\u00e8re fois, la possibilit\u00e9 de fermer certaines usines en Allemagne.<\/p>\n<h3>Un plan de vente massif des actifs allemands<\/h3>\n<p>\nLe plus grand groupe industriel d\u2019Allemagne pr\u00e9voit de commencer la vente de ses actifs dans son pays d\u2019origine. Toutefois, Volkkswagen n\u2019a pas pr\u00e9cis\u00e9 quelles usines seraient affect\u00e9es ni combien des 300 000 employ\u00e9s du groupe en Allemagne pourraient perdre leur emploi.<\/p>\n<h3>Une escalade des tensions entre travailleurs et direction<\/h3>\n<p>\nCes commentaires marquent une intensification importante du conflit entre les travailleurs de Volkswagen et la direction du groupe, qui fait face \u00e0 une pression extr\u00eame pour r\u00e9duire ses co\u00fbts et maintenir sa comp\u00e9titivit\u00e9 alors que la demande diminue en Chine et en Europe. Cette situation met \u00e9galement en lumi\u00e8re la n\u00e9cessit\u00e9 pour le gouvernement allemand de r\u00e9agir face \u00e0 la faiblesse persistante de son \u00e9conomie, qui conna\u00eet une deuxi\u00e8me ann\u00e9e cons\u00e9cutive de contraction. Le chancelier Olaf Scholz et sa coalition cherchent des moyens de stimuler la croissance, d\u2019autant plus que Scholz accuse du retard dans les sondages \u00e0 l\u2019approche des prochaines \u00e9lections f\u00e9d\u00e9rales.<\/p>\n<h3>Un appel pour un plan d\u2019urgence pour l\u2019industrie allemande<\/h3>\n<p>\nVolkswagen \u00e9labore rapidement un plan d\u2019urgence pour l\u2019industrie allemande, afin d\u2019\u00e9viter de \u00ab sombrer dans le gouffre \u00bb. Un porte-parole du gouvernement a confirm\u00e9 que Berlin \u00e9tait au courant des difficult\u00e9s de Volkswagen et maintenait un dialogue \u00e9troit avec l\u2019entreprise et les repr\u00e9sentants des travailleurs. \u00ab La position du chancelier est claire : les mauvaises d\u00e9cisions de gestion pass\u00e9es ne doivent pas nuire aux employ\u00e9s. L\u2019objectif est de pr\u00e9server et de s\u00e9curiser les emplois \u00bb, a d\u00e9clar\u00e9 le porte-parole lors d\u2019une conf\u00e9rence de presse r\u00e9guli\u00e8re.<\/p>\n<h3>Divergences d\u2019opinions sur les solutions \u00e0 adopter<\/h3>\n<p>\nIl y a un accord entre les travailleurs et la direction sur la nature des probl\u00e8mes auxquels Volkswagen et plusieurs autres constructeurs europ\u00e9ens font face, allant de la transition vers l\u2019\u00e9lectrification plus lente que pr\u00e9vu \u00e0 la concurrence acharn\u00e9e des constructeurs chinois en Europe. \u00ab Nous sommes proches dans l\u2019analyse des probl\u00e8mes. Mais nos solutions sont tr\u00e8s \u00e9loign\u00e9es les unes des autres \u00bb, a-t-elle affirm\u00e9.<\/p>\n<h3>Contexte difficile pour les constructeurs automobiles allemands<\/h3>\n<p>\nL\u2019annonce de Volkswagen intervient apr\u00e8s une s\u00e9rie de nouvelles difficiles pour les constructeurs automobiles allemands. La semaine derni\u00e8re, Mercedes-Benz a annonc\u00e9 l\u2019intensification de ses mesures de r\u00e9duction des co\u00fbts apr\u00e8s une baisse de ses profits. Porsche, une filiale majoritaire de Volkswagen, a par ailleurs indiqu\u00e9 qu\u2019elle r\u00e9duisait son r\u00e9seau de concessionnaires en Chine pour s\u2019adapter \u00e0 la faible demande dans le plus grand march\u00e9 automobile mondial, tout en signalant des coupes de co\u00fbts de plusieurs milliards d\u2019euros. Les constructeurs allemands craignent \u00e9galement d\u2019\u00eatre pris dans un conflit commercial entre l\u2019Union europ\u00e9enne et la Chine, alors que des tarifs douaniers europ\u00e9ens importants sur les v\u00e9hicules \u00e9lectriques chinois doivent entrer en vigueur cette semaine.<\/p>\n<h3>Des cons\u00e9quences possibles pour Northvolt<\/h3>\n<p>\n<span class=\"ILfuVd\" lang=\"fr\"><span class=\"hgKElc\">La filiale Volkswagen Finance Luxembourg, qui d\u00e9tient directement 21% de Northvolt est non seulement le plus gros actionnaire de la compagnie, mais aussi sont plus gros client. Cette d\u00e9bandade financi\u00e8re risque d&#8217;avoir des effets n\u00e9gatifs pour Northvolt.<br \/>\n<\/span><\/span><\/p>\n<p>\u00a0<\/p>\n<p>Avec des renseignements de Reuters<\/p>\n<p>Le texte <a rel=\"nofollow\" href=\"https:\/\/annuelauto.ca\/plus-de-10-000-mise-a-pied-et-trois-fermetures-dusines-chez-volks-en-allemagne\/\">Plus de 10 000 mise \u00e0 pied et trois fermetures d\u2019usines chez Volks en Allemagne<\/a> provient de <a rel=\"nofollow\" href=\"https:\/\/annuelauto.ca\">L&#8217;annuel de l&#8217;automobile &#8211; Actualit\u00e9 automobile<\/a><\/p>\n<p><\/p>\n","protected":false},"excerpt":{"rendered":"<p>Volkswagen envisage de fermer au moins trois usines en Allemagne, de r\u00e9duire les effectifs de plusieurs dizaines de milliers d\u2019employ\u00e9s et de r\u00e9duire la taille de ses installations restantes dans la plus grande \u00e9conomie d\u2019Europe. Ce plan de restructuration, plus radical qu\u2019anticip\u00e9, a \u00e9t\u00e9 r\u00e9v\u00e9l\u00e9 par la pr\u00e9sidente du conseil d\u2019entreprise de Volkswagen. Le plus [&hellip;]<\/p>\n","protected":false},"author":8,"featured_media":179413,"comment_status":"close","ping_status":"closed","sticky":false,"template":"","format":"standard","meta":{"_monsterinsights_skip_tracking":false,"_monsterinsights_sitenote_active":false,"_monsterinsights_sitenote_note":"","_monsterinsights_sitenote_category":0,"footnotes":""},"categories":[101],"tags":[],"yoast_head":"<!-- This site is optimized with the Yoast SEO plugin v23.2 - https:\/\/yoast.com\/wordpress\/plugins\/seo\/ -->\n<title>Plus de 10 000 mise \u00e0 pied et trois fermetures d\u2019usines chez Volks en Allemagne - CanadaMotorJobs.com<\/title>\n<meta name=\"description\" content=\"Plus de 10 000 mise \u00e0 pied et trois fermetures d\u2019usines chez Volks en Allemagne - Benoit Charette - Annuel automobile - CanadaMotorJobs.com.\" \/>\n<meta name=\"robots\" content=\"index, follow, max-snippet:-1, max-image-preview:large, max-video-preview:-1\" \/>\n<meta property=\"og:locale\" content=\"fr_CA\" \/>\n<meta property=\"og:type\" content=\"article\" \/>\n<meta property=\"og:title\" content=\"Plus de 10 000 mise \u00e0 pied et trois fermetures d\u2019usines chez Volks en Allemagne - CanadaMotorJobs.com\" \/>\n<meta property=\"og:description\" content=\"Plus de 10 000 mise \u00e0 pied et trois fermetures d\u2019usines chez Volks en Allemagne - Benoit Charette - Annuel automobile - CanadaMotorJobs.com.\" \/>\n<meta property=\"og:url\" content=\"https:\/\/news.canadamotorjobs.com\/fr\/plus-de-10-000-mise-a-pied-et-trois-fermetures-dusines-chez-volks-en-allemagne\/\" \/>\n<meta property=\"og:site_name\" content=\"CanadaMotorJobs.com\" \/>\n<meta property=\"article:publisher\" content=\"https:\/\/www.facebook.com\/canadamotorjobs\/\" \/>\n<meta property=\"article:published_time\" content=\"2024-10-28T15:47:26+00:00\" \/>\n<meta property=\"article:modified_time\" content=\"2024-10-28T15:59:45+00:00\" \/>\n<meta property=\"og:image\" content=\"https:\/\/news.canadamotorjobs.com\/wp-content\/uploads\/2024\/10\/Wolfsburg-VW-plant-DPA-Julian-Stratenschulte-1600x1091-1.jpg\" \/>\n\t<meta property=\"og:image:width\" content=\"1600\" \/>\n\t<meta property=\"og:image:height\" content=\"1091\" \/>\n\t<meta property=\"og:image:type\" content=\"image\/jpeg\" \/>\n<meta name=\"author\" content=\"Benoit Charette\" \/>\n<meta name=\"twitter:card\" content=\"summary_large_image\" \/>\n<meta name=\"twitter:creator\" content=\"@canadamotorjobs\" \/>\n<meta name=\"twitter:site\" content=\"@canadamotorjobs\" \/>\n<meta name=\"twitter:label1\" content=\"\u00c9crit par\" \/>\n\t<meta name=\"twitter:data1\" content=\"Benoit Charette\" \/>\n\t<meta name=\"twitter:label2\" content=\"Estimation du temps de lecture\" \/>\n\t<meta name=\"twitter:data2\" content=\"3 minutes\" \/>\n<!-- \/ Yoast SEO plugin. -->","yoast_head_json":{"title":"Plus de 10 000 mise \u00e0 pied et trois fermetures d\u2019usines chez Volks en Allemagne - CanadaMotorJobs.com","description":"Plus de 10 000 mise \u00e0 pied et trois fermetures d\u2019usines chez Volks en Allemagne - Benoit Charette - Annuel automobile - CanadaMotorJobs.com.","robots":{"index":"index","follow":"follow","max-snippet":"max-snippet:-1","max-image-preview":"max-image-preview:large","max-video-preview":"max-video-preview:-1"},"og_locale":"fr_CA","og_type":"article","og_title":"Plus de 10 000 mise \u00e0 pied et trois fermetures d\u2019usines chez Volks en Allemagne - CanadaMotorJobs.com","og_description":"Plus de 10 000 mise \u00e0 pied et trois fermetures d\u2019usines chez Volks en Allemagne - Benoit Charette - Annuel automobile - CanadaMotorJobs.com.","og_url":"https:\/\/news.canadamotorjobs.com\/fr\/plus-de-10-000-mise-a-pied-et-trois-fermetures-dusines-chez-volks-en-allemagne\/","og_site_name":"CanadaMotorJobs.com","article_publisher":"https:\/\/www.facebook.com\/canadamotorjobs\/","article_published_time":"2024-10-28T15:47:26+00:00","article_modified_time":"2024-10-28T15:59:45+00:00","og_image":[{"width":1600,"height":1091,"url":"https:\/\/news.canadamotorjobs.com\/wp-content\/uploads\/2024\/10\/Wolfsburg-VW-plant-DPA-Julian-Stratenschulte-1600x1091-1.jpg","type":"image\/jpeg"}],"author":"Benoit Charette","twitter_card":"summary_large_image","twitter_creator":"@canadamotorjobs","twitter_site":"@canadamotorjobs","twitter_misc":{"\u00c9crit par":"Benoit Charette","Estimation du temps de lecture":"3 minutes"},"schema":{"@context":"https:\/\/schema.org","@graph":[{"@type":"Article","@id":"https:\/\/news.canadamotorjobs.com\/fr\/plus-de-10-000-mise-a-pied-et-trois-fermetures-dusines-chez-volks-en-allemagne\/#article","isPartOf":{"@id":"https:\/\/news.canadamotorjobs.com\/fr\/plus-de-10-000-mise-a-pied-et-trois-fermetures-dusines-chez-volks-en-allemagne\/"},"author":{"name":"Benoit Charette","@id":"https:\/\/news.canadamotorjobs.com\/#\/schema\/person\/51793d1f87d44011d7bcc2ed99269a90"},"headline":"Plus de 10 000 mise \u00e0 pied et trois fermetures d\u2019usines chez Volks en Allemagne","datePublished":"2024-10-28T15:47:26+00:00","dateModified":"2024-10-28T15:59:45+00:00","mainEntityOfPage":{"@id":"https:\/\/news.canadamotorjobs.com\/fr\/plus-de-10-000-mise-a-pied-et-trois-fermetures-dusines-chez-volks-en-allemagne\/"},"wordCount":693,"publisher":{"@id":"https:\/\/news.canadamotorjobs.com\/#organization"},"image":{"@id":"https:\/\/news.canadamotorjobs.com\/fr\/plus-de-10-000-mise-a-pied-et-trois-fermetures-dusines-chez-volks-en-allemagne\/#primaryimage"},"thumbnailUrl":"https:\/\/news.canadamotorjobs.com\/wp-content\/uploads\/2024\/10\/Wolfsburg-VW-plant-DPA-Julian-Stratenschulte-1600x1091-1.jpg","articleSection":["Annuel automobile"],"inLanguage":"fr-CA"},{"@type":"WebPage","@id":"https:\/\/news.canadamotorjobs.com\/fr\/plus-de-10-000-mise-a-pied-et-trois-fermetures-dusines-chez-volks-en-allemagne\/","url":"https:\/\/news.canadamotorjobs.com\/fr\/plus-de-10-000-mise-a-pied-et-trois-fermetures-dusines-chez-volks-en-allemagne\/","name":"Plus de 10 000 mise \u00e0 pied et trois fermetures d\u2019usines chez Volks en Allemagne - CanadaMotorJobs.com","isPartOf":{"@id":"https:\/\/news.canadamotorjobs.com\/#website"},"primaryImageOfPage":{"@id":"https:\/\/news.canadamotorjobs.com\/fr\/plus-de-10-000-mise-a-pied-et-trois-fermetures-dusines-chez-volks-en-allemagne\/#primaryimage"},"image":{"@id":"https:\/\/news.canadamotorjobs.com\/fr\/plus-de-10-000-mise-a-pied-et-trois-fermetures-dusines-chez-volks-en-allemagne\/#primaryimage"},"thumbnailUrl":"https:\/\/news.canadamotorjobs.com\/wp-content\/uploads\/2024\/10\/Wolfsburg-VW-plant-DPA-Julian-Stratenschulte-1600x1091-1.jpg","datePublished":"2024-10-28T15:47:26+00:00","dateModified":"2024-10-28T15:59:45+00:00","description":"Plus de 10 000 mise \u00e0 pied et trois fermetures d\u2019usines chez Volks en Allemagne - Benoit Charette - Annuel automobile - CanadaMotorJobs.com.","breadcrumb":{"@id":"https:\/\/news.canadamotorjobs.com\/fr\/plus-de-10-000-mise-a-pied-et-trois-fermetures-dusines-chez-volks-en-allemagne\/#breadcrumb"},"inLanguage":"fr-CA","potentialAction":[{"@type":"ReadAction","target":["https:\/\/news.canadamotorjobs.com\/fr\/plus-de-10-000-mise-a-pied-et-trois-fermetures-dusines-chez-volks-en-allemagne\/"]}]},{"@type":"ImageObject","inLanguage":"fr-CA","@id":"https:\/\/news.canadamotorjobs.com\/fr\/plus-de-10-000-mise-a-pied-et-trois-fermetures-dusines-chez-volks-en-allemagne\/#primaryimage","url":"https:\/\/news.canadamotorjobs.com\/wp-content\/uploads\/2024\/10\/Wolfsburg-VW-plant-DPA-Julian-Stratenschulte-1600x1091-1.jpg","contentUrl":"https:\/\/news.canadamotorjobs.com\/wp-content\/uploads\/2024\/10\/Wolfsburg-VW-plant-DPA-Julian-Stratenschulte-1600x1091-1.jpg","width":1600,"height":1091},{"@type":"BreadcrumbList","@id":"https:\/\/news.canadamotorjobs.com\/fr\/plus-de-10-000-mise-a-pied-et-trois-fermetures-dusines-chez-volks-en-allemagne\/#breadcrumb","itemListElement":[{"@type":"ListItem","position":1,"name":"Home","item":"https:\/\/news.canadamotorjobs.com\/fr\/blog\/"},{"@type":"ListItem","position":2,"name":"Plus de 10 000 mise \u00e0 pied et trois fermetures d\u2019usines chez Volks en Allemagne"}]},{"@type":"WebSite","@id":"https:\/\/news.canadamotorjobs.com\/#website","url":"https:\/\/news.canadamotorjobs.com\/","name":"CanadaMotorJobs.com","description":"Automotive Jobs","publisher":{"@id":"https:\/\/news.canadamotorjobs.com\/#organization"},"potentialAction":[{"@type":"SearchAction","target":{"@type":"EntryPoint","urlTemplate":"https:\/\/news.canadamotorjobs.com\/?s={search_term_string}"},"query-input":"required name=search_term_string"}],"inLanguage":"fr-CA"},{"@type":"Organization","@id":"https:\/\/news.canadamotorjobs.com\/#organization","name":"Canada Motor Jobs","url":"https:\/\/news.canadamotorjobs.com\/","logo":{"@type":"ImageObject","inLanguage":"fr-CA","@id":"https:\/\/news.canadamotorjobs.com\/#\/schema\/logo\/image\/","url":"https:\/\/news.canadamotorjobs.com\/wp-content\/uploads\/2022\/10\/logo-canada-motor-jobs-1.png","contentUrl":"https:\/\/news.canadamotorjobs.com\/wp-content\/uploads\/2022\/10\/logo-canada-motor-jobs-1.png","width":800,"height":400,"caption":"Canada Motor Jobs"},"image":{"@id":"https:\/\/news.canadamotorjobs.com\/#\/schema\/logo\/image\/"},"sameAs":["https:\/\/www.facebook.com\/canadamotorjobs\/","https:\/\/x.com\/canadamotorjobs","https:\/\/www.instagram.com\/canadamotorjobs\/","https:\/\/www.linkedin.com\/company\/canadamotorjobs"]},{"@type":"Person","@id":"https:\/\/news.canadamotorjobs.com\/#\/schema\/person\/51793d1f87d44011d7bcc2ed99269a90","name":"Benoit Charette","image":{"@type":"ImageObject","inLanguage":"fr-CA","@id":"https:\/\/news.canadamotorjobs.com\/#\/schema\/person\/image\/","url":"https:\/\/secure.gravatar.com\/avatar\/45f3d2eebcccd909668d7ce7ea7267b6?s=96&d=mm&r=g","contentUrl":"https:\/\/secure.gravatar.com\/avatar\/45f3d2eebcccd909668d7ce7ea7267b6?s=96&d=mm&r=g","caption":"Benoit Charette"},"description":"Benoit Charette \/ Propri\u00e9taire et r\u00e9dacteur en chef Benoit Charette pratique le journalisme automobile depuis bient\u00f4t 30 ans. Il a fait ses classes au c\u00f4t\u00e9 de Daniel H\u00e9raud et au Carnet de route de 1992 \u00e0 2001. Il est fondateur, copropri\u00e9taire et r\u00e9dacteur en chef de L\u2019Annuel de l\u2019automobile, qu\u2019il publie depuis 2001. Il a anim\u00e9 les \u00e9missions RPM et RPM+ sur V et les L\u00e9gendes de la route sur Historia. \u00c0 la radio depuis 1986, il reprend l\u2019antenne cette ann\u00e9e sur les ondes de Cogeco et participe pour la deuxi\u00e8me ann\u00e9e \u00e0 l\u2019\u00e9mission Passion Auto sur RDS en plus de mettre en ligne le site Web officiel de L\u2019Annuel de l\u2019automobile sur annuelauto.ca.","sameAs":["https:\/\/annuelauto.ca\/"],"url":"https:\/\/news.canadamotorjobs.com\/fr\/author\/benoit-charette\/"}]}},"_links":{"self":[{"href":"https:\/\/news.canadamotorjobs.com\/fr\/wp-json\/wp\/v2\/posts\/179411"}],"collection":[{"href":"https:\/\/news.canadamotorjobs.com\/fr\/wp-json\/wp\/v2\/posts"}],"about":[{"href":"https:\/\/news.canadamotorjobs.com\/fr\/wp-json\/wp\/v2\/types\/post"}],"author":[{"embeddable":true,"href":"https:\/\/news.canadamotorjobs.com\/fr\/wp-json\/wp\/v2\/users\/8"}],"replies":[{"embeddable":true,"href":"https:\/\/news.canadamotorjobs.com\/fr\/wp-json\/wp\/v2\/comments?post=179411"}],"version-history":[{"count":2,"href":"https:\/\/news.canadamotorjobs.com\/fr\/wp-json\/wp\/v2\/posts\/179411\/revisions"}],"predecessor-version":[{"id":179415,"href":"https:\/\/news.canadamotorjobs.com\/fr\/wp-json\/wp\/v2\/posts\/179411\/revisions\/179415"}],"wp:featuredmedia":[{"embeddable":true,"href":"https:\/\/news.canadamotorjobs.com\/fr\/wp-json\/wp\/v2\/media\/179413"}],"wp:attachment":[{"href":"https:\/\/news.canadamotorjobs.com\/fr\/wp-json\/wp\/v2\/media?parent=179411"}],"wp:term":[{"taxonomy":"category","embeddable":true,"href":"https:\/\/news.canadamotorjobs.com\/fr\/wp-json\/wp\/v2\/categories?post=179411"},{"taxonomy":"post_tag","embeddable":true,"href":"https:\/\/news.canadamotorjobs.com\/fr\/wp-json\/wp\/v2\/tags?post=179411"}],"curies":[{"name":"wp","href":"https:\/\/api.w.org\/{rel}","templated":true}]}}