{"id":179319,"date":"2024-10-28T03:24:24","date_gmt":"2024-10-28T07:24:24","guid":{"rendered":"https:\/\/news.canadamotorjobs.com\/?p=179319"},"modified":"2024-10-28T03:30:31","modified_gmt":"2024-10-28T07:30:31","slug":"costco-se-lance-enfin-dans-la-recharge-rapide-pour-vehicules-electriques","status":"publish","type":"post","link":"https:\/\/news.canadamotorjobs.com\/fr\/costco-se-lance-enfin-dans-la-recharge-rapide-pour-vehicules-electriques\/","title":{"rendered":"Costco se lance (enfin!) dans la recharge rapide pour v\u00e9hicules \u00e9lectriques"},"content":{"rendered":"<\/p>\n<h3>Premi\u00e8res bornes rapides de marque Costco situ\u00e9s dans l&#8217;\u00e9tat de Washington.<\/h3>\n<p>Costco, g\u00e9ant des entrep\u00f4ts et troisi\u00e8me plus grand d\u00e9taillant mondial, se lance prudemment dans la recharge rapide pour v\u00e9hicules \u00e9lectriques.\u00a0<\/p>\n<p>L\u2019entreprise, reconnue pour ses rabais sur l\u2019essence, a install\u00e9 ses premi\u00e8res bornes rapides DC dans son nouvel entrep\u00f4t de Ridgefield, Washington.\u00a0<\/p>\n<p>Ces bornes, fabriqu\u00e9es par la startup Electric Era bas\u00e9e \u00e0 Seattle, sont dot\u00e9es de batteries int\u00e9gr\u00e9es pour optimiser les co\u00fbts d\u2019\u00e9lectricit\u00e9 et garantir une autonomie m\u00eame en cas de panne de courant.<\/p>\n<h3>Une recharge rapide avec une puissance impressionnante<\/h3>\n<p>Chaque station, portant la marque Costco, peut alimenter deux v\u00e9hicules simultan\u00e9ment avec une puissance allant jusqu\u2019\u00e0 200 kilowatts. Le syst\u00e8me comprend un \u00e9cran de 32 pouces affichant les informations essentielles et un dispositif de paiement sans contact pour simplifier l\u2019exp\u00e9rience client.\u00a0<\/p>\n<p>La rapidit\u00e9 de l\u2019installation est \u00e9galement notable : Electric Era affirme avoir mis en service les chargeurs en seulement sept semaines, un d\u00e9lai plus court que pour l\u2019installation des bornes Supercharger de Tesla.<\/p>\n<h3>Un projet de d\u00e9ploiement progressif<\/h3>\n<p>Costco reste prudent quant \u00e0 son expansion dans le secteur de la recharge rapide. Bien que l&#8217;entreprise ait d\u00e9j\u00e0 install\u00e9 des chargeurs de niveau 2 dans certains entrep\u00f4ts aux \u00c9tats-Unis, au Canada, en Espagne, en Cor\u00e9e du Sud et au Royaume-Uni depuis la fin des ann\u00e9es 1990, elle n\u2019a encore confirm\u00e9 qu\u2019une vingtaine de sites pour des bornes rapides dans son plan d\u2019action climatique 2023. Le premier site pilote de Costco, lanc\u00e9 \u00e0 Denver en partenariat avec Electrify America, propose six bornes de 350 kW, d\u00e9montrant ainsi un premier pas vers un r\u00e9seau de recharge \u00e0 plus grande \u00e9chelle.<\/p>\n<h3>Une strat\u00e9gie tourn\u00e9e vers l&#8217;avenir<\/h3>\n<p>Avec l&#8217;augmentation des v\u00e9hicules \u00e9lectriques sur la route, l\u2019entr\u00e9e progressive de Costco dans la recharge rapide pourrait devenir une alternative viable pour ses clients. Toutefois, Costco \u00e9tudie attentivement les options pour son expansion en \u00e9valuant toujours ses projets futurs avec Electric Era pour d\u00e9terminer les prochains emplacements \u00e0 \u00e9quiper.<\/p>\n<p>\u00a0<\/p>\n<p><\/p>\n<p style=\"padding-top: 15px\">Contenu original de <a href=\"https:\/\/www.auto123.com\/fr\/actualites\/costco-recharge-rapide-ve\/71995\/\">auto123<\/a>.<\/p>\n<p>Le texte <a rel=\"nofollow\" href=\"https:\/\/annuelauto.ca\/costco-se-lance-enfin-dans-la-recharge-rapide-pour-vehicules-electriques\/\">Costco se lance (enfin!) dans la recharge rapide pour v\u00e9hicules \u00e9lectriques<\/a> provient de <a rel=\"nofollow\" href=\"https:\/\/annuelauto.ca\">L&#8217;annuel de l&#8217;automobile &#8211; Actualit\u00e9 automobile<\/a><\/p>\n<p><\/p>\n","protected":false},"excerpt":{"rendered":"<p>Premi\u00e8res bornes rapides de marque Costco situ\u00e9s dans l&#8217;\u00e9tat de Washington. Costco, g\u00e9ant des entrep\u00f4ts et troisi\u00e8me plus grand d\u00e9taillant mondial, se lance prudemment dans la recharge rapide pour v\u00e9hicules \u00e9lectriques.\u00a0 L\u2019entreprise, reconnue pour ses rabais sur l\u2019essence, a install\u00e9 ses premi\u00e8res bornes rapides DC dans son nouvel entrep\u00f4t de Ridgefield, Washington.\u00a0 Ces bornes, fabriqu\u00e9es [&hellip;]<\/p>\n","protected":false},"author":8,"featured_media":179321,"comment_status":"close","ping_status":"closed","sticky":false,"template":"","format":"standard","meta":{"_monsterinsights_skip_tracking":false,"_monsterinsights_sitenote_active":false,"_monsterinsights_sitenote_note":"","_monsterinsights_sitenote_category":0,"footnotes":""},"categories":[101],"tags":[],"yoast_head":"<!-- This site is optimized with the Yoast SEO plugin v23.2 - https:\/\/yoast.com\/wordpress\/plugins\/seo\/ -->\n<title>Costco se lance (enfin!) dans la recharge rapide pour v\u00e9hicules \u00e9lectriques - CanadaMotorJobs.com<\/title>\n<meta name=\"description\" content=\"Costco se lance (enfin!) dans la recharge rapide pour v\u00e9hicules \u00e9lectriques - Benoit Charette - Annuel automobile - CanadaMotorJobs.com.\" \/>\n<meta name=\"robots\" content=\"index, follow, max-snippet:-1, max-image-preview:large, max-video-preview:-1\" \/>\n<meta property=\"og:locale\" content=\"fr_CA\" \/>\n<meta property=\"og:type\" content=\"article\" \/>\n<meta property=\"og:title\" content=\"Costco se lance (enfin!) dans la recharge rapide pour v\u00e9hicules \u00e9lectriques - CanadaMotorJobs.com\" \/>\n<meta property=\"og:description\" content=\"Costco se lance (enfin!) dans la recharge rapide pour v\u00e9hicules \u00e9lectriques - Benoit Charette - Annuel automobile - CanadaMotorJobs.com.\" \/>\n<meta property=\"og:url\" content=\"https:\/\/news.canadamotorjobs.com\/fr\/costco-se-lance-enfin-dans-la-recharge-rapide-pour-vehicules-electriques\/\" \/>\n<meta property=\"og:site_name\" content=\"CanadaMotorJobs.com\" \/>\n<meta property=\"article:publisher\" content=\"https:\/\/www.facebook.com\/canadamotorjobs\/\" \/>\n<meta property=\"article:published_time\" content=\"2024-10-28T07:24:24+00:00\" \/>\n<meta property=\"article:modified_time\" content=\"2024-10-28T07:30:31+00:00\" \/>\n<meta property=\"og:image\" content=\"https:\/\/news.canadamotorjobs.com\/wp-content\/uploads\/2024\/10\/Chargeurrapidecostcofr.jpeg\" \/>\n\t<meta property=\"og:image:width\" content=\"741\" \/>\n\t<meta property=\"og:image:height\" content=\"556\" \/>\n\t<meta property=\"og:image:type\" content=\"image\/jpeg\" \/>\n<meta name=\"author\" content=\"Benoit Charette\" \/>\n<meta name=\"twitter:card\" content=\"summary_large_image\" \/>\n<meta name=\"twitter:creator\" content=\"@canadamotorjobs\" \/>\n<meta name=\"twitter:site\" content=\"@canadamotorjobs\" \/>\n<meta name=\"twitter:label1\" content=\"\u00c9crit par\" \/>\n\t<meta name=\"twitter:data1\" content=\"Benoit Charette\" \/>\n\t<meta name=\"twitter:label2\" content=\"Estimation du temps de lecture\" \/>\n\t<meta name=\"twitter:data2\" content=\"2 minutes\" \/>\n<!-- \/ Yoast SEO plugin. -->","yoast_head_json":{"title":"Costco se lance (enfin!) dans la recharge rapide pour v\u00e9hicules \u00e9lectriques - CanadaMotorJobs.com","description":"Costco se lance (enfin!) dans la recharge rapide pour v\u00e9hicules \u00e9lectriques - Benoit Charette - Annuel automobile - CanadaMotorJobs.com.","robots":{"index":"index","follow":"follow","max-snippet":"max-snippet:-1","max-image-preview":"max-image-preview:large","max-video-preview":"max-video-preview:-1"},"og_locale":"fr_CA","og_type":"article","og_title":"Costco se lance (enfin!) dans la recharge rapide pour v\u00e9hicules \u00e9lectriques - CanadaMotorJobs.com","og_description":"Costco se lance (enfin!) dans la recharge rapide pour v\u00e9hicules \u00e9lectriques - Benoit Charette - Annuel automobile - CanadaMotorJobs.com.","og_url":"https:\/\/news.canadamotorjobs.com\/fr\/costco-se-lance-enfin-dans-la-recharge-rapide-pour-vehicules-electriques\/","og_site_name":"CanadaMotorJobs.com","article_publisher":"https:\/\/www.facebook.com\/canadamotorjobs\/","article_published_time":"2024-10-28T07:24:24+00:00","article_modified_time":"2024-10-28T07:30:31+00:00","og_image":[{"width":741,"height":556,"url":"https:\/\/news.canadamotorjobs.com\/wp-content\/uploads\/2024\/10\/Chargeurrapidecostcofr.jpeg","type":"image\/jpeg"}],"author":"Benoit Charette","twitter_card":"summary_large_image","twitter_creator":"@canadamotorjobs","twitter_site":"@canadamotorjobs","twitter_misc":{"\u00c9crit par":"Benoit Charette","Estimation du temps de lecture":"2 minutes"},"schema":{"@context":"https:\/\/schema.org","@graph":[{"@type":"Article","@id":"https:\/\/news.canadamotorjobs.com\/fr\/costco-se-lance-enfin-dans-la-recharge-rapide-pour-vehicules-electriques\/#article","isPartOf":{"@id":"https:\/\/news.canadamotorjobs.com\/fr\/costco-se-lance-enfin-dans-la-recharge-rapide-pour-vehicules-electriques\/"},"author":{"name":"Benoit Charette","@id":"https:\/\/news.canadamotorjobs.com\/#\/schema\/person\/51793d1f87d44011d7bcc2ed99269a90"},"headline":"Costco se lance (enfin!) dans la recharge rapide pour v\u00e9hicules \u00e9lectriques","datePublished":"2024-10-28T07:24:24+00:00","dateModified":"2024-10-28T07:30:31+00:00","mainEntityOfPage":{"@id":"https:\/\/news.canadamotorjobs.com\/fr\/costco-se-lance-enfin-dans-la-recharge-rapide-pour-vehicules-electriques\/"},"wordCount":398,"publisher":{"@id":"https:\/\/news.canadamotorjobs.com\/#organization"},"image":{"@id":"https:\/\/news.canadamotorjobs.com\/fr\/costco-se-lance-enfin-dans-la-recharge-rapide-pour-vehicules-electriques\/#primaryimage"},"thumbnailUrl":"https:\/\/news.canadamotorjobs.com\/wp-content\/uploads\/2024\/10\/Chargeurrapidecostcofr.jpeg","articleSection":["Annuel automobile"],"inLanguage":"fr-CA"},{"@type":"WebPage","@id":"https:\/\/news.canadamotorjobs.com\/fr\/costco-se-lance-enfin-dans-la-recharge-rapide-pour-vehicules-electriques\/","url":"https:\/\/news.canadamotorjobs.com\/fr\/costco-se-lance-enfin-dans-la-recharge-rapide-pour-vehicules-electriques\/","name":"Costco se lance (enfin!) dans la recharge rapide pour v\u00e9hicules \u00e9lectriques - CanadaMotorJobs.com","isPartOf":{"@id":"https:\/\/news.canadamotorjobs.com\/#website"},"primaryImageOfPage":{"@id":"https:\/\/news.canadamotorjobs.com\/fr\/costco-se-lance-enfin-dans-la-recharge-rapide-pour-vehicules-electriques\/#primaryimage"},"image":{"@id":"https:\/\/news.canadamotorjobs.com\/fr\/costco-se-lance-enfin-dans-la-recharge-rapide-pour-vehicules-electriques\/#primaryimage"},"thumbnailUrl":"https:\/\/news.canadamotorjobs.com\/wp-content\/uploads\/2024\/10\/Chargeurrapidecostcofr.jpeg","datePublished":"2024-10-28T07:24:24+00:00","dateModified":"2024-10-28T07:30:31+00:00","description":"Costco se lance (enfin!) dans la recharge rapide pour v\u00e9hicules \u00e9lectriques - Benoit Charette - Annuel automobile - CanadaMotorJobs.com.","breadcrumb":{"@id":"https:\/\/news.canadamotorjobs.com\/fr\/costco-se-lance-enfin-dans-la-recharge-rapide-pour-vehicules-electriques\/#breadcrumb"},"inLanguage":"fr-CA","potentialAction":[{"@type":"ReadAction","target":["https:\/\/news.canadamotorjobs.com\/fr\/costco-se-lance-enfin-dans-la-recharge-rapide-pour-vehicules-electriques\/"]}]},{"@type":"ImageObject","inLanguage":"fr-CA","@id":"https:\/\/news.canadamotorjobs.com\/fr\/costco-se-lance-enfin-dans-la-recharge-rapide-pour-vehicules-electriques\/#primaryimage","url":"https:\/\/news.canadamotorjobs.com\/wp-content\/uploads\/2024\/10\/Chargeurrapidecostcofr.jpeg","contentUrl":"https:\/\/news.canadamotorjobs.com\/wp-content\/uploads\/2024\/10\/Chargeurrapidecostcofr.jpeg","width":741,"height":556},{"@type":"BreadcrumbList","@id":"https:\/\/news.canadamotorjobs.com\/fr\/costco-se-lance-enfin-dans-la-recharge-rapide-pour-vehicules-electriques\/#breadcrumb","itemListElement":[{"@type":"ListItem","position":1,"name":"Home","item":"https:\/\/news.canadamotorjobs.com\/fr\/blog\/"},{"@type":"ListItem","position":2,"name":"Costco se lance (enfin!) dans la recharge rapide pour v\u00e9hicules \u00e9lectriques"}]},{"@type":"WebSite","@id":"https:\/\/news.canadamotorjobs.com\/#website","url":"https:\/\/news.canadamotorjobs.com\/","name":"CanadaMotorJobs.com","description":"Automotive Jobs","publisher":{"@id":"https:\/\/news.canadamotorjobs.com\/#organization"},"potentialAction":[{"@type":"SearchAction","target":{"@type":"EntryPoint","urlTemplate":"https:\/\/news.canadamotorjobs.com\/?s={search_term_string}"},"query-input":"required name=search_term_string"}],"inLanguage":"fr-CA"},{"@type":"Organization","@id":"https:\/\/news.canadamotorjobs.com\/#organization","name":"Canada Motor Jobs","url":"https:\/\/news.canadamotorjobs.com\/","logo":{"@type":"ImageObject","inLanguage":"fr-CA","@id":"https:\/\/news.canadamotorjobs.com\/#\/schema\/logo\/image\/","url":"https:\/\/news.canadamotorjobs.com\/wp-content\/uploads\/2022\/10\/logo-canada-motor-jobs-1.png","contentUrl":"https:\/\/news.canadamotorjobs.com\/wp-content\/uploads\/2022\/10\/logo-canada-motor-jobs-1.png","width":800,"height":400,"caption":"Canada Motor Jobs"},"image":{"@id":"https:\/\/news.canadamotorjobs.com\/#\/schema\/logo\/image\/"},"sameAs":["https:\/\/www.facebook.com\/canadamotorjobs\/","https:\/\/x.com\/canadamotorjobs","https:\/\/www.instagram.com\/canadamotorjobs\/","https:\/\/www.linkedin.com\/company\/canadamotorjobs"]},{"@type":"Person","@id":"https:\/\/news.canadamotorjobs.com\/#\/schema\/person\/51793d1f87d44011d7bcc2ed99269a90","name":"Benoit Charette","image":{"@type":"ImageObject","inLanguage":"fr-CA","@id":"https:\/\/news.canadamotorjobs.com\/#\/schema\/person\/image\/","url":"https:\/\/secure.gravatar.com\/avatar\/45f3d2eebcccd909668d7ce7ea7267b6?s=96&d=mm&r=g","contentUrl":"https:\/\/secure.gravatar.com\/avatar\/45f3d2eebcccd909668d7ce7ea7267b6?s=96&d=mm&r=g","caption":"Benoit Charette"},"description":"Benoit Charette \/ Propri\u00e9taire et r\u00e9dacteur en chef Benoit Charette pratique le journalisme automobile depuis bient\u00f4t 30 ans. Il a fait ses classes au c\u00f4t\u00e9 de Daniel H\u00e9raud et au Carnet de route de 1992 \u00e0 2001. Il est fondateur, copropri\u00e9taire et r\u00e9dacteur en chef de L\u2019Annuel de l\u2019automobile, qu\u2019il publie depuis 2001. Il a anim\u00e9 les \u00e9missions RPM et RPM+ sur V et les L\u00e9gendes de la route sur Historia. \u00c0 la radio depuis 1986, il reprend l\u2019antenne cette ann\u00e9e sur les ondes de Cogeco et participe pour la deuxi\u00e8me ann\u00e9e \u00e0 l\u2019\u00e9mission Passion Auto sur RDS en plus de mettre en ligne le site Web officiel de L\u2019Annuel de l\u2019automobile sur annuelauto.ca.","sameAs":["https:\/\/annuelauto.ca\/"],"url":"https:\/\/news.canadamotorjobs.com\/fr\/author\/benoit-charette\/"}]}},"_links":{"self":[{"href":"https:\/\/news.canadamotorjobs.com\/fr\/wp-json\/wp\/v2\/posts\/179319"}],"collection":[{"href":"https:\/\/news.canadamotorjobs.com\/fr\/wp-json\/wp\/v2\/posts"}],"about":[{"href":"https:\/\/news.canadamotorjobs.com\/fr\/wp-json\/wp\/v2\/types\/post"}],"author":[{"embeddable":true,"href":"https:\/\/news.canadamotorjobs.com\/fr\/wp-json\/wp\/v2\/users\/8"}],"replies":[{"embeddable":true,"href":"https:\/\/news.canadamotorjobs.com\/fr\/wp-json\/wp\/v2\/comments?post=179319"}],"version-history":[{"count":2,"href":"https:\/\/news.canadamotorjobs.com\/fr\/wp-json\/wp\/v2\/posts\/179319\/revisions"}],"predecessor-version":[{"id":179323,"href":"https:\/\/news.canadamotorjobs.com\/fr\/wp-json\/wp\/v2\/posts\/179319\/revisions\/179323"}],"wp:featuredmedia":[{"embeddable":true,"href":"https:\/\/news.canadamotorjobs.com\/fr\/wp-json\/wp\/v2\/media\/179321"}],"wp:attachment":[{"href":"https:\/\/news.canadamotorjobs.com\/fr\/wp-json\/wp\/v2\/media?parent=179319"}],"wp:term":[{"taxonomy":"category","embeddable":true,"href":"https:\/\/news.canadamotorjobs.com\/fr\/wp-json\/wp\/v2\/categories?post=179319"},{"taxonomy":"post_tag","embeddable":true,"href":"https:\/\/news.canadamotorjobs.com\/fr\/wp-json\/wp\/v2\/tags?post=179319"}],"curies":[{"name":"wp","href":"https:\/\/api.w.org\/{rel}","templated":true}]}}