{"id":179081,"date":"2024-10-27T03:24:33","date_gmt":"2024-10-27T07:24:33","guid":{"rendered":"https:\/\/news.canadamotorjobs.com\/?p=179081"},"modified":"2024-10-27T03:29:15","modified_gmt":"2024-10-27T07:29:15","slug":"scout-presente-ses-deux-premiers-modeles-prevus-pour-2027","status":"publish","type":"post","link":"https:\/\/news.canadamotorjobs.com\/fr\/scout-presente-ses-deux-premiers-modeles-prevus-pour-2027\/","title":{"rendered":"Scout pr\u00e9sente ses deux premiers mod\u00e8les, pr\u00e9vus pour 2027"},"content":{"rendered":"<\/p>\n<h3>Scout pr\u00e9sente ses deux premiers mod\u00e8les, pr\u00e9vus pour 2027<\/h3>\n<p>Scout, la nouvelle marque de v\u00e9hicules \u00e9lectriques du groupe Volkswagen, a d\u00e9voil\u00e9 sous forme de concepts les deux premiers mod\u00e8les qu\u2019elle compte commercialiser \u00e0 l\u2019horizon\u00a02027-2028. On parle d\u2019un VUS et d\u2019une camionnette, dont la production doit s\u2019amorcer en 2027.\u00a0<\/p>\n<p>Si le nom Scout vous dit quelque chose, sachez qu\u2019il s\u2019agit du m\u00eame qui avait \u00e9t\u00e9 utilis\u00e9 dans les ann\u00e9es\u00a060 par la marque International Harvester pour la mise en march\u00e9 d\u2019un v\u00e9ritable v\u00e9hicule utilitaire, le Scout.<\/p>\n<p>Si Volkswagen d\u00e9tient le nom du mod\u00e8le aujourd\u2019hui, c\u2019est parce qu\u2019elle a achet\u00e9 Navistar en 2022, le groupe qui avait succ\u00e9d\u00e9 \u00e0 International \u00e0 l\u2019\u00e9poque, et qui avait h\u00e9rit\u00e9 de la propri\u00e9t\u00e9 du nom Scout.\u00a0<\/p>\n<p>Les deux concepts pr\u00e9sent\u00e9s ont des noms, soit Traveler pour le VUS, Terra pour la camionnette. Le nom du premier se rapproche de celui utilis\u00e9 pour d\u00e9crire un VUS vendu de la fin des ann\u00e9es\u00a050 au milieu des ann\u00e9es\u00a01970, le Travelall. Quant au design, il est aussi clairement inspir\u00e9 de ce qu\u2019on a vu avec les mod\u00e8les jadis. Un porte-parole de l\u2019entreprise a d\u00e9clar\u00e9 que le style des concepts \u00e9tait \u00e0 85\u00a0% celui des futures versions de production.\u00a0<\/p>\n<p>\u00a0<\/p>\n<p><\/p>\n<figure><img decoding=\"async\" src=\"https:\/\/news.canadamotorjobs.com\/wp-content\/uploads\/2024\/10\/Terra_Truck-5.png\" alt=\"Camion Terra vue de profil\" \/><figcaption>Camion Terra vue de profil | Auto123.com<\/figcaption><\/figure>\n<p>Les deux produits sont construits sur une nouvelle plateforme mettant \u00e0 profit un ch\u00e2ssis en \u00e9chelle, ce qui va nous assurer de belles prestations en conduite hors route. Un essieu arri\u00e8re rigide, des diff\u00e9rentiels pouvant \u00eatre verrouill\u00e9s de fa\u00e7on m\u00e9canique, une barre stabilisatrice avant pouvant \u00eatre d\u00e9connect\u00e9e, des pneus tout-terrain de 35\u00a0pouces en option, une garde au sol de plus d\u2019un pied, ainsi que des angles d\u2019attaque et de sortie importants, voil\u00e0 ce qui attend les amateurs avec ce mod\u00e8le.\u00a0<\/p>\n<p>C\u00f4t\u00e9 format, les deux v\u00e9hicules sont un peu plus longs et massifs que peuvent l\u2019\u00eatre les Rivian\u00a0R1T et R1S, deux rivaux directs des nouvelles cr\u00e9ations.\u00a0<\/p>\n<p>La compagnie promet des v\u00e9hicules capables de transporter 2000\u00a0livres, alors que les capacit\u00e9s de remorquage se situeront autour de 7000 et de 10\u2009000\u00a0livres, respectivement pour le VUS et la camionnette.\u00a0<\/p>\n<p>L\u00e0 o\u00f9 l\u2019on d\u00e9tient moins d\u2019informations, c\u2019est avec le groupe motopropulseur. Scout a indiqu\u00e9 que la capacit\u00e9 de la batterie serait suffisante pour offrir plus de 550\u00a0kilom\u00e8tres d\u2019autonomie.\u00a0Puis, fait int\u00e9ressant, une option hybride, que Scout nomme Harvester (tiens, une autre r\u00e9f\u00e9rence au pass\u00e9), va utiliser un moteur \u00e0 essence pour recharger la batterie, ce qui va porter l\u2019autonomie \u00e0 plus de 800\u00a0kilom\u00e8tres.\u00a0L\u2019architecture \u00e0 800\u00a0volts va permettre une recharge \u00e0 une puissance maximale de 350\u00a0kW. Les mod\u00e8les Scout seront livr\u00e9s de s\u00e9rie avec le connecteur NACS (North American Charging Standard) de Tesla, et le v\u00e9hicule sera capable d\u2019alimenter appareils et domiciles.\u00a0<\/p>\n<p>\u00c0 l\u2019int\u00e9rieur, on voit que la pr\u00e9sentation demeure simple, avec la pr\u00e9sence d\u2019\u00e9cran de 12,3 et de 16,2\u00a0pouces (informations de conduite et syst\u00e8me multim\u00e9dia). Note int\u00e9ressante, Scout a mentionn\u00e9 que les acheteurs auront le choix d\u2019opter pour une banquette \u00e0 l\u2019avant. Diff\u00e9rentes options de toit seront aussi au menu.\u00a0<\/p>\n<p>Et bien s\u00fbr, il faudra s\u2019attendre \u00e0 retrouver quantit\u00e9 de variante et de d\u00e9clinaisons au catalogue. Volkswagen a l\u2019occasion d\u2019exploiter un potentiel \u00e9norme ici.\u00a0<\/p>\n<p>Il faudra aussi s\u2019attendre \u00e0 voir de la technologie introduite par Rivian avec ce mod\u00e8le, notamment pour ce qui est des mises \u00e0 jour en direct. Rappelons que Volkswagen a annonc\u00e9 des investissements de cinq milliards dans Rivian un peu plus t\u00f4t cette ann\u00e9e.\u00a0<\/p>\n<p>Quant \u00e0 la production, elle aura lieu \u00e0 l\u2019int\u00e9rieur d\u2019une nouvelle usine qui sera situ\u00e9e pr\u00e8s de Columbia, en Caroline du Sud. Deux milliards devraient \u00eatre investis dans ce site, qui pourrait \u00e9ventuellement produire d\u2019autres mod\u00e8les du groupe Volkswagen.\u00a0<\/p>\n<p>Enfin, notez que Scout accepte d\u00e9j\u00e0 les r\u00e9servations pour ses mod\u00e8les Traveler et Terra. La compagnie pr\u00e9voit d\u2019\u00e9tablir son propre r\u00e9seau de ventes et de services, directement au client, un peu \u00e0 l\u2019image du mod\u00e8le de Tesla. Les mod\u00e8les seront con\u00e7us pour qu\u2019environ 80\u00a0% des r\u00e9parations puissent \u00eatre effectu\u00e9s en dehors d\u2019un centre de service Scout.\u00a0<\/p>\n<p>Nul doute, cette fa\u00e7on de faire ne fait pas le bonheur des concessionnaires de la marque.\u00a0<\/p>\n<p>Nous verrons ce qui aura tenu et ce qui sera conserv\u00e9 comme approche lorsque les mod\u00e8les seront sur le point de se pr\u00e9senter sur le march\u00e9. L\u2019ann\u00e9e\u00a02027 est encore loin. Ce qui est certain, c\u2019est que les deux b\u00eates, avec leur style tranch\u00e9, vont assur\u00e9ment s\u00e9duire la client\u00e8le vis\u00e9e.\u00a0<\/p>\n<p><\/p>\n<figure><img decoding=\"async\" src=\"https:\/\/news.canadamotorjobs.com\/wp-content\/uploads\/2024\/10\/Scout-Motors-Terra-Truck-Concept-17-1536x1024-2.jpg\" alt=\"Terra Pickup - Int\u00e9rieur\" \/><figcaption>Terra Pickup &#8211; Int\u00e9rieur | Auto123.com<\/figcaption><\/figure>\n<figure><img decoding=\"async\" src=\"https:\/\/news.canadamotorjobs.com\/wp-content\/uploads\/2024\/10\/Scout-Motors-Traveler-SUV-Concept-21-2048x1366-2.jpg\" alt=\"Scout Motors VUS Traveler Concept - Int\u00e9rieur\" \/><figcaption>Scout Motors VUS Traveler Concept &#8211; Int\u00e9rieur | Auto123.com<\/figcaption><\/figure>\n<p style=\"padding-top: 15px\">Contenu original de <a href=\"https:\/\/www.auto123.com\/fr\/actualites\/scout-traveler-terra-2027-vus-electriques\/71994\/\">auto123<\/a>.<\/p>\n<p>Le texte <a rel=\"nofollow\" href=\"https:\/\/annuelauto.ca\/scout-presente-ses-deux-premiers-modeles-prevus-pour-2027\/\">Scout pr\u00e9sente ses deux premiers mod\u00e8les, pr\u00e9vus pour 2027<\/a> provient de <a rel=\"nofollow\" href=\"https:\/\/annuelauto.ca\">L&#8217;annuel de l&#8217;automobile &#8211; Actualit\u00e9 automobile<\/a><\/p>\n<p><\/p>\n","protected":false},"excerpt":{"rendered":"<p>Scout pr\u00e9sente ses deux premiers mod\u00e8les, pr\u00e9vus pour 2027 Scout, la nouvelle marque de v\u00e9hicules \u00e9lectriques du groupe Volkswagen, a d\u00e9voil\u00e9 sous forme de concepts les deux premiers mod\u00e8les qu\u2019elle compte commercialiser \u00e0 l\u2019horizon\u00a02027-2028. On parle d\u2019un VUS et d\u2019une camionnette, dont la production doit s\u2019amorcer en 2027.\u00a0 Si le nom Scout vous dit quelque [&hellip;]<\/p>\n","protected":false},"author":8,"featured_media":179083,"comment_status":"close","ping_status":"closed","sticky":false,"template":"","format":"standard","meta":{"_monsterinsights_skip_tracking":false,"_monsterinsights_sitenote_active":false,"_monsterinsights_sitenote_note":"","_monsterinsights_sitenote_category":0,"footnotes":""},"categories":[101],"tags":[],"yoast_head":"<!-- This site is optimized with the Yoast SEO plugin v23.2 - https:\/\/yoast.com\/wordpress\/plugins\/seo\/ -->\n<title>Scout pr\u00e9sente ses deux premiers mod\u00e8les, pr\u00e9vus pour 2027 - CanadaMotorJobs.com<\/title>\n<meta name=\"description\" content=\"Scout pr\u00e9sente ses deux premiers mod\u00e8les, pr\u00e9vus pour 2027 - Benoit Charette - Annuel automobile - CanadaMotorJobs.com.\" \/>\n<meta name=\"robots\" content=\"index, follow, max-snippet:-1, max-image-preview:large, max-video-preview:-1\" \/>\n<meta property=\"og:locale\" content=\"fr_CA\" \/>\n<meta property=\"og:type\" content=\"article\" \/>\n<meta property=\"og:title\" content=\"Scout pr\u00e9sente ses deux premiers mod\u00e8les, pr\u00e9vus pour 2027 - CanadaMotorJobs.com\" \/>\n<meta property=\"og:description\" content=\"Scout pr\u00e9sente ses deux premiers mod\u00e8les, pr\u00e9vus pour 2027 - Benoit Charette - Annuel automobile - CanadaMotorJobs.com.\" \/>\n<meta property=\"og:url\" content=\"https:\/\/news.canadamotorjobs.com\/fr\/scout-presente-ses-deux-premiers-modeles-prevus-pour-2027\/\" \/>\n<meta property=\"og:site_name\" content=\"CanadaMotorJobs.com\" \/>\n<meta property=\"article:publisher\" content=\"https:\/\/www.facebook.com\/canadamotorjobs\/\" \/>\n<meta property=\"article:published_time\" content=\"2024-10-27T07:24:33+00:00\" \/>\n<meta property=\"article:modified_time\" content=\"2024-10-27T07:29:15+00:00\" \/>\n<meta property=\"og:image\" content=\"https:\/\/news.canadamotorjobs.com\/wp-content\/uploads\/2024\/10\/Terra_Truck.png\" \/>\n\t<meta property=\"og:image:width\" content=\"1200\" \/>\n\t<meta property=\"og:image:height\" content=\"464\" \/>\n\t<meta property=\"og:image:type\" content=\"image\/png\" \/>\n<meta name=\"author\" content=\"Benoit Charette\" \/>\n<meta name=\"twitter:card\" content=\"summary_large_image\" \/>\n<meta name=\"twitter:creator\" content=\"@canadamotorjobs\" \/>\n<meta name=\"twitter:site\" content=\"@canadamotorjobs\" \/>\n<meta name=\"twitter:label1\" content=\"\u00c9crit par\" \/>\n\t<meta name=\"twitter:data1\" content=\"Benoit Charette\" \/>\n\t<meta name=\"twitter:label2\" content=\"Estimation du temps de lecture\" \/>\n\t<meta name=\"twitter:data2\" content=\"4 minutes\" \/>\n<!-- \/ Yoast SEO plugin. -->","yoast_head_json":{"title":"Scout pr\u00e9sente ses deux premiers mod\u00e8les, pr\u00e9vus pour 2027 - CanadaMotorJobs.com","description":"Scout pr\u00e9sente ses deux premiers mod\u00e8les, pr\u00e9vus pour 2027 - Benoit Charette - Annuel automobile - CanadaMotorJobs.com.","robots":{"index":"index","follow":"follow","max-snippet":"max-snippet:-1","max-image-preview":"max-image-preview:large","max-video-preview":"max-video-preview:-1"},"og_locale":"fr_CA","og_type":"article","og_title":"Scout pr\u00e9sente ses deux premiers mod\u00e8les, pr\u00e9vus pour 2027 - CanadaMotorJobs.com","og_description":"Scout pr\u00e9sente ses deux premiers mod\u00e8les, pr\u00e9vus pour 2027 - Benoit Charette - Annuel automobile - CanadaMotorJobs.com.","og_url":"https:\/\/news.canadamotorjobs.com\/fr\/scout-presente-ses-deux-premiers-modeles-prevus-pour-2027\/","og_site_name":"CanadaMotorJobs.com","article_publisher":"https:\/\/www.facebook.com\/canadamotorjobs\/","article_published_time":"2024-10-27T07:24:33+00:00","article_modified_time":"2024-10-27T07:29:15+00:00","og_image":[{"width":1200,"height":464,"url":"https:\/\/news.canadamotorjobs.com\/wp-content\/uploads\/2024\/10\/Terra_Truck.png","type":"image\/png"}],"author":"Benoit Charette","twitter_card":"summary_large_image","twitter_creator":"@canadamotorjobs","twitter_site":"@canadamotorjobs","twitter_misc":{"\u00c9crit par":"Benoit Charette","Estimation du temps de lecture":"4 minutes"},"schema":{"@context":"https:\/\/schema.org","@graph":[{"@type":"Article","@id":"https:\/\/news.canadamotorjobs.com\/fr\/scout-presente-ses-deux-premiers-modeles-prevus-pour-2027\/#article","isPartOf":{"@id":"https:\/\/news.canadamotorjobs.com\/fr\/scout-presente-ses-deux-premiers-modeles-prevus-pour-2027\/"},"author":{"name":"Benoit Charette","@id":"https:\/\/news.canadamotorjobs.com\/#\/schema\/person\/51793d1f87d44011d7bcc2ed99269a90"},"headline":"Scout pr\u00e9sente ses deux premiers mod\u00e8les, pr\u00e9vus pour 2027","datePublished":"2024-10-27T07:24:33+00:00","dateModified":"2024-10-27T07:29:15+00:00","mainEntityOfPage":{"@id":"https:\/\/news.canadamotorjobs.com\/fr\/scout-presente-ses-deux-premiers-modeles-prevus-pour-2027\/"},"wordCount":875,"publisher":{"@id":"https:\/\/news.canadamotorjobs.com\/#organization"},"image":{"@id":"https:\/\/news.canadamotorjobs.com\/fr\/scout-presente-ses-deux-premiers-modeles-prevus-pour-2027\/#primaryimage"},"thumbnailUrl":"https:\/\/news.canadamotorjobs.com\/wp-content\/uploads\/2024\/10\/Terra_Truck.png","articleSection":["Annuel automobile"],"inLanguage":"fr-CA"},{"@type":"WebPage","@id":"https:\/\/news.canadamotorjobs.com\/fr\/scout-presente-ses-deux-premiers-modeles-prevus-pour-2027\/","url":"https:\/\/news.canadamotorjobs.com\/fr\/scout-presente-ses-deux-premiers-modeles-prevus-pour-2027\/","name":"Scout pr\u00e9sente ses deux premiers mod\u00e8les, pr\u00e9vus pour 2027 - CanadaMotorJobs.com","isPartOf":{"@id":"https:\/\/news.canadamotorjobs.com\/#website"},"primaryImageOfPage":{"@id":"https:\/\/news.canadamotorjobs.com\/fr\/scout-presente-ses-deux-premiers-modeles-prevus-pour-2027\/#primaryimage"},"image":{"@id":"https:\/\/news.canadamotorjobs.com\/fr\/scout-presente-ses-deux-premiers-modeles-prevus-pour-2027\/#primaryimage"},"thumbnailUrl":"https:\/\/news.canadamotorjobs.com\/wp-content\/uploads\/2024\/10\/Terra_Truck.png","datePublished":"2024-10-27T07:24:33+00:00","dateModified":"2024-10-27T07:29:15+00:00","description":"Scout pr\u00e9sente ses deux premiers mod\u00e8les, pr\u00e9vus pour 2027 - Benoit Charette - Annuel automobile - CanadaMotorJobs.com.","breadcrumb":{"@id":"https:\/\/news.canadamotorjobs.com\/fr\/scout-presente-ses-deux-premiers-modeles-prevus-pour-2027\/#breadcrumb"},"inLanguage":"fr-CA","potentialAction":[{"@type":"ReadAction","target":["https:\/\/news.canadamotorjobs.com\/fr\/scout-presente-ses-deux-premiers-modeles-prevus-pour-2027\/"]}]},{"@type":"ImageObject","inLanguage":"fr-CA","@id":"https:\/\/news.canadamotorjobs.com\/fr\/scout-presente-ses-deux-premiers-modeles-prevus-pour-2027\/#primaryimage","url":"https:\/\/news.canadamotorjobs.com\/wp-content\/uploads\/2024\/10\/Terra_Truck.png","contentUrl":"https:\/\/news.canadamotorjobs.com\/wp-content\/uploads\/2024\/10\/Terra_Truck.png","width":1200,"height":464},{"@type":"BreadcrumbList","@id":"https:\/\/news.canadamotorjobs.com\/fr\/scout-presente-ses-deux-premiers-modeles-prevus-pour-2027\/#breadcrumb","itemListElement":[{"@type":"ListItem","position":1,"name":"Home","item":"https:\/\/news.canadamotorjobs.com\/fr\/blog\/"},{"@type":"ListItem","position":2,"name":"Scout pr\u00e9sente ses deux premiers mod\u00e8les, pr\u00e9vus pour 2027"}]},{"@type":"WebSite","@id":"https:\/\/news.canadamotorjobs.com\/#website","url":"https:\/\/news.canadamotorjobs.com\/","name":"CanadaMotorJobs.com","description":"Automotive Jobs","publisher":{"@id":"https:\/\/news.canadamotorjobs.com\/#organization"},"potentialAction":[{"@type":"SearchAction","target":{"@type":"EntryPoint","urlTemplate":"https:\/\/news.canadamotorjobs.com\/?s={search_term_string}"},"query-input":"required name=search_term_string"}],"inLanguage":"fr-CA"},{"@type":"Organization","@id":"https:\/\/news.canadamotorjobs.com\/#organization","name":"Canada Motor Jobs","url":"https:\/\/news.canadamotorjobs.com\/","logo":{"@type":"ImageObject","inLanguage":"fr-CA","@id":"https:\/\/news.canadamotorjobs.com\/#\/schema\/logo\/image\/","url":"https:\/\/news.canadamotorjobs.com\/wp-content\/uploads\/2022\/10\/logo-canada-motor-jobs-1.png","contentUrl":"https:\/\/news.canadamotorjobs.com\/wp-content\/uploads\/2022\/10\/logo-canada-motor-jobs-1.png","width":800,"height":400,"caption":"Canada Motor Jobs"},"image":{"@id":"https:\/\/news.canadamotorjobs.com\/#\/schema\/logo\/image\/"},"sameAs":["https:\/\/www.facebook.com\/canadamotorjobs\/","https:\/\/x.com\/canadamotorjobs","https:\/\/www.instagram.com\/canadamotorjobs\/","https:\/\/www.linkedin.com\/company\/canadamotorjobs"]},{"@type":"Person","@id":"https:\/\/news.canadamotorjobs.com\/#\/schema\/person\/51793d1f87d44011d7bcc2ed99269a90","name":"Benoit Charette","image":{"@type":"ImageObject","inLanguage":"fr-CA","@id":"https:\/\/news.canadamotorjobs.com\/#\/schema\/person\/image\/","url":"https:\/\/secure.gravatar.com\/avatar\/45f3d2eebcccd909668d7ce7ea7267b6?s=96&d=mm&r=g","contentUrl":"https:\/\/secure.gravatar.com\/avatar\/45f3d2eebcccd909668d7ce7ea7267b6?s=96&d=mm&r=g","caption":"Benoit Charette"},"description":"Benoit Charette \/ Propri\u00e9taire et r\u00e9dacteur en chef Benoit Charette pratique le journalisme automobile depuis bient\u00f4t 30 ans. Il a fait ses classes au c\u00f4t\u00e9 de Daniel H\u00e9raud et au Carnet de route de 1992 \u00e0 2001. Il est fondateur, copropri\u00e9taire et r\u00e9dacteur en chef de L\u2019Annuel de l\u2019automobile, qu\u2019il publie depuis 2001. Il a anim\u00e9 les \u00e9missions RPM et RPM+ sur V et les L\u00e9gendes de la route sur Historia. \u00c0 la radio depuis 1986, il reprend l\u2019antenne cette ann\u00e9e sur les ondes de Cogeco et participe pour la deuxi\u00e8me ann\u00e9e \u00e0 l\u2019\u00e9mission Passion Auto sur RDS en plus de mettre en ligne le site Web officiel de L\u2019Annuel de l\u2019automobile sur annuelauto.ca.","sameAs":["https:\/\/annuelauto.ca\/"],"url":"https:\/\/news.canadamotorjobs.com\/fr\/author\/benoit-charette\/"}]}},"_links":{"self":[{"href":"https:\/\/news.canadamotorjobs.com\/fr\/wp-json\/wp\/v2\/posts\/179081"}],"collection":[{"href":"https:\/\/news.canadamotorjobs.com\/fr\/wp-json\/wp\/v2\/posts"}],"about":[{"href":"https:\/\/news.canadamotorjobs.com\/fr\/wp-json\/wp\/v2\/types\/post"}],"author":[{"embeddable":true,"href":"https:\/\/news.canadamotorjobs.com\/fr\/wp-json\/wp\/v2\/users\/8"}],"replies":[{"embeddable":true,"href":"https:\/\/news.canadamotorjobs.com\/fr\/wp-json\/wp\/v2\/comments?post=179081"}],"version-history":[{"count":3,"href":"https:\/\/news.canadamotorjobs.com\/fr\/wp-json\/wp\/v2\/posts\/179081\/revisions"}],"predecessor-version":[{"id":179116,"href":"https:\/\/news.canadamotorjobs.com\/fr\/wp-json\/wp\/v2\/posts\/179081\/revisions\/179116"}],"wp:featuredmedia":[{"embeddable":true,"href":"https:\/\/news.canadamotorjobs.com\/fr\/wp-json\/wp\/v2\/media\/179083"}],"wp:attachment":[{"href":"https:\/\/news.canadamotorjobs.com\/fr\/wp-json\/wp\/v2\/media?parent=179081"}],"wp:term":[{"taxonomy":"category","embeddable":true,"href":"https:\/\/news.canadamotorjobs.com\/fr\/wp-json\/wp\/v2\/categories?post=179081"},{"taxonomy":"post_tag","embeddable":true,"href":"https:\/\/news.canadamotorjobs.com\/fr\/wp-json\/wp\/v2\/tags?post=179081"}],"curies":[{"name":"wp","href":"https:\/\/api.w.org\/{rel}","templated":true}]}}