{"id":179011,"date":"2024-10-26T03:24:26","date_gmt":"2024-10-26T07:24:26","guid":{"rendered":"https:\/\/news.canadamotorjobs.com\/?p=179011"},"modified":"2024-10-26T03:29:32","modified_gmt":"2024-10-26T07:29:32","slug":"byd-devra-simposer-a-letranger-pour-croitre","status":"publish","type":"post","link":"https:\/\/news.canadamotorjobs.com\/fr\/byd-devra-simposer-a-letranger-pour-croitre\/","title":{"rendered":"BYD devra s\u2019imposer \u00e0 l\u2019\u00e9tranger pour cro\u00eetre"},"content":{"rendered":"<\/p>\n<p>Le constructeur chinois BYD (Build Your Dream) a connu une croissance ph\u00e9nom\u00e9nale au cours des derni\u00e8res ann\u00e9es, et surtout des derniers mois. \u00c0 Hong Kong, l\u2019action du fabricant a fait un bond de 66 % depuis f\u00e9vrier dernier.\u00a0<\/p>\n<p>En juin, juillet et ao\u00fbt, la compagnie a vendu plus de 1,1 million de v\u00e9hicules \u00e9lectrifi\u00e9s, un record trimestriel pour l\u2019entreprise, selon ce que rapporte Bloomberg. Cependant, les d\u00e9fis qui attendent le fabricant sont entiers, alors que les tarifs douaniers adopt\u00e9s en Europe et en Am\u00e9rique du Nord vont ind\u00e9niablement mettre un frein \u00e0 ses objectifs de croissance.\u00a0<\/p>\n<p>BYD s\u2019est d\u00e9j\u00e0 impos\u00e9e comme la r\u00e9f\u00e9rence en mati\u00e8re de v\u00e9hicules \u00e9lectriques en Chine. La compagnie est en voie de voir ses ventes devancer celles de Tesla pour la premi\u00e8re fois l\u00e0-bas. Les chiffres de rentabilit\u00e9 de l\u2019entreprise seront analys\u00e9s scrupuleusement lorsqu\u2019ils seront d\u00e9voil\u00e9s le 30 octobre prochain. Les analystes estiment que le fabricant d\u2019automobiles et de batteries bas\u00e9 \u00e0 Shenzhen affichera un chiffre d\u2019affaires de 28,8 milliards, ce qui repr\u00e9sente un record historique et d\u00e9passe les 25,2 milliards enregistr\u00e9s par Tesla.<\/p>\n<p>Ce \u00e0 quoi le march\u00e9 s\u2019attend, c\u2019est \u00e0 des ventes record de la part de BYD. Cependant, pour que cette croissance se poursuive, et que les actions de l\u2019entreprise continuent \u00e0 briller comme elles le font en ce moment, une croissance des ventes \u00e0 l\u2019\u00e9tranger sera n\u00e9cessaire.\u00a0<\/p>\n<p><\/p>\n<figure><img decoding=\"async\" src=\"https:\/\/news.canadamotorjobs.com\/wp-content\/uploads\/2024\/10\/BYD-5.jpg\" alt=\"BYD - Dolphin\" \/><figcaption>BYD &#8211; Dolphin | Auto123.com<\/figcaption><\/figure>\n<p>Or, on en revient aux tarifs adopt\u00e9s par l\u2019Occident.\u00a0<\/p>\n<p>Si les perspectives d\u2019exportation sont prometteuses, elles sont assombries par les tensions commerciales cr\u00e9\u00e9es par la lev\u00e9e desdits tarifs. BYD s\u2019efforce d\u2019y rem\u00e9dier avec des efforts tels que l\u2019acc\u00e9l\u00e9ration de la production locale.<\/p>\n<p>\u00ab\u2009Les exportations sont le prochain moteur de croissance de l\u2019entreprise et pourraient d\u00e9j\u00e0 y contribuer de mani\u00e8re significative d\u00e8s l\u2019ann\u00e9e prochaine\u2009\u00bb, a d\u00e9clar\u00e9 Kevin Net, responsable des actions asiatiques \u00e0 La Financi\u00e8re de l\u2019\u00c9chiquier, une soci\u00e9t\u00e9 de gestion d\u2019actifs qui est bas\u00e9e en France.<\/p>\n<p>Selon Bloomberg Intelligence, la demande locale a \u00e9t\u00e9 plus forte que pr\u00e9vu gr\u00e2ce aux subventions du gouvernement chinois qui encouragent le remplacement des vieilles voitures, une tendance qui pourrait se poursuivre au cours du trimestre actuel. BYD a \u00e9galement b\u00e9n\u00e9fici\u00e9 de r\u00e9ductions de prix agressives et de sa technologie hybride rechargeable am\u00e9lior\u00e9e, selon les observateurs du march\u00e9.<\/p>\n<p>Il sera int\u00e9ressant de voir quelles seront les prochaines \u00e9tapes pour BYD. Pour s\u2019implanter en Am\u00e9rique du Nord, elle devra fabriquer ses v\u00e9hicules ailleurs qu\u2019en Chine, id\u00e9alement sur notre continent, afin de faire profiter l\u2019\u00e9conomie d\u2019ici.<\/p>\n<p><\/p>\n<p style=\"padding-top: 15px\">Contenu original de <a href=\"https:\/\/www.auto123.com\/fr\/actualites\/byd-croissance-march\u00e9-\u00e9tranger-strat\u00e9gie\/71988\/\">auto123<\/a>.<\/p>\n<p>Le texte <a rel=\"nofollow\" href=\"https:\/\/annuelauto.ca\/byd-devra-simposer-a-letranger-pour-croitre\/\">BYD devra s\u2019imposer \u00e0 l\u2019\u00e9tranger pour cro\u00eetre<\/a> provient de <a rel=\"nofollow\" href=\"https:\/\/annuelauto.ca\">L&#8217;annuel de l&#8217;automobile &#8211; Actualit\u00e9 automobile<\/a><\/p>\n<p><\/p>\n","protected":false},"excerpt":{"rendered":"<p>Le constructeur chinois BYD (Build Your Dream) a connu une croissance ph\u00e9nom\u00e9nale au cours des derni\u00e8res ann\u00e9es, et surtout des derniers mois. \u00c0 Hong Kong, l\u2019action du fabricant a fait un bond de 66 % depuis f\u00e9vrier dernier.\u00a0 En juin, juillet et ao\u00fbt, la compagnie a vendu plus de 1,1 million de v\u00e9hicules \u00e9lectrifi\u00e9s, un [&hellip;]<\/p>\n","protected":false},"author":8,"featured_media":179013,"comment_status":"close","ping_status":"closed","sticky":false,"template":"","format":"standard","meta":{"_monsterinsights_skip_tracking":false,"_monsterinsights_sitenote_active":false,"_monsterinsights_sitenote_note":"","_monsterinsights_sitenote_category":0,"footnotes":""},"categories":[101],"tags":[],"yoast_head":"<!-- This site is optimized with the Yoast SEO plugin v23.2 - https:\/\/yoast.com\/wordpress\/plugins\/seo\/ -->\n<title>BYD devra s\u2019imposer \u00e0 l\u2019\u00e9tranger pour cro\u00eetre - CanadaMotorJobs.com<\/title>\n<meta name=\"description\" content=\"BYD devra s\u2019imposer \u00e0 l\u2019\u00e9tranger pour cro\u00eetre - Benoit Charette - Annuel automobile - CanadaMotorJobs.com.\" \/>\n<meta name=\"robots\" content=\"index, follow, max-snippet:-1, max-image-preview:large, max-video-preview:-1\" \/>\n<meta property=\"og:locale\" content=\"fr_CA\" \/>\n<meta property=\"og:type\" content=\"article\" \/>\n<meta property=\"og:title\" content=\"BYD devra s\u2019imposer \u00e0 l\u2019\u00e9tranger pour cro\u00eetre - CanadaMotorJobs.com\" \/>\n<meta property=\"og:description\" content=\"BYD devra s\u2019imposer \u00e0 l\u2019\u00e9tranger pour cro\u00eetre - Benoit Charette - Annuel automobile - CanadaMotorJobs.com.\" \/>\n<meta property=\"og:url\" content=\"https:\/\/news.canadamotorjobs.com\/fr\/byd-devra-simposer-a-letranger-pour-croitre\/\" \/>\n<meta property=\"og:site_name\" content=\"CanadaMotorJobs.com\" \/>\n<meta property=\"article:publisher\" content=\"https:\/\/www.facebook.com\/canadamotorjobs\/\" \/>\n<meta property=\"article:published_time\" content=\"2024-10-26T07:24:26+00:00\" \/>\n<meta property=\"article:modified_time\" content=\"2024-10-26T07:29:32+00:00\" \/>\n<meta property=\"og:image\" content=\"https:\/\/news.canadamotorjobs.com\/wp-content\/uploads\/2024\/10\/BYD.jpg\" \/>\n\t<meta property=\"og:image:width\" content=\"1200\" \/>\n\t<meta property=\"og:image:height\" content=\"675\" \/>\n\t<meta property=\"og:image:type\" content=\"image\/jpeg\" \/>\n<meta name=\"author\" content=\"Benoit Charette\" \/>\n<meta name=\"twitter:card\" content=\"summary_large_image\" \/>\n<meta name=\"twitter:creator\" content=\"@canadamotorjobs\" \/>\n<meta name=\"twitter:site\" content=\"@canadamotorjobs\" \/>\n<meta name=\"twitter:label1\" content=\"\u00c9crit par\" \/>\n\t<meta name=\"twitter:data1\" content=\"Benoit Charette\" \/>\n\t<meta name=\"twitter:label2\" content=\"Estimation du temps de lecture\" \/>\n\t<meta name=\"twitter:data2\" content=\"2 minutes\" \/>\n<!-- \/ Yoast SEO plugin. -->","yoast_head_json":{"title":"BYD devra s\u2019imposer \u00e0 l\u2019\u00e9tranger pour cro\u00eetre - CanadaMotorJobs.com","description":"BYD devra s\u2019imposer \u00e0 l\u2019\u00e9tranger pour cro\u00eetre - Benoit Charette - Annuel automobile - CanadaMotorJobs.com.","robots":{"index":"index","follow":"follow","max-snippet":"max-snippet:-1","max-image-preview":"max-image-preview:large","max-video-preview":"max-video-preview:-1"},"og_locale":"fr_CA","og_type":"article","og_title":"BYD devra s\u2019imposer \u00e0 l\u2019\u00e9tranger pour cro\u00eetre - CanadaMotorJobs.com","og_description":"BYD devra s\u2019imposer \u00e0 l\u2019\u00e9tranger pour cro\u00eetre - Benoit Charette - Annuel automobile - CanadaMotorJobs.com.","og_url":"https:\/\/news.canadamotorjobs.com\/fr\/byd-devra-simposer-a-letranger-pour-croitre\/","og_site_name":"CanadaMotorJobs.com","article_publisher":"https:\/\/www.facebook.com\/canadamotorjobs\/","article_published_time":"2024-10-26T07:24:26+00:00","article_modified_time":"2024-10-26T07:29:32+00:00","og_image":[{"width":1200,"height":675,"url":"https:\/\/news.canadamotorjobs.com\/wp-content\/uploads\/2024\/10\/BYD.jpg","type":"image\/jpeg"}],"author":"Benoit Charette","twitter_card":"summary_large_image","twitter_creator":"@canadamotorjobs","twitter_site":"@canadamotorjobs","twitter_misc":{"\u00c9crit par":"Benoit Charette","Estimation du temps de lecture":"2 minutes"},"schema":{"@context":"https:\/\/schema.org","@graph":[{"@type":"Article","@id":"https:\/\/news.canadamotorjobs.com\/fr\/byd-devra-simposer-a-letranger-pour-croitre\/#article","isPartOf":{"@id":"https:\/\/news.canadamotorjobs.com\/fr\/byd-devra-simposer-a-letranger-pour-croitre\/"},"author":{"name":"Benoit Charette","@id":"https:\/\/news.canadamotorjobs.com\/#\/schema\/person\/51793d1f87d44011d7bcc2ed99269a90"},"headline":"BYD devra s\u2019imposer \u00e0 l\u2019\u00e9tranger pour cro\u00eetre","datePublished":"2024-10-26T07:24:26+00:00","dateModified":"2024-10-26T07:29:32+00:00","mainEntityOfPage":{"@id":"https:\/\/news.canadamotorjobs.com\/fr\/byd-devra-simposer-a-letranger-pour-croitre\/"},"wordCount":505,"publisher":{"@id":"https:\/\/news.canadamotorjobs.com\/#organization"},"image":{"@id":"https:\/\/news.canadamotorjobs.com\/fr\/byd-devra-simposer-a-letranger-pour-croitre\/#primaryimage"},"thumbnailUrl":"https:\/\/news.canadamotorjobs.com\/wp-content\/uploads\/2024\/10\/BYD.jpg","articleSection":["Annuel automobile"],"inLanguage":"fr-CA"},{"@type":"WebPage","@id":"https:\/\/news.canadamotorjobs.com\/fr\/byd-devra-simposer-a-letranger-pour-croitre\/","url":"https:\/\/news.canadamotorjobs.com\/fr\/byd-devra-simposer-a-letranger-pour-croitre\/","name":"BYD devra s\u2019imposer \u00e0 l\u2019\u00e9tranger pour cro\u00eetre - CanadaMotorJobs.com","isPartOf":{"@id":"https:\/\/news.canadamotorjobs.com\/#website"},"primaryImageOfPage":{"@id":"https:\/\/news.canadamotorjobs.com\/fr\/byd-devra-simposer-a-letranger-pour-croitre\/#primaryimage"},"image":{"@id":"https:\/\/news.canadamotorjobs.com\/fr\/byd-devra-simposer-a-letranger-pour-croitre\/#primaryimage"},"thumbnailUrl":"https:\/\/news.canadamotorjobs.com\/wp-content\/uploads\/2024\/10\/BYD.jpg","datePublished":"2024-10-26T07:24:26+00:00","dateModified":"2024-10-26T07:29:32+00:00","description":"BYD devra s\u2019imposer \u00e0 l\u2019\u00e9tranger pour cro\u00eetre - Benoit Charette - Annuel automobile - CanadaMotorJobs.com.","breadcrumb":{"@id":"https:\/\/news.canadamotorjobs.com\/fr\/byd-devra-simposer-a-letranger-pour-croitre\/#breadcrumb"},"inLanguage":"fr-CA","potentialAction":[{"@type":"ReadAction","target":["https:\/\/news.canadamotorjobs.com\/fr\/byd-devra-simposer-a-letranger-pour-croitre\/"]}]},{"@type":"ImageObject","inLanguage":"fr-CA","@id":"https:\/\/news.canadamotorjobs.com\/fr\/byd-devra-simposer-a-letranger-pour-croitre\/#primaryimage","url":"https:\/\/news.canadamotorjobs.com\/wp-content\/uploads\/2024\/10\/BYD.jpg","contentUrl":"https:\/\/news.canadamotorjobs.com\/wp-content\/uploads\/2024\/10\/BYD.jpg","width":1200,"height":675},{"@type":"BreadcrumbList","@id":"https:\/\/news.canadamotorjobs.com\/fr\/byd-devra-simposer-a-letranger-pour-croitre\/#breadcrumb","itemListElement":[{"@type":"ListItem","position":1,"name":"Home","item":"https:\/\/news.canadamotorjobs.com\/fr\/blog\/"},{"@type":"ListItem","position":2,"name":"BYD devra s\u2019imposer \u00e0 l\u2019\u00e9tranger pour cro\u00eetre"}]},{"@type":"WebSite","@id":"https:\/\/news.canadamotorjobs.com\/#website","url":"https:\/\/news.canadamotorjobs.com\/","name":"CanadaMotorJobs.com","description":"Automotive Jobs","publisher":{"@id":"https:\/\/news.canadamotorjobs.com\/#organization"},"potentialAction":[{"@type":"SearchAction","target":{"@type":"EntryPoint","urlTemplate":"https:\/\/news.canadamotorjobs.com\/?s={search_term_string}"},"query-input":"required name=search_term_string"}],"inLanguage":"fr-CA"},{"@type":"Organization","@id":"https:\/\/news.canadamotorjobs.com\/#organization","name":"Canada Motor Jobs","url":"https:\/\/news.canadamotorjobs.com\/","logo":{"@type":"ImageObject","inLanguage":"fr-CA","@id":"https:\/\/news.canadamotorjobs.com\/#\/schema\/logo\/image\/","url":"https:\/\/news.canadamotorjobs.com\/wp-content\/uploads\/2022\/10\/logo-canada-motor-jobs-1.png","contentUrl":"https:\/\/news.canadamotorjobs.com\/wp-content\/uploads\/2022\/10\/logo-canada-motor-jobs-1.png","width":800,"height":400,"caption":"Canada Motor Jobs"},"image":{"@id":"https:\/\/news.canadamotorjobs.com\/#\/schema\/logo\/image\/"},"sameAs":["https:\/\/www.facebook.com\/canadamotorjobs\/","https:\/\/x.com\/canadamotorjobs","https:\/\/www.instagram.com\/canadamotorjobs\/","https:\/\/www.linkedin.com\/company\/canadamotorjobs"]},{"@type":"Person","@id":"https:\/\/news.canadamotorjobs.com\/#\/schema\/person\/51793d1f87d44011d7bcc2ed99269a90","name":"Benoit Charette","image":{"@type":"ImageObject","inLanguage":"fr-CA","@id":"https:\/\/news.canadamotorjobs.com\/#\/schema\/person\/image\/","url":"https:\/\/secure.gravatar.com\/avatar\/45f3d2eebcccd909668d7ce7ea7267b6?s=96&d=mm&r=g","contentUrl":"https:\/\/secure.gravatar.com\/avatar\/45f3d2eebcccd909668d7ce7ea7267b6?s=96&d=mm&r=g","caption":"Benoit Charette"},"description":"Benoit Charette \/ Propri\u00e9taire et r\u00e9dacteur en chef Benoit Charette pratique le journalisme automobile depuis bient\u00f4t 30 ans. Il a fait ses classes au c\u00f4t\u00e9 de Daniel H\u00e9raud et au Carnet de route de 1992 \u00e0 2001. Il est fondateur, copropri\u00e9taire et r\u00e9dacteur en chef de L\u2019Annuel de l\u2019automobile, qu\u2019il publie depuis 2001. Il a anim\u00e9 les \u00e9missions RPM et RPM+ sur V et les L\u00e9gendes de la route sur Historia. \u00c0 la radio depuis 1986, il reprend l\u2019antenne cette ann\u00e9e sur les ondes de Cogeco et participe pour la deuxi\u00e8me ann\u00e9e \u00e0 l\u2019\u00e9mission Passion Auto sur RDS en plus de mettre en ligne le site Web officiel de L\u2019Annuel de l\u2019automobile sur annuelauto.ca.","sameAs":["https:\/\/annuelauto.ca\/"],"url":"https:\/\/news.canadamotorjobs.com\/fr\/author\/benoit-charette\/"}]}},"_links":{"self":[{"href":"https:\/\/news.canadamotorjobs.com\/fr\/wp-json\/wp\/v2\/posts\/179011"}],"collection":[{"href":"https:\/\/news.canadamotorjobs.com\/fr\/wp-json\/wp\/v2\/posts"}],"about":[{"href":"https:\/\/news.canadamotorjobs.com\/fr\/wp-json\/wp\/v2\/types\/post"}],"author":[{"embeddable":true,"href":"https:\/\/news.canadamotorjobs.com\/fr\/wp-json\/wp\/v2\/users\/8"}],"replies":[{"embeddable":true,"href":"https:\/\/news.canadamotorjobs.com\/fr\/wp-json\/wp\/v2\/comments?post=179011"}],"version-history":[{"count":3,"href":"https:\/\/news.canadamotorjobs.com\/fr\/wp-json\/wp\/v2\/posts\/179011\/revisions"}],"predecessor-version":[{"id":179038,"href":"https:\/\/news.canadamotorjobs.com\/fr\/wp-json\/wp\/v2\/posts\/179011\/revisions\/179038"}],"wp:featuredmedia":[{"embeddable":true,"href":"https:\/\/news.canadamotorjobs.com\/fr\/wp-json\/wp\/v2\/media\/179013"}],"wp:attachment":[{"href":"https:\/\/news.canadamotorjobs.com\/fr\/wp-json\/wp\/v2\/media?parent=179011"}],"wp:term":[{"taxonomy":"category","embeddable":true,"href":"https:\/\/news.canadamotorjobs.com\/fr\/wp-json\/wp\/v2\/categories?post=179011"},{"taxonomy":"post_tag","embeddable":true,"href":"https:\/\/news.canadamotorjobs.com\/fr\/wp-json\/wp\/v2\/tags?post=179011"}],"curies":[{"name":"wp","href":"https:\/\/api.w.org\/{rel}","templated":true}]}}