{"id":178979,"date":"2024-10-26T03:24:27","date_gmt":"2024-10-26T07:24:27","guid":{"rendered":"https:\/\/news.canadamotorjobs.com\/?p=178979"},"modified":"2024-10-26T03:29:21","modified_gmt":"2024-10-26T07:29:21","slug":"tesla-surprend-avec-des-ventes-a-la-hausse","status":"publish","type":"post","link":"https:\/\/news.canadamotorjobs.com\/fr\/tesla-surprend-avec-des-ventes-a-la-hausse\/","title":{"rendered":"Tesla surprend avec des ventes \u00e0 la hausse"},"content":{"rendered":"<\/p>\n<p>Tesla a frapp\u00e9 fort en annon\u00e7ant une croissance attendue de 20 % \u00e0 30 % de ses ventes de v\u00e9hicules pour l\u2019ann\u00e9e prochaine. Lors d\u2019un appel avec des analystes, Elon Musk a rassur\u00e9 les investisseurs en affirmant que l\u2019entreprise continue de se concentrer sur la rentabilit\u00e9 de ses ventes de v\u00e9hicules \u00e9lectriques (VE), malgr\u00e9 les sp\u00e9culations autour du lancement d\u2019un robotaxi.<\/p>\n<p>Cette annonce a entra\u00een\u00e9 une hausse de 12 % des actions de Tesla lors des transactions apr\u00e8s la fermeture des march\u00e9s mercredi, augmentant ainsi la valeur boursi\u00e8re de l\u2019entreprise d\u2019environ 80 milliards.<\/p>\n<p><strong>R\u00e9duction des co\u00fbts et augmentation des marges<\/strong><\/p>\n<p>L\u2019une des raisons qui ont rassur\u00e9 les investisseurs est la baisse des co\u00fbts de fabrication des v\u00e9hicules, un facteur qui contribue \u00e0 maintenir les marges b\u00e9n\u00e9ficiaires de Tesla en t\u00eate de l\u2019industrie automobile. Bien que le d\u00e9voilement du robotaxi le 10 octobre n\u2019ait pas s\u00e9duit les march\u00e9s, Musk a rappel\u00e9 que Tesla est une des rares entreprises dans l\u2019industrie des v\u00e9hicules \u00e9lectriques \u00e0 \u00eatre profitable, une r\u00e9alisation d\u2019autant plus notable \u00e0 l\u2019int\u00e9rieur d\u2019un environnement automobile difficile.<\/p>\n<p><strong>Des v\u00e9hicules autonomes pour 2025<\/strong><\/p>\n<p>Elon Musk a \u00e9galement annonc\u00e9 que Tesla commencerait \u00e0 d\u00e9ployer des v\u00e9hicules autonomes payants l\u2019ann\u00e9e prochaine, apr\u00e8s avoir re\u00e7u l\u2019approbation r\u00e9glementaire en Californie et au Texas. L\u2019adoption de la fonctionnalit\u00e9 FSD (Full Self Driving), un logiciel de conduite autonome supervis\u00e9e, a augment\u00e9 de fa\u00e7on significative apr\u00e8s cet \u00e9v\u00e9nement, avec une nouvelle promotion offrant le FSD gratuitement pendant un mois pour les clients actuels, la deuxi\u00e8me fois cette ann\u00e9e.<\/p>\n<p><\/p>\n<figure><img decoding=\"async\" src=\"https:\/\/news.canadamotorjobs.com\/wp-content\/uploads\/2024\/10\/tesla_model_y_2_-_Copie-5.jpeg\" alt=\"Le Tesla Model Y\" \/><figcaption>Le Tesla Model Y | Auto123.com<\/figcaption><\/figure>\n<p><strong>Rentabilit\u00e9 en hausse malgr\u00e9 des d\u00e9fis<\/strong><\/p>\n<p>Au troisi\u00e8me trimestre, Tesla a affich\u00e9 une marge b\u00e9n\u00e9ficiaire de 17,05 % sur la vente de ses v\u00e9hicules, en dehors des cr\u00e9dits r\u00e9glementaires, contre 14,6 % au trimestre pr\u00e9c\u00e9dent. Bien que la rentabilit\u00e9 ait \u00e9t\u00e9 meilleure que pr\u00e9vu par les analystes, le directeur financier, Vaibhav Taneja, a pr\u00e9venu que maintenir ces marges au quatri\u00e8me trimestre serait \u00ab difficile \u00bb. Le co\u00fbt de production par v\u00e9hicule a atteint son plus bas niveau \u00e0 ce jour, soit environ 35 100 $, et le b\u00e9n\u00e9fice ajust\u00e9 de 72 sous par action a d\u00e9pass\u00e9 les estimations.<\/p>\n<p><strong>Une strat\u00e9gie de prix bien \u00e9quilibr\u00e9e<\/strong><\/p>\n<p>Tesla a trouv\u00e9 un \u00e9quilibre entre les prix et les co\u00fbts de production, selon les analystes. Malgr\u00e9 une baisse des prix des mati\u00e8res premi\u00e8res, la compagnie a maintenu une certaine flexibilit\u00e9 en offrant des options de financement attrayantes pour stimuler la demande. Avec 1,29 million de v\u00e9hicules d\u00e9j\u00e0 livr\u00e9s cette ann\u00e9e, Tesla n\u2019a plus qu\u2019\u00e0 en livrer 514 925 de plus pour battre le record de l\u2019ann\u00e9e derni\u00e8re.<\/p>\n<p><strong>Une croissance ma\u00eetris\u00e9e<\/strong><\/p>\n<p>Les r\u00e9sultats du troisi\u00e8me trimestre ont apais\u00e9 les craintes que la strat\u00e9gie d\u2019incitatifs massifs de Tesla ne vienne trop peser sur les marges. Avec des ventes et des marges solides, l\u2019entreprise semble bien positionn\u00e9e pour continuer sa croissance, m\u00eame dans un march\u00e9 de v\u00e9hicules \u00e9lectriques de plus en plus concurrentiel.<\/p>\n<p><\/p>\n<figure><img decoding=\"async\" src=\"https:\/\/news.canadamotorjobs.com\/wp-content\/uploads\/2024\/10\/Cybertruck_80-1.jpg\" alt=\"Le Tesla Cybertruck\" \/><figcaption>Le Tesla Cybertruck | Auto123.com<\/figcaption><\/figure>\n<p style=\"padding-top: 15px\">Contenu original de <a href=\"https:\/\/www.auto123.com\/fr\/actualites\/tesla-surprend-previsions-ventes-couts-2024\/71984\/\">auto123<\/a>.<\/p>\n<p>Le texte <a rel=\"nofollow\" href=\"https:\/\/annuelauto.ca\/tesla-surprend-avec-des-ventes-a-la-hausse\/\">Tesla surprend avec des ventes \u00e0 la hausse<\/a> provient de <a rel=\"nofollow\" href=\"https:\/\/annuelauto.ca\">L&#8217;annuel de l&#8217;automobile &#8211; Actualit\u00e9 automobile<\/a><\/p>\n<p><\/p>\n","protected":false},"excerpt":{"rendered":"<p>Tesla a frapp\u00e9 fort en annon\u00e7ant une croissance attendue de 20 % \u00e0 30 % de ses ventes de v\u00e9hicules pour l\u2019ann\u00e9e prochaine. Lors d\u2019un appel avec des analystes, Elon Musk a rassur\u00e9 les investisseurs en affirmant que l\u2019entreprise continue de se concentrer sur la rentabilit\u00e9 de ses ventes de v\u00e9hicules \u00e9lectriques (VE), malgr\u00e9 les [&hellip;]<\/p>\n","protected":false},"author":8,"featured_media":178981,"comment_status":"close","ping_status":"closed","sticky":false,"template":"","format":"standard","meta":{"_monsterinsights_skip_tracking":false,"_monsterinsights_sitenote_active":false,"_monsterinsights_sitenote_note":"","_monsterinsights_sitenote_category":0,"footnotes":""},"categories":[101],"tags":[],"yoast_head":"<!-- This site is optimized with the Yoast SEO plugin v23.2 - https:\/\/yoast.com\/wordpress\/plugins\/seo\/ -->\n<title>Tesla surprend avec des ventes \u00e0 la hausse - CanadaMotorJobs.com<\/title>\n<meta name=\"description\" content=\"Tesla surprend avec des ventes \u00e0 la hausse - Benoit Charette - Annuel automobile - CanadaMotorJobs.com.\" \/>\n<meta name=\"robots\" content=\"index, follow, max-snippet:-1, max-image-preview:large, max-video-preview:-1\" \/>\n<meta property=\"og:locale\" content=\"fr_CA\" \/>\n<meta property=\"og:type\" content=\"article\" \/>\n<meta property=\"og:title\" content=\"Tesla surprend avec des ventes \u00e0 la hausse - CanadaMotorJobs.com\" \/>\n<meta property=\"og:description\" content=\"Tesla surprend avec des ventes \u00e0 la hausse - Benoit Charette - Annuel automobile - CanadaMotorJobs.com.\" \/>\n<meta property=\"og:url\" content=\"https:\/\/news.canadamotorjobs.com\/fr\/tesla-surprend-avec-des-ventes-a-la-hausse\/\" \/>\n<meta property=\"og:site_name\" content=\"CanadaMotorJobs.com\" \/>\n<meta property=\"article:publisher\" content=\"https:\/\/www.facebook.com\/canadamotorjobs\/\" \/>\n<meta property=\"article:published_time\" content=\"2024-10-26T07:24:27+00:00\" \/>\n<meta property=\"article:modified_time\" content=\"2024-10-26T07:29:21+00:00\" \/>\n<meta property=\"og:image\" content=\"https:\/\/news.canadamotorjobs.com\/wp-content\/uploads\/2024\/10\/tesla_model_y_2_-_Copie.jpeg\" \/>\n\t<meta property=\"og:image:width\" content=\"1200\" \/>\n\t<meta property=\"og:image:height\" content=\"801\" \/>\n\t<meta property=\"og:image:type\" content=\"image\/jpeg\" \/>\n<meta name=\"author\" content=\"Benoit Charette\" \/>\n<meta name=\"twitter:card\" content=\"summary_large_image\" \/>\n<meta name=\"twitter:creator\" content=\"@canadamotorjobs\" \/>\n<meta name=\"twitter:site\" content=\"@canadamotorjobs\" \/>\n<meta name=\"twitter:label1\" content=\"\u00c9crit par\" \/>\n\t<meta name=\"twitter:data1\" content=\"Benoit Charette\" \/>\n\t<meta name=\"twitter:label2\" content=\"Estimation du temps de lecture\" \/>\n\t<meta name=\"twitter:data2\" content=\"3 minutes\" \/>\n<!-- \/ Yoast SEO plugin. -->","yoast_head_json":{"title":"Tesla surprend avec des ventes \u00e0 la hausse - CanadaMotorJobs.com","description":"Tesla surprend avec des ventes \u00e0 la hausse - Benoit Charette - Annuel automobile - CanadaMotorJobs.com.","robots":{"index":"index","follow":"follow","max-snippet":"max-snippet:-1","max-image-preview":"max-image-preview:large","max-video-preview":"max-video-preview:-1"},"og_locale":"fr_CA","og_type":"article","og_title":"Tesla surprend avec des ventes \u00e0 la hausse - CanadaMotorJobs.com","og_description":"Tesla surprend avec des ventes \u00e0 la hausse - Benoit Charette - Annuel automobile - CanadaMotorJobs.com.","og_url":"https:\/\/news.canadamotorjobs.com\/fr\/tesla-surprend-avec-des-ventes-a-la-hausse\/","og_site_name":"CanadaMotorJobs.com","article_publisher":"https:\/\/www.facebook.com\/canadamotorjobs\/","article_published_time":"2024-10-26T07:24:27+00:00","article_modified_time":"2024-10-26T07:29:21+00:00","og_image":[{"width":1200,"height":801,"url":"https:\/\/news.canadamotorjobs.com\/wp-content\/uploads\/2024\/10\/tesla_model_y_2_-_Copie.jpeg","type":"image\/jpeg"}],"author":"Benoit Charette","twitter_card":"summary_large_image","twitter_creator":"@canadamotorjobs","twitter_site":"@canadamotorjobs","twitter_misc":{"\u00c9crit par":"Benoit Charette","Estimation du temps de lecture":"3 minutes"},"schema":{"@context":"https:\/\/schema.org","@graph":[{"@type":"Article","@id":"https:\/\/news.canadamotorjobs.com\/fr\/tesla-surprend-avec-des-ventes-a-la-hausse\/#article","isPartOf":{"@id":"https:\/\/news.canadamotorjobs.com\/fr\/tesla-surprend-avec-des-ventes-a-la-hausse\/"},"author":{"name":"Benoit Charette","@id":"https:\/\/news.canadamotorjobs.com\/#\/schema\/person\/51793d1f87d44011d7bcc2ed99269a90"},"headline":"Tesla surprend avec des ventes \u00e0 la hausse","datePublished":"2024-10-26T07:24:27+00:00","dateModified":"2024-10-26T07:29:21+00:00","mainEntityOfPage":{"@id":"https:\/\/news.canadamotorjobs.com\/fr\/tesla-surprend-avec-des-ventes-a-la-hausse\/"},"wordCount":578,"publisher":{"@id":"https:\/\/news.canadamotorjobs.com\/#organization"},"image":{"@id":"https:\/\/news.canadamotorjobs.com\/fr\/tesla-surprend-avec-des-ventes-a-la-hausse\/#primaryimage"},"thumbnailUrl":"https:\/\/news.canadamotorjobs.com\/wp-content\/uploads\/2024\/10\/tesla_model_y_2_-_Copie.jpeg","articleSection":["Annuel automobile"],"inLanguage":"fr-CA"},{"@type":"WebPage","@id":"https:\/\/news.canadamotorjobs.com\/fr\/tesla-surprend-avec-des-ventes-a-la-hausse\/","url":"https:\/\/news.canadamotorjobs.com\/fr\/tesla-surprend-avec-des-ventes-a-la-hausse\/","name":"Tesla surprend avec des ventes \u00e0 la hausse - CanadaMotorJobs.com","isPartOf":{"@id":"https:\/\/news.canadamotorjobs.com\/#website"},"primaryImageOfPage":{"@id":"https:\/\/news.canadamotorjobs.com\/fr\/tesla-surprend-avec-des-ventes-a-la-hausse\/#primaryimage"},"image":{"@id":"https:\/\/news.canadamotorjobs.com\/fr\/tesla-surprend-avec-des-ventes-a-la-hausse\/#primaryimage"},"thumbnailUrl":"https:\/\/news.canadamotorjobs.com\/wp-content\/uploads\/2024\/10\/tesla_model_y_2_-_Copie.jpeg","datePublished":"2024-10-26T07:24:27+00:00","dateModified":"2024-10-26T07:29:21+00:00","description":"Tesla surprend avec des ventes \u00e0 la hausse - Benoit Charette - Annuel automobile - CanadaMotorJobs.com.","breadcrumb":{"@id":"https:\/\/news.canadamotorjobs.com\/fr\/tesla-surprend-avec-des-ventes-a-la-hausse\/#breadcrumb"},"inLanguage":"fr-CA","potentialAction":[{"@type":"ReadAction","target":["https:\/\/news.canadamotorjobs.com\/fr\/tesla-surprend-avec-des-ventes-a-la-hausse\/"]}]},{"@type":"ImageObject","inLanguage":"fr-CA","@id":"https:\/\/news.canadamotorjobs.com\/fr\/tesla-surprend-avec-des-ventes-a-la-hausse\/#primaryimage","url":"https:\/\/news.canadamotorjobs.com\/wp-content\/uploads\/2024\/10\/tesla_model_y_2_-_Copie.jpeg","contentUrl":"https:\/\/news.canadamotorjobs.com\/wp-content\/uploads\/2024\/10\/tesla_model_y_2_-_Copie.jpeg","width":1200,"height":801},{"@type":"BreadcrumbList","@id":"https:\/\/news.canadamotorjobs.com\/fr\/tesla-surprend-avec-des-ventes-a-la-hausse\/#breadcrumb","itemListElement":[{"@type":"ListItem","position":1,"name":"Home","item":"https:\/\/news.canadamotorjobs.com\/fr\/blog\/"},{"@type":"ListItem","position":2,"name":"Tesla surprend avec des ventes \u00e0 la hausse"}]},{"@type":"WebSite","@id":"https:\/\/news.canadamotorjobs.com\/#website","url":"https:\/\/news.canadamotorjobs.com\/","name":"CanadaMotorJobs.com","description":"Automotive Jobs","publisher":{"@id":"https:\/\/news.canadamotorjobs.com\/#organization"},"potentialAction":[{"@type":"SearchAction","target":{"@type":"EntryPoint","urlTemplate":"https:\/\/news.canadamotorjobs.com\/?s={search_term_string}"},"query-input":"required name=search_term_string"}],"inLanguage":"fr-CA"},{"@type":"Organization","@id":"https:\/\/news.canadamotorjobs.com\/#organization","name":"Canada Motor Jobs","url":"https:\/\/news.canadamotorjobs.com\/","logo":{"@type":"ImageObject","inLanguage":"fr-CA","@id":"https:\/\/news.canadamotorjobs.com\/#\/schema\/logo\/image\/","url":"https:\/\/news.canadamotorjobs.com\/wp-content\/uploads\/2022\/10\/logo-canada-motor-jobs-1.png","contentUrl":"https:\/\/news.canadamotorjobs.com\/wp-content\/uploads\/2022\/10\/logo-canada-motor-jobs-1.png","width":800,"height":400,"caption":"Canada Motor Jobs"},"image":{"@id":"https:\/\/news.canadamotorjobs.com\/#\/schema\/logo\/image\/"},"sameAs":["https:\/\/www.facebook.com\/canadamotorjobs\/","https:\/\/x.com\/canadamotorjobs","https:\/\/www.instagram.com\/canadamotorjobs\/","https:\/\/www.linkedin.com\/company\/canadamotorjobs"]},{"@type":"Person","@id":"https:\/\/news.canadamotorjobs.com\/#\/schema\/person\/51793d1f87d44011d7bcc2ed99269a90","name":"Benoit Charette","image":{"@type":"ImageObject","inLanguage":"fr-CA","@id":"https:\/\/news.canadamotorjobs.com\/#\/schema\/person\/image\/","url":"https:\/\/secure.gravatar.com\/avatar\/45f3d2eebcccd909668d7ce7ea7267b6?s=96&d=mm&r=g","contentUrl":"https:\/\/secure.gravatar.com\/avatar\/45f3d2eebcccd909668d7ce7ea7267b6?s=96&d=mm&r=g","caption":"Benoit Charette"},"description":"Benoit Charette \/ Propri\u00e9taire et r\u00e9dacteur en chef Benoit Charette pratique le journalisme automobile depuis bient\u00f4t 30 ans. Il a fait ses classes au c\u00f4t\u00e9 de Daniel H\u00e9raud et au Carnet de route de 1992 \u00e0 2001. Il est fondateur, copropri\u00e9taire et r\u00e9dacteur en chef de L\u2019Annuel de l\u2019automobile, qu\u2019il publie depuis 2001. Il a anim\u00e9 les \u00e9missions RPM et RPM+ sur V et les L\u00e9gendes de la route sur Historia. \u00c0 la radio depuis 1986, il reprend l\u2019antenne cette ann\u00e9e sur les ondes de Cogeco et participe pour la deuxi\u00e8me ann\u00e9e \u00e0 l\u2019\u00e9mission Passion Auto sur RDS en plus de mettre en ligne le site Web officiel de L\u2019Annuel de l\u2019automobile sur annuelauto.ca.","sameAs":["https:\/\/annuelauto.ca\/"],"url":"https:\/\/news.canadamotorjobs.com\/fr\/author\/benoit-charette\/"}]}},"_links":{"self":[{"href":"https:\/\/news.canadamotorjobs.com\/fr\/wp-json\/wp\/v2\/posts\/178979"}],"collection":[{"href":"https:\/\/news.canadamotorjobs.com\/fr\/wp-json\/wp\/v2\/posts"}],"about":[{"href":"https:\/\/news.canadamotorjobs.com\/fr\/wp-json\/wp\/v2\/types\/post"}],"author":[{"embeddable":true,"href":"https:\/\/news.canadamotorjobs.com\/fr\/wp-json\/wp\/v2\/users\/8"}],"replies":[{"embeddable":true,"href":"https:\/\/news.canadamotorjobs.com\/fr\/wp-json\/wp\/v2\/comments?post=178979"}],"version-history":[{"count":3,"href":"https:\/\/news.canadamotorjobs.com\/fr\/wp-json\/wp\/v2\/posts\/178979\/revisions"}],"predecessor-version":[{"id":179010,"href":"https:\/\/news.canadamotorjobs.com\/fr\/wp-json\/wp\/v2\/posts\/178979\/revisions\/179010"}],"wp:featuredmedia":[{"embeddable":true,"href":"https:\/\/news.canadamotorjobs.com\/fr\/wp-json\/wp\/v2\/media\/178981"}],"wp:attachment":[{"href":"https:\/\/news.canadamotorjobs.com\/fr\/wp-json\/wp\/v2\/media?parent=178979"}],"wp:term":[{"taxonomy":"category","embeddable":true,"href":"https:\/\/news.canadamotorjobs.com\/fr\/wp-json\/wp\/v2\/categories?post=178979"},{"taxonomy":"post_tag","embeddable":true,"href":"https:\/\/news.canadamotorjobs.com\/fr\/wp-json\/wp\/v2\/tags?post=178979"}],"curies":[{"name":"wp","href":"https:\/\/api.w.org\/{rel}","templated":true}]}}