{"id":178947,"date":"2024-10-26T03:24:27","date_gmt":"2024-10-26T07:24:27","guid":{"rendered":"https:\/\/news.canadamotorjobs.com\/?p=178947"},"modified":"2024-10-26T03:29:07","modified_gmt":"2024-10-26T07:29:07","slug":"le-president-de-ford-conduit-une-voiture-electrique-chinoise-et-il-ladore","status":"publish","type":"post","link":"https:\/\/news.canadamotorjobs.com\/fr\/le-president-de-ford-conduit-une-voiture-electrique-chinoise-et-il-ladore\/","title":{"rendered":"Le pr\u00e9sident de Ford conduit une voiture \u00e9lectrique chinoise et il l\u2019adore"},"content":{"rendered":"<\/p>\n<p><strong>\u2022\u00a0\u00a0\u00a0 Le pr\u00e9sident de Ford, Jim Farley conduit une voiture \u00e9lectrique chinoise depuis des mois, et il l\u2019adore.<\/strong><\/p>\n<p>Cette nouvelle contient son lot d\u2019ironie, mais elle d\u00e9montre une chose \u00e0 propos des v\u00e9hicules \u00e9lectriques chinois ; ils sont plus avanc\u00e9s que la majorit\u00e9 des gens peuvent l\u2019imaginer.<\/p>\n<p>C\u2019est du moins l\u2019opinion du grand patron de Ford, Jim Farley. Le chef de la direction du constructeur de Dearborn a admis r\u00e9cemment qu\u2019il conduisait depuis des mois une Xiaomi SU7 fabriqu\u00e9e en Chine et qu\u2019il ne voulait pas cesser de le faire.<\/p>\n<p>\u00ab Ces deux derni\u00e8res ann\u00e9es, j\u2019ai fait deux voyages en Chine qui ont \u00e9t\u00e9 de v\u00e9ritables r\u00e9v\u00e9lations. Le dernier concernait le produit Xiaomi. En Occident, nos compagnies de t\u00e9l\u00e9phonie mobile n\u2019ont pas de divisions automobiles. Mais en Chine, Huawei et Xiaomi, les deux plus grandes entreprises de t\u00e9l\u00e9phonie mobile, sont pr\u00e9sentes dans chaque v\u00e9hicule fabriqu\u00e9 \u00bb, a-t-il d\u00e9clar\u00e9 lors d\u2019une entrevue publi\u00e9e lundi sur la cha\u00eene YouTube Everything Electric Show, une baladodiffusion consacr\u00e9e aux v\u00e9hicules \u00e9lectriques.<\/p>\n<p>Xiaomi, l\u2019un des plus grands fabricants chinois de t\u00e9l\u00e9phones intelligents et de scooters \u00e9lectriques, a d\u00e9voil\u00e9 sa premi\u00e8re voiture, la SU7, \u00e0 la fin de l\u2019ann\u00e9e 2023. Elle a fait l\u2019objet d\u2019une tr\u00e8s forte demande, la totalit\u00e9 de la production de 2024 ayant \u00e9t\u00e9 vendue en 24 heures. Actuellement, les gens doivent attendre six mois avant de mettre la main sur un mod\u00e8le.<\/p>\n<p>\u00ab Xiaomi est un g\u00e9ant de l\u2019industrie et une marque grand public bien plus puissante que la plupart des constructeurs. Je n\u2019aime pas trop parler de la concurrence, mais je conduis une Xiaomi. Nous en avons command\u00e9 une qui a fait le trajet de Shanghai \u00e0 Chicago et je la conduis depuis six mois maintenant, et je ne veux pas m\u2019en d\u00e9partir \u00bb, a ajout\u00e9 Farley<\/p>\n<p><\/p>\n<figure><img decoding=\"async\" src=\"https:\/\/news.canadamotorjobs.com\/wp-content\/uploads\/2024\/10\/jim-farley-fully-charged-podcast-001-5.jpg\" alt=\"Jim Farley, lors de l&#039;\u00e9mission Everything Electric Show\" \/><figcaption>Jim Farley, lors de l&#8217;\u00e9mission Everything Electric Show | Auto123.com<\/figcaption><\/figure>\n<p>Pour clarifier ses propos, Jim Farley y est all\u00e9 d\u2019une d\u00e9claration sur la plateforme X, expliquant pourquoi il a louang\u00e9 Xiaomi.<\/p>\n<p>\u00ab J\u2019essaie de conduire tous les v\u00e9hicules contre lesquels nous sommes en concurrence. C\u2019est ce que j\u2019ai fait tout au long de ma carri\u00e8re. Les fiches techniques nous en disent beaucoup, mais partiellement. Il faut s\u2019installer derri\u00e8re le volant pour vraiment comprendre la concurrence si on veut la devancer. \u00bb<\/p>\n<p>Les propos de Jim Farley ajoutent du poids aux analyses d\u2019experts qui affirment que les fabricants chinois ont des ann\u00e9es d\u2019avance sur leurs rivaux am\u00e9ricains et europ\u00e9ens lorsqu\u2019il est question de la technologie des batteries, l\u2019int\u00e9gration des logiciels, la recharge et l\u2019autonomie avec les v\u00e9hicules \u00e9lectriques.<\/p>\n<p>Voil\u00e0 assur\u00e9ment une des raisons pour laquelle des tarifs ont \u00e9t\u00e9 lev\u00e9s en Am\u00e9rique du Nord et en Europe sur les v\u00e9hicules \u00e9lectriques chinois. Car, au-del\u00e0 de leurs prix plus all\u00e9chants en raison des subventions gouvernementales accord\u00e9es par les autorit\u00e9s l\u00e0-bas, on craint assur\u00e9ment que leur technologie, qui pourrait davantage s\u00e9duire les acheteurs, vienne nuire aux constructeurs occidentaux.<\/p>\n<p>Reste \u00e0 voir si Ford pourra apprendre quelque chose de l\u2019exp\u00e9rience de Jim Farley afin d\u2019appliquer cela \u00e0 l\u2019\u00e9volution de ses v\u00e9hicules \u00e9lectriques.<\/p>\n<p><\/p>\n<figure><img decoding=\"async\" src=\"https:\/\/news.canadamotorjobs.com\/wp-content\/uploads\/2024\/10\/xiaomi_su7_002-1.jpeg\" alt=\"La Xiaomi SU7, avant\" \/><figcaption>La Xiaomi SU7, avant | Auto123.com<\/figcaption><\/figure>\n<p style=\"padding-top: 15px\">Contenu original de <a href=\"https:\/\/www.auto123.com\/fr\/actualites\/jim-farley-xiaomim-su7-chinois\/71983\/\">auto123<\/a>.<\/p>\n<p>Le texte <a rel=\"nofollow\" href=\"https:\/\/annuelauto.ca\/le-president-de-ford-conduit-une-voiture-electrique-chinoise-et-il-ladore\/\">Le pr\u00e9sident de Ford conduit une voiture \u00e9lectrique chinoise et il l\u2019adore<\/a> provient de <a rel=\"nofollow\" href=\"https:\/\/annuelauto.ca\">L&#8217;annuel de l&#8217;automobile &#8211; Actualit\u00e9 automobile<\/a><\/p>\n<p><\/p>\n","protected":false},"excerpt":{"rendered":"<p>\u2022\u00a0\u00a0\u00a0 Le pr\u00e9sident de Ford, Jim Farley conduit une voiture \u00e9lectrique chinoise depuis des mois, et il l\u2019adore. Cette nouvelle contient son lot d\u2019ironie, mais elle d\u00e9montre une chose \u00e0 propos des v\u00e9hicules \u00e9lectriques chinois ; ils sont plus avanc\u00e9s que la majorit\u00e9 des gens peuvent l\u2019imaginer. C\u2019est du moins l\u2019opinion du grand patron de [&hellip;]<\/p>\n","protected":false},"author":8,"featured_media":178949,"comment_status":"close","ping_status":"closed","sticky":false,"template":"","format":"standard","meta":{"_monsterinsights_skip_tracking":false,"_monsterinsights_sitenote_active":false,"_monsterinsights_sitenote_note":"","_monsterinsights_sitenote_category":0,"footnotes":""},"categories":[101],"tags":[],"yoast_head":"<!-- This site is optimized with the Yoast SEO plugin v23.2 - https:\/\/yoast.com\/wordpress\/plugins\/seo\/ -->\n<title>Le pr\u00e9sident de Ford conduit une voiture \u00e9lectrique chinoise et il l\u2019adore - CanadaMotorJobs.com<\/title>\n<meta name=\"description\" content=\"Le pr\u00e9sident de Ford conduit une voiture \u00e9lectrique chinoise et il l\u2019adore - Benoit Charette - Annuel automobile - CanadaMotorJobs.com.\" \/>\n<meta name=\"robots\" content=\"index, follow, max-snippet:-1, max-image-preview:large, max-video-preview:-1\" \/>\n<meta property=\"og:locale\" content=\"fr_CA\" \/>\n<meta property=\"og:type\" content=\"article\" \/>\n<meta property=\"og:title\" content=\"Le pr\u00e9sident de Ford conduit une voiture \u00e9lectrique chinoise et il l\u2019adore - CanadaMotorJobs.com\" \/>\n<meta property=\"og:description\" content=\"Le pr\u00e9sident de Ford conduit une voiture \u00e9lectrique chinoise et il l\u2019adore - Benoit Charette - Annuel automobile - CanadaMotorJobs.com.\" \/>\n<meta property=\"og:url\" content=\"https:\/\/news.canadamotorjobs.com\/fr\/le-president-de-ford-conduit-une-voiture-electrique-chinoise-et-il-ladore\/\" \/>\n<meta property=\"og:site_name\" content=\"CanadaMotorJobs.com\" \/>\n<meta property=\"article:publisher\" content=\"https:\/\/www.facebook.com\/canadamotorjobs\/\" \/>\n<meta property=\"article:published_time\" content=\"2024-10-26T07:24:27+00:00\" \/>\n<meta property=\"article:modified_time\" content=\"2024-10-26T07:29:07+00:00\" \/>\n<meta property=\"og:image\" content=\"https:\/\/news.canadamotorjobs.com\/wp-content\/uploads\/2024\/10\/jim-farley-fully-charged-podcast-001.jpg\" \/>\n\t<meta property=\"og:image:width\" content=\"1200\" \/>\n\t<meta property=\"og:image:height\" content=\"628\" \/>\n\t<meta property=\"og:image:type\" content=\"image\/jpeg\" \/>\n<meta name=\"author\" content=\"Benoit Charette\" \/>\n<meta name=\"twitter:card\" content=\"summary_large_image\" \/>\n<meta name=\"twitter:creator\" content=\"@canadamotorjobs\" \/>\n<meta name=\"twitter:site\" content=\"@canadamotorjobs\" \/>\n<meta name=\"twitter:label1\" content=\"\u00c9crit par\" \/>\n\t<meta name=\"twitter:data1\" content=\"Benoit Charette\" \/>\n\t<meta name=\"twitter:label2\" content=\"Estimation du temps de lecture\" \/>\n\t<meta name=\"twitter:data2\" content=\"3 minutes\" \/>\n<!-- \/ Yoast SEO plugin. -->","yoast_head_json":{"title":"Le pr\u00e9sident de Ford conduit une voiture \u00e9lectrique chinoise et il l\u2019adore - CanadaMotorJobs.com","description":"Le pr\u00e9sident de Ford conduit une voiture \u00e9lectrique chinoise et il l\u2019adore - Benoit Charette - Annuel automobile - CanadaMotorJobs.com.","robots":{"index":"index","follow":"follow","max-snippet":"max-snippet:-1","max-image-preview":"max-image-preview:large","max-video-preview":"max-video-preview:-1"},"og_locale":"fr_CA","og_type":"article","og_title":"Le pr\u00e9sident de Ford conduit une voiture \u00e9lectrique chinoise et il l\u2019adore - CanadaMotorJobs.com","og_description":"Le pr\u00e9sident de Ford conduit une voiture \u00e9lectrique chinoise et il l\u2019adore - Benoit Charette - Annuel automobile - CanadaMotorJobs.com.","og_url":"https:\/\/news.canadamotorjobs.com\/fr\/le-president-de-ford-conduit-une-voiture-electrique-chinoise-et-il-ladore\/","og_site_name":"CanadaMotorJobs.com","article_publisher":"https:\/\/www.facebook.com\/canadamotorjobs\/","article_published_time":"2024-10-26T07:24:27+00:00","article_modified_time":"2024-10-26T07:29:07+00:00","og_image":[{"width":1200,"height":628,"url":"https:\/\/news.canadamotorjobs.com\/wp-content\/uploads\/2024\/10\/jim-farley-fully-charged-podcast-001.jpg","type":"image\/jpeg"}],"author":"Benoit Charette","twitter_card":"summary_large_image","twitter_creator":"@canadamotorjobs","twitter_site":"@canadamotorjobs","twitter_misc":{"\u00c9crit par":"Benoit Charette","Estimation du temps de lecture":"3 minutes"},"schema":{"@context":"https:\/\/schema.org","@graph":[{"@type":"Article","@id":"https:\/\/news.canadamotorjobs.com\/fr\/le-president-de-ford-conduit-une-voiture-electrique-chinoise-et-il-ladore\/#article","isPartOf":{"@id":"https:\/\/news.canadamotorjobs.com\/fr\/le-president-de-ford-conduit-une-voiture-electrique-chinoise-et-il-ladore\/"},"author":{"name":"Benoit Charette","@id":"https:\/\/news.canadamotorjobs.com\/#\/schema\/person\/51793d1f87d44011d7bcc2ed99269a90"},"headline":"Le pr\u00e9sident de Ford conduit une voiture \u00e9lectrique chinoise et il l\u2019adore","datePublished":"2024-10-26T07:24:27+00:00","dateModified":"2024-10-26T07:29:07+00:00","mainEntityOfPage":{"@id":"https:\/\/news.canadamotorjobs.com\/fr\/le-president-de-ford-conduit-une-voiture-electrique-chinoise-et-il-ladore\/"},"wordCount":620,"publisher":{"@id":"https:\/\/news.canadamotorjobs.com\/#organization"},"image":{"@id":"https:\/\/news.canadamotorjobs.com\/fr\/le-president-de-ford-conduit-une-voiture-electrique-chinoise-et-il-ladore\/#primaryimage"},"thumbnailUrl":"https:\/\/news.canadamotorjobs.com\/wp-content\/uploads\/2024\/10\/jim-farley-fully-charged-podcast-001.jpg","articleSection":["Annuel automobile"],"inLanguage":"fr-CA"},{"@type":"WebPage","@id":"https:\/\/news.canadamotorjobs.com\/fr\/le-president-de-ford-conduit-une-voiture-electrique-chinoise-et-il-ladore\/","url":"https:\/\/news.canadamotorjobs.com\/fr\/le-president-de-ford-conduit-une-voiture-electrique-chinoise-et-il-ladore\/","name":"Le pr\u00e9sident de Ford conduit une voiture \u00e9lectrique chinoise et il l\u2019adore - CanadaMotorJobs.com","isPartOf":{"@id":"https:\/\/news.canadamotorjobs.com\/#website"},"primaryImageOfPage":{"@id":"https:\/\/news.canadamotorjobs.com\/fr\/le-president-de-ford-conduit-une-voiture-electrique-chinoise-et-il-ladore\/#primaryimage"},"image":{"@id":"https:\/\/news.canadamotorjobs.com\/fr\/le-president-de-ford-conduit-une-voiture-electrique-chinoise-et-il-ladore\/#primaryimage"},"thumbnailUrl":"https:\/\/news.canadamotorjobs.com\/wp-content\/uploads\/2024\/10\/jim-farley-fully-charged-podcast-001.jpg","datePublished":"2024-10-26T07:24:27+00:00","dateModified":"2024-10-26T07:29:07+00:00","description":"Le pr\u00e9sident de Ford conduit une voiture \u00e9lectrique chinoise et il l\u2019adore - Benoit Charette - Annuel automobile - CanadaMotorJobs.com.","breadcrumb":{"@id":"https:\/\/news.canadamotorjobs.com\/fr\/le-president-de-ford-conduit-une-voiture-electrique-chinoise-et-il-ladore\/#breadcrumb"},"inLanguage":"fr-CA","potentialAction":[{"@type":"ReadAction","target":["https:\/\/news.canadamotorjobs.com\/fr\/le-president-de-ford-conduit-une-voiture-electrique-chinoise-et-il-ladore\/"]}]},{"@type":"ImageObject","inLanguage":"fr-CA","@id":"https:\/\/news.canadamotorjobs.com\/fr\/le-president-de-ford-conduit-une-voiture-electrique-chinoise-et-il-ladore\/#primaryimage","url":"https:\/\/news.canadamotorjobs.com\/wp-content\/uploads\/2024\/10\/jim-farley-fully-charged-podcast-001.jpg","contentUrl":"https:\/\/news.canadamotorjobs.com\/wp-content\/uploads\/2024\/10\/jim-farley-fully-charged-podcast-001.jpg","width":1200,"height":628},{"@type":"BreadcrumbList","@id":"https:\/\/news.canadamotorjobs.com\/fr\/le-president-de-ford-conduit-une-voiture-electrique-chinoise-et-il-ladore\/#breadcrumb","itemListElement":[{"@type":"ListItem","position":1,"name":"Home","item":"https:\/\/news.canadamotorjobs.com\/fr\/blog\/"},{"@type":"ListItem","position":2,"name":"Le pr\u00e9sident de Ford conduit une voiture \u00e9lectrique chinoise et il l\u2019adore"}]},{"@type":"WebSite","@id":"https:\/\/news.canadamotorjobs.com\/#website","url":"https:\/\/news.canadamotorjobs.com\/","name":"CanadaMotorJobs.com","description":"Automotive Jobs","publisher":{"@id":"https:\/\/news.canadamotorjobs.com\/#organization"},"potentialAction":[{"@type":"SearchAction","target":{"@type":"EntryPoint","urlTemplate":"https:\/\/news.canadamotorjobs.com\/?s={search_term_string}"},"query-input":"required name=search_term_string"}],"inLanguage":"fr-CA"},{"@type":"Organization","@id":"https:\/\/news.canadamotorjobs.com\/#organization","name":"Canada Motor Jobs","url":"https:\/\/news.canadamotorjobs.com\/","logo":{"@type":"ImageObject","inLanguage":"fr-CA","@id":"https:\/\/news.canadamotorjobs.com\/#\/schema\/logo\/image\/","url":"https:\/\/news.canadamotorjobs.com\/wp-content\/uploads\/2022\/10\/logo-canada-motor-jobs-1.png","contentUrl":"https:\/\/news.canadamotorjobs.com\/wp-content\/uploads\/2022\/10\/logo-canada-motor-jobs-1.png","width":800,"height":400,"caption":"Canada Motor Jobs"},"image":{"@id":"https:\/\/news.canadamotorjobs.com\/#\/schema\/logo\/image\/"},"sameAs":["https:\/\/www.facebook.com\/canadamotorjobs\/","https:\/\/x.com\/canadamotorjobs","https:\/\/www.instagram.com\/canadamotorjobs\/","https:\/\/www.linkedin.com\/company\/canadamotorjobs"]},{"@type":"Person","@id":"https:\/\/news.canadamotorjobs.com\/#\/schema\/person\/51793d1f87d44011d7bcc2ed99269a90","name":"Benoit Charette","image":{"@type":"ImageObject","inLanguage":"fr-CA","@id":"https:\/\/news.canadamotorjobs.com\/#\/schema\/person\/image\/","url":"https:\/\/secure.gravatar.com\/avatar\/45f3d2eebcccd909668d7ce7ea7267b6?s=96&d=mm&r=g","contentUrl":"https:\/\/secure.gravatar.com\/avatar\/45f3d2eebcccd909668d7ce7ea7267b6?s=96&d=mm&r=g","caption":"Benoit Charette"},"description":"Benoit Charette \/ Propri\u00e9taire et r\u00e9dacteur en chef Benoit Charette pratique le journalisme automobile depuis bient\u00f4t 30 ans. Il a fait ses classes au c\u00f4t\u00e9 de Daniel H\u00e9raud et au Carnet de route de 1992 \u00e0 2001. Il est fondateur, copropri\u00e9taire et r\u00e9dacteur en chef de L\u2019Annuel de l\u2019automobile, qu\u2019il publie depuis 2001. Il a anim\u00e9 les \u00e9missions RPM et RPM+ sur V et les L\u00e9gendes de la route sur Historia. \u00c0 la radio depuis 1986, il reprend l\u2019antenne cette ann\u00e9e sur les ondes de Cogeco et participe pour la deuxi\u00e8me ann\u00e9e \u00e0 l\u2019\u00e9mission Passion Auto sur RDS en plus de mettre en ligne le site Web officiel de L\u2019Annuel de l\u2019automobile sur annuelauto.ca.","sameAs":["https:\/\/annuelauto.ca\/"],"url":"https:\/\/news.canadamotorjobs.com\/fr\/author\/benoit-charette\/"}]}},"_links":{"self":[{"href":"https:\/\/news.canadamotorjobs.com\/fr\/wp-json\/wp\/v2\/posts\/178947"}],"collection":[{"href":"https:\/\/news.canadamotorjobs.com\/fr\/wp-json\/wp\/v2\/posts"}],"about":[{"href":"https:\/\/news.canadamotorjobs.com\/fr\/wp-json\/wp\/v2\/types\/post"}],"author":[{"embeddable":true,"href":"https:\/\/news.canadamotorjobs.com\/fr\/wp-json\/wp\/v2\/users\/8"}],"replies":[{"embeddable":true,"href":"https:\/\/news.canadamotorjobs.com\/fr\/wp-json\/wp\/v2\/comments?post=178947"}],"version-history":[{"count":3,"href":"https:\/\/news.canadamotorjobs.com\/fr\/wp-json\/wp\/v2\/posts\/178947\/revisions"}],"predecessor-version":[{"id":178978,"href":"https:\/\/news.canadamotorjobs.com\/fr\/wp-json\/wp\/v2\/posts\/178947\/revisions\/178978"}],"wp:featuredmedia":[{"embeddable":true,"href":"https:\/\/news.canadamotorjobs.com\/fr\/wp-json\/wp\/v2\/media\/178949"}],"wp:attachment":[{"href":"https:\/\/news.canadamotorjobs.com\/fr\/wp-json\/wp\/v2\/media?parent=178947"}],"wp:term":[{"taxonomy":"category","embeddable":true,"href":"https:\/\/news.canadamotorjobs.com\/fr\/wp-json\/wp\/v2\/categories?post=178947"},{"taxonomy":"post_tag","embeddable":true,"href":"https:\/\/news.canadamotorjobs.com\/fr\/wp-json\/wp\/v2\/tags?post=178947"}],"curies":[{"name":"wp","href":"https:\/\/api.w.org\/{rel}","templated":true}]}}