{"id":178916,"date":"2024-10-25T07:24:48","date_gmt":"2024-10-25T11:24:48","guid":{"rendered":"https:\/\/news.canadamotorjobs.com\/?p=178916"},"modified":"2024-10-25T07:29:46","modified_gmt":"2024-10-25T11:29:46","slug":"vers-une-penurie-de-vehicules-doccasions","status":"publish","type":"post","link":"https:\/\/news.canadamotorjobs.com\/fr\/vers-une-penurie-de-vehicules-doccasions\/","title":{"rendered":"Vers une p\u00e9nurie de v\u00e9hicules d\u2019occasions"},"content":{"rendered":"<\/p>\n<p>D\u00e9j\u00e0 marqu\u00e9 par une faible disponibilit\u00e9, le march\u00e9 des voitures d&#8217;occasion au Canada subit un autre coup dur : de moins en moins de v\u00e9hicules en fin de location reviennent chez les concessionnaires, contribuant \u00e0 maintenir les prix \u00e9lev\u00e9s. Selon les donn\u00e9es d\u2019Autotrader.ca, le prix moyen d\u2019une voiture d\u2019occasion au Canada a atteint 35 754 $ le mois dernier, comparativement \u00e0 environ 18 900 $ en d\u00e9cembre 2019.<\/p>\n<h3><strong>La pand\u00e9mie et la cha\u00eene d&#8217;approvisionnement<\/strong><\/h3>\n<p>\nDurant les ann\u00e9es de pand\u00e9mie, les probl\u00e8mes d&#8217;approvisionnement ont affect\u00e9 le secteur de l&#8217;automobile, ce qui a frein\u00e9 la vente de nouveaux v\u00e9hicules. Avant la pand\u00e9mie, les ventes au Canada atteignaient en moyenne deux millions de voitures par an. Cependant, entre 2020 et 2023, ce chiffre est tomb\u00e9 entre 1,5 et 1,6 million de v\u00e9hicules, explique Daniel Ross, directeur principal des analyses de l\u2019industrie automobile chez Canadian Black Book. Cela signifie qu&#8217;environ un million de v\u00e9hicules n&#8217;ont pas \u00e9t\u00e9 vendus, tandis que la population canadienne a continu\u00e9 de cro\u00eetre.<\/p>\n<p>Un v\u00e9hicule neuf revient g\u00e9n\u00e9ralement sur le march\u00e9 en tant que voiture d\u2019occasion apr\u00e8s environ quatre ans, mais beaucoup de ces v\u00e9hicules ne sont pas disponibles aujourd&#8217;hui en raison des faibles ventes de 2020 \u00e0 2023. En outre, de nombreux conducteurs ont choisi d&#8217;acheter leur voiture \u00e0 la fin de leur contrat de location pendant la pand\u00e9mie, face \u00e0 la difficult\u00e9 de trouver un remplacement neuf abordable.<\/p>\n<h3><strong>Une pression qui pourrait durer jusqu&#8217;en 2028<\/strong><\/h3>\n<p>\nRoss estime que la pression sur le march\u00e9 des voitures d&#8217;occasion pourrait persister jusqu&#8217;en 2028. Cependant, malgr\u00e9 les difficult\u00e9s d&#8217;approvisionnement, certains experts, comme Baris Akyurek, vice-pr\u00e9sident des informations et de l&#8217;intelligence chez Autotrader.ca, notent que les prix commencent \u00e0 l\u00e9g\u00e8rement baisser. Selon lui, les prix des voitures d&#8217;occasion ont chut\u00e9 de 8,7 % en septembre comparativement \u00e0 l&#8217;ann\u00e9e derni\u00e8re, bien que les prix pr\u00e9-pand\u00e9miques ne reviendront probablement pas.<\/p>\n<h3><strong>Taux d&#8217;int\u00e9r\u00eat \u00e9lev\u00e9s, mais possibilit\u00e9 d&#8217;achat<\/strong><\/h3>\n<p>\nAvec un paiement mensuel moyen de 973 $ pour une voiture neuve en 2023 (contre 637 $ en 2019), les voitures d&#8217;occasion demeurent une option attrayante pour les consommateurs en raison de l&#8217;inflation \u00e9lev\u00e9e et des taux d&#8217;int\u00e9r\u00eat encore importants. Le prix moyen d&#8217;une voiture neuve est aujourd&#8217;hui autour de 66 000 $, contre environ 40 000 $ en 2019. Le 25 octobre, la Banque du Canada a annonc\u00e9 une baisse de son taux directeur de 0,5 %, ce qui pourrait rendre le financement de v\u00e9hicules l\u00e9g\u00e8rement plus abordable. Ross souligne que les taux d\u2019int\u00e9r\u00eat pour le financement de voitures usag\u00e9es atteignent actuellement entre 8 % et 10 %, contre environ 5 % pour certains v\u00e9hicules neufs. Selon Shari Prymak, directeur ex\u00e9cutif de l\u2019organisme \u00e0 but non lucratif Car Help Canada, il est crucial pour les consommateurs de calculer la rentabilit\u00e9 d&#8217;une voiture usag\u00e9e. Id\u00e9alement, une voiture l\u00e9g\u00e8rement usag\u00e9e (de deux ou trois ans) devrait co\u00fbter de 20 % \u00e0 30 % de moins que son \u00e9quivalent neuf.<\/p>\n<h3>Conclusion<\/h3>\n<p>\nPour les Canadiens, il est crucial de surveiller les tendances actuelles et futures du march\u00e9 avant de se lancer dans l&#8217;achat d&#8217;une voiture d&#8217;occasion, surtout en contexte d&#8217;inventaire limit\u00e9 et de taux d&#8217;int\u00e9r\u00eat fluctuants.<\/p>\n<p>Avec des renseignements de la Presse Canadienne<\/p>\n<p>Le texte <a rel=\"nofollow\" href=\"https:\/\/annuelauto.ca\/vers-une-penurie-de-vehicules-doccasions\/\">Vers une p\u00e9nurie de v\u00e9hicules d\u2019occasions<\/a> provient de <a rel=\"nofollow\" href=\"https:\/\/annuelauto.ca\">L&#8217;annuel de l&#8217;automobile &#8211; Actualit\u00e9 automobile<\/a><\/p>\n<p><\/p>\n","protected":false},"excerpt":{"rendered":"<p>D\u00e9j\u00e0 marqu\u00e9 par une faible disponibilit\u00e9, le march\u00e9 des voitures d&#8217;occasion au Canada subit un autre coup dur : de moins en moins de v\u00e9hicules en fin de location reviennent chez les concessionnaires, contribuant \u00e0 maintenir les prix \u00e9lev\u00e9s. Selon les donn\u00e9es d\u2019Autotrader.ca, le prix moyen d\u2019une voiture d\u2019occasion au Canada a atteint 35 754 [&hellip;]<\/p>\n","protected":false},"author":8,"featured_media":178918,"comment_status":"close","ping_status":"closed","sticky":false,"template":"","format":"standard","meta":{"_monsterinsights_skip_tracking":false,"_monsterinsights_sitenote_active":false,"_monsterinsights_sitenote_note":"","_monsterinsights_sitenote_category":0,"footnotes":""},"categories":[101],"tags":[],"yoast_head":"<!-- This site is optimized with the Yoast SEO plugin v23.2 - https:\/\/yoast.com\/wordpress\/plugins\/seo\/ -->\n<title>Vers une p\u00e9nurie de v\u00e9hicules d\u2019occasions - CanadaMotorJobs.com<\/title>\n<meta name=\"description\" content=\"Vers une p\u00e9nurie de v\u00e9hicules d\u2019occasions - Benoit Charette - Annuel automobile - CanadaMotorJobs.com.\" \/>\n<meta name=\"robots\" content=\"index, follow, max-snippet:-1, max-image-preview:large, max-video-preview:-1\" \/>\n<meta property=\"og:locale\" content=\"fr_CA\" \/>\n<meta property=\"og:type\" content=\"article\" \/>\n<meta property=\"og:title\" content=\"Vers une p\u00e9nurie de v\u00e9hicules d\u2019occasions - CanadaMotorJobs.com\" \/>\n<meta property=\"og:description\" content=\"Vers une p\u00e9nurie de v\u00e9hicules d\u2019occasions - Benoit Charette - Annuel automobile - CanadaMotorJobs.com.\" \/>\n<meta property=\"og:url\" content=\"https:\/\/news.canadamotorjobs.com\/fr\/vers-une-penurie-de-vehicules-doccasions\/\" \/>\n<meta property=\"og:site_name\" content=\"CanadaMotorJobs.com\" \/>\n<meta property=\"article:publisher\" content=\"https:\/\/www.facebook.com\/canadamotorjobs\/\" \/>\n<meta property=\"article:published_time\" content=\"2024-10-25T11:24:48+00:00\" \/>\n<meta property=\"article:modified_time\" content=\"2024-10-25T11:29:46+00:00\" \/>\n<meta property=\"og:image\" content=\"https:\/\/news.canadamotorjobs.com\/wp-content\/uploads\/2024\/10\/Used-Car-Market-Trends-scaled-1.jpg\" \/>\n\t<meta property=\"og:image:width\" content=\"2560\" \/>\n\t<meta property=\"og:image:height\" content=\"1424\" \/>\n\t<meta property=\"og:image:type\" content=\"image\/jpeg\" \/>\n<meta name=\"author\" content=\"Benoit Charette\" \/>\n<meta name=\"twitter:card\" content=\"summary_large_image\" \/>\n<meta name=\"twitter:creator\" content=\"@canadamotorjobs\" \/>\n<meta name=\"twitter:site\" content=\"@canadamotorjobs\" \/>\n<meta name=\"twitter:label1\" content=\"\u00c9crit par\" \/>\n\t<meta name=\"twitter:data1\" content=\"Benoit Charette\" \/>\n\t<meta name=\"twitter:label2\" content=\"Estimation du temps de lecture\" \/>\n\t<meta name=\"twitter:data2\" content=\"3 minutes\" \/>\n<!-- \/ Yoast SEO plugin. -->","yoast_head_json":{"title":"Vers une p\u00e9nurie de v\u00e9hicules d\u2019occasions - CanadaMotorJobs.com","description":"Vers une p\u00e9nurie de v\u00e9hicules d\u2019occasions - Benoit Charette - Annuel automobile - CanadaMotorJobs.com.","robots":{"index":"index","follow":"follow","max-snippet":"max-snippet:-1","max-image-preview":"max-image-preview:large","max-video-preview":"max-video-preview:-1"},"og_locale":"fr_CA","og_type":"article","og_title":"Vers une p\u00e9nurie de v\u00e9hicules d\u2019occasions - CanadaMotorJobs.com","og_description":"Vers une p\u00e9nurie de v\u00e9hicules d\u2019occasions - Benoit Charette - Annuel automobile - CanadaMotorJobs.com.","og_url":"https:\/\/news.canadamotorjobs.com\/fr\/vers-une-penurie-de-vehicules-doccasions\/","og_site_name":"CanadaMotorJobs.com","article_publisher":"https:\/\/www.facebook.com\/canadamotorjobs\/","article_published_time":"2024-10-25T11:24:48+00:00","article_modified_time":"2024-10-25T11:29:46+00:00","og_image":[{"width":2560,"height":1424,"url":"https:\/\/news.canadamotorjobs.com\/wp-content\/uploads\/2024\/10\/Used-Car-Market-Trends-scaled-1.jpg","type":"image\/jpeg"}],"author":"Benoit Charette","twitter_card":"summary_large_image","twitter_creator":"@canadamotorjobs","twitter_site":"@canadamotorjobs","twitter_misc":{"\u00c9crit par":"Benoit Charette","Estimation du temps de lecture":"3 minutes"},"schema":{"@context":"https:\/\/schema.org","@graph":[{"@type":"Article","@id":"https:\/\/news.canadamotorjobs.com\/fr\/vers-une-penurie-de-vehicules-doccasions\/#article","isPartOf":{"@id":"https:\/\/news.canadamotorjobs.com\/fr\/vers-une-penurie-de-vehicules-doccasions\/"},"author":{"name":"Benoit Charette","@id":"https:\/\/news.canadamotorjobs.com\/#\/schema\/person\/51793d1f87d44011d7bcc2ed99269a90"},"headline":"Vers une p\u00e9nurie de v\u00e9hicules d\u2019occasions","datePublished":"2024-10-25T11:24:48+00:00","dateModified":"2024-10-25T11:29:46+00:00","mainEntityOfPage":{"@id":"https:\/\/news.canadamotorjobs.com\/fr\/vers-une-penurie-de-vehicules-doccasions\/"},"wordCount":585,"publisher":{"@id":"https:\/\/news.canadamotorjobs.com\/#organization"},"image":{"@id":"https:\/\/news.canadamotorjobs.com\/fr\/vers-une-penurie-de-vehicules-doccasions\/#primaryimage"},"thumbnailUrl":"https:\/\/news.canadamotorjobs.com\/wp-content\/uploads\/2024\/10\/Used-Car-Market-Trends-scaled-1.jpg","articleSection":["Annuel automobile"],"inLanguage":"fr-CA"},{"@type":"WebPage","@id":"https:\/\/news.canadamotorjobs.com\/fr\/vers-une-penurie-de-vehicules-doccasions\/","url":"https:\/\/news.canadamotorjobs.com\/fr\/vers-une-penurie-de-vehicules-doccasions\/","name":"Vers une p\u00e9nurie de v\u00e9hicules d\u2019occasions - CanadaMotorJobs.com","isPartOf":{"@id":"https:\/\/news.canadamotorjobs.com\/#website"},"primaryImageOfPage":{"@id":"https:\/\/news.canadamotorjobs.com\/fr\/vers-une-penurie-de-vehicules-doccasions\/#primaryimage"},"image":{"@id":"https:\/\/news.canadamotorjobs.com\/fr\/vers-une-penurie-de-vehicules-doccasions\/#primaryimage"},"thumbnailUrl":"https:\/\/news.canadamotorjobs.com\/wp-content\/uploads\/2024\/10\/Used-Car-Market-Trends-scaled-1.jpg","datePublished":"2024-10-25T11:24:48+00:00","dateModified":"2024-10-25T11:29:46+00:00","description":"Vers une p\u00e9nurie de v\u00e9hicules d\u2019occasions - Benoit Charette - Annuel automobile - CanadaMotorJobs.com.","breadcrumb":{"@id":"https:\/\/news.canadamotorjobs.com\/fr\/vers-une-penurie-de-vehicules-doccasions\/#breadcrumb"},"inLanguage":"fr-CA","potentialAction":[{"@type":"ReadAction","target":["https:\/\/news.canadamotorjobs.com\/fr\/vers-une-penurie-de-vehicules-doccasions\/"]}]},{"@type":"ImageObject","inLanguage":"fr-CA","@id":"https:\/\/news.canadamotorjobs.com\/fr\/vers-une-penurie-de-vehicules-doccasions\/#primaryimage","url":"https:\/\/news.canadamotorjobs.com\/wp-content\/uploads\/2024\/10\/Used-Car-Market-Trends-scaled-1.jpg","contentUrl":"https:\/\/news.canadamotorjobs.com\/wp-content\/uploads\/2024\/10\/Used-Car-Market-Trends-scaled-1.jpg","width":2560,"height":1424},{"@type":"BreadcrumbList","@id":"https:\/\/news.canadamotorjobs.com\/fr\/vers-une-penurie-de-vehicules-doccasions\/#breadcrumb","itemListElement":[{"@type":"ListItem","position":1,"name":"Home","item":"https:\/\/news.canadamotorjobs.com\/fr\/blog\/"},{"@type":"ListItem","position":2,"name":"Vers une p\u00e9nurie de v\u00e9hicules d\u2019occasions"}]},{"@type":"WebSite","@id":"https:\/\/news.canadamotorjobs.com\/#website","url":"https:\/\/news.canadamotorjobs.com\/","name":"CanadaMotorJobs.com","description":"Automotive Jobs","publisher":{"@id":"https:\/\/news.canadamotorjobs.com\/#organization"},"potentialAction":[{"@type":"SearchAction","target":{"@type":"EntryPoint","urlTemplate":"https:\/\/news.canadamotorjobs.com\/?s={search_term_string}"},"query-input":"required name=search_term_string"}],"inLanguage":"fr-CA"},{"@type":"Organization","@id":"https:\/\/news.canadamotorjobs.com\/#organization","name":"Canada Motor Jobs","url":"https:\/\/news.canadamotorjobs.com\/","logo":{"@type":"ImageObject","inLanguage":"fr-CA","@id":"https:\/\/news.canadamotorjobs.com\/#\/schema\/logo\/image\/","url":"https:\/\/news.canadamotorjobs.com\/wp-content\/uploads\/2022\/10\/logo-canada-motor-jobs-1.png","contentUrl":"https:\/\/news.canadamotorjobs.com\/wp-content\/uploads\/2022\/10\/logo-canada-motor-jobs-1.png","width":800,"height":400,"caption":"Canada Motor Jobs"},"image":{"@id":"https:\/\/news.canadamotorjobs.com\/#\/schema\/logo\/image\/"},"sameAs":["https:\/\/www.facebook.com\/canadamotorjobs\/","https:\/\/x.com\/canadamotorjobs","https:\/\/www.instagram.com\/canadamotorjobs\/","https:\/\/www.linkedin.com\/company\/canadamotorjobs"]},{"@type":"Person","@id":"https:\/\/news.canadamotorjobs.com\/#\/schema\/person\/51793d1f87d44011d7bcc2ed99269a90","name":"Benoit Charette","image":{"@type":"ImageObject","inLanguage":"fr-CA","@id":"https:\/\/news.canadamotorjobs.com\/#\/schema\/person\/image\/","url":"https:\/\/secure.gravatar.com\/avatar\/45f3d2eebcccd909668d7ce7ea7267b6?s=96&d=mm&r=g","contentUrl":"https:\/\/secure.gravatar.com\/avatar\/45f3d2eebcccd909668d7ce7ea7267b6?s=96&d=mm&r=g","caption":"Benoit Charette"},"description":"Benoit Charette \/ Propri\u00e9taire et r\u00e9dacteur en chef Benoit Charette pratique le journalisme automobile depuis bient\u00f4t 30 ans. Il a fait ses classes au c\u00f4t\u00e9 de Daniel H\u00e9raud et au Carnet de route de 1992 \u00e0 2001. Il est fondateur, copropri\u00e9taire et r\u00e9dacteur en chef de L\u2019Annuel de l\u2019automobile, qu\u2019il publie depuis 2001. Il a anim\u00e9 les \u00e9missions RPM et RPM+ sur V et les L\u00e9gendes de la route sur Historia. \u00c0 la radio depuis 1986, il reprend l\u2019antenne cette ann\u00e9e sur les ondes de Cogeco et participe pour la deuxi\u00e8me ann\u00e9e \u00e0 l\u2019\u00e9mission Passion Auto sur RDS en plus de mettre en ligne le site Web officiel de L\u2019Annuel de l\u2019automobile sur annuelauto.ca.","sameAs":["https:\/\/annuelauto.ca\/"],"url":"https:\/\/news.canadamotorjobs.com\/fr\/author\/benoit-charette\/"}]}},"_links":{"self":[{"href":"https:\/\/news.canadamotorjobs.com\/fr\/wp-json\/wp\/v2\/posts\/178916"}],"collection":[{"href":"https:\/\/news.canadamotorjobs.com\/fr\/wp-json\/wp\/v2\/posts"}],"about":[{"href":"https:\/\/news.canadamotorjobs.com\/fr\/wp-json\/wp\/v2\/types\/post"}],"author":[{"embeddable":true,"href":"https:\/\/news.canadamotorjobs.com\/fr\/wp-json\/wp\/v2\/users\/8"}],"replies":[{"embeddable":true,"href":"https:\/\/news.canadamotorjobs.com\/fr\/wp-json\/wp\/v2\/comments?post=178916"}],"version-history":[{"count":2,"href":"https:\/\/news.canadamotorjobs.com\/fr\/wp-json\/wp\/v2\/posts\/178916\/revisions"}],"predecessor-version":[{"id":178920,"href":"https:\/\/news.canadamotorjobs.com\/fr\/wp-json\/wp\/v2\/posts\/178916\/revisions\/178920"}],"wp:featuredmedia":[{"embeddable":true,"href":"https:\/\/news.canadamotorjobs.com\/fr\/wp-json\/wp\/v2\/media\/178918"}],"wp:attachment":[{"href":"https:\/\/news.canadamotorjobs.com\/fr\/wp-json\/wp\/v2\/media?parent=178916"}],"wp:term":[{"taxonomy":"category","embeddable":true,"href":"https:\/\/news.canadamotorjobs.com\/fr\/wp-json\/wp\/v2\/categories?post=178916"},{"taxonomy":"post_tag","embeddable":true,"href":"https:\/\/news.canadamotorjobs.com\/fr\/wp-json\/wp\/v2\/tags?post=178916"}],"curies":[{"name":"wp","href":"https:\/\/api.w.org\/{rel}","templated":true}]}}