{"id":178862,"date":"2024-10-25T06:27:27","date_gmt":"2024-10-25T10:27:27","guid":{"rendered":"https:\/\/news.canadamotorjobs.com\/?p=178862"},"modified":"2024-10-25T06:29:08","modified_gmt":"2024-10-25T10:29:08","slug":"scout-va-emprunter-le-modele-daffaire-de-tesla","status":"publish","type":"post","link":"https:\/\/news.canadamotorjobs.com\/fr\/scout-va-emprunter-le-modele-daffaire-de-tesla\/","title":{"rendered":"Scout va emprunter le mod\u00e8le d\u2019affaire de Tesla"},"content":{"rendered":"<\/p>\n<p>Apr\u00e8s deux ann\u00e9es de secret, Scout Motors a finalement d\u00e9voil\u00e9 des d\u00e9tails attendus sur son futur VUS et pick-up. Con\u00e7us exclusivement pour le march\u00e9 am\u00e9ricain, les mod\u00e8les Terra et Traveler ne passeront pas par le r\u00e9seau de concessionnaires Volkswagen. En effet, Scout Motors a pris la d\u00e9cision controvers\u00e9e de vendre directement ses v\u00e9hicules aux consommateurs, une annonce qui pourrait d\u00e9clencher des actions l\u00e9gales de la part des associations nationales et \u00e9tatiques de concessionnaires.<\/p>\n<h3><span lang=\"FR\">Mod\u00e8les accessibles et r\u00e9servations ouvertes<\/span><\/h3>\n<p>\nLors d\u2019un \u00e9v\u00e9nement m\u00e9diatique le 24 octobre, Scout a pr\u00e9sent\u00e9 ses mod\u00e8les pr\u00e9vus pour la production en 2027, avec des prix d\u2019entr\u00e9e de gamme sous les 60 000 $. Les consommateurs peuvent d\u2019ores et d\u00e9j\u00e0 r\u00e9server leur v\u00e9hicule avec un d\u00e9p\u00f4t remboursable de 100 $. Ce mod\u00e8le de vente directe, popularis\u00e9 par Tesla et suivi par Rivian et Lucid, a longtemps contrari\u00e9 les concessionnaires franchis\u00e9s.<\/p>\n<h3><span lang=\"FR\">Communication confuse avec les concessionnaires<\/span><\/h3>\n<p>\nLes concessionnaires ont exprim\u00e9 leur m\u00e9contentement face au manque de communication de Scout et VW. En avril, une annonce dans <em>Automotive News<\/em> mettait en garde contre des actions l\u00e9gales potentielles si Scout persiste \u00e0 vendre directement aux consommateurs.<\/p>\n<h3><span lang=\"FR\">Espaces de vente et relation client en autonomie<\/span><\/h3>\n<p>\nSe positionnant comme entreprise ind\u00e9pendante, Scout Motors pr\u00e9voit de d\u00e9velopper ses propres espaces de vente et une exp\u00e9rience client num\u00e9rique via une application qui g\u00e9rera ventes, livraisons et services. Les r\u00e9parations seront facilit\u00e9es avec un r\u00e9seau de partenaires nationaux et une capacit\u00e9 de r\u00e9paration de 80 % des interventions hors ateliers Scout.<\/p>\n<h3><span lang=\"FR\">\u00c9viction du r\u00e9seau VW et r\u00e9action des concessionnaires<\/span><\/h3>\n<p>\nLes concessionnaires Volkswagen esp\u00e9raient pouvoir commercialiser les mod\u00e8les Scout. Toutefois, selon Sam Fiorani d\u2019AutoForecast Solutions, la structure ind\u00e9pendante de Scout vise \u00e0 contourner les lois sur les franchises, \u00e9cartant ainsi les concessionnaires.<\/p>\n<h3><span lang=\"FR\">Des concessionnaires pr\u00eats \u00e0 d\u00e9fendre leur mod\u00e8le<\/span><\/h3>\n<p>\nUn rapport de Oliver Wyman, commandit\u00e9 par la National Automobile Dealers Association (NADA), conclut que le mod\u00e8le de concession traditionnelle reste souvent plus efficace. Devlin s\u2019interroge sur la pertinence de cette approche directe de Scout : \u201cPourquoi rejeter un syst\u00e8me de distribution et de vente qui existe d\u00e9j\u00e0 et fonctionne ?\u201d<\/p>\n<p>Avec des renseignements d&#8217;Automotive News<\/p>\n<p>Le texte <a rel=\"nofollow\" href=\"https:\/\/annuelauto.ca\/scout-va-emprunter-le-modele-daffaire-de-tesla\/\">Scout va emprunter le mod\u00e8le d\u2019affaire de Tesla<\/a> provient de <a rel=\"nofollow\" href=\"https:\/\/annuelauto.ca\">L&#8217;annuel de l&#8217;automobile &#8211; Actualit\u00e9 automobile<\/a><\/p>\n<p><\/p>\n","protected":false},"excerpt":{"rendered":"<p>Apr\u00e8s deux ann\u00e9es de secret, Scout Motors a finalement d\u00e9voil\u00e9 des d\u00e9tails attendus sur son futur VUS et pick-up. Con\u00e7us exclusivement pour le march\u00e9 am\u00e9ricain, les mod\u00e8les Terra et Traveler ne passeront pas par le r\u00e9seau de concessionnaires Volkswagen. En effet, Scout Motors a pris la d\u00e9cision controvers\u00e9e de vendre directement ses v\u00e9hicules aux consommateurs, [&hellip;]<\/p>\n","protected":false},"author":8,"featured_media":178864,"comment_status":"close","ping_status":"closed","sticky":false,"template":"","format":"standard","meta":{"_monsterinsights_skip_tracking":false,"_monsterinsights_sitenote_active":false,"_monsterinsights_sitenote_note":"","_monsterinsights_sitenote_category":0,"footnotes":""},"categories":[101],"tags":[],"yoast_head":"<!-- This site is optimized with the Yoast SEO plugin v23.2 - https:\/\/yoast.com\/wordpress\/plugins\/seo\/ -->\n<title>Scout va emprunter le mod\u00e8le d\u2019affaire de Tesla - CanadaMotorJobs.com<\/title>\n<meta name=\"description\" content=\"Scout va emprunter le mod\u00e8le d\u2019affaire de Tesla - Benoit Charette - Annuel automobile - CanadaMotorJobs.com.\" \/>\n<meta name=\"robots\" content=\"index, follow, max-snippet:-1, max-image-preview:large, max-video-preview:-1\" \/>\n<meta property=\"og:locale\" content=\"fr_CA\" \/>\n<meta property=\"og:type\" content=\"article\" \/>\n<meta property=\"og:title\" content=\"Scout va emprunter le mod\u00e8le d\u2019affaire de Tesla - CanadaMotorJobs.com\" \/>\n<meta property=\"og:description\" content=\"Scout va emprunter le mod\u00e8le d\u2019affaire de Tesla - Benoit Charette - Annuel automobile - CanadaMotorJobs.com.\" \/>\n<meta property=\"og:url\" content=\"https:\/\/news.canadamotorjobs.com\/fr\/scout-va-emprunter-le-modele-daffaire-de-tesla\/\" \/>\n<meta property=\"og:site_name\" content=\"CanadaMotorJobs.com\" \/>\n<meta property=\"article:publisher\" content=\"https:\/\/www.facebook.com\/canadamotorjobs\/\" \/>\n<meta property=\"article:published_time\" content=\"2024-10-25T10:27:27+00:00\" \/>\n<meta property=\"article:modified_time\" content=\"2024-10-25T10:29:08+00:00\" \/>\n<meta property=\"og:image\" content=\"https:\/\/news.canadamotorjobs.com\/wp-content\/uploads\/2024\/10\/Scout-Terra-and-Traveler-Concepts-in-field.jpg\" \/>\n\t<meta property=\"og:image:width\" content=\"2400\" \/>\n\t<meta property=\"og:image:height\" content=\"1511\" \/>\n\t<meta property=\"og:image:type\" content=\"image\/jpeg\" \/>\n<meta name=\"author\" content=\"Benoit Charette\" \/>\n<meta name=\"twitter:card\" content=\"summary_large_image\" \/>\n<meta name=\"twitter:creator\" content=\"@canadamotorjobs\" \/>\n<meta name=\"twitter:site\" content=\"@canadamotorjobs\" \/>\n<meta name=\"twitter:label1\" content=\"\u00c9crit par\" \/>\n\t<meta name=\"twitter:data1\" content=\"Benoit Charette\" \/>\n\t<meta name=\"twitter:label2\" content=\"Estimation du temps de lecture\" \/>\n\t<meta name=\"twitter:data2\" content=\"2 minutes\" \/>\n<!-- \/ Yoast SEO plugin. -->","yoast_head_json":{"title":"Scout va emprunter le mod\u00e8le d\u2019affaire de Tesla - CanadaMotorJobs.com","description":"Scout va emprunter le mod\u00e8le d\u2019affaire de Tesla - Benoit Charette - Annuel automobile - CanadaMotorJobs.com.","robots":{"index":"index","follow":"follow","max-snippet":"max-snippet:-1","max-image-preview":"max-image-preview:large","max-video-preview":"max-video-preview:-1"},"og_locale":"fr_CA","og_type":"article","og_title":"Scout va emprunter le mod\u00e8le d\u2019affaire de Tesla - CanadaMotorJobs.com","og_description":"Scout va emprunter le mod\u00e8le d\u2019affaire de Tesla - Benoit Charette - Annuel automobile - CanadaMotorJobs.com.","og_url":"https:\/\/news.canadamotorjobs.com\/fr\/scout-va-emprunter-le-modele-daffaire-de-tesla\/","og_site_name":"CanadaMotorJobs.com","article_publisher":"https:\/\/www.facebook.com\/canadamotorjobs\/","article_published_time":"2024-10-25T10:27:27+00:00","article_modified_time":"2024-10-25T10:29:08+00:00","og_image":[{"width":2400,"height":1511,"url":"https:\/\/news.canadamotorjobs.com\/wp-content\/uploads\/2024\/10\/Scout-Terra-and-Traveler-Concepts-in-field.jpg","type":"image\/jpeg"}],"author":"Benoit Charette","twitter_card":"summary_large_image","twitter_creator":"@canadamotorjobs","twitter_site":"@canadamotorjobs","twitter_misc":{"\u00c9crit par":"Benoit Charette","Estimation du temps de lecture":"2 minutes"},"schema":{"@context":"https:\/\/schema.org","@graph":[{"@type":"Article","@id":"https:\/\/news.canadamotorjobs.com\/fr\/scout-va-emprunter-le-modele-daffaire-de-tesla\/#article","isPartOf":{"@id":"https:\/\/news.canadamotorjobs.com\/fr\/scout-va-emprunter-le-modele-daffaire-de-tesla\/"},"author":{"name":"Benoit Charette","@id":"https:\/\/news.canadamotorjobs.com\/#\/schema\/person\/51793d1f87d44011d7bcc2ed99269a90"},"headline":"Scout va emprunter le mod\u00e8le d\u2019affaire de Tesla","datePublished":"2024-10-25T10:27:27+00:00","dateModified":"2024-10-25T10:29:08+00:00","mainEntityOfPage":{"@id":"https:\/\/news.canadamotorjobs.com\/fr\/scout-va-emprunter-le-modele-daffaire-de-tesla\/"},"wordCount":423,"publisher":{"@id":"https:\/\/news.canadamotorjobs.com\/#organization"},"image":{"@id":"https:\/\/news.canadamotorjobs.com\/fr\/scout-va-emprunter-le-modele-daffaire-de-tesla\/#primaryimage"},"thumbnailUrl":"https:\/\/news.canadamotorjobs.com\/wp-content\/uploads\/2024\/10\/Scout-Terra-and-Traveler-Concepts-in-field.jpg","articleSection":["Annuel automobile"],"inLanguage":"fr-CA"},{"@type":"WebPage","@id":"https:\/\/news.canadamotorjobs.com\/fr\/scout-va-emprunter-le-modele-daffaire-de-tesla\/","url":"https:\/\/news.canadamotorjobs.com\/fr\/scout-va-emprunter-le-modele-daffaire-de-tesla\/","name":"Scout va emprunter le mod\u00e8le d\u2019affaire de Tesla - CanadaMotorJobs.com","isPartOf":{"@id":"https:\/\/news.canadamotorjobs.com\/#website"},"primaryImageOfPage":{"@id":"https:\/\/news.canadamotorjobs.com\/fr\/scout-va-emprunter-le-modele-daffaire-de-tesla\/#primaryimage"},"image":{"@id":"https:\/\/news.canadamotorjobs.com\/fr\/scout-va-emprunter-le-modele-daffaire-de-tesla\/#primaryimage"},"thumbnailUrl":"https:\/\/news.canadamotorjobs.com\/wp-content\/uploads\/2024\/10\/Scout-Terra-and-Traveler-Concepts-in-field.jpg","datePublished":"2024-10-25T10:27:27+00:00","dateModified":"2024-10-25T10:29:08+00:00","description":"Scout va emprunter le mod\u00e8le d\u2019affaire de Tesla - Benoit Charette - Annuel automobile - CanadaMotorJobs.com.","breadcrumb":{"@id":"https:\/\/news.canadamotorjobs.com\/fr\/scout-va-emprunter-le-modele-daffaire-de-tesla\/#breadcrumb"},"inLanguage":"fr-CA","potentialAction":[{"@type":"ReadAction","target":["https:\/\/news.canadamotorjobs.com\/fr\/scout-va-emprunter-le-modele-daffaire-de-tesla\/"]}]},{"@type":"ImageObject","inLanguage":"fr-CA","@id":"https:\/\/news.canadamotorjobs.com\/fr\/scout-va-emprunter-le-modele-daffaire-de-tesla\/#primaryimage","url":"https:\/\/news.canadamotorjobs.com\/wp-content\/uploads\/2024\/10\/Scout-Terra-and-Traveler-Concepts-in-field.jpg","contentUrl":"https:\/\/news.canadamotorjobs.com\/wp-content\/uploads\/2024\/10\/Scout-Terra-and-Traveler-Concepts-in-field.jpg","width":2400,"height":1511},{"@type":"BreadcrumbList","@id":"https:\/\/news.canadamotorjobs.com\/fr\/scout-va-emprunter-le-modele-daffaire-de-tesla\/#breadcrumb","itemListElement":[{"@type":"ListItem","position":1,"name":"Home","item":"https:\/\/news.canadamotorjobs.com\/fr\/blog\/"},{"@type":"ListItem","position":2,"name":"Scout va emprunter le mod\u00e8le d\u2019affaire de Tesla"}]},{"@type":"WebSite","@id":"https:\/\/news.canadamotorjobs.com\/#website","url":"https:\/\/news.canadamotorjobs.com\/","name":"CanadaMotorJobs.com","description":"Automotive Jobs","publisher":{"@id":"https:\/\/news.canadamotorjobs.com\/#organization"},"potentialAction":[{"@type":"SearchAction","target":{"@type":"EntryPoint","urlTemplate":"https:\/\/news.canadamotorjobs.com\/?s={search_term_string}"},"query-input":"required name=search_term_string"}],"inLanguage":"fr-CA"},{"@type":"Organization","@id":"https:\/\/news.canadamotorjobs.com\/#organization","name":"Canada Motor Jobs","url":"https:\/\/news.canadamotorjobs.com\/","logo":{"@type":"ImageObject","inLanguage":"fr-CA","@id":"https:\/\/news.canadamotorjobs.com\/#\/schema\/logo\/image\/","url":"https:\/\/news.canadamotorjobs.com\/wp-content\/uploads\/2022\/10\/logo-canada-motor-jobs-1.png","contentUrl":"https:\/\/news.canadamotorjobs.com\/wp-content\/uploads\/2022\/10\/logo-canada-motor-jobs-1.png","width":800,"height":400,"caption":"Canada Motor Jobs"},"image":{"@id":"https:\/\/news.canadamotorjobs.com\/#\/schema\/logo\/image\/"},"sameAs":["https:\/\/www.facebook.com\/canadamotorjobs\/","https:\/\/x.com\/canadamotorjobs","https:\/\/www.instagram.com\/canadamotorjobs\/","https:\/\/www.linkedin.com\/company\/canadamotorjobs"]},{"@type":"Person","@id":"https:\/\/news.canadamotorjobs.com\/#\/schema\/person\/51793d1f87d44011d7bcc2ed99269a90","name":"Benoit Charette","image":{"@type":"ImageObject","inLanguage":"fr-CA","@id":"https:\/\/news.canadamotorjobs.com\/#\/schema\/person\/image\/","url":"https:\/\/secure.gravatar.com\/avatar\/45f3d2eebcccd909668d7ce7ea7267b6?s=96&d=mm&r=g","contentUrl":"https:\/\/secure.gravatar.com\/avatar\/45f3d2eebcccd909668d7ce7ea7267b6?s=96&d=mm&r=g","caption":"Benoit Charette"},"description":"Benoit Charette \/ Propri\u00e9taire et r\u00e9dacteur en chef Benoit Charette pratique le journalisme automobile depuis bient\u00f4t 30 ans. Il a fait ses classes au c\u00f4t\u00e9 de Daniel H\u00e9raud et au Carnet de route de 1992 \u00e0 2001. Il est fondateur, copropri\u00e9taire et r\u00e9dacteur en chef de L\u2019Annuel de l\u2019automobile, qu\u2019il publie depuis 2001. Il a anim\u00e9 les \u00e9missions RPM et RPM+ sur V et les L\u00e9gendes de la route sur Historia. \u00c0 la radio depuis 1986, il reprend l\u2019antenne cette ann\u00e9e sur les ondes de Cogeco et participe pour la deuxi\u00e8me ann\u00e9e \u00e0 l\u2019\u00e9mission Passion Auto sur RDS en plus de mettre en ligne le site Web officiel de L\u2019Annuel de l\u2019automobile sur annuelauto.ca.","sameAs":["https:\/\/annuelauto.ca\/"],"url":"https:\/\/news.canadamotorjobs.com\/fr\/author\/benoit-charette\/"}]}},"_links":{"self":[{"href":"https:\/\/news.canadamotorjobs.com\/fr\/wp-json\/wp\/v2\/posts\/178862"}],"collection":[{"href":"https:\/\/news.canadamotorjobs.com\/fr\/wp-json\/wp\/v2\/posts"}],"about":[{"href":"https:\/\/news.canadamotorjobs.com\/fr\/wp-json\/wp\/v2\/types\/post"}],"author":[{"embeddable":true,"href":"https:\/\/news.canadamotorjobs.com\/fr\/wp-json\/wp\/v2\/users\/8"}],"replies":[{"embeddable":true,"href":"https:\/\/news.canadamotorjobs.com\/fr\/wp-json\/wp\/v2\/comments?post=178862"}],"version-history":[{"count":2,"href":"https:\/\/news.canadamotorjobs.com\/fr\/wp-json\/wp\/v2\/posts\/178862\/revisions"}],"predecessor-version":[{"id":178866,"href":"https:\/\/news.canadamotorjobs.com\/fr\/wp-json\/wp\/v2\/posts\/178862\/revisions\/178866"}],"wp:featuredmedia":[{"embeddable":true,"href":"https:\/\/news.canadamotorjobs.com\/fr\/wp-json\/wp\/v2\/media\/178864"}],"wp:attachment":[{"href":"https:\/\/news.canadamotorjobs.com\/fr\/wp-json\/wp\/v2\/media?parent=178862"}],"wp:term":[{"taxonomy":"category","embeddable":true,"href":"https:\/\/news.canadamotorjobs.com\/fr\/wp-json\/wp\/v2\/categories?post=178862"},{"taxonomy":"post_tag","embeddable":true,"href":"https:\/\/news.canadamotorjobs.com\/fr\/wp-json\/wp\/v2\/tags?post=178862"}],"curies":[{"name":"wp","href":"https:\/\/api.w.org\/{rel}","templated":true}]}}