{"id":178834,"date":"2024-10-25T03:24:24","date_gmt":"2024-10-25T07:24:24","guid":{"rendered":"https:\/\/news.canadamotorjobs.com\/?p=178834"},"modified":"2024-10-25T03:29:19","modified_gmt":"2024-10-25T07:29:19","slug":"toyota-va-augmenter-la-production-de-sa-sienna-de-20","status":"publish","type":"post","link":"https:\/\/news.canadamotorjobs.com\/fr\/toyota-va-augmenter-la-production-de-sa-sienna-de-20\/","title":{"rendered":"Toyota va augmenter la production de sa Sienna de 20 %"},"content":{"rendered":"<\/p>\n<p>Toyota a annonc\u00e9 qu\u2019elle allait augmenter la production de sa fourgonnette Sienna de 20 % pour l\u2019ann\u00e9e 2025, ce qui va faire le bonheur de plusieurs concessionnaires. Vous \u00eates nombreux \u00e0 nous avoir fait part des d\u00e9lais de livraison du mod\u00e8le, ce qui a forc\u00e9 certains d\u2019entre vous \u00e0 trouver d\u2019autres solutions, souvent ailleurs.<\/p>\n<p>Et avec Kia qui vient d\u2019ajouter une version hybride de sa Carnival, Toyota devra \u00eatre en mesure de r\u00e9pondre \u00e0 la demande.<\/p>\n<p>L\u2019augmentation de 20 % permettrait d\u2019atteindre une production de quelque 85 000 v\u00e9hicules, alors que le rythme est \u00e0 71 000 pour l\u2019ann\u00e9e en cours, selon ce qu\u2019a confi\u00e9 un porte-parole de Toyota au site Automotive News.<\/p>\n<p><strong>Trop de demande<\/strong><\/p>\n<p>Dave Christ, vice-pr\u00e9sident et directeur g\u00e9n\u00e9ral de la division Toyota en Am\u00e9rique du Nord, a d\u00e9clar\u00e9 en ao\u00fbt que la demande pour la Sienna demeurait forte, mais qu\u2019elle \u00e9tait largement insatisfaite en raison de contraintes de production toujours importantes.<\/p>\n<h2>Toyota Sienna 2025 \u2013 quoi de neuf ?<\/h2>\n<p>Pour 2025, le mod\u00e8le demeure en grande partie inchang\u00e9, mais de petits ajustements sont faits. De nouveaux choix de couleurs et de nouvelles jantes seront au menu, mais ce sera \u00e0 peu pr\u00e8s tout sur le plan esth\u00e9tique. \u00c0 l\u2019int\u00e9rieur cependant, l\u2019\u00e9cran tactile de 12,3 pouces sera d\u00e9sormais de s\u00e9rie avec tous les mod\u00e8les et un petit frigo, de m\u00eame qu\u2019un aspirateur mont\u00e9 sur la console vont faire leurs d\u00e9buts. On se souviendra que Honda avait introduit un aspirateur int\u00e9gr\u00e9 avec sa Odyssey, il y a quelques ann\u00e9es.<\/p>\n<p>Aussi, pour la nouvelle ann\u00e9e, le syst\u00e8me de rappel pour les places arri\u00e8re est mis \u00e0 jour et se veut plus efficace. Il sera de s\u00e9rie avec toutes les versions. Il utilise un \u00e9metteur radar \u00e0 ondes millim\u00e9triques, dissimul\u00e9 au-dessus du pavillon, pour d\u00e9tecter les battements de c\u0153ur et la respiration des passagers qui pourraient avoir \u00e9t\u00e9 laiss\u00e9s par inadvertance dans le v\u00e9hicule.<\/p>\n<p>Le syst\u00e8me d\u2019alerte de l\u2019attention du conducteur sera aussi plus proactif, avec une s\u00e9rie de notifications de plus en plus intenses, du message \u00e0 l\u2019\u00e9cran aux coups de Klaxon \u00e0 l\u2019appel sur le t\u00e9l\u00e9phone du propri\u00e9taire.<\/p>\n<p>La Sienna profite donc de sa premi\u00e8re mise \u00e0 jour depuis son renouvellement en 2020, en pleine pand\u00e9mie.<\/p>\n<p><\/p>\n<figure><img decoding=\"async\" src=\"https:\/\/news.canadamotorjobs.com\/wp-content\/uploads\/2024\/10\/2023_Toyota_Sienna_25th_Anniversary_004_-_Copy-5.jpg\" alt=\"Toyota augmente la production de sa Sienna pour 2025\" \/><figcaption>Toyota augmente la production de sa Sienna pour 2025 | Auto123.com<\/figcaption><\/figure>\n<p><strong>Les ventes en hausse<\/strong><\/p>\n<p>De janvier \u00e0 septembre 2024, les ventes am\u00e9ricaines du mod\u00e8le ont augment\u00e9 de 6,4 % pour atteindre 50 789 unit\u00e9s. Le segment des fourgonnettes a \u00e9t\u00e9 en baisse de 6,5 pour cent au cours de la m\u00eame p\u00e9riode, avec 240 183 unit\u00e9s vendues.<\/p>\n<p>Ainsi, la Toyota Sienna d\u00e9tient 21 % des parts dans le segment, une hausse de 2,5 % par rapport au m\u00eame moment en 2023. La Sienna est toujours devanc\u00e9e par la Chrysler Pacifica \u00e0 39 % et la Honda Odyssey \u00e0 25 %.<\/p>\n<p>Chez nous, les ventes ont explos\u00e9 au cours des neuf premiers mois, augmentant de 191 % pour atteindre 8755 unit\u00e9s. Au Canada, les fourgonnettes en g\u00e9n\u00e9ral gagnent du terrain. Elles ont vu leurs ventes augmenter de 17,5 % au cours des trois premiers trimestres de 2024 pour atteindre 23 973 unit\u00e9s. La Toyota Sienna d\u00e9tient une part de march\u00e9 de 36,5 % dans le segment, soit une augmentation de pr\u00e8s de 20 % par rapport \u00e0 la m\u00eame p\u00e9riode en 2023.<\/p>\n<p>La Sienna se vend deux fois plus que la Chrysler Pacifica, qui occupe la deuxi\u00e8me place et dont les ventes s\u2019\u00e9l\u00e8vent \u00e0 4211 exemplaires.<\/p>\n<p><\/p>\n<p style=\"padding-top: 15px\">Contenu original de <a href=\"https:\/\/www.auto123.com\/fr\/actualites\/toyota-sienna-2025-augmentation-production\/71982\/\">auto123<\/a>.<\/p>\n<p>Le texte <a rel=\"nofollow\" href=\"https:\/\/annuelauto.ca\/toyota-va-augmenter-la-production-de-sa-sienna-de-20\/\">Toyota va augmenter la production de sa Sienna de 20 %<\/a> provient de <a rel=\"nofollow\" href=\"https:\/\/annuelauto.ca\">L&#8217;annuel de l&#8217;automobile &#8211; Actualit\u00e9 automobile<\/a><\/p>\n<p><\/p>\n","protected":false},"excerpt":{"rendered":"<p>Toyota a annonc\u00e9 qu\u2019elle allait augmenter la production de sa fourgonnette Sienna de 20 % pour l\u2019ann\u00e9e 2025, ce qui va faire le bonheur de plusieurs concessionnaires. Vous \u00eates nombreux \u00e0 nous avoir fait part des d\u00e9lais de livraison du mod\u00e8le, ce qui a forc\u00e9 certains d\u2019entre vous \u00e0 trouver d\u2019autres solutions, souvent ailleurs. Et [&hellip;]<\/p>\n","protected":false},"author":8,"featured_media":178836,"comment_status":"close","ping_status":"closed","sticky":false,"template":"","format":"standard","meta":{"_monsterinsights_skip_tracking":false,"_monsterinsights_sitenote_active":false,"_monsterinsights_sitenote_note":"","_monsterinsights_sitenote_category":0,"footnotes":""},"categories":[101],"tags":[],"yoast_head":"<!-- This site is optimized with the Yoast SEO plugin v23.2 - https:\/\/yoast.com\/wordpress\/plugins\/seo\/ -->\n<title>Toyota va augmenter la production de sa Sienna de 20 % - CanadaMotorJobs.com<\/title>\n<meta name=\"description\" content=\"Toyota va augmenter la production de sa Sienna de 20 % - Benoit Charette - Annuel automobile - CanadaMotorJobs.com.\" \/>\n<meta name=\"robots\" content=\"index, follow, max-snippet:-1, max-image-preview:large, max-video-preview:-1\" \/>\n<meta property=\"og:locale\" content=\"fr_CA\" \/>\n<meta property=\"og:type\" content=\"article\" \/>\n<meta property=\"og:title\" content=\"Toyota va augmenter la production de sa Sienna de 20 % - CanadaMotorJobs.com\" \/>\n<meta property=\"og:description\" content=\"Toyota va augmenter la production de sa Sienna de 20 % - Benoit Charette - Annuel automobile - CanadaMotorJobs.com.\" \/>\n<meta property=\"og:url\" content=\"https:\/\/news.canadamotorjobs.com\/fr\/toyota-va-augmenter-la-production-de-sa-sienna-de-20\/\" \/>\n<meta property=\"og:site_name\" content=\"CanadaMotorJobs.com\" \/>\n<meta property=\"article:publisher\" content=\"https:\/\/www.facebook.com\/canadamotorjobs\/\" \/>\n<meta property=\"article:published_time\" content=\"2024-10-25T07:24:24+00:00\" \/>\n<meta property=\"article:modified_time\" content=\"2024-10-25T07:29:19+00:00\" \/>\n<meta property=\"og:image\" content=\"https:\/\/news.canadamotorjobs.com\/wp-content\/uploads\/2024\/10\/2023_Toyota_Sienna_25th_Anniversary_004_-_Copy.jpg\" \/>\n\t<meta property=\"og:image:width\" content=\"1200\" \/>\n\t<meta property=\"og:image:height\" content=\"804\" \/>\n\t<meta property=\"og:image:type\" content=\"image\/jpeg\" \/>\n<meta name=\"author\" content=\"Benoit Charette\" \/>\n<meta name=\"twitter:card\" content=\"summary_large_image\" \/>\n<meta name=\"twitter:creator\" content=\"@canadamotorjobs\" \/>\n<meta name=\"twitter:site\" content=\"@canadamotorjobs\" \/>\n<meta name=\"twitter:label1\" content=\"\u00c9crit par\" \/>\n\t<meta name=\"twitter:data1\" content=\"Benoit Charette\" \/>\n\t<meta name=\"twitter:label2\" content=\"Estimation du temps de lecture\" \/>\n\t<meta name=\"twitter:data2\" content=\"3 minutes\" \/>\n<!-- \/ Yoast SEO plugin. -->","yoast_head_json":{"title":"Toyota va augmenter la production de sa Sienna de 20 % - CanadaMotorJobs.com","description":"Toyota va augmenter la production de sa Sienna de 20 % - Benoit Charette - Annuel automobile - CanadaMotorJobs.com.","robots":{"index":"index","follow":"follow","max-snippet":"max-snippet:-1","max-image-preview":"max-image-preview:large","max-video-preview":"max-video-preview:-1"},"og_locale":"fr_CA","og_type":"article","og_title":"Toyota va augmenter la production de sa Sienna de 20 % - CanadaMotorJobs.com","og_description":"Toyota va augmenter la production de sa Sienna de 20 % - Benoit Charette - Annuel automobile - CanadaMotorJobs.com.","og_url":"https:\/\/news.canadamotorjobs.com\/fr\/toyota-va-augmenter-la-production-de-sa-sienna-de-20\/","og_site_name":"CanadaMotorJobs.com","article_publisher":"https:\/\/www.facebook.com\/canadamotorjobs\/","article_published_time":"2024-10-25T07:24:24+00:00","article_modified_time":"2024-10-25T07:29:19+00:00","og_image":[{"width":1200,"height":804,"url":"https:\/\/news.canadamotorjobs.com\/wp-content\/uploads\/2024\/10\/2023_Toyota_Sienna_25th_Anniversary_004_-_Copy.jpg","type":"image\/jpeg"}],"author":"Benoit Charette","twitter_card":"summary_large_image","twitter_creator":"@canadamotorjobs","twitter_site":"@canadamotorjobs","twitter_misc":{"\u00c9crit par":"Benoit Charette","Estimation du temps de lecture":"3 minutes"},"schema":{"@context":"https:\/\/schema.org","@graph":[{"@type":"Article","@id":"https:\/\/news.canadamotorjobs.com\/fr\/toyota-va-augmenter-la-production-de-sa-sienna-de-20\/#article","isPartOf":{"@id":"https:\/\/news.canadamotorjobs.com\/fr\/toyota-va-augmenter-la-production-de-sa-sienna-de-20\/"},"author":{"name":"Benoit Charette","@id":"https:\/\/news.canadamotorjobs.com\/#\/schema\/person\/51793d1f87d44011d7bcc2ed99269a90"},"headline":"Toyota va augmenter la production de sa Sienna de 20 %","datePublished":"2024-10-25T07:24:24+00:00","dateModified":"2024-10-25T07:29:19+00:00","mainEntityOfPage":{"@id":"https:\/\/news.canadamotorjobs.com\/fr\/toyota-va-augmenter-la-production-de-sa-sienna-de-20\/"},"wordCount":621,"publisher":{"@id":"https:\/\/news.canadamotorjobs.com\/#organization"},"image":{"@id":"https:\/\/news.canadamotorjobs.com\/fr\/toyota-va-augmenter-la-production-de-sa-sienna-de-20\/#primaryimage"},"thumbnailUrl":"https:\/\/news.canadamotorjobs.com\/wp-content\/uploads\/2024\/10\/2023_Toyota_Sienna_25th_Anniversary_004_-_Copy.jpg","articleSection":["Annuel automobile"],"inLanguage":"fr-CA"},{"@type":"WebPage","@id":"https:\/\/news.canadamotorjobs.com\/fr\/toyota-va-augmenter-la-production-de-sa-sienna-de-20\/","url":"https:\/\/news.canadamotorjobs.com\/fr\/toyota-va-augmenter-la-production-de-sa-sienna-de-20\/","name":"Toyota va augmenter la production de sa Sienna de 20 % - CanadaMotorJobs.com","isPartOf":{"@id":"https:\/\/news.canadamotorjobs.com\/#website"},"primaryImageOfPage":{"@id":"https:\/\/news.canadamotorjobs.com\/fr\/toyota-va-augmenter-la-production-de-sa-sienna-de-20\/#primaryimage"},"image":{"@id":"https:\/\/news.canadamotorjobs.com\/fr\/toyota-va-augmenter-la-production-de-sa-sienna-de-20\/#primaryimage"},"thumbnailUrl":"https:\/\/news.canadamotorjobs.com\/wp-content\/uploads\/2024\/10\/2023_Toyota_Sienna_25th_Anniversary_004_-_Copy.jpg","datePublished":"2024-10-25T07:24:24+00:00","dateModified":"2024-10-25T07:29:19+00:00","description":"Toyota va augmenter la production de sa Sienna de 20 % - Benoit Charette - Annuel automobile - CanadaMotorJobs.com.","breadcrumb":{"@id":"https:\/\/news.canadamotorjobs.com\/fr\/toyota-va-augmenter-la-production-de-sa-sienna-de-20\/#breadcrumb"},"inLanguage":"fr-CA","potentialAction":[{"@type":"ReadAction","target":["https:\/\/news.canadamotorjobs.com\/fr\/toyota-va-augmenter-la-production-de-sa-sienna-de-20\/"]}]},{"@type":"ImageObject","inLanguage":"fr-CA","@id":"https:\/\/news.canadamotorjobs.com\/fr\/toyota-va-augmenter-la-production-de-sa-sienna-de-20\/#primaryimage","url":"https:\/\/news.canadamotorjobs.com\/wp-content\/uploads\/2024\/10\/2023_Toyota_Sienna_25th_Anniversary_004_-_Copy.jpg","contentUrl":"https:\/\/news.canadamotorjobs.com\/wp-content\/uploads\/2024\/10\/2023_Toyota_Sienna_25th_Anniversary_004_-_Copy.jpg","width":1200,"height":804},{"@type":"BreadcrumbList","@id":"https:\/\/news.canadamotorjobs.com\/fr\/toyota-va-augmenter-la-production-de-sa-sienna-de-20\/#breadcrumb","itemListElement":[{"@type":"ListItem","position":1,"name":"Home","item":"https:\/\/news.canadamotorjobs.com\/fr\/blog\/"},{"@type":"ListItem","position":2,"name":"Toyota va augmenter la production de sa Sienna de 20 %"}]},{"@type":"WebSite","@id":"https:\/\/news.canadamotorjobs.com\/#website","url":"https:\/\/news.canadamotorjobs.com\/","name":"CanadaMotorJobs.com","description":"Automotive Jobs","publisher":{"@id":"https:\/\/news.canadamotorjobs.com\/#organization"},"potentialAction":[{"@type":"SearchAction","target":{"@type":"EntryPoint","urlTemplate":"https:\/\/news.canadamotorjobs.com\/?s={search_term_string}"},"query-input":"required name=search_term_string"}],"inLanguage":"fr-CA"},{"@type":"Organization","@id":"https:\/\/news.canadamotorjobs.com\/#organization","name":"Canada Motor Jobs","url":"https:\/\/news.canadamotorjobs.com\/","logo":{"@type":"ImageObject","inLanguage":"fr-CA","@id":"https:\/\/news.canadamotorjobs.com\/#\/schema\/logo\/image\/","url":"https:\/\/news.canadamotorjobs.com\/wp-content\/uploads\/2022\/10\/logo-canada-motor-jobs-1.png","contentUrl":"https:\/\/news.canadamotorjobs.com\/wp-content\/uploads\/2022\/10\/logo-canada-motor-jobs-1.png","width":800,"height":400,"caption":"Canada Motor Jobs"},"image":{"@id":"https:\/\/news.canadamotorjobs.com\/#\/schema\/logo\/image\/"},"sameAs":["https:\/\/www.facebook.com\/canadamotorjobs\/","https:\/\/x.com\/canadamotorjobs","https:\/\/www.instagram.com\/canadamotorjobs\/","https:\/\/www.linkedin.com\/company\/canadamotorjobs"]},{"@type":"Person","@id":"https:\/\/news.canadamotorjobs.com\/#\/schema\/person\/51793d1f87d44011d7bcc2ed99269a90","name":"Benoit Charette","image":{"@type":"ImageObject","inLanguage":"fr-CA","@id":"https:\/\/news.canadamotorjobs.com\/#\/schema\/person\/image\/","url":"https:\/\/secure.gravatar.com\/avatar\/45f3d2eebcccd909668d7ce7ea7267b6?s=96&d=mm&r=g","contentUrl":"https:\/\/secure.gravatar.com\/avatar\/45f3d2eebcccd909668d7ce7ea7267b6?s=96&d=mm&r=g","caption":"Benoit Charette"},"description":"Benoit Charette \/ Propri\u00e9taire et r\u00e9dacteur en chef Benoit Charette pratique le journalisme automobile depuis bient\u00f4t 30 ans. Il a fait ses classes au c\u00f4t\u00e9 de Daniel H\u00e9raud et au Carnet de route de 1992 \u00e0 2001. Il est fondateur, copropri\u00e9taire et r\u00e9dacteur en chef de L\u2019Annuel de l\u2019automobile, qu\u2019il publie depuis 2001. Il a anim\u00e9 les \u00e9missions RPM et RPM+ sur V et les L\u00e9gendes de la route sur Historia. \u00c0 la radio depuis 1986, il reprend l\u2019antenne cette ann\u00e9e sur les ondes de Cogeco et participe pour la deuxi\u00e8me ann\u00e9e \u00e0 l\u2019\u00e9mission Passion Auto sur RDS en plus de mettre en ligne le site Web officiel de L\u2019Annuel de l\u2019automobile sur annuelauto.ca.","sameAs":["https:\/\/annuelauto.ca\/"],"url":"https:\/\/news.canadamotorjobs.com\/fr\/author\/benoit-charette\/"}]}},"_links":{"self":[{"href":"https:\/\/news.canadamotorjobs.com\/fr\/wp-json\/wp\/v2\/posts\/178834"}],"collection":[{"href":"https:\/\/news.canadamotorjobs.com\/fr\/wp-json\/wp\/v2\/posts"}],"about":[{"href":"https:\/\/news.canadamotorjobs.com\/fr\/wp-json\/wp\/v2\/types\/post"}],"author":[{"embeddable":true,"href":"https:\/\/news.canadamotorjobs.com\/fr\/wp-json\/wp\/v2\/users\/8"}],"replies":[{"embeddable":true,"href":"https:\/\/news.canadamotorjobs.com\/fr\/wp-json\/wp\/v2\/comments?post=178834"}],"version-history":[{"count":3,"href":"https:\/\/news.canadamotorjobs.com\/fr\/wp-json\/wp\/v2\/posts\/178834\/revisions"}],"predecessor-version":[{"id":178861,"href":"https:\/\/news.canadamotorjobs.com\/fr\/wp-json\/wp\/v2\/posts\/178834\/revisions\/178861"}],"wp:featuredmedia":[{"embeddable":true,"href":"https:\/\/news.canadamotorjobs.com\/fr\/wp-json\/wp\/v2\/media\/178836"}],"wp:attachment":[{"href":"https:\/\/news.canadamotorjobs.com\/fr\/wp-json\/wp\/v2\/media?parent=178834"}],"wp:term":[{"taxonomy":"category","embeddable":true,"href":"https:\/\/news.canadamotorjobs.com\/fr\/wp-json\/wp\/v2\/categories?post=178834"},{"taxonomy":"post_tag","embeddable":true,"href":"https:\/\/news.canadamotorjobs.com\/fr\/wp-json\/wp\/v2\/tags?post=178834"}],"curies":[{"name":"wp","href":"https:\/\/api.w.org\/{rel}","templated":true}]}}