{"id":178756,"date":"2024-10-24T09:28:39","date_gmt":"2024-10-24T13:28:39","guid":{"rendered":"https:\/\/news.canadamotorjobs.com\/?p=178756"},"modified":"2024-10-24T09:29:12","modified_gmt":"2024-10-24T13:29:12","slug":"le-marche-des-vehicules-electriques-au-canada-continue-de-croitre-pas-de-ralentir","status":"publish","type":"post","link":"https:\/\/news.canadamotorjobs.com\/fr\/le-marche-des-vehicules-electriques-au-canada-continue-de-croitre-pas-de-ralentir\/","title":{"rendered":"Le march\u00e9 des v\u00e9hicules \u00e9lectriques au Canada continue de cro\u00eetre, pas de ralentir"},"content":{"rendered":"<\/p>\n<p>Contrairement \u00e0 ce que certains pourraient croire, les ventes de v\u00e9hicules \u00e9lectriques (V\u00c9S) au Canada ne sont pas en baisse. En fait, les donn\u00e9es r\u00e9v\u00e8lent une croissance continue, bien qu&#8217;elle soit moins rapide qu&#8217;auparavant.<\/p>\n<h3>Un record de nouvelles immatriculations<\/h3>\n<p>\nAu deuxi\u00e8me trimestre de 2024, les v\u00e9hicules \u00e0 \u00e9missions z\u00e9ro (VZE) ont repr\u00e9sent\u00e9 12,9 % des immatriculations de v\u00e9hicules au Canada, un nouveau sommet, selon Statistique Canada. Bien que la croissance exponentielle des ann\u00e9es pr\u00e9c\u00e9dentes ait ralenti, le nombre de VE immatricul\u00e9s a tout de m\u00eame augment\u00e9 de 37,9 % par rapport \u00e0 l&#8217;ann\u00e9e pr\u00e9c\u00e9dente, avec plus de 65 000 unit\u00e9s enregistr\u00e9es entre avril et juin.<\/p>\n<h3>Les constructeurs ajustent leur strat\u00e9gie<\/h3>\n<p>\nSteve Flamand, directeur ex\u00e9cutif des ventes nationales chez Hyundai Canada, indique que la marque continue de gagner du terrain sur le march\u00e9 des VE, se classant deuxi\u00e8me derri\u00e8re Tesla. Contrairement \u00e0 d&#8217;autres constructeurs qui ont ralenti leur transition vers l&#8217;\u00e9lectrique, Hyundai maintient ses objectifs ambitieux d&#8217;\u00e9lectrification, en augmentant la capacit\u00e9 de production de v\u00e9hicules \u00e9lectriques \u00e0 batterie (VEB) et en int\u00e9grant plus d&#8217;hybrides et de v\u00e9hicules \u00e9lectriques \u00e0 autonomie prolong\u00e9e dans son portefeuille.<\/p>\n<h3>La croissance rapide, mais mod\u00e9r\u00e9e<\/h3>\n<p>\nMalgr\u00e9 un march\u00e9 en croissance, les attentes initiales pour une adoption massive des VE \u00e9taient peut-\u00eatre trop optimistes. James Hearn, directeur associ\u00e9 chez S&amp;P Global Mobility, souligne que les constructeurs automobiles pensaient que le march\u00e9 des VE allait exploser gr\u00e2ce aux incitatifs gouvernementaux, mais l&#8217;app\u00e9tit des consommateurs reste mod\u00e9r\u00e9, principalement en raison du prix \u00e9lev\u00e9 \u00e0 l&#8217;achat des v\u00e9hicules \u00e9lectriques.<\/p>\n<h3>Et le Qu\u00e9bec dans tout cela<\/h3>\n<p>\nM\u00eame si le Qu\u00e9bec reste un acteur cl\u00e9 dans la croissance des V\u00c9S avec un taux d\u2019adoption de 28,4 % au deuxi\u00e8me trimestre 2024, les incitatifs provinciaux, qui contribuent largement \u00e0 cette adoption, sont sur le point de diminuer. Le rabais provincial de 7 000 $ passera \u00e0 4 000 $ en 2025, puis \u00e0 2 000 $ en 2026, avant d&#8217;\u00eatre \u00e9limin\u00e9 en 2027. Cela pourrait avoir un impact significatif sur la croissance des ventes de VE dans la province, et par cons\u00e9quent dans tout le Canada.<\/p>\n<h3>Conclusion : un march\u00e9 toujours en pleine expansion<\/h3>\n<p>\nBien que le march\u00e9 canadien des VE continue de cro\u00eetre, il devient \u00e9vident que la fr\u00e9n\u00e9sie de croissance \u00e0 trois chiffres, comme celle observ\u00e9e au deuxi\u00e8me trimestre de 2021, ne pourra pas \u00eatre reproduite. Toutefois, la transition vers les v\u00e9hicules \u00e0 \u00e9missions z\u00e9ro est bien en cours, et les ventes continuent de cro\u00eetre, m\u00eame si le rythme a ralenti.<\/p>\n<p>Avec des renseignements d&#8217;automotive News canada<\/p>\n<p>Le texte <a rel=\"nofollow\" href=\"https:\/\/annuelauto.ca\/le-marche-des-vehicules-electriques-au-canada-continue-de-croitre-pas-de-ralentir\/\">Le march\u00e9 des v\u00e9hicules \u00e9lectriques au Canada continue de cro\u00eetre, pas de ralentir<\/a> provient de <a rel=\"nofollow\" href=\"https:\/\/annuelauto.ca\">L&#8217;annuel de l&#8217;automobile &#8211; Actualit\u00e9 automobile<\/a><\/p>\n<p><\/p>\n","protected":false},"excerpt":{"rendered":"<p>Contrairement \u00e0 ce que certains pourraient croire, les ventes de v\u00e9hicules \u00e9lectriques (V\u00c9S) au Canada ne sont pas en baisse. En fait, les donn\u00e9es r\u00e9v\u00e8lent une croissance continue, bien qu&#8217;elle soit moins rapide qu&#8217;auparavant. Un record de nouvelles immatriculations Au deuxi\u00e8me trimestre de 2024, les v\u00e9hicules \u00e0 \u00e9missions z\u00e9ro (VZE) ont repr\u00e9sent\u00e9 12,9 % des [&hellip;]<\/p>\n","protected":false},"author":8,"featured_media":178758,"comment_status":"close","ping_status":"closed","sticky":false,"template":"","format":"standard","meta":{"_monsterinsights_skip_tracking":false,"_monsterinsights_sitenote_active":false,"_monsterinsights_sitenote_note":"","_monsterinsights_sitenote_category":0,"footnotes":""},"categories":[101],"tags":[],"yoast_head":"<!-- This site is optimized with the Yoast SEO plugin v23.2 - https:\/\/yoast.com\/wordpress\/plugins\/seo\/ -->\n<title>Le march\u00e9 des v\u00e9hicules \u00e9lectriques au Canada continue de cro\u00eetre, pas de ralentir - CanadaMotorJobs.com<\/title>\n<meta name=\"description\" content=\"Le march\u00e9 des v\u00e9hicules \u00e9lectriques au Canada continue de cro\u00eetre, pas de ralentir - Benoit Charette - Annuel automobile - CanadaMotorJobs.com.\" \/>\n<meta name=\"robots\" content=\"index, follow, max-snippet:-1, max-image-preview:large, max-video-preview:-1\" \/>\n<meta property=\"og:locale\" content=\"fr_CA\" \/>\n<meta property=\"og:type\" content=\"article\" \/>\n<meta property=\"og:title\" content=\"Le march\u00e9 des v\u00e9hicules \u00e9lectriques au Canada continue de cro\u00eetre, pas de ralentir - CanadaMotorJobs.com\" \/>\n<meta property=\"og:description\" content=\"Le march\u00e9 des v\u00e9hicules \u00e9lectriques au Canada continue de cro\u00eetre, pas de ralentir - Benoit Charette - Annuel automobile - CanadaMotorJobs.com.\" \/>\n<meta property=\"og:url\" content=\"https:\/\/news.canadamotorjobs.com\/fr\/le-marche-des-vehicules-electriques-au-canada-continue-de-croitre-pas-de-ralentir\/\" \/>\n<meta property=\"og:site_name\" content=\"CanadaMotorJobs.com\" \/>\n<meta property=\"article:publisher\" content=\"https:\/\/www.facebook.com\/canadamotorjobs\/\" \/>\n<meta property=\"article:published_time\" content=\"2024-10-24T13:28:39+00:00\" \/>\n<meta property=\"article:modified_time\" content=\"2024-10-24T13:29:12+00:00\" \/>\n<meta property=\"og:image\" content=\"https:\/\/news.canadamotorjobs.com\/wp-content\/uploads\/2024\/10\/2025-hyundai-ioniq-5-rear-shot-65e5de6678319.jpg\" \/>\n\t<meta property=\"og:image:width\" content=\"1920\" \/>\n\t<meta property=\"og:image:height\" content=\"1280\" \/>\n\t<meta property=\"og:image:type\" content=\"image\/jpeg\" \/>\n<meta name=\"author\" content=\"Benoit Charette\" \/>\n<meta name=\"twitter:card\" content=\"summary_large_image\" \/>\n<meta name=\"twitter:creator\" content=\"@canadamotorjobs\" \/>\n<meta name=\"twitter:site\" content=\"@canadamotorjobs\" \/>\n<meta name=\"twitter:label1\" content=\"\u00c9crit par\" \/>\n\t<meta name=\"twitter:data1\" content=\"Benoit Charette\" \/>\n\t<meta name=\"twitter:label2\" content=\"Estimation du temps de lecture\" \/>\n\t<meta name=\"twitter:data2\" content=\"2 minutes\" \/>\n<!-- \/ Yoast SEO plugin. -->","yoast_head_json":{"title":"Le march\u00e9 des v\u00e9hicules \u00e9lectriques au Canada continue de cro\u00eetre, pas de ralentir - CanadaMotorJobs.com","description":"Le march\u00e9 des v\u00e9hicules \u00e9lectriques au Canada continue de cro\u00eetre, pas de ralentir - Benoit Charette - Annuel automobile - CanadaMotorJobs.com.","robots":{"index":"index","follow":"follow","max-snippet":"max-snippet:-1","max-image-preview":"max-image-preview:large","max-video-preview":"max-video-preview:-1"},"og_locale":"fr_CA","og_type":"article","og_title":"Le march\u00e9 des v\u00e9hicules \u00e9lectriques au Canada continue de cro\u00eetre, pas de ralentir - CanadaMotorJobs.com","og_description":"Le march\u00e9 des v\u00e9hicules \u00e9lectriques au Canada continue de cro\u00eetre, pas de ralentir - Benoit Charette - Annuel automobile - CanadaMotorJobs.com.","og_url":"https:\/\/news.canadamotorjobs.com\/fr\/le-marche-des-vehicules-electriques-au-canada-continue-de-croitre-pas-de-ralentir\/","og_site_name":"CanadaMotorJobs.com","article_publisher":"https:\/\/www.facebook.com\/canadamotorjobs\/","article_published_time":"2024-10-24T13:28:39+00:00","article_modified_time":"2024-10-24T13:29:12+00:00","og_image":[{"width":1920,"height":1280,"url":"https:\/\/news.canadamotorjobs.com\/wp-content\/uploads\/2024\/10\/2025-hyundai-ioniq-5-rear-shot-65e5de6678319.jpg","type":"image\/jpeg"}],"author":"Benoit Charette","twitter_card":"summary_large_image","twitter_creator":"@canadamotorjobs","twitter_site":"@canadamotorjobs","twitter_misc":{"\u00c9crit par":"Benoit Charette","Estimation du temps de lecture":"2 minutes"},"schema":{"@context":"https:\/\/schema.org","@graph":[{"@type":"Article","@id":"https:\/\/news.canadamotorjobs.com\/fr\/le-marche-des-vehicules-electriques-au-canada-continue-de-croitre-pas-de-ralentir\/#article","isPartOf":{"@id":"https:\/\/news.canadamotorjobs.com\/fr\/le-marche-des-vehicules-electriques-au-canada-continue-de-croitre-pas-de-ralentir\/"},"author":{"name":"Benoit Charette","@id":"https:\/\/news.canadamotorjobs.com\/#\/schema\/person\/51793d1f87d44011d7bcc2ed99269a90"},"headline":"Le march\u00e9 des v\u00e9hicules \u00e9lectriques au Canada continue de cro\u00eetre, pas de ralentir","datePublished":"2024-10-24T13:28:39+00:00","dateModified":"2024-10-24T13:29:12+00:00","mainEntityOfPage":{"@id":"https:\/\/news.canadamotorjobs.com\/fr\/le-marche-des-vehicules-electriques-au-canada-continue-de-croitre-pas-de-ralentir\/"},"wordCount":484,"publisher":{"@id":"https:\/\/news.canadamotorjobs.com\/#organization"},"image":{"@id":"https:\/\/news.canadamotorjobs.com\/fr\/le-marche-des-vehicules-electriques-au-canada-continue-de-croitre-pas-de-ralentir\/#primaryimage"},"thumbnailUrl":"https:\/\/news.canadamotorjobs.com\/wp-content\/uploads\/2024\/10\/2025-hyundai-ioniq-5-rear-shot-65e5de6678319.jpg","articleSection":["Annuel automobile"],"inLanguage":"fr-CA"},{"@type":"WebPage","@id":"https:\/\/news.canadamotorjobs.com\/fr\/le-marche-des-vehicules-electriques-au-canada-continue-de-croitre-pas-de-ralentir\/","url":"https:\/\/news.canadamotorjobs.com\/fr\/le-marche-des-vehicules-electriques-au-canada-continue-de-croitre-pas-de-ralentir\/","name":"Le march\u00e9 des v\u00e9hicules \u00e9lectriques au Canada continue de cro\u00eetre, pas de ralentir - CanadaMotorJobs.com","isPartOf":{"@id":"https:\/\/news.canadamotorjobs.com\/#website"},"primaryImageOfPage":{"@id":"https:\/\/news.canadamotorjobs.com\/fr\/le-marche-des-vehicules-electriques-au-canada-continue-de-croitre-pas-de-ralentir\/#primaryimage"},"image":{"@id":"https:\/\/news.canadamotorjobs.com\/fr\/le-marche-des-vehicules-electriques-au-canada-continue-de-croitre-pas-de-ralentir\/#primaryimage"},"thumbnailUrl":"https:\/\/news.canadamotorjobs.com\/wp-content\/uploads\/2024\/10\/2025-hyundai-ioniq-5-rear-shot-65e5de6678319.jpg","datePublished":"2024-10-24T13:28:39+00:00","dateModified":"2024-10-24T13:29:12+00:00","description":"Le march\u00e9 des v\u00e9hicules \u00e9lectriques au Canada continue de cro\u00eetre, pas de ralentir - Benoit Charette - Annuel automobile - CanadaMotorJobs.com.","breadcrumb":{"@id":"https:\/\/news.canadamotorjobs.com\/fr\/le-marche-des-vehicules-electriques-au-canada-continue-de-croitre-pas-de-ralentir\/#breadcrumb"},"inLanguage":"fr-CA","potentialAction":[{"@type":"ReadAction","target":["https:\/\/news.canadamotorjobs.com\/fr\/le-marche-des-vehicules-electriques-au-canada-continue-de-croitre-pas-de-ralentir\/"]}]},{"@type":"ImageObject","inLanguage":"fr-CA","@id":"https:\/\/news.canadamotorjobs.com\/fr\/le-marche-des-vehicules-electriques-au-canada-continue-de-croitre-pas-de-ralentir\/#primaryimage","url":"https:\/\/news.canadamotorjobs.com\/wp-content\/uploads\/2024\/10\/2025-hyundai-ioniq-5-rear-shot-65e5de6678319.jpg","contentUrl":"https:\/\/news.canadamotorjobs.com\/wp-content\/uploads\/2024\/10\/2025-hyundai-ioniq-5-rear-shot-65e5de6678319.jpg","width":1920,"height":1280},{"@type":"BreadcrumbList","@id":"https:\/\/news.canadamotorjobs.com\/fr\/le-marche-des-vehicules-electriques-au-canada-continue-de-croitre-pas-de-ralentir\/#breadcrumb","itemListElement":[{"@type":"ListItem","position":1,"name":"Home","item":"https:\/\/news.canadamotorjobs.com\/fr\/blog\/"},{"@type":"ListItem","position":2,"name":"Le march\u00e9 des v\u00e9hicules \u00e9lectriques au Canada continue de cro\u00eetre, pas de ralentir"}]},{"@type":"WebSite","@id":"https:\/\/news.canadamotorjobs.com\/#website","url":"https:\/\/news.canadamotorjobs.com\/","name":"CanadaMotorJobs.com","description":"Automotive Jobs","publisher":{"@id":"https:\/\/news.canadamotorjobs.com\/#organization"},"potentialAction":[{"@type":"SearchAction","target":{"@type":"EntryPoint","urlTemplate":"https:\/\/news.canadamotorjobs.com\/?s={search_term_string}"},"query-input":"required name=search_term_string"}],"inLanguage":"fr-CA"},{"@type":"Organization","@id":"https:\/\/news.canadamotorjobs.com\/#organization","name":"Canada Motor Jobs","url":"https:\/\/news.canadamotorjobs.com\/","logo":{"@type":"ImageObject","inLanguage":"fr-CA","@id":"https:\/\/news.canadamotorjobs.com\/#\/schema\/logo\/image\/","url":"https:\/\/news.canadamotorjobs.com\/wp-content\/uploads\/2022\/10\/logo-canada-motor-jobs-1.png","contentUrl":"https:\/\/news.canadamotorjobs.com\/wp-content\/uploads\/2022\/10\/logo-canada-motor-jobs-1.png","width":800,"height":400,"caption":"Canada Motor Jobs"},"image":{"@id":"https:\/\/news.canadamotorjobs.com\/#\/schema\/logo\/image\/"},"sameAs":["https:\/\/www.facebook.com\/canadamotorjobs\/","https:\/\/x.com\/canadamotorjobs","https:\/\/www.instagram.com\/canadamotorjobs\/","https:\/\/www.linkedin.com\/company\/canadamotorjobs"]},{"@type":"Person","@id":"https:\/\/news.canadamotorjobs.com\/#\/schema\/person\/51793d1f87d44011d7bcc2ed99269a90","name":"Benoit Charette","image":{"@type":"ImageObject","inLanguage":"fr-CA","@id":"https:\/\/news.canadamotorjobs.com\/#\/schema\/person\/image\/","url":"https:\/\/secure.gravatar.com\/avatar\/45f3d2eebcccd909668d7ce7ea7267b6?s=96&d=mm&r=g","contentUrl":"https:\/\/secure.gravatar.com\/avatar\/45f3d2eebcccd909668d7ce7ea7267b6?s=96&d=mm&r=g","caption":"Benoit Charette"},"description":"Benoit Charette \/ Propri\u00e9taire et r\u00e9dacteur en chef Benoit Charette pratique le journalisme automobile depuis bient\u00f4t 30 ans. Il a fait ses classes au c\u00f4t\u00e9 de Daniel H\u00e9raud et au Carnet de route de 1992 \u00e0 2001. Il est fondateur, copropri\u00e9taire et r\u00e9dacteur en chef de L\u2019Annuel de l\u2019automobile, qu\u2019il publie depuis 2001. Il a anim\u00e9 les \u00e9missions RPM et RPM+ sur V et les L\u00e9gendes de la route sur Historia. \u00c0 la radio depuis 1986, il reprend l\u2019antenne cette ann\u00e9e sur les ondes de Cogeco et participe pour la deuxi\u00e8me ann\u00e9e \u00e0 l\u2019\u00e9mission Passion Auto sur RDS en plus de mettre en ligne le site Web officiel de L\u2019Annuel de l\u2019automobile sur annuelauto.ca.","sameAs":["https:\/\/annuelauto.ca\/"],"url":"https:\/\/news.canadamotorjobs.com\/fr\/author\/benoit-charette\/"}]}},"_links":{"self":[{"href":"https:\/\/news.canadamotorjobs.com\/fr\/wp-json\/wp\/v2\/posts\/178756"}],"collection":[{"href":"https:\/\/news.canadamotorjobs.com\/fr\/wp-json\/wp\/v2\/posts"}],"about":[{"href":"https:\/\/news.canadamotorjobs.com\/fr\/wp-json\/wp\/v2\/types\/post"}],"author":[{"embeddable":true,"href":"https:\/\/news.canadamotorjobs.com\/fr\/wp-json\/wp\/v2\/users\/8"}],"replies":[{"embeddable":true,"href":"https:\/\/news.canadamotorjobs.com\/fr\/wp-json\/wp\/v2\/comments?post=178756"}],"version-history":[{"count":2,"href":"https:\/\/news.canadamotorjobs.com\/fr\/wp-json\/wp\/v2\/posts\/178756\/revisions"}],"predecessor-version":[{"id":178760,"href":"https:\/\/news.canadamotorjobs.com\/fr\/wp-json\/wp\/v2\/posts\/178756\/revisions\/178760"}],"wp:featuredmedia":[{"embeddable":true,"href":"https:\/\/news.canadamotorjobs.com\/fr\/wp-json\/wp\/v2\/media\/178758"}],"wp:attachment":[{"href":"https:\/\/news.canadamotorjobs.com\/fr\/wp-json\/wp\/v2\/media?parent=178756"}],"wp:term":[{"taxonomy":"category","embeddable":true,"href":"https:\/\/news.canadamotorjobs.com\/fr\/wp-json\/wp\/v2\/categories?post=178756"},{"taxonomy":"post_tag","embeddable":true,"href":"https:\/\/news.canadamotorjobs.com\/fr\/wp-json\/wp\/v2\/tags?post=178756"}],"curies":[{"name":"wp","href":"https:\/\/api.w.org\/{rel}","templated":true}]}}