{"id":178737,"date":"2024-10-24T09:11:55","date_gmt":"2024-10-24T13:11:55","guid":{"rendered":"https:\/\/news.canadamotorjobs.com\/?p=178737"},"modified":"2024-10-24T09:13:53","modified_gmt":"2024-10-24T13:13:53","slug":"gm-canada-reporte-la-production-de-moteurs-electriques-a-st-catharines-jusquen-2027","status":"publish","type":"post","link":"https:\/\/news.canadamotorjobs.com\/fr\/gm-canada-reporte-la-production-de-moteurs-electriques-a-st-catharines-jusquen-2027\/","title":{"rendered":"GM Canada reporte la production de moteurs \u00e9lectriques \u00e0 St. Catharines jusqu\u2019en 2027"},"content":{"rendered":"<\/p>\n<p>General Motors Canada a annonc\u00e9 un retard de 16 mois pour la production de moteurs \u00e9lectriques \u00e0 son usine de propulsion de St. Catharines, initialement pr\u00e9vue pour 2025. Le syndicat Unifor, qui repr\u00e9sente les travailleurs, a ouvert un centre d&#8217;action pour soutenir environ 1 000 membres mis \u00e0 pied suite \u00e0 ces retards.<\/p>\n<h3>Mise \u00e0 pied massive \u00e0 l&#8217;usine de St. Catharines<\/h3>\n<p>\nDepuis le d\u00e9but de l&#8217;ann\u00e9e, pr\u00e8s de la moiti\u00e9 des employ\u00e9s de l&#8217;usine ont \u00e9t\u00e9 mis \u00e0 pied, alors que la production des moteurs V6 et des transmissions \u00e0 six vitesses GF6 a pris fin au printemps dernier. Jordan Lennox, pr\u00e9sident de la section locale 199 d&#8217;Unifor, a indiqu\u00e9 que seulement 600 travailleurs restent actifs, contre 1 100 au d\u00e9but de l&#8217;ann\u00e9e. En plus de ces pertes, 500 autres travailleurs dans la cha\u00eene d&#8217;approvisionnement ont \u00e9galement \u00e9t\u00e9 affect\u00e9s.<\/p>\n<h3>Un avenir optimiste malgr\u00e9 les d\u00e9fis<\/h3>\n<p>\nMalgr\u00e9 ces difficult\u00e9s, Lennox reste optimiste pour l&#8217;avenir. &#8220;Nous devons avoir une vision positive que cette transition se fera correctement et que nous aurons l&#8217;opportunit\u00e9 de ramener une grande partie de ces employ\u00e9s&#8221;, a-t-il d\u00e9clar\u00e9. GM a ajust\u00e9 sa strat\u00e9gie de production de moteurs \u00e9lectriques pour mieux s&#8217;adapter \u00e0 la demande croissante sur le march\u00e9 mondial des v\u00e9hicules \u00e9lectriques.<\/p>\n<h3>D\u00e9tails du retard et ajustements strat\u00e9giques de GM<\/h3>\n<p>\nLa production des unit\u00e9s motrices \u00e9lectriques, initialement pr\u00e9vue pour le quatri\u00e8me trimestre de 2025, est maintenant repouss\u00e9e au d\u00e9but de 2027. Ce retard fait partie de la strat\u00e9gie globale de GM pour aligner sa capacit\u00e9 de production sur la demande croissante des v\u00e9hicules \u00e9lectriques, a d\u00e9clar\u00e9 Natalie Nankil, porte-parole de GM Canada.<\/p>\n<p>L&#8217;usine de St. Catharines continuera \u00e0 produire des moteurs V8 pour les camions et VUS sur trois quarts de travail ainsi que des transmissions \u00e0 double embrayage pour la Chevrolet Corvette sur un quart de travail.<\/p>\n<h3>Soutien aux travailleurs touch\u00e9s par les retards<\/h3>\n<p>\nUnifor a ouvert un centre d&#8217;action le 10 octobre \u00e0 St. Catharines pour aider les travailleurs mis \u00e0 pied \u00e0 trouver un nouvel emploi, am\u00e9liorer leurs comp\u00e9tences et fournir un soutien en sant\u00e9 mentale. Lennox souligne l&#8217;importance de maintenir une communaut\u00e9 de travailleurs pour ceux qui ont \u00e9t\u00e9 mis \u00e0 pied. &#8220;Vous passez d\u2019un emploi du lundi au vendredi \u00e0 \u00eatre mis \u00e0 pied soudainement, et vous vous retrouvez seul&#8221;, a-t-il ajout\u00e9.<\/p>\n<p>Apr\u00e8s seulement une semaine d&#8217;ouverture, environ 20 membres ont d\u00e9j\u00e0 utilis\u00e9 le centre pour trouver un emploi \u00e0 temps plein ou partiel. Les travailleurs b\u00e9n\u00e9ficient \u00e9galement de prestations de ch\u00f4mage suppl\u00e9mentaires jusqu&#8217;\u00e0 deux ans, mais il est pr\u00e9vu que tous devront chercher d&#8217;autres opportunit\u00e9s d&#8217;emploi pendant la dur\u00e9e prolong\u00e9e du licenciement.<\/p>\n<h3>Retards dans la cha\u00eene d&#8217;approvisionnement des VE au Canada<\/h3>\n<p>\nCe retard dans la production de moteurs \u00e9lectriques est le dernier d&#8217;une s\u00e9rie de contretemps pour les grands projets canadiens dans la cha\u00eene d&#8217;approvisionnement des v\u00e9hicules \u00e9lectriques en 2024. Ford, par exemple, a revu \u00e0 deux reprises ses plans de production pour ses v\u00e9hicules \u00e9lectriques \u00e0 trois rang\u00e9es \u00e0 Oakville, avant d\u2019abandonner enti\u00e8rement le projet en juillet. Unifor a \u00e9galement ouvert un autre centre d&#8217;action \u00e0 Oakville pour soutenir les membres lors de cette transition.<\/p>\n<h3>Une vision prudente de la croissance du march\u00e9 des v\u00e9hicules \u00e9lectriques<\/h3>\n<p>\nSam Fiorani, vice-pr\u00e9sident de la pr\u00e9vision mondiale des v\u00e9hicules chez AutoForecast Solutions, estime que bien que le march\u00e9 des v\u00e9hicules \u00e9lectriques soit en croissance, il n&#8217;\u00e9volue pas assez rapidement pour absorber tous les nouveaux acteurs. Il note cependant que GM sera bien positionn\u00e9 pour profiter de cette croissance \u00e0 partir de 2027, bien que la mont\u00e9e en puissance soit plus lente que pr\u00e9vu.<\/p>\n<p>Avec des renseignements d&#8217;Automotive News<\/p>\n<p>Le texte <a rel=\"nofollow\" href=\"https:\/\/annuelauto.ca\/gm-canada-reporte-la-production-de-moteurs-electriques-a-st-catharines-jusquen-2027\/\">GM Canada reporte la production de moteurs \u00e9lectriques \u00e0 St. Catharines jusqu\u2019en 2027<\/a> provient de <a rel=\"nofollow\" href=\"https:\/\/annuelauto.ca\">L&#8217;annuel de l&#8217;automobile &#8211; Actualit\u00e9 automobile<\/a><\/p>\n<p><\/p>\n","protected":false},"excerpt":{"rendered":"<p>General Motors Canada a annonc\u00e9 un retard de 16 mois pour la production de moteurs \u00e9lectriques \u00e0 son usine de propulsion de St. Catharines, initialement pr\u00e9vue pour 2025. Le syndicat Unifor, qui repr\u00e9sente les travailleurs, a ouvert un centre d&#8217;action pour soutenir environ 1 000 membres mis \u00e0 pied suite \u00e0 ces retards. Mise \u00e0 [&hellip;]<\/p>\n","protected":false},"author":8,"featured_media":178739,"comment_status":"close","ping_status":"closed","sticky":false,"template":"","format":"standard","meta":{"_monsterinsights_skip_tracking":false,"_monsterinsights_sitenote_active":false,"_monsterinsights_sitenote_note":"","_monsterinsights_sitenote_category":0,"footnotes":""},"categories":[101],"tags":[],"yoast_head":"<!-- This site is optimized with the Yoast SEO plugin v23.2 - https:\/\/yoast.com\/wordpress\/plugins\/seo\/ -->\n<title>GM Canada reporte la production de moteurs \u00e9lectriques \u00e0 St. Catharines jusqu\u2019en 2027 - CanadaMotorJobs.com<\/title>\n<meta name=\"description\" content=\"GM Canada reporte la production de moteurs \u00e9lectriques \u00e0 St. Catharines jusqu\u2019en 2027 - Benoit Charette - Annuel automobile - CanadaMotorJobs.com.\" \/>\n<meta name=\"robots\" content=\"index, follow, max-snippet:-1, max-image-preview:large, max-video-preview:-1\" \/>\n<meta property=\"og:locale\" content=\"fr_CA\" \/>\n<meta property=\"og:type\" content=\"article\" \/>\n<meta property=\"og:title\" content=\"GM Canada reporte la production de moteurs \u00e9lectriques \u00e0 St. Catharines jusqu\u2019en 2027 - CanadaMotorJobs.com\" \/>\n<meta property=\"og:description\" content=\"GM Canada reporte la production de moteurs \u00e9lectriques \u00e0 St. Catharines jusqu\u2019en 2027 - Benoit Charette - Annuel automobile - CanadaMotorJobs.com.\" \/>\n<meta property=\"og:url\" content=\"https:\/\/news.canadamotorjobs.com\/fr\/gm-canada-reporte-la-production-de-moteurs-electriques-a-st-catharines-jusquen-2027\/\" \/>\n<meta property=\"og:site_name\" content=\"CanadaMotorJobs.com\" \/>\n<meta property=\"article:publisher\" content=\"https:\/\/www.facebook.com\/canadamotorjobs\/\" \/>\n<meta property=\"article:published_time\" content=\"2024-10-24T13:11:55+00:00\" \/>\n<meta property=\"article:modified_time\" content=\"2024-10-24T13:13:53+00:00\" \/>\n<meta property=\"og:image\" content=\"https:\/\/news.canadamotorjobs.com\/wp-content\/uploads\/2024\/10\/GM-St-Catharines-36.jpg\" \/>\n\t<meta property=\"og:image:width\" content=\"1024\" \/>\n\t<meta property=\"og:image:height\" content=\"768\" \/>\n\t<meta property=\"og:image:type\" content=\"image\/jpeg\" \/>\n<meta name=\"author\" content=\"Benoit Charette\" \/>\n<meta name=\"twitter:card\" content=\"summary_large_image\" \/>\n<meta name=\"twitter:creator\" content=\"@canadamotorjobs\" \/>\n<meta name=\"twitter:site\" content=\"@canadamotorjobs\" \/>\n<meta name=\"twitter:label1\" content=\"\u00c9crit par\" \/>\n\t<meta name=\"twitter:data1\" content=\"Benoit Charette\" \/>\n\t<meta name=\"twitter:label2\" content=\"Estimation du temps de lecture\" \/>\n\t<meta name=\"twitter:data2\" content=\"3 minutes\" \/>\n<!-- \/ Yoast SEO plugin. -->","yoast_head_json":{"title":"GM Canada reporte la production de moteurs \u00e9lectriques \u00e0 St. Catharines jusqu\u2019en 2027 - CanadaMotorJobs.com","description":"GM Canada reporte la production de moteurs \u00e9lectriques \u00e0 St. Catharines jusqu\u2019en 2027 - Benoit Charette - Annuel automobile - CanadaMotorJobs.com.","robots":{"index":"index","follow":"follow","max-snippet":"max-snippet:-1","max-image-preview":"max-image-preview:large","max-video-preview":"max-video-preview:-1"},"og_locale":"fr_CA","og_type":"article","og_title":"GM Canada reporte la production de moteurs \u00e9lectriques \u00e0 St. Catharines jusqu\u2019en 2027 - CanadaMotorJobs.com","og_description":"GM Canada reporte la production de moteurs \u00e9lectriques \u00e0 St. Catharines jusqu\u2019en 2027 - Benoit Charette - Annuel automobile - CanadaMotorJobs.com.","og_url":"https:\/\/news.canadamotorjobs.com\/fr\/gm-canada-reporte-la-production-de-moteurs-electriques-a-st-catharines-jusquen-2027\/","og_site_name":"CanadaMotorJobs.com","article_publisher":"https:\/\/www.facebook.com\/canadamotorjobs\/","article_published_time":"2024-10-24T13:11:55+00:00","article_modified_time":"2024-10-24T13:13:53+00:00","og_image":[{"width":1024,"height":768,"url":"https:\/\/news.canadamotorjobs.com\/wp-content\/uploads\/2024\/10\/GM-St-Catharines-36.jpg","type":"image\/jpeg"}],"author":"Benoit Charette","twitter_card":"summary_large_image","twitter_creator":"@canadamotorjobs","twitter_site":"@canadamotorjobs","twitter_misc":{"\u00c9crit par":"Benoit Charette","Estimation du temps de lecture":"3 minutes"},"schema":{"@context":"https:\/\/schema.org","@graph":[{"@type":"Article","@id":"https:\/\/news.canadamotorjobs.com\/fr\/gm-canada-reporte-la-production-de-moteurs-electriques-a-st-catharines-jusquen-2027\/#article","isPartOf":{"@id":"https:\/\/news.canadamotorjobs.com\/fr\/gm-canada-reporte-la-production-de-moteurs-electriques-a-st-catharines-jusquen-2027\/"},"author":{"name":"Benoit Charette","@id":"https:\/\/news.canadamotorjobs.com\/#\/schema\/person\/51793d1f87d44011d7bcc2ed99269a90"},"headline":"GM Canada reporte la production de moteurs \u00e9lectriques \u00e0 St. Catharines jusqu\u2019en 2027","datePublished":"2024-10-24T13:11:55+00:00","dateModified":"2024-10-24T13:13:53+00:00","mainEntityOfPage":{"@id":"https:\/\/news.canadamotorjobs.com\/fr\/gm-canada-reporte-la-production-de-moteurs-electriques-a-st-catharines-jusquen-2027\/"},"wordCount":670,"publisher":{"@id":"https:\/\/news.canadamotorjobs.com\/#organization"},"image":{"@id":"https:\/\/news.canadamotorjobs.com\/fr\/gm-canada-reporte-la-production-de-moteurs-electriques-a-st-catharines-jusquen-2027\/#primaryimage"},"thumbnailUrl":"https:\/\/news.canadamotorjobs.com\/wp-content\/uploads\/2024\/10\/GM-St-Catharines-36.jpg","articleSection":["Annuel automobile"],"inLanguage":"fr-CA"},{"@type":"WebPage","@id":"https:\/\/news.canadamotorjobs.com\/fr\/gm-canada-reporte-la-production-de-moteurs-electriques-a-st-catharines-jusquen-2027\/","url":"https:\/\/news.canadamotorjobs.com\/fr\/gm-canada-reporte-la-production-de-moteurs-electriques-a-st-catharines-jusquen-2027\/","name":"GM Canada reporte la production de moteurs \u00e9lectriques \u00e0 St. Catharines jusqu\u2019en 2027 - CanadaMotorJobs.com","isPartOf":{"@id":"https:\/\/news.canadamotorjobs.com\/#website"},"primaryImageOfPage":{"@id":"https:\/\/news.canadamotorjobs.com\/fr\/gm-canada-reporte-la-production-de-moteurs-electriques-a-st-catharines-jusquen-2027\/#primaryimage"},"image":{"@id":"https:\/\/news.canadamotorjobs.com\/fr\/gm-canada-reporte-la-production-de-moteurs-electriques-a-st-catharines-jusquen-2027\/#primaryimage"},"thumbnailUrl":"https:\/\/news.canadamotorjobs.com\/wp-content\/uploads\/2024\/10\/GM-St-Catharines-36.jpg","datePublished":"2024-10-24T13:11:55+00:00","dateModified":"2024-10-24T13:13:53+00:00","description":"GM Canada reporte la production de moteurs \u00e9lectriques \u00e0 St. Catharines jusqu\u2019en 2027 - Benoit Charette - Annuel automobile - CanadaMotorJobs.com.","breadcrumb":{"@id":"https:\/\/news.canadamotorjobs.com\/fr\/gm-canada-reporte-la-production-de-moteurs-electriques-a-st-catharines-jusquen-2027\/#breadcrumb"},"inLanguage":"fr-CA","potentialAction":[{"@type":"ReadAction","target":["https:\/\/news.canadamotorjobs.com\/fr\/gm-canada-reporte-la-production-de-moteurs-electriques-a-st-catharines-jusquen-2027\/"]}]},{"@type":"ImageObject","inLanguage":"fr-CA","@id":"https:\/\/news.canadamotorjobs.com\/fr\/gm-canada-reporte-la-production-de-moteurs-electriques-a-st-catharines-jusquen-2027\/#primaryimage","url":"https:\/\/news.canadamotorjobs.com\/wp-content\/uploads\/2024\/10\/GM-St-Catharines-36.jpg","contentUrl":"https:\/\/news.canadamotorjobs.com\/wp-content\/uploads\/2024\/10\/GM-St-Catharines-36.jpg","width":1024,"height":768},{"@type":"BreadcrumbList","@id":"https:\/\/news.canadamotorjobs.com\/fr\/gm-canada-reporte-la-production-de-moteurs-electriques-a-st-catharines-jusquen-2027\/#breadcrumb","itemListElement":[{"@type":"ListItem","position":1,"name":"Home","item":"https:\/\/news.canadamotorjobs.com\/fr\/blog\/"},{"@type":"ListItem","position":2,"name":"GM Canada reporte la production de moteurs \u00e9lectriques \u00e0 St. Catharines jusqu\u2019en 2027"}]},{"@type":"WebSite","@id":"https:\/\/news.canadamotorjobs.com\/#website","url":"https:\/\/news.canadamotorjobs.com\/","name":"CanadaMotorJobs.com","description":"Automotive Jobs","publisher":{"@id":"https:\/\/news.canadamotorjobs.com\/#organization"},"potentialAction":[{"@type":"SearchAction","target":{"@type":"EntryPoint","urlTemplate":"https:\/\/news.canadamotorjobs.com\/?s={search_term_string}"},"query-input":"required name=search_term_string"}],"inLanguage":"fr-CA"},{"@type":"Organization","@id":"https:\/\/news.canadamotorjobs.com\/#organization","name":"Canada Motor Jobs","url":"https:\/\/news.canadamotorjobs.com\/","logo":{"@type":"ImageObject","inLanguage":"fr-CA","@id":"https:\/\/news.canadamotorjobs.com\/#\/schema\/logo\/image\/","url":"https:\/\/news.canadamotorjobs.com\/wp-content\/uploads\/2022\/10\/logo-canada-motor-jobs-1.png","contentUrl":"https:\/\/news.canadamotorjobs.com\/wp-content\/uploads\/2022\/10\/logo-canada-motor-jobs-1.png","width":800,"height":400,"caption":"Canada Motor Jobs"},"image":{"@id":"https:\/\/news.canadamotorjobs.com\/#\/schema\/logo\/image\/"},"sameAs":["https:\/\/www.facebook.com\/canadamotorjobs\/","https:\/\/x.com\/canadamotorjobs","https:\/\/www.instagram.com\/canadamotorjobs\/","https:\/\/www.linkedin.com\/company\/canadamotorjobs"]},{"@type":"Person","@id":"https:\/\/news.canadamotorjobs.com\/#\/schema\/person\/51793d1f87d44011d7bcc2ed99269a90","name":"Benoit Charette","image":{"@type":"ImageObject","inLanguage":"fr-CA","@id":"https:\/\/news.canadamotorjobs.com\/#\/schema\/person\/image\/","url":"https:\/\/secure.gravatar.com\/avatar\/45f3d2eebcccd909668d7ce7ea7267b6?s=96&d=mm&r=g","contentUrl":"https:\/\/secure.gravatar.com\/avatar\/45f3d2eebcccd909668d7ce7ea7267b6?s=96&d=mm&r=g","caption":"Benoit Charette"},"description":"Benoit Charette \/ Propri\u00e9taire et r\u00e9dacteur en chef Benoit Charette pratique le journalisme automobile depuis bient\u00f4t 30 ans. Il a fait ses classes au c\u00f4t\u00e9 de Daniel H\u00e9raud et au Carnet de route de 1992 \u00e0 2001. Il est fondateur, copropri\u00e9taire et r\u00e9dacteur en chef de L\u2019Annuel de l\u2019automobile, qu\u2019il publie depuis 2001. Il a anim\u00e9 les \u00e9missions RPM et RPM+ sur V et les L\u00e9gendes de la route sur Historia. \u00c0 la radio depuis 1986, il reprend l\u2019antenne cette ann\u00e9e sur les ondes de Cogeco et participe pour la deuxi\u00e8me ann\u00e9e \u00e0 l\u2019\u00e9mission Passion Auto sur RDS en plus de mettre en ligne le site Web officiel de L\u2019Annuel de l\u2019automobile sur annuelauto.ca.","sameAs":["https:\/\/annuelauto.ca\/"],"url":"https:\/\/news.canadamotorjobs.com\/fr\/author\/benoit-charette\/"}]}},"_links":{"self":[{"href":"https:\/\/news.canadamotorjobs.com\/fr\/wp-json\/wp\/v2\/posts\/178737"}],"collection":[{"href":"https:\/\/news.canadamotorjobs.com\/fr\/wp-json\/wp\/v2\/posts"}],"about":[{"href":"https:\/\/news.canadamotorjobs.com\/fr\/wp-json\/wp\/v2\/types\/post"}],"author":[{"embeddable":true,"href":"https:\/\/news.canadamotorjobs.com\/fr\/wp-json\/wp\/v2\/users\/8"}],"replies":[{"embeddable":true,"href":"https:\/\/news.canadamotorjobs.com\/fr\/wp-json\/wp\/v2\/comments?post=178737"}],"version-history":[{"count":2,"href":"https:\/\/news.canadamotorjobs.com\/fr\/wp-json\/wp\/v2\/posts\/178737\/revisions"}],"predecessor-version":[{"id":178741,"href":"https:\/\/news.canadamotorjobs.com\/fr\/wp-json\/wp\/v2\/posts\/178737\/revisions\/178741"}],"wp:featuredmedia":[{"embeddable":true,"href":"https:\/\/news.canadamotorjobs.com\/fr\/wp-json\/wp\/v2\/media\/178739"}],"wp:attachment":[{"href":"https:\/\/news.canadamotorjobs.com\/fr\/wp-json\/wp\/v2\/media?parent=178737"}],"wp:term":[{"taxonomy":"category","embeddable":true,"href":"https:\/\/news.canadamotorjobs.com\/fr\/wp-json\/wp\/v2\/categories?post=178737"},{"taxonomy":"post_tag","embeddable":true,"href":"https:\/\/news.canadamotorjobs.com\/fr\/wp-json\/wp\/v2\/tags?post=178737"}],"curies":[{"name":"wp","href":"https:\/\/api.w.org\/{rel}","templated":true}]}}