{"id":178629,"date":"2024-10-23T07:14:25","date_gmt":"2024-10-23T11:14:25","guid":{"rendered":"https:\/\/news.canadamotorjobs.com\/?p=178629"},"modified":"2024-10-23T07:29:06","modified_gmt":"2024-10-23T11:29:06","slug":"voici-laudi-a5-2025","status":"publish","type":"post","link":"https:\/\/news.canadamotorjobs.com\/fr\/voici-laudi-a5-2025\/","title":{"rendered":"Voici l\u2019Audi A5 2025"},"content":{"rendered":"<\/p>\n<p>Saint-Paul de Vence, France &#8211; L\u2019Audi A5 2025, qui sera probablement estampill\u00e9e 2026 lors de son arriv\u00e9e au printemps prochain, symbolise une nouvelle \u00e8re pour la marque aux anneaux. Alors que l&#8217;industrie s\u2019oriente vers l\u2019\u00e9lectrification, Audi simplifie sa gamme : les chiffres pairs, comme A4 et A6, d\u00e9signeront les mod\u00e8les \u00e9lectriques, tandis que les impairs, tels que l\u2019A5, resteront fid\u00e8les aux motorisations thermiques.<\/p>\n<h3>Une r\u00e9vision esth\u00e9tique avant tout<\/h3>\n<p>\nAvec des investissements massifs d\u00e9di\u00e9s \u00e0 l&#8217;\u00e9lectrification, les mod\u00e8les thermiques d\u2019Audi, comme l\u2019A5, b\u00e9n\u00e9ficient de mises \u00e0 jour essentiellement esth\u00e9tiques. En effet, la version 45, autrefois d\u2019entr\u00e9e de gamme, a \u00e9t\u00e9 remplac\u00e9e par la version 40, plus modeste en puissance. Quant \u00e0 la S5, elle adopte un syst\u00e8me hybride l\u00e9ger de 48 volts, augmentant l\u00e9g\u00e8rement la puissance du V6 turbo.<\/p>\n<h3>Une plateforme nouvelle pour une silhouette famili\u00e8re<\/h3>\n<p>\nEn 2025, seule la version Sportback de l\u2019A5 fait son retour. L\u2019abandon des coup\u00e9s et cabriolets laisse place \u00e0 cette version \u00e0 cinq portes qui fusionne avec la d\u00e9funte A4. Premier v\u00e9hicule \u00e0 adopter la plateforme PPC (Premium Platform Combustion), l\u2019A5 Sportback se distingue par ses nouvelles roues de 19 pouces avec le pack S Line Plus, incluant \u00e9triers rouges et des finitions noires \u00e0 l&#8217;ext\u00e9rieur. En Europe, une version hybride rechargeable viendra plus tard, mais pour l\u2019instant, seules les A5 40 et S5 sont au menu pour le Canada.<\/p>\n<h3>Design : \u00c9l\u00e9gance et proportions parfaites<\/h3>\n<p>\nL\u2019A5 Sportback 2025 allie \u00e9l\u00e9gance et c\u00f4t\u00e9 pratique. Plus longue de 67 mm par rapport \u00e0 l&#8217;ancienne A4, elle affiche un profil allong\u00e9, harmonieux et dynamique gr\u00e2ce \u00e0 une proportion bien pens\u00e9e entre carrosserie et vitrage. Le hayon dissimul\u00e9 derri\u00e8re une allure de coffre classique facilite le chargement. Des d\u00e9tails de design, tels que les &#8220;coupes de cuill\u00e8re&#8221; sur le capot et les feux OLED personnalisables, ajoutent une touche futuriste. La version Avant disponible chez nous dans la version A5 seulement alors que l&#8217;Europe se r\u00e9serve la S5 sous cette m\u00eame configuration ( dommage).<\/p>\n<h3>Un int\u00e9rieur immersif et high-tech<\/h3>\n<p>\nL\u2019habitacle se distingue par la &#8220;sc\u00e8ne num\u00e9rique&#8221; d\u2019Audi, compos\u00e9e d\u2019un \u00e9cran incurv\u00e9 de 11,9 pouces derri\u00e8re le volant et d\u2019un \u00e9cran central de 14,5 pouces. Le confort et la qualit\u00e9 des mat\u00e9riaux sont exemplaires, avec des si\u00e8ges sport confortables et une insonorisation soign\u00e9e. L\u2019espace arri\u00e8re, bien que l\u00e9g\u00e8rement accru, reste relativement restreint. Le mod\u00e8le Avant offre un espace de chargement plus g\u00e9n\u00e9reux, culminant \u00e0 1 420 litres. L&#8217;int\u00e9rieur de la S5 est r\u00e9solument plus sportif avec sont volant plat et des si\u00e8ges plus dynamiques.<\/p>\n<h3>Technologie : Une exp\u00e9rience utilisateur intuitive<\/h3>\n<p>\nL&#8217;A5 propose une technologie de pointe, avec un assistant vocal \u00e9volutif et un affichage t\u00eate haute (HUD) redimensionn\u00e9. Le syst\u00e8me audio Bang &amp; Olufsen avec 20 haut-parleurs, dont quatre int\u00e9gr\u00e9s dans les appuie-t\u00eates, cr\u00e9e une immersion sonore compl\u00e8te. Les commandes repens\u00e9es permettent une interaction fluide et intuitive sans quitter la route des yeux.<\/p>\n<h3>Motorisation : Un duo de moteurs aux rendements contrast\u00e9s<\/h3>\n<p>\nL&#8217;A5 repose sur un moteur 2.0L turbo de 201 chevaux, jumel\u00e9 \u00e0 une transmission DSG 7 vitesses. Cependant, ses performances sont inf\u00e9rieures \u00e0 celles de l&#8217;ancienne A4 45 TFSI (qui faisait 261 chevaux), avec des acc\u00e9l\u00e9rations moins vives. La S5, avec son V6 de 362 chevaux, qui inclut maintenant une batterie de 48 volts qui ajoute 13 chevaux, reste la version \u00e0 privil\u00e9gier pour les amateurs de conduite dynamique. Ce V6, associ\u00e9 \u00e0 un syst\u00e8me hybride l\u00e9ger, assure une puissance \u00e9quilibr\u00e9e par une consommation raisonnable.<\/p>\n<h3>Conduite : Confort et pr\u00e9cision, mais manque de punch<\/h3>\n<p>\nL\u2019A5 excelle en mati\u00e8re de confort, avec une direction progressive et une suspension adaptative. Cependant, la version 40 manque cruellement de dynamisme face \u00e0 ses concurrentes, souffrant de reprises timides et de performances ternes. \u00c0 l\u2019inverse, la S5, avec ses 362 chevaux, ravive le plaisir de conduire avec une pr\u00e9cision et une nervosit\u00e9 remarquables.<\/p>\n<h3>Consommation : Des chiffres en progr\u00e8s<\/h3>\n<p>\nLa consommation de l\u2019A5 40 TFSI est de 9,0 L\/100 km en ville et 7,0 L\/100 km sur l\u2019autoroute, des chiffres raisonnables mais obtenus au d\u00e9triment de la performance. La S5, quant \u00e0 elle, tourne autour de 11,0 L\/100 km en ville et 9,0 L\/100 km sur autoroute.<\/p>\n<h3>Conclusion : L\u2019\u00e9l\u00e9gance avant tout, les performances en retrait<\/h3>\n<p>\nL&#8217;Audi A5 2025 offre un design sophistiqu\u00e9 et une technologie embarqu\u00e9e de pointe, mais les amateurs de conduite sportive devront se tourner vers la S5 pour une v\u00e9ritable exp\u00e9rience dynamique.<\/p>\n<p><strong>Forces :<\/strong><\/p>\n<ul><\/p>\n<li>Design \u00e9l\u00e9gant et lignes fluides.<\/li>\n<p><\/p>\n<li>Technologies avanc\u00e9es, notamment l\u2019interface num\u00e9rique immersive.<\/li>\n<p><\/p>\n<li>Habitacle spacieux et raffin\u00e9.<\/li>\n<p>\n<\/ul>\n<p>\n<strong>Faiblesses :<\/strong><\/p>\n<ul><\/p>\n<li>Performances d\u00e9cevantes de l\u2019A5 40.<\/li>\n<p><\/p>\n<li>Absence des versions coup\u00e9 et cabriolet.<\/li>\n<p><\/p>\n<li>Aucune version hybride pour le moment.<\/li>\n<p>\n<\/ul>\n<p>Le texte <a rel=\"nofollow\" href=\"https:\/\/annuelauto.ca\/voici-laudi-a5-2025\/\">Voici l\u2019Audi A5 2025<\/a> provient de <a rel=\"nofollow\" href=\"https:\/\/annuelauto.ca\">L&#8217;annuel de l&#8217;automobile &#8211; Actualit\u00e9 automobile<\/a><\/p>\n<p><\/p>\n","protected":false},"excerpt":{"rendered":"<p>Saint-Paul de Vence, France &#8211; L\u2019Audi A5 2025, qui sera probablement estampill\u00e9e 2026 lors de son arriv\u00e9e au printemps prochain, symbolise une nouvelle \u00e8re pour la marque aux anneaux. Alors que l&#8217;industrie s\u2019oriente vers l\u2019\u00e9lectrification, Audi simplifie sa gamme : les chiffres pairs, comme A4 et A6, d\u00e9signeront les mod\u00e8les \u00e9lectriques, tandis que les impairs, [&hellip;]<\/p>\n","protected":false},"author":8,"featured_media":178631,"comment_status":"close","ping_status":"closed","sticky":false,"template":"","format":"standard","meta":{"_monsterinsights_skip_tracking":false,"_monsterinsights_sitenote_active":false,"_monsterinsights_sitenote_note":"","_monsterinsights_sitenote_category":0,"footnotes":""},"categories":[101],"tags":[],"yoast_head":"<!-- This site is optimized with the Yoast SEO plugin v23.2 - https:\/\/yoast.com\/wordpress\/plugins\/seo\/ -->\n<title>Voici l\u2019Audi A5 2025 - CanadaMotorJobs.com<\/title>\n<meta name=\"description\" content=\"Voici l\u2019Audi A5 2025 - Benoit Charette - Annuel automobile - CanadaMotorJobs.com.\" \/>\n<meta name=\"robots\" content=\"index, follow, max-snippet:-1, max-image-preview:large, max-video-preview:-1\" \/>\n<meta property=\"og:locale\" content=\"fr_CA\" \/>\n<meta property=\"og:type\" content=\"article\" \/>\n<meta property=\"og:title\" content=\"Voici l\u2019Audi A5 2025 - CanadaMotorJobs.com\" \/>\n<meta property=\"og:description\" content=\"Voici l\u2019Audi A5 2025 - Benoit Charette - Annuel automobile - CanadaMotorJobs.com.\" \/>\n<meta property=\"og:url\" content=\"https:\/\/news.canadamotorjobs.com\/fr\/voici-laudi-a5-2025\/\" \/>\n<meta property=\"og:site_name\" content=\"CanadaMotorJobs.com\" \/>\n<meta property=\"article:publisher\" content=\"https:\/\/www.facebook.com\/canadamotorjobs\/\" \/>\n<meta property=\"article:published_time\" content=\"2024-10-23T11:14:25+00:00\" \/>\n<meta property=\"article:modified_time\" content=\"2024-10-23T11:29:06+00:00\" \/>\n<meta property=\"og:image\" content=\"https:\/\/news.canadamotorjobs.com\/wp-content\/uploads\/2024\/10\/Group001.jpg\" \/>\n\t<meta property=\"og:image:width\" content=\"1202\" \/>\n\t<meta property=\"og:image:height\" content=\"800\" \/>\n\t<meta property=\"og:image:type\" content=\"image\/jpeg\" \/>\n<meta name=\"author\" content=\"Benoit Charette\" \/>\n<meta name=\"twitter:card\" content=\"summary_large_image\" \/>\n<meta name=\"twitter:creator\" content=\"@canadamotorjobs\" \/>\n<meta name=\"twitter:site\" content=\"@canadamotorjobs\" \/>\n<meta name=\"twitter:label1\" content=\"\u00c9crit par\" \/>\n\t<meta name=\"twitter:data1\" content=\"Benoit Charette\" \/>\n\t<meta name=\"twitter:label2\" content=\"Estimation du temps de lecture\" \/>\n\t<meta name=\"twitter:data2\" content=\"4 minutes\" \/>\n<!-- \/ Yoast SEO plugin. -->","yoast_head_json":{"title":"Voici l\u2019Audi A5 2025 - CanadaMotorJobs.com","description":"Voici l\u2019Audi A5 2025 - Benoit Charette - Annuel automobile - CanadaMotorJobs.com.","robots":{"index":"index","follow":"follow","max-snippet":"max-snippet:-1","max-image-preview":"max-image-preview:large","max-video-preview":"max-video-preview:-1"},"og_locale":"fr_CA","og_type":"article","og_title":"Voici l\u2019Audi A5 2025 - CanadaMotorJobs.com","og_description":"Voici l\u2019Audi A5 2025 - Benoit Charette - Annuel automobile - CanadaMotorJobs.com.","og_url":"https:\/\/news.canadamotorjobs.com\/fr\/voici-laudi-a5-2025\/","og_site_name":"CanadaMotorJobs.com","article_publisher":"https:\/\/www.facebook.com\/canadamotorjobs\/","article_published_time":"2024-10-23T11:14:25+00:00","article_modified_time":"2024-10-23T11:29:06+00:00","og_image":[{"width":1202,"height":800,"url":"https:\/\/news.canadamotorjobs.com\/wp-content\/uploads\/2024\/10\/Group001.jpg","type":"image\/jpeg"}],"author":"Benoit Charette","twitter_card":"summary_large_image","twitter_creator":"@canadamotorjobs","twitter_site":"@canadamotorjobs","twitter_misc":{"\u00c9crit par":"Benoit Charette","Estimation du temps de lecture":"4 minutes"},"schema":{"@context":"https:\/\/schema.org","@graph":[{"@type":"Article","@id":"https:\/\/news.canadamotorjobs.com\/fr\/voici-laudi-a5-2025\/#article","isPartOf":{"@id":"https:\/\/news.canadamotorjobs.com\/fr\/voici-laudi-a5-2025\/"},"author":{"name":"Benoit Charette","@id":"https:\/\/news.canadamotorjobs.com\/#\/schema\/person\/51793d1f87d44011d7bcc2ed99269a90"},"headline":"Voici l\u2019Audi A5 2025","datePublished":"2024-10-23T11:14:25+00:00","dateModified":"2024-10-23T11:29:06+00:00","mainEntityOfPage":{"@id":"https:\/\/news.canadamotorjobs.com\/fr\/voici-laudi-a5-2025\/"},"wordCount":836,"publisher":{"@id":"https:\/\/news.canadamotorjobs.com\/#organization"},"image":{"@id":"https:\/\/news.canadamotorjobs.com\/fr\/voici-laudi-a5-2025\/#primaryimage"},"thumbnailUrl":"https:\/\/news.canadamotorjobs.com\/wp-content\/uploads\/2024\/10\/Group001.jpg","articleSection":["Annuel automobile"],"inLanguage":"fr-CA"},{"@type":"WebPage","@id":"https:\/\/news.canadamotorjobs.com\/fr\/voici-laudi-a5-2025\/","url":"https:\/\/news.canadamotorjobs.com\/fr\/voici-laudi-a5-2025\/","name":"Voici l\u2019Audi A5 2025 - CanadaMotorJobs.com","isPartOf":{"@id":"https:\/\/news.canadamotorjobs.com\/#website"},"primaryImageOfPage":{"@id":"https:\/\/news.canadamotorjobs.com\/fr\/voici-laudi-a5-2025\/#primaryimage"},"image":{"@id":"https:\/\/news.canadamotorjobs.com\/fr\/voici-laudi-a5-2025\/#primaryimage"},"thumbnailUrl":"https:\/\/news.canadamotorjobs.com\/wp-content\/uploads\/2024\/10\/Group001.jpg","datePublished":"2024-10-23T11:14:25+00:00","dateModified":"2024-10-23T11:29:06+00:00","description":"Voici l\u2019Audi A5 2025 - Benoit Charette - Annuel automobile - CanadaMotorJobs.com.","breadcrumb":{"@id":"https:\/\/news.canadamotorjobs.com\/fr\/voici-laudi-a5-2025\/#breadcrumb"},"inLanguage":"fr-CA","potentialAction":[{"@type":"ReadAction","target":["https:\/\/news.canadamotorjobs.com\/fr\/voici-laudi-a5-2025\/"]}]},{"@type":"ImageObject","inLanguage":"fr-CA","@id":"https:\/\/news.canadamotorjobs.com\/fr\/voici-laudi-a5-2025\/#primaryimage","url":"https:\/\/news.canadamotorjobs.com\/wp-content\/uploads\/2024\/10\/Group001.jpg","contentUrl":"https:\/\/news.canadamotorjobs.com\/wp-content\/uploads\/2024\/10\/Group001.jpg","width":1202,"height":800},{"@type":"BreadcrumbList","@id":"https:\/\/news.canadamotorjobs.com\/fr\/voici-laudi-a5-2025\/#breadcrumb","itemListElement":[{"@type":"ListItem","position":1,"name":"Home","item":"https:\/\/news.canadamotorjobs.com\/fr\/blog\/"},{"@type":"ListItem","position":2,"name":"Voici l\u2019Audi A5 2025"}]},{"@type":"WebSite","@id":"https:\/\/news.canadamotorjobs.com\/#website","url":"https:\/\/news.canadamotorjobs.com\/","name":"CanadaMotorJobs.com","description":"Automotive Jobs","publisher":{"@id":"https:\/\/news.canadamotorjobs.com\/#organization"},"potentialAction":[{"@type":"SearchAction","target":{"@type":"EntryPoint","urlTemplate":"https:\/\/news.canadamotorjobs.com\/?s={search_term_string}"},"query-input":"required name=search_term_string"}],"inLanguage":"fr-CA"},{"@type":"Organization","@id":"https:\/\/news.canadamotorjobs.com\/#organization","name":"Canada Motor Jobs","url":"https:\/\/news.canadamotorjobs.com\/","logo":{"@type":"ImageObject","inLanguage":"fr-CA","@id":"https:\/\/news.canadamotorjobs.com\/#\/schema\/logo\/image\/","url":"https:\/\/news.canadamotorjobs.com\/wp-content\/uploads\/2022\/10\/logo-canada-motor-jobs-1.png","contentUrl":"https:\/\/news.canadamotorjobs.com\/wp-content\/uploads\/2022\/10\/logo-canada-motor-jobs-1.png","width":800,"height":400,"caption":"Canada Motor Jobs"},"image":{"@id":"https:\/\/news.canadamotorjobs.com\/#\/schema\/logo\/image\/"},"sameAs":["https:\/\/www.facebook.com\/canadamotorjobs\/","https:\/\/x.com\/canadamotorjobs","https:\/\/www.instagram.com\/canadamotorjobs\/","https:\/\/www.linkedin.com\/company\/canadamotorjobs"]},{"@type":"Person","@id":"https:\/\/news.canadamotorjobs.com\/#\/schema\/person\/51793d1f87d44011d7bcc2ed99269a90","name":"Benoit Charette","image":{"@type":"ImageObject","inLanguage":"fr-CA","@id":"https:\/\/news.canadamotorjobs.com\/#\/schema\/person\/image\/","url":"https:\/\/secure.gravatar.com\/avatar\/45f3d2eebcccd909668d7ce7ea7267b6?s=96&d=mm&r=g","contentUrl":"https:\/\/secure.gravatar.com\/avatar\/45f3d2eebcccd909668d7ce7ea7267b6?s=96&d=mm&r=g","caption":"Benoit Charette"},"description":"Benoit Charette \/ Propri\u00e9taire et r\u00e9dacteur en chef Benoit Charette pratique le journalisme automobile depuis bient\u00f4t 30 ans. Il a fait ses classes au c\u00f4t\u00e9 de Daniel H\u00e9raud et au Carnet de route de 1992 \u00e0 2001. Il est fondateur, copropri\u00e9taire et r\u00e9dacteur en chef de L\u2019Annuel de l\u2019automobile, qu\u2019il publie depuis 2001. Il a anim\u00e9 les \u00e9missions RPM et RPM+ sur V et les L\u00e9gendes de la route sur Historia. \u00c0 la radio depuis 1986, il reprend l\u2019antenne cette ann\u00e9e sur les ondes de Cogeco et participe pour la deuxi\u00e8me ann\u00e9e \u00e0 l\u2019\u00e9mission Passion Auto sur RDS en plus de mettre en ligne le site Web officiel de L\u2019Annuel de l\u2019automobile sur annuelauto.ca.","sameAs":["https:\/\/annuelauto.ca\/"],"url":"https:\/\/news.canadamotorjobs.com\/fr\/author\/benoit-charette\/"}]}},"_links":{"self":[{"href":"https:\/\/news.canadamotorjobs.com\/fr\/wp-json\/wp\/v2\/posts\/178629"}],"collection":[{"href":"https:\/\/news.canadamotorjobs.com\/fr\/wp-json\/wp\/v2\/posts"}],"about":[{"href":"https:\/\/news.canadamotorjobs.com\/fr\/wp-json\/wp\/v2\/types\/post"}],"author":[{"embeddable":true,"href":"https:\/\/news.canadamotorjobs.com\/fr\/wp-json\/wp\/v2\/users\/8"}],"replies":[{"embeddable":true,"href":"https:\/\/news.canadamotorjobs.com\/fr\/wp-json\/wp\/v2\/comments?post=178629"}],"version-history":[{"count":2,"href":"https:\/\/news.canadamotorjobs.com\/fr\/wp-json\/wp\/v2\/posts\/178629\/revisions"}],"predecessor-version":[{"id":178633,"href":"https:\/\/news.canadamotorjobs.com\/fr\/wp-json\/wp\/v2\/posts\/178629\/revisions\/178633"}],"wp:featuredmedia":[{"embeddable":true,"href":"https:\/\/news.canadamotorjobs.com\/fr\/wp-json\/wp\/v2\/media\/178631"}],"wp:attachment":[{"href":"https:\/\/news.canadamotorjobs.com\/fr\/wp-json\/wp\/v2\/media?parent=178629"}],"wp:term":[{"taxonomy":"category","embeddable":true,"href":"https:\/\/news.canadamotorjobs.com\/fr\/wp-json\/wp\/v2\/categories?post=178629"},{"taxonomy":"post_tag","embeddable":true,"href":"https:\/\/news.canadamotorjobs.com\/fr\/wp-json\/wp\/v2\/tags?post=178629"}],"curies":[{"name":"wp","href":"https:\/\/api.w.org\/{rel}","templated":true}]}}