{"id":178610,"date":"2024-10-23T06:06:02","date_gmt":"2024-10-23T10:06:02","guid":{"rendered":"https:\/\/news.canadamotorjobs.com\/?p=178610"},"modified":"2024-10-23T06:14:24","modified_gmt":"2024-10-23T10:14:24","slug":"des-problemes-majeurs-chez-stellantis","status":"publish","type":"post","link":"https:\/\/news.canadamotorjobs.com\/fr\/des-problemes-majeurs-chez-stellantis\/","title":{"rendered":"Des probl\u00e8mes majeurs chez Stellantis"},"content":{"rendered":"<\/p>\n<p>Les concessionnaires qui se sentent d\u00e9laiss\u00e9s sont sans doute les moins surpris par le tumulte qui entoure Stellantis et son PDG accabl\u00e9, Carlos Tavares. Depuis longtemps, des d\u00e9taillants des deux c\u00f4t\u00e9s de la fronti\u00e8re expriment leurs inqui\u00e9tudes face \u00e0 la baisse des ventes, une gamme de produits vieillissante et peu comp\u00e9titive, ainsi qu&#8217;un dirigeant qui, selon certains, est obs\u00e9d\u00e9 par la marge b\u00e9n\u00e9ficiaire.<\/p>\n<p>Face \u00e0 ces frustrations, certains concessionnaires n\u2019ont pas h\u00e9sit\u00e9 \u00e0 exprimer publiquement leurs pr\u00e9occupations. En mars, <em>Automotive News Canada<\/em> a publi\u00e9 un article o\u00f9 des concessionnaires canadiens appelaient Stellantis \u00e0 agir contre la baisse des ventes et l&#8217;augmentation des stocks.<\/p>\n<h3><strong>Une situation alarmante pour les concessionnaires<\/strong><\/h3>\n<p>\nCette frustration ne se limite pas au Canada. Aux \u00c9tats-Unis, un concessionnaire a confi\u00e9 sous anonymat \u00e0 <em>Automotive News<\/em> en octobre que les incitatifs n\u2019\u00e9taient pas assez \u00e9lev\u00e9s pour relancer les ventes. Selon lui, Stellantis essaie de &#8220;micromanager&#8221; et de maintenir des profits, mais n\u00e9glige l\u2019importance de r\u00e9duire les stocks pour encourager les concessionnaires \u00e0 commander \u00e0 nouveau.<\/p>\n<h3><strong>Les ventes continuent de chuter<\/strong><\/h3>\n<p>\nLes chiffres sont \u00e9loquents : les ventes de Stellantis au troisi\u00e8me trimestre ont chut\u00e9 de 24 % au Canada et de 20 % aux \u00c9tats-Unis, selon le <em>Automotive News Research &amp; Data Center<\/em> \u00e0 D\u00e9troit. Pendant ce temps, le fabricant d\u2019Auburn Hills, au Michigan, conna\u00eet un roulement de personnel inqui\u00e9tant. Parmi les d\u00e9parts r\u00e9cents, on compte Jason Stoicevich, ancien responsable des op\u00e9rations canadiennes, Tim Kuniskis, qui dirigeait la marque Dodge, et Jim Morrison, ancien chef de Jeep North America.<\/p>\n<p>Form\u00e9e il y a trois ans de la fusion entre Fiat Chrysler Automobiles et PSA Group, Stellantis est en pleine campagne de r\u00e9duction des co\u00fbts tout en essayant de g\u00e9rer ses inventaires avec des incitatifs plus attrayants. Cependant, selon certains experts, les concessionnaires devront s&#8217;armer de patience.<\/p>\n<h3><strong>Un probl\u00e8me de fond<\/strong><\/h3>\n<p>\nStellantis ont un probl\u00e8me de demande. Ils ont un probl\u00e8me de prix. Ils ont probablement un probl\u00e8me avec les concessionnaires parce qu\u2019ils ne sont pas heureux. \u00bb Cela laisse pr\u00e9sager que les d\u00e9fis de Stellantis ne dispara\u00eetront pas de sit\u00f4t, et que les solutions devront \u00eatre profondes et structurelles.<\/p>\n<p>Avec des renseignements d\u2019Automotive News Canada<\/p>\n<p>Le texte <a rel=\"nofollow\" href=\"https:\/\/annuelauto.ca\/pas-de-solution-rapide-aux-problemes-enracines-de-stellantis\/\">Des probl\u00e8mes majeurs chez Stellantis<\/a> provient de <a rel=\"nofollow\" href=\"https:\/\/annuelauto.ca\">L&#8217;annuel de l&#8217;automobile &#8211; Actualit\u00e9 automobile<\/a><\/p>\n<p><\/p>\n","protected":false},"excerpt":{"rendered":"<p>Les concessionnaires qui se sentent d\u00e9laiss\u00e9s sont sans doute les moins surpris par le tumulte qui entoure Stellantis et son PDG accabl\u00e9, Carlos Tavares. Depuis longtemps, des d\u00e9taillants des deux c\u00f4t\u00e9s de la fronti\u00e8re expriment leurs inqui\u00e9tudes face \u00e0 la baisse des ventes, une gamme de produits vieillissante et peu comp\u00e9titive, ainsi qu&#8217;un dirigeant qui, [&hellip;]<\/p>\n","protected":false},"author":8,"featured_media":178612,"comment_status":"close","ping_status":"closed","sticky":false,"template":"","format":"standard","meta":{"_monsterinsights_skip_tracking":false,"_monsterinsights_sitenote_active":false,"_monsterinsights_sitenote_note":"","_monsterinsights_sitenote_category":0,"footnotes":""},"categories":[101],"tags":[],"yoast_head":"<!-- This site is optimized with the Yoast SEO plugin v23.2 - https:\/\/yoast.com\/wordpress\/plugins\/seo\/ -->\n<title>Des probl\u00e8mes majeurs chez Stellantis - CanadaMotorJobs.com<\/title>\n<meta name=\"description\" content=\"Des probl\u00e8mes majeurs chez Stellantis - Benoit Charette - Annuel automobile - CanadaMotorJobs.com.\" \/>\n<meta name=\"robots\" content=\"index, follow, max-snippet:-1, max-image-preview:large, max-video-preview:-1\" \/>\n<meta property=\"og:locale\" content=\"fr_CA\" \/>\n<meta property=\"og:type\" content=\"article\" \/>\n<meta property=\"og:title\" content=\"Des probl\u00e8mes majeurs chez Stellantis - CanadaMotorJobs.com\" \/>\n<meta property=\"og:description\" content=\"Des probl\u00e8mes majeurs chez Stellantis - Benoit Charette - Annuel automobile - CanadaMotorJobs.com.\" \/>\n<meta property=\"og:url\" content=\"https:\/\/news.canadamotorjobs.com\/fr\/des-problemes-majeurs-chez-stellantis\/\" \/>\n<meta property=\"og:site_name\" content=\"CanadaMotorJobs.com\" \/>\n<meta property=\"article:publisher\" content=\"https:\/\/www.facebook.com\/canadamotorjobs\/\" \/>\n<meta property=\"article:published_time\" content=\"2024-10-23T10:06:02+00:00\" \/>\n<meta property=\"article:modified_time\" content=\"2024-10-23T10:14:24+00:00\" \/>\n<meta property=\"og:image\" content=\"https:\/\/news.canadamotorjobs.com\/wp-content\/uploads\/2024\/10\/stellantis-1-5669603-1637157075582.jpg\" \/>\n\t<meta property=\"og:image:width\" content=\"1020\" \/>\n\t<meta property=\"og:image:height\" content=\"573\" \/>\n\t<meta property=\"og:image:type\" content=\"image\/jpeg\" \/>\n<meta name=\"author\" content=\"Benoit Charette\" \/>\n<meta name=\"twitter:card\" content=\"summary_large_image\" \/>\n<meta name=\"twitter:creator\" content=\"@canadamotorjobs\" \/>\n<meta name=\"twitter:site\" content=\"@canadamotorjobs\" \/>\n<meta name=\"twitter:label1\" content=\"\u00c9crit par\" \/>\n\t<meta name=\"twitter:data1\" content=\"Benoit Charette\" \/>\n\t<meta name=\"twitter:label2\" content=\"Estimation du temps de lecture\" \/>\n\t<meta name=\"twitter:data2\" content=\"2 minutes\" \/>\n<!-- \/ Yoast SEO plugin. -->","yoast_head_json":{"title":"Des probl\u00e8mes majeurs chez Stellantis - CanadaMotorJobs.com","description":"Des probl\u00e8mes majeurs chez Stellantis - Benoit Charette - Annuel automobile - CanadaMotorJobs.com.","robots":{"index":"index","follow":"follow","max-snippet":"max-snippet:-1","max-image-preview":"max-image-preview:large","max-video-preview":"max-video-preview:-1"},"og_locale":"fr_CA","og_type":"article","og_title":"Des probl\u00e8mes majeurs chez Stellantis - CanadaMotorJobs.com","og_description":"Des probl\u00e8mes majeurs chez Stellantis - Benoit Charette - Annuel automobile - CanadaMotorJobs.com.","og_url":"https:\/\/news.canadamotorjobs.com\/fr\/des-problemes-majeurs-chez-stellantis\/","og_site_name":"CanadaMotorJobs.com","article_publisher":"https:\/\/www.facebook.com\/canadamotorjobs\/","article_published_time":"2024-10-23T10:06:02+00:00","article_modified_time":"2024-10-23T10:14:24+00:00","og_image":[{"width":1020,"height":573,"url":"https:\/\/news.canadamotorjobs.com\/wp-content\/uploads\/2024\/10\/stellantis-1-5669603-1637157075582.jpg","type":"image\/jpeg"}],"author":"Benoit Charette","twitter_card":"summary_large_image","twitter_creator":"@canadamotorjobs","twitter_site":"@canadamotorjobs","twitter_misc":{"\u00c9crit par":"Benoit Charette","Estimation du temps de lecture":"2 minutes"},"schema":{"@context":"https:\/\/schema.org","@graph":[{"@type":"Article","@id":"https:\/\/news.canadamotorjobs.com\/fr\/des-problemes-majeurs-chez-stellantis\/#article","isPartOf":{"@id":"https:\/\/news.canadamotorjobs.com\/fr\/des-problemes-majeurs-chez-stellantis\/"},"author":{"name":"Benoit Charette","@id":"https:\/\/news.canadamotorjobs.com\/#\/schema\/person\/51793d1f87d44011d7bcc2ed99269a90"},"headline":"Des probl\u00e8mes majeurs chez Stellantis","datePublished":"2024-10-23T10:06:02+00:00","dateModified":"2024-10-23T10:14:24+00:00","mainEntityOfPage":{"@id":"https:\/\/news.canadamotorjobs.com\/fr\/des-problemes-majeurs-chez-stellantis\/"},"wordCount":410,"publisher":{"@id":"https:\/\/news.canadamotorjobs.com\/#organization"},"image":{"@id":"https:\/\/news.canadamotorjobs.com\/fr\/des-problemes-majeurs-chez-stellantis\/#primaryimage"},"thumbnailUrl":"https:\/\/news.canadamotorjobs.com\/wp-content\/uploads\/2024\/10\/stellantis-1-5669603-1637157075582.jpg","articleSection":["Annuel automobile"],"inLanguage":"fr-CA"},{"@type":"WebPage","@id":"https:\/\/news.canadamotorjobs.com\/fr\/des-problemes-majeurs-chez-stellantis\/","url":"https:\/\/news.canadamotorjobs.com\/fr\/des-problemes-majeurs-chez-stellantis\/","name":"Des probl\u00e8mes majeurs chez Stellantis - CanadaMotorJobs.com","isPartOf":{"@id":"https:\/\/news.canadamotorjobs.com\/#website"},"primaryImageOfPage":{"@id":"https:\/\/news.canadamotorjobs.com\/fr\/des-problemes-majeurs-chez-stellantis\/#primaryimage"},"image":{"@id":"https:\/\/news.canadamotorjobs.com\/fr\/des-problemes-majeurs-chez-stellantis\/#primaryimage"},"thumbnailUrl":"https:\/\/news.canadamotorjobs.com\/wp-content\/uploads\/2024\/10\/stellantis-1-5669603-1637157075582.jpg","datePublished":"2024-10-23T10:06:02+00:00","dateModified":"2024-10-23T10:14:24+00:00","description":"Des probl\u00e8mes majeurs chez Stellantis - Benoit Charette - Annuel automobile - CanadaMotorJobs.com.","breadcrumb":{"@id":"https:\/\/news.canadamotorjobs.com\/fr\/des-problemes-majeurs-chez-stellantis\/#breadcrumb"},"inLanguage":"fr-CA","potentialAction":[{"@type":"ReadAction","target":["https:\/\/news.canadamotorjobs.com\/fr\/des-problemes-majeurs-chez-stellantis\/"]}]},{"@type":"ImageObject","inLanguage":"fr-CA","@id":"https:\/\/news.canadamotorjobs.com\/fr\/des-problemes-majeurs-chez-stellantis\/#primaryimage","url":"https:\/\/news.canadamotorjobs.com\/wp-content\/uploads\/2024\/10\/stellantis-1-5669603-1637157075582.jpg","contentUrl":"https:\/\/news.canadamotorjobs.com\/wp-content\/uploads\/2024\/10\/stellantis-1-5669603-1637157075582.jpg","width":1020,"height":573},{"@type":"BreadcrumbList","@id":"https:\/\/news.canadamotorjobs.com\/fr\/des-problemes-majeurs-chez-stellantis\/#breadcrumb","itemListElement":[{"@type":"ListItem","position":1,"name":"Home","item":"https:\/\/news.canadamotorjobs.com\/fr\/blog\/"},{"@type":"ListItem","position":2,"name":"Des probl\u00e8mes majeurs chez Stellantis"}]},{"@type":"WebSite","@id":"https:\/\/news.canadamotorjobs.com\/#website","url":"https:\/\/news.canadamotorjobs.com\/","name":"CanadaMotorJobs.com","description":"Automotive Jobs","publisher":{"@id":"https:\/\/news.canadamotorjobs.com\/#organization"},"potentialAction":[{"@type":"SearchAction","target":{"@type":"EntryPoint","urlTemplate":"https:\/\/news.canadamotorjobs.com\/?s={search_term_string}"},"query-input":"required name=search_term_string"}],"inLanguage":"fr-CA"},{"@type":"Organization","@id":"https:\/\/news.canadamotorjobs.com\/#organization","name":"Canada Motor Jobs","url":"https:\/\/news.canadamotorjobs.com\/","logo":{"@type":"ImageObject","inLanguage":"fr-CA","@id":"https:\/\/news.canadamotorjobs.com\/#\/schema\/logo\/image\/","url":"https:\/\/news.canadamotorjobs.com\/wp-content\/uploads\/2022\/10\/logo-canada-motor-jobs-1.png","contentUrl":"https:\/\/news.canadamotorjobs.com\/wp-content\/uploads\/2022\/10\/logo-canada-motor-jobs-1.png","width":800,"height":400,"caption":"Canada Motor Jobs"},"image":{"@id":"https:\/\/news.canadamotorjobs.com\/#\/schema\/logo\/image\/"},"sameAs":["https:\/\/www.facebook.com\/canadamotorjobs\/","https:\/\/x.com\/canadamotorjobs","https:\/\/www.instagram.com\/canadamotorjobs\/","https:\/\/www.linkedin.com\/company\/canadamotorjobs"]},{"@type":"Person","@id":"https:\/\/news.canadamotorjobs.com\/#\/schema\/person\/51793d1f87d44011d7bcc2ed99269a90","name":"Benoit Charette","image":{"@type":"ImageObject","inLanguage":"fr-CA","@id":"https:\/\/news.canadamotorjobs.com\/#\/schema\/person\/image\/","url":"https:\/\/secure.gravatar.com\/avatar\/45f3d2eebcccd909668d7ce7ea7267b6?s=96&d=mm&r=g","contentUrl":"https:\/\/secure.gravatar.com\/avatar\/45f3d2eebcccd909668d7ce7ea7267b6?s=96&d=mm&r=g","caption":"Benoit Charette"},"description":"Benoit Charette \/ Propri\u00e9taire et r\u00e9dacteur en chef Benoit Charette pratique le journalisme automobile depuis bient\u00f4t 30 ans. Il a fait ses classes au c\u00f4t\u00e9 de Daniel H\u00e9raud et au Carnet de route de 1992 \u00e0 2001. Il est fondateur, copropri\u00e9taire et r\u00e9dacteur en chef de L\u2019Annuel de l\u2019automobile, qu\u2019il publie depuis 2001. Il a anim\u00e9 les \u00e9missions RPM et RPM+ sur V et les L\u00e9gendes de la route sur Historia. \u00c0 la radio depuis 1986, il reprend l\u2019antenne cette ann\u00e9e sur les ondes de Cogeco et participe pour la deuxi\u00e8me ann\u00e9e \u00e0 l\u2019\u00e9mission Passion Auto sur RDS en plus de mettre en ligne le site Web officiel de L\u2019Annuel de l\u2019automobile sur annuelauto.ca.","sameAs":["https:\/\/annuelauto.ca\/"],"url":"https:\/\/news.canadamotorjobs.com\/fr\/author\/benoit-charette\/"}]}},"_links":{"self":[{"href":"https:\/\/news.canadamotorjobs.com\/fr\/wp-json\/wp\/v2\/posts\/178610"}],"collection":[{"href":"https:\/\/news.canadamotorjobs.com\/fr\/wp-json\/wp\/v2\/posts"}],"about":[{"href":"https:\/\/news.canadamotorjobs.com\/fr\/wp-json\/wp\/v2\/types\/post"}],"author":[{"embeddable":true,"href":"https:\/\/news.canadamotorjobs.com\/fr\/wp-json\/wp\/v2\/users\/8"}],"replies":[{"embeddable":true,"href":"https:\/\/news.canadamotorjobs.com\/fr\/wp-json\/wp\/v2\/comments?post=178610"}],"version-history":[{"count":2,"href":"https:\/\/news.canadamotorjobs.com\/fr\/wp-json\/wp\/v2\/posts\/178610\/revisions"}],"predecessor-version":[{"id":178614,"href":"https:\/\/news.canadamotorjobs.com\/fr\/wp-json\/wp\/v2\/posts\/178610\/revisions\/178614"}],"wp:featuredmedia":[{"embeddable":true,"href":"https:\/\/news.canadamotorjobs.com\/fr\/wp-json\/wp\/v2\/media\/178612"}],"wp:attachment":[{"href":"https:\/\/news.canadamotorjobs.com\/fr\/wp-json\/wp\/v2\/media?parent=178610"}],"wp:term":[{"taxonomy":"category","embeddable":true,"href":"https:\/\/news.canadamotorjobs.com\/fr\/wp-json\/wp\/v2\/categories?post=178610"},{"taxonomy":"post_tag","embeddable":true,"href":"https:\/\/news.canadamotorjobs.com\/fr\/wp-json\/wp\/v2\/tags?post=178610"}],"curies":[{"name":"wp","href":"https:\/\/api.w.org\/{rel}","templated":true}]}}