{"id":178578,"date":"2024-10-23T03:24:38","date_gmt":"2024-10-23T07:24:38","guid":{"rendered":"https:\/\/news.canadamotorjobs.com\/?p=178578"},"modified":"2024-10-23T03:29:40","modified_gmt":"2024-10-23T07:29:40","slug":"suppression-demplois-et-fermeture-dun-centre-dessai-pour-stellantis","status":"publish","type":"post","link":"https:\/\/news.canadamotorjobs.com\/fr\/suppression-demplois-et-fermeture-dun-centre-dessai-pour-stellantis\/","title":{"rendered":"Suppression d\u2019emplois et fermeture d\u2019un centre d\u2019essai pour Stellantis"},"content":{"rendered":"<\/p>\n<p>On sait depuis un certain temps d\u00e9j\u00e0 que les choses ne tournent pas rondement chez Stellantis. Le chef de la direction, Carlos Tavares, sera remplac\u00e9 \u00e0 la fin de son mandat au d\u00e9but de 2026, les profits sont \u00e0 la baisse, certaines marques en arrachent, la fiabilit\u00e9 n\u2019est pas optimale et la qualit\u00e9 de construction de certains mod\u00e8les laisse \u00e0 d\u00e9sirer.<\/p>\n<p>Et certains produits commencent \u00e0 peiner \u00e0 se trouver des acheteurs. Bref, des changements seront n\u00e9cessaires au sein de l\u2019empire de Stellantis. D\u2019ici l\u00e0, la compagnie devra man\u0153uvrer avec un budget plus serr\u00e9, et des coupures seront \u00e0 l\u2019honneur.<\/p>\n<p>Dans cet \u00e9lan, on apprenait que la compagnie a licenci\u00e9 quelque 1100 travailleurs \u00e0 son usine de Warren, situ\u00e9e au Michigan. Cela se produit alors que le mod\u00e8le Ram Classic en arrive \u00e0 la fin de son cycle de production. Incroyablement, on doit parler d\u2019une bonne nouvelle, car en ao\u00fbt dernier, on anticipait jusqu\u2019\u00e0 2450 pertes d\u2019emplois. L\u2019usine va continuer \u00e0 fabriquer les VUS Wagoneer et Grand Wagoneer.<\/p>\n<p><\/p>\n<figure><img decoding=\"async\" src=\"https:\/\/news.canadamotorjobs.com\/wp-content\/uploads\/2024\/10\/WTAP_WSLaunchBRoll_final_thumb_00032-5.png\" alt=\"Un Jeep Wagoneer \u00e0 l&#039;assemblage \u00e0 Warren\" \/><figcaption>Un Jeep Wagoneer \u00e0 l&#8217;assemblage \u00e0 Warren | Auto123.com<\/figcaption><\/figure>\n<p>L\u2019autre nouvelle moins r\u00e9jouissante concerne la fermeture d\u2019un centre d\u2019essai. Ces derniers sont n\u00e9cessaires aux constructeurs pour l\u2019\u00e9valuation des nouveaux mod\u00e8les et le d\u00e9veloppement, mais ils sont dispendieux \u00e0 maintenir op\u00e9rationnels. Cons\u00e9quemment, Stellantis a annonc\u00e9 la fermeture de son centre situ\u00e9 en Arizona, justement pour r\u00e9duire ses d\u00e9penses.<\/p>\n<p>\u00ab Avec l\u2019introduction du nouveau Ram 1500 Tradesman 2025, la production du Ram Classic a pris fin \u00e0 l\u2019usine d\u2019assemblage de camions de Warren le 4 octobre \u00bb, a d\u00e9clar\u00e9 l\u2019entreprise via un communiqu\u00e9. \u00ab En cons\u00e9quence, les licenciements pour une dur\u00e9e ind\u00e9termin\u00e9e ont commenc\u00e9 le 12 octobre pour environ 1100 employ\u00e9s, soit beaucoup moins que le nombre total de salari\u00e9s. \u00bb<\/p>\n<p>Ces licenciements sont les derniers d\u2019une s\u00e9rie de r\u00e9ductions d\u2019effectifs qui ont touch\u00e9 les employ\u00e9s dans le cadre d\u2019un effort global de r\u00e9duction des co\u00fbts.<\/p>\n<p>Ces d\u00e9cisions n\u2019ont pas fait le bonheur de la partie syndicale. Le 18 octobre dernier, l\u2019UAW (United Auto Workers) a publi\u00e9 une vid\u00e9o o\u00f9 il \u00e9tait possible de voir le pr\u00e9sident Shawn Fain critiquer le chef de la direction de Stellantis, Carlos Tavares, et exhorter les travailleurs \u00e0 autoriser une gr\u00e8ve contre le constructeur. Selon le syndicat, ce dernier revient sur les engagements qu\u2019il a pris dans le cadre du contrat de travail sign\u00e9 l\u2019ann\u00e9e derni\u00e8re.<\/p>\n<p>Stellantis poursuit l\u2019UAW et de nombreuses sections locales pour ces menaces de gr\u00e8ve.<\/p>\n<p><\/p>\n<figure><img decoding=\"async\" src=\"https:\/\/news.canadamotorjobs.com\/wp-content\/uploads\/2024\/10\/JP024_030WR-1.jpg\" alt=\"Un Jeep Wrangler au centre d&#039;essai \u00e0 Yucca, en Arizona\" \/><figcaption>Un Jeep Wrangler au centre d&#8217;essai \u00e0 Yucca, en Arizona | Auto123.com<\/figcaption><\/figure>\n<p>Quant au centre d\u2019essai de Yucca, en Arizona, la fermeture aura lieu \u00e0 la fin de l\u2019ann\u00e9e.<\/p>\n<p>Et les perspectives ne sont pas bonnes. En effet, Stellantis a l\u2019intention de vendre le site de 4000 acres, qui emploie 69 personnes. Le centre d\u2019essais, qui fonctionne \u00e0 l\u2019ann\u00e9e, avait \u00e9t\u00e9 achet\u00e9 \u00e0 Ford en 2007 au co\u00fbt de 35 millions.<\/p>\n<p>Le site CNBC, qui a \u00e9t\u00e9 le premier \u00e0 rapporter la nouvelle, a d\u00e9clar\u00e9 que Stellantis pr\u00e9voyait d\u2019utiliser les terrains d\u2019essai de Toyota en Arizona \u00e0 partir de l\u2019ann\u00e9e prochaine.<\/p>\n<p>\u00ab Stellantis continue de rechercher des fa\u00e7ons d\u2019am\u00e9liorer son efficacit\u00e9 et optimiser son empreinte afin d\u2019assurer sa comp\u00e9titivit\u00e9 future sur un march\u00e9 mondial en constante \u00e9volution \u00bb, a d\u00e9clar\u00e9 l\u2019entreprise dans un communiqu\u00e9.<\/p>\n<p><\/p>\n<p style=\"padding-top: 15px\">Contenu original de <a href=\"https:\/\/www.auto123.com\/fr\/actualites\/stellantis-suppression-emplois-fermeture-centre-essai\/71972\/\">auto123<\/a>.<\/p>\n<p>Le texte <a rel=\"nofollow\" href=\"https:\/\/annuelauto.ca\/suppression-demplois-et-fermeture-dun-centre-dessai-pour-stellantis\/\">Suppression d\u2019emplois et fermeture d\u2019un centre d\u2019essai pour Stellantis<\/a> provient de <a rel=\"nofollow\" href=\"https:\/\/annuelauto.ca\">L&#8217;annuel de l&#8217;automobile &#8211; Actualit\u00e9 automobile<\/a><\/p>\n<p><\/p>\n","protected":false},"excerpt":{"rendered":"<p>On sait depuis un certain temps d\u00e9j\u00e0 que les choses ne tournent pas rondement chez Stellantis. Le chef de la direction, Carlos Tavares, sera remplac\u00e9 \u00e0 la fin de son mandat au d\u00e9but de 2026, les profits sont \u00e0 la baisse, certaines marques en arrachent, la fiabilit\u00e9 n\u2019est pas optimale et la qualit\u00e9 de construction [&hellip;]<\/p>\n","protected":false},"author":8,"featured_media":178580,"comment_status":"close","ping_status":"closed","sticky":false,"template":"","format":"standard","meta":{"_monsterinsights_skip_tracking":false,"_monsterinsights_sitenote_active":false,"_monsterinsights_sitenote_note":"","_monsterinsights_sitenote_category":0,"footnotes":""},"categories":[101],"tags":[],"yoast_head":"<!-- This site is optimized with the Yoast SEO plugin v23.2 - https:\/\/yoast.com\/wordpress\/plugins\/seo\/ -->\n<title>Suppression d\u2019emplois et fermeture d\u2019un centre d\u2019essai pour Stellantis - CanadaMotorJobs.com<\/title>\n<meta name=\"description\" content=\"Suppression d\u2019emplois et fermeture d\u2019un centre d\u2019essai pour Stellantis - Benoit Charette - Annuel automobile - CanadaMotorJobs.com.\" \/>\n<meta name=\"robots\" content=\"index, follow, max-snippet:-1, max-image-preview:large, max-video-preview:-1\" \/>\n<meta property=\"og:locale\" content=\"fr_CA\" \/>\n<meta property=\"og:type\" content=\"article\" \/>\n<meta property=\"og:title\" content=\"Suppression d\u2019emplois et fermeture d\u2019un centre d\u2019essai pour Stellantis - CanadaMotorJobs.com\" \/>\n<meta property=\"og:description\" content=\"Suppression d\u2019emplois et fermeture d\u2019un centre d\u2019essai pour Stellantis - Benoit Charette - Annuel automobile - CanadaMotorJobs.com.\" \/>\n<meta property=\"og:url\" content=\"https:\/\/news.canadamotorjobs.com\/fr\/suppression-demplois-et-fermeture-dun-centre-dessai-pour-stellantis\/\" \/>\n<meta property=\"og:site_name\" content=\"CanadaMotorJobs.com\" \/>\n<meta property=\"article:publisher\" content=\"https:\/\/www.facebook.com\/canadamotorjobs\/\" \/>\n<meta property=\"article:published_time\" content=\"2024-10-23T07:24:38+00:00\" \/>\n<meta property=\"article:modified_time\" content=\"2024-10-23T07:29:40+00:00\" \/>\n<meta property=\"og:image\" content=\"https:\/\/news.canadamotorjobs.com\/wp-content\/uploads\/2024\/10\/WTAP_WSLaunchBRoll_final_thumb_00032.png\" \/>\n\t<meta property=\"og:image:width\" content=\"1200\" \/>\n\t<meta property=\"og:image:height\" content=\"675\" \/>\n\t<meta property=\"og:image:type\" content=\"image\/png\" \/>\n<meta name=\"author\" content=\"Benoit Charette\" \/>\n<meta name=\"twitter:card\" content=\"summary_large_image\" \/>\n<meta name=\"twitter:creator\" content=\"@canadamotorjobs\" \/>\n<meta name=\"twitter:site\" content=\"@canadamotorjobs\" \/>\n<meta name=\"twitter:label1\" content=\"\u00c9crit par\" \/>\n\t<meta name=\"twitter:data1\" content=\"Benoit Charette\" \/>\n\t<meta name=\"twitter:label2\" content=\"Estimation du temps de lecture\" \/>\n\t<meta name=\"twitter:data2\" content=\"3 minutes\" \/>\n<!-- \/ Yoast SEO plugin. -->","yoast_head_json":{"title":"Suppression d\u2019emplois et fermeture d\u2019un centre d\u2019essai pour Stellantis - CanadaMotorJobs.com","description":"Suppression d\u2019emplois et fermeture d\u2019un centre d\u2019essai pour Stellantis - Benoit Charette - Annuel automobile - CanadaMotorJobs.com.","robots":{"index":"index","follow":"follow","max-snippet":"max-snippet:-1","max-image-preview":"max-image-preview:large","max-video-preview":"max-video-preview:-1"},"og_locale":"fr_CA","og_type":"article","og_title":"Suppression d\u2019emplois et fermeture d\u2019un centre d\u2019essai pour Stellantis - CanadaMotorJobs.com","og_description":"Suppression d\u2019emplois et fermeture d\u2019un centre d\u2019essai pour Stellantis - Benoit Charette - Annuel automobile - CanadaMotorJobs.com.","og_url":"https:\/\/news.canadamotorjobs.com\/fr\/suppression-demplois-et-fermeture-dun-centre-dessai-pour-stellantis\/","og_site_name":"CanadaMotorJobs.com","article_publisher":"https:\/\/www.facebook.com\/canadamotorjobs\/","article_published_time":"2024-10-23T07:24:38+00:00","article_modified_time":"2024-10-23T07:29:40+00:00","og_image":[{"width":1200,"height":675,"url":"https:\/\/news.canadamotorjobs.com\/wp-content\/uploads\/2024\/10\/WTAP_WSLaunchBRoll_final_thumb_00032.png","type":"image\/png"}],"author":"Benoit Charette","twitter_card":"summary_large_image","twitter_creator":"@canadamotorjobs","twitter_site":"@canadamotorjobs","twitter_misc":{"\u00c9crit par":"Benoit Charette","Estimation du temps de lecture":"3 minutes"},"schema":{"@context":"https:\/\/schema.org","@graph":[{"@type":"Article","@id":"https:\/\/news.canadamotorjobs.com\/fr\/suppression-demplois-et-fermeture-dun-centre-dessai-pour-stellantis\/#article","isPartOf":{"@id":"https:\/\/news.canadamotorjobs.com\/fr\/suppression-demplois-et-fermeture-dun-centre-dessai-pour-stellantis\/"},"author":{"name":"Benoit Charette","@id":"https:\/\/news.canadamotorjobs.com\/#\/schema\/person\/51793d1f87d44011d7bcc2ed99269a90"},"headline":"Suppression d\u2019emplois et fermeture d\u2019un centre d\u2019essai pour Stellantis","datePublished":"2024-10-23T07:24:38+00:00","dateModified":"2024-10-23T07:29:40+00:00","mainEntityOfPage":{"@id":"https:\/\/news.canadamotorjobs.com\/fr\/suppression-demplois-et-fermeture-dun-centre-dessai-pour-stellantis\/"},"wordCount":618,"publisher":{"@id":"https:\/\/news.canadamotorjobs.com\/#organization"},"image":{"@id":"https:\/\/news.canadamotorjobs.com\/fr\/suppression-demplois-et-fermeture-dun-centre-dessai-pour-stellantis\/#primaryimage"},"thumbnailUrl":"https:\/\/news.canadamotorjobs.com\/wp-content\/uploads\/2024\/10\/WTAP_WSLaunchBRoll_final_thumb_00032.png","articleSection":["Annuel automobile"],"inLanguage":"fr-CA"},{"@type":"WebPage","@id":"https:\/\/news.canadamotorjobs.com\/fr\/suppression-demplois-et-fermeture-dun-centre-dessai-pour-stellantis\/","url":"https:\/\/news.canadamotorjobs.com\/fr\/suppression-demplois-et-fermeture-dun-centre-dessai-pour-stellantis\/","name":"Suppression d\u2019emplois et fermeture d\u2019un centre d\u2019essai pour Stellantis - CanadaMotorJobs.com","isPartOf":{"@id":"https:\/\/news.canadamotorjobs.com\/#website"},"primaryImageOfPage":{"@id":"https:\/\/news.canadamotorjobs.com\/fr\/suppression-demplois-et-fermeture-dun-centre-dessai-pour-stellantis\/#primaryimage"},"image":{"@id":"https:\/\/news.canadamotorjobs.com\/fr\/suppression-demplois-et-fermeture-dun-centre-dessai-pour-stellantis\/#primaryimage"},"thumbnailUrl":"https:\/\/news.canadamotorjobs.com\/wp-content\/uploads\/2024\/10\/WTAP_WSLaunchBRoll_final_thumb_00032.png","datePublished":"2024-10-23T07:24:38+00:00","dateModified":"2024-10-23T07:29:40+00:00","description":"Suppression d\u2019emplois et fermeture d\u2019un centre d\u2019essai pour Stellantis - Benoit Charette - Annuel automobile - CanadaMotorJobs.com.","breadcrumb":{"@id":"https:\/\/news.canadamotorjobs.com\/fr\/suppression-demplois-et-fermeture-dun-centre-dessai-pour-stellantis\/#breadcrumb"},"inLanguage":"fr-CA","potentialAction":[{"@type":"ReadAction","target":["https:\/\/news.canadamotorjobs.com\/fr\/suppression-demplois-et-fermeture-dun-centre-dessai-pour-stellantis\/"]}]},{"@type":"ImageObject","inLanguage":"fr-CA","@id":"https:\/\/news.canadamotorjobs.com\/fr\/suppression-demplois-et-fermeture-dun-centre-dessai-pour-stellantis\/#primaryimage","url":"https:\/\/news.canadamotorjobs.com\/wp-content\/uploads\/2024\/10\/WTAP_WSLaunchBRoll_final_thumb_00032.png","contentUrl":"https:\/\/news.canadamotorjobs.com\/wp-content\/uploads\/2024\/10\/WTAP_WSLaunchBRoll_final_thumb_00032.png","width":1200,"height":675},{"@type":"BreadcrumbList","@id":"https:\/\/news.canadamotorjobs.com\/fr\/suppression-demplois-et-fermeture-dun-centre-dessai-pour-stellantis\/#breadcrumb","itemListElement":[{"@type":"ListItem","position":1,"name":"Home","item":"https:\/\/news.canadamotorjobs.com\/fr\/blog\/"},{"@type":"ListItem","position":2,"name":"Suppression d\u2019emplois et fermeture d\u2019un centre d\u2019essai pour Stellantis"}]},{"@type":"WebSite","@id":"https:\/\/news.canadamotorjobs.com\/#website","url":"https:\/\/news.canadamotorjobs.com\/","name":"CanadaMotorJobs.com","description":"Automotive Jobs","publisher":{"@id":"https:\/\/news.canadamotorjobs.com\/#organization"},"potentialAction":[{"@type":"SearchAction","target":{"@type":"EntryPoint","urlTemplate":"https:\/\/news.canadamotorjobs.com\/?s={search_term_string}"},"query-input":"required name=search_term_string"}],"inLanguage":"fr-CA"},{"@type":"Organization","@id":"https:\/\/news.canadamotorjobs.com\/#organization","name":"Canada Motor Jobs","url":"https:\/\/news.canadamotorjobs.com\/","logo":{"@type":"ImageObject","inLanguage":"fr-CA","@id":"https:\/\/news.canadamotorjobs.com\/#\/schema\/logo\/image\/","url":"https:\/\/news.canadamotorjobs.com\/wp-content\/uploads\/2022\/10\/logo-canada-motor-jobs-1.png","contentUrl":"https:\/\/news.canadamotorjobs.com\/wp-content\/uploads\/2022\/10\/logo-canada-motor-jobs-1.png","width":800,"height":400,"caption":"Canada Motor Jobs"},"image":{"@id":"https:\/\/news.canadamotorjobs.com\/#\/schema\/logo\/image\/"},"sameAs":["https:\/\/www.facebook.com\/canadamotorjobs\/","https:\/\/x.com\/canadamotorjobs","https:\/\/www.instagram.com\/canadamotorjobs\/","https:\/\/www.linkedin.com\/company\/canadamotorjobs"]},{"@type":"Person","@id":"https:\/\/news.canadamotorjobs.com\/#\/schema\/person\/51793d1f87d44011d7bcc2ed99269a90","name":"Benoit Charette","image":{"@type":"ImageObject","inLanguage":"fr-CA","@id":"https:\/\/news.canadamotorjobs.com\/#\/schema\/person\/image\/","url":"https:\/\/secure.gravatar.com\/avatar\/45f3d2eebcccd909668d7ce7ea7267b6?s=96&d=mm&r=g","contentUrl":"https:\/\/secure.gravatar.com\/avatar\/45f3d2eebcccd909668d7ce7ea7267b6?s=96&d=mm&r=g","caption":"Benoit Charette"},"description":"Benoit Charette \/ Propri\u00e9taire et r\u00e9dacteur en chef Benoit Charette pratique le journalisme automobile depuis bient\u00f4t 30 ans. Il a fait ses classes au c\u00f4t\u00e9 de Daniel H\u00e9raud et au Carnet de route de 1992 \u00e0 2001. Il est fondateur, copropri\u00e9taire et r\u00e9dacteur en chef de L\u2019Annuel de l\u2019automobile, qu\u2019il publie depuis 2001. Il a anim\u00e9 les \u00e9missions RPM et RPM+ sur V et les L\u00e9gendes de la route sur Historia. \u00c0 la radio depuis 1986, il reprend l\u2019antenne cette ann\u00e9e sur les ondes de Cogeco et participe pour la deuxi\u00e8me ann\u00e9e \u00e0 l\u2019\u00e9mission Passion Auto sur RDS en plus de mettre en ligne le site Web officiel de L\u2019Annuel de l\u2019automobile sur annuelauto.ca.","sameAs":["https:\/\/annuelauto.ca\/"],"url":"https:\/\/news.canadamotorjobs.com\/fr\/author\/benoit-charette\/"}]}},"_links":{"self":[{"href":"https:\/\/news.canadamotorjobs.com\/fr\/wp-json\/wp\/v2\/posts\/178578"}],"collection":[{"href":"https:\/\/news.canadamotorjobs.com\/fr\/wp-json\/wp\/v2\/posts"}],"about":[{"href":"https:\/\/news.canadamotorjobs.com\/fr\/wp-json\/wp\/v2\/types\/post"}],"author":[{"embeddable":true,"href":"https:\/\/news.canadamotorjobs.com\/fr\/wp-json\/wp\/v2\/users\/8"}],"replies":[{"embeddable":true,"href":"https:\/\/news.canadamotorjobs.com\/fr\/wp-json\/wp\/v2\/comments?post=178578"}],"version-history":[{"count":3,"href":"https:\/\/news.canadamotorjobs.com\/fr\/wp-json\/wp\/v2\/posts\/178578\/revisions"}],"predecessor-version":[{"id":178609,"href":"https:\/\/news.canadamotorjobs.com\/fr\/wp-json\/wp\/v2\/posts\/178578\/revisions\/178609"}],"wp:featuredmedia":[{"embeddable":true,"href":"https:\/\/news.canadamotorjobs.com\/fr\/wp-json\/wp\/v2\/media\/178580"}],"wp:attachment":[{"href":"https:\/\/news.canadamotorjobs.com\/fr\/wp-json\/wp\/v2\/media?parent=178578"}],"wp:term":[{"taxonomy":"category","embeddable":true,"href":"https:\/\/news.canadamotorjobs.com\/fr\/wp-json\/wp\/v2\/categories?post=178578"},{"taxonomy":"post_tag","embeddable":true,"href":"https:\/\/news.canadamotorjobs.com\/fr\/wp-json\/wp\/v2\/tags?post=178578"}],"curies":[{"name":"wp","href":"https:\/\/api.w.org\/{rel}","templated":true}]}}