{"id":178482,"date":"2024-10-22T15:24:34","date_gmt":"2024-10-22T19:24:34","guid":{"rendered":"https:\/\/news.canadamotorjobs.com\/?p=178482"},"modified":"2024-10-22T15:29:20","modified_gmt":"2024-10-22T19:29:20","slug":"les-ram-1500-2025-couteront-moins-chers-que-les-2024","status":"publish","type":"post","link":"https:\/\/news.canadamotorjobs.com\/fr\/les-ram-1500-2025-couteront-moins-chers-que-les-2024\/","title":{"rendered":"Les Ram 1500 2025 co\u00fbteront moins chers que les 2024"},"content":{"rendered":"<\/p>\n<p>Ram a r\u00e9ajust\u00e9 les prix de sa gamme Ram 1500 pour l\u2019ann\u00e9e mod\u00e8le 2025, en r\u00e9duisant les prix de 4000 $ sur tous les mod\u00e8les, \u00e0 l\u2019exception de la version RHO.<\/p>\n<p>Le Ram 1500 Tradesman, la proposition d\u2019entr\u00e9e de gamme, sera maintenant vendu \u00e0 partir de 58 740 $ (incluant les frais de pr\u00e9paration et la taxe sur la climatisation), offrant un rapport qualit\u00e9-prix exceptionnel.<\/p>\n<p><\/p>\n<figure><img decoding=\"async\" src=\"https:\/\/news.canadamotorjobs.com\/wp-content\/uploads\/2024\/10\/ram-1500-rebel-x-2025_3-5.jpg\" alt=\"Le Ram 1500 Rebel X 2025\" \/><figcaption>Le Ram 1500 Rebel X 2025 | Auto123.com<\/figcaption><\/figure>\n<h2>Motorisation du Ram 1500 2025 : trois moteurs puissants au choix<\/h2>\n<p>Le Ram 1500 2025 propose trois options de moteurs, dont les nouveaux 6-cylindres en ligne turbo de 3,0 litres Hurricane et Hurricane High Output (SST) issus de la famille Stellantis Hurricane Twin-turbo, les plus puissants de leur cat\u00e9gorie. Aussi, l\u2019incontournable V6 de 3,6 litres Pentastar eTorque, prim\u00e9 \u00e0 plusieurs reprises, est \u00e9galement livrable.<\/p>\n<p><strong>Un repositionnement strat\u00e9gique pour le march\u00e9 canadien<\/strong><\/p>\n<p>Ram a repositionn\u00e9 les prix de la gamme Ram 1500 pour 2025, offrant ainsi aux consommateurs canadiens une meilleure valeur de ses mod\u00e8les, que ce soit ceux pens\u00e9s pour les travaux lourds ou pour les besoins familiaux. Le Ram 1500 Tradesman s\u2019affiche d\u00e9sormais \u00e0 partir de 58 740 $ (56 445 $ PDSF, plus frais additionnels), une offre accessible pour un v\u00e9hicule de cette gamme.<\/p>\n<p><\/p>\n<figure><img decoding=\"async\" src=\"https:\/\/news.canadamotorjobs.com\/wp-content\/uploads\/2024\/10\/ram-1500-rho-2025_8-1.jpg\" alt=\"Ram 1500 RHO 2025\" \/><figcaption>Ram 1500 RHO 2025 | Auto123.com<\/figcaption><\/figure>\n<h2>Prix canadiens du Ram 1500 2025<\/h2>\n<p>Ces prix incluent des frais de transport et de pr\u00e9paration de 2195 $, ainsi qu\u2019une une taxe f\u00e9d\u00e9rale de 100 $ pour la climatisation :<\/p>\n<p>Empattement court (swb) et empattement long (lwb)<\/p>\n<ul><\/p>\n<li>&#8211; Ram 1500 Tradesman \u00e0 cabine double &#8211; 58 740 $<\/li>\n<p><\/p>\n<li>&#8211; Ram 1500 Big horn \u00e0 cabine double &#8211; 62 240 $<\/li>\n<p><\/p>\n<li>&#8211; Ram 1500 Tradesman \u00e0 cabine d\u2019\u00e9quipe (swb) &#8211; 60 240 $<\/li>\n<p><\/p>\n<li>&#8211; Ram 1500 Tradesman \u00e0 cabine d\u2019\u00e9quipe (lwb) &#8211; 65 535 $<\/li>\n<p><\/p>\n<li>&#8211; Ram 1500 Big Horn \u00e0 cabine d\u2019\u00e9quipe (swb) &#8211; 63 740 $<\/li>\n<p><\/p>\n<li>&#8211; Ram 1500 Big Horn \u00e0 cabine d\u2019\u00e9quipe (lwb) &#8211; 69 035 $<\/li>\n<p><\/p>\n<li>&#8211; Ram 1500 Sport \u00e0 cabine d\u2019\u00e9quipe (swb) &#8211; 74 240 $<\/li>\n<p><\/p>\n<li>&#8211; Ram 1500 Sport \u00e0 cabine d\u2019\u00e9quipe (lwb) &#8211; 75 740 $<\/li>\n<p><\/p>\n<li>&#8211; Ram 1500 Rebel \u00e0 cabine d\u2019\u00e9quipe (swb) &#8211; 76 240 $<\/li>\n<p><\/p>\n<li>&#8211; Ram 1500 Laramie \u00e0 cabine d\u2019\u00e9quipe (swb) &#8211; 80 740 $<\/li>\n<p><\/p>\n<li>&#8211; Ram 1500 Laramie \u00e0 cabine d\u2019\u00e9quipe (lwb) &#8211; 82 240 $<\/li>\n<p><\/p>\n<li>&#8211; Ram 1500 Limited \u00e0 cabine d\u2019\u00e9quipe (swb) &#8211; 93 240 $<\/li>\n<p><\/p>\n<li>&#8211; Ram 1500 Limited \u00e0 cabine d\u2019\u00e9quipe (lwb) &#8211; 94 740 $<\/li>\n<p><\/p>\n<li>&#8211; Ram 1500 Tungsten \u00e0 cabine d\u2019\u00e9quipe (swb) &#8211; 106 240 $<\/li>\n<p>\n<\/ul>\n<p><\/p>\n<p style=\"padding-top: 15px\">Contenu original de <a href=\"https:\/\/www.auto123.com\/fr\/actualites\/ram-1500-2025-canada-prix-details\/71968\/\">auto123<\/a>.<\/p>\n<p>Le texte <a rel=\"nofollow\" href=\"https:\/\/annuelauto.ca\/les-ram-1500-2025-couteront-moins-chers-que-les-2024\/\">Les Ram 1500 2025 co\u00fbteront moins chers que les 2024<\/a> provient de <a rel=\"nofollow\" href=\"https:\/\/annuelauto.ca\">L&#8217;annuel de l&#8217;automobile &#8211; Actualit\u00e9 automobile<\/a><\/p>\n<p><\/p>\n","protected":false},"excerpt":{"rendered":"<p>Ram a r\u00e9ajust\u00e9 les prix de sa gamme Ram 1500 pour l\u2019ann\u00e9e mod\u00e8le 2025, en r\u00e9duisant les prix de 4000 $ sur tous les mod\u00e8les, \u00e0 l\u2019exception de la version RHO. Le Ram 1500 Tradesman, la proposition d\u2019entr\u00e9e de gamme, sera maintenant vendu \u00e0 partir de 58 740 $ (incluant les frais de pr\u00e9paration et [&hellip;]<\/p>\n","protected":false},"author":8,"featured_media":178484,"comment_status":"close","ping_status":"closed","sticky":false,"template":"","format":"standard","meta":{"_monsterinsights_skip_tracking":false,"_monsterinsights_sitenote_active":false,"_monsterinsights_sitenote_note":"","_monsterinsights_sitenote_category":0,"footnotes":""},"categories":[101],"tags":[],"yoast_head":"<!-- This site is optimized with the Yoast SEO plugin v23.2 - https:\/\/yoast.com\/wordpress\/plugins\/seo\/ -->\n<title>Les Ram 1500 2025 co\u00fbteront moins chers que les 2024 - CanadaMotorJobs.com<\/title>\n<meta name=\"description\" content=\"Les Ram 1500 2025 co\u00fbteront moins chers que les 2024 - Benoit Charette - Annuel automobile - CanadaMotorJobs.com.\" \/>\n<meta name=\"robots\" content=\"index, follow, max-snippet:-1, max-image-preview:large, max-video-preview:-1\" \/>\n<meta property=\"og:locale\" content=\"fr_CA\" \/>\n<meta property=\"og:type\" content=\"article\" \/>\n<meta property=\"og:title\" content=\"Les Ram 1500 2025 co\u00fbteront moins chers que les 2024 - CanadaMotorJobs.com\" \/>\n<meta property=\"og:description\" content=\"Les Ram 1500 2025 co\u00fbteront moins chers que les 2024 - Benoit Charette - Annuel automobile - CanadaMotorJobs.com.\" \/>\n<meta property=\"og:url\" content=\"https:\/\/news.canadamotorjobs.com\/fr\/les-ram-1500-2025-couteront-moins-chers-que-les-2024\/\" \/>\n<meta property=\"og:site_name\" content=\"CanadaMotorJobs.com\" \/>\n<meta property=\"article:publisher\" content=\"https:\/\/www.facebook.com\/canadamotorjobs\/\" \/>\n<meta property=\"article:published_time\" content=\"2024-10-22T19:24:34+00:00\" \/>\n<meta property=\"article:modified_time\" content=\"2024-10-22T19:29:20+00:00\" \/>\n<meta property=\"og:image\" content=\"https:\/\/news.canadamotorjobs.com\/wp-content\/uploads\/2024\/10\/ram-1500-rebel-x-2025_3.jpg\" \/>\n\t<meta property=\"og:image:width\" content=\"1200\" \/>\n\t<meta property=\"og:image:height\" content=\"800\" \/>\n\t<meta property=\"og:image:type\" content=\"image\/jpeg\" \/>\n<meta name=\"author\" content=\"Benoit Charette\" \/>\n<meta name=\"twitter:card\" content=\"summary_large_image\" \/>\n<meta name=\"twitter:creator\" content=\"@canadamotorjobs\" \/>\n<meta name=\"twitter:site\" content=\"@canadamotorjobs\" \/>\n<meta name=\"twitter:label1\" content=\"\u00c9crit par\" \/>\n\t<meta name=\"twitter:data1\" content=\"Benoit Charette\" \/>\n\t<meta name=\"twitter:label2\" content=\"Estimation du temps de lecture\" \/>\n\t<meta name=\"twitter:data2\" content=\"2 minutes\" \/>\n<!-- \/ Yoast SEO plugin. -->","yoast_head_json":{"title":"Les Ram 1500 2025 co\u00fbteront moins chers que les 2024 - CanadaMotorJobs.com","description":"Les Ram 1500 2025 co\u00fbteront moins chers que les 2024 - Benoit Charette - Annuel automobile - CanadaMotorJobs.com.","robots":{"index":"index","follow":"follow","max-snippet":"max-snippet:-1","max-image-preview":"max-image-preview:large","max-video-preview":"max-video-preview:-1"},"og_locale":"fr_CA","og_type":"article","og_title":"Les Ram 1500 2025 co\u00fbteront moins chers que les 2024 - CanadaMotorJobs.com","og_description":"Les Ram 1500 2025 co\u00fbteront moins chers que les 2024 - Benoit Charette - Annuel automobile - CanadaMotorJobs.com.","og_url":"https:\/\/news.canadamotorjobs.com\/fr\/les-ram-1500-2025-couteront-moins-chers-que-les-2024\/","og_site_name":"CanadaMotorJobs.com","article_publisher":"https:\/\/www.facebook.com\/canadamotorjobs\/","article_published_time":"2024-10-22T19:24:34+00:00","article_modified_time":"2024-10-22T19:29:20+00:00","og_image":[{"width":1200,"height":800,"url":"https:\/\/news.canadamotorjobs.com\/wp-content\/uploads\/2024\/10\/ram-1500-rebel-x-2025_3.jpg","type":"image\/jpeg"}],"author":"Benoit Charette","twitter_card":"summary_large_image","twitter_creator":"@canadamotorjobs","twitter_site":"@canadamotorjobs","twitter_misc":{"\u00c9crit par":"Benoit Charette","Estimation du temps de lecture":"2 minutes"},"schema":{"@context":"https:\/\/schema.org","@graph":[{"@type":"Article","@id":"https:\/\/news.canadamotorjobs.com\/fr\/les-ram-1500-2025-couteront-moins-chers-que-les-2024\/#article","isPartOf":{"@id":"https:\/\/news.canadamotorjobs.com\/fr\/les-ram-1500-2025-couteront-moins-chers-que-les-2024\/"},"author":{"name":"Benoit Charette","@id":"https:\/\/news.canadamotorjobs.com\/#\/schema\/person\/51793d1f87d44011d7bcc2ed99269a90"},"headline":"Les Ram 1500 2025 co\u00fbteront moins chers que les 2024","datePublished":"2024-10-22T19:24:34+00:00","dateModified":"2024-10-22T19:29:20+00:00","mainEntityOfPage":{"@id":"https:\/\/news.canadamotorjobs.com\/fr\/les-ram-1500-2025-couteront-moins-chers-que-les-2024\/"},"wordCount":380,"publisher":{"@id":"https:\/\/news.canadamotorjobs.com\/#organization"},"image":{"@id":"https:\/\/news.canadamotorjobs.com\/fr\/les-ram-1500-2025-couteront-moins-chers-que-les-2024\/#primaryimage"},"thumbnailUrl":"https:\/\/news.canadamotorjobs.com\/wp-content\/uploads\/2024\/10\/ram-1500-rebel-x-2025_3.jpg","articleSection":["Annuel automobile"],"inLanguage":"fr-CA"},{"@type":"WebPage","@id":"https:\/\/news.canadamotorjobs.com\/fr\/les-ram-1500-2025-couteront-moins-chers-que-les-2024\/","url":"https:\/\/news.canadamotorjobs.com\/fr\/les-ram-1500-2025-couteront-moins-chers-que-les-2024\/","name":"Les Ram 1500 2025 co\u00fbteront moins chers que les 2024 - CanadaMotorJobs.com","isPartOf":{"@id":"https:\/\/news.canadamotorjobs.com\/#website"},"primaryImageOfPage":{"@id":"https:\/\/news.canadamotorjobs.com\/fr\/les-ram-1500-2025-couteront-moins-chers-que-les-2024\/#primaryimage"},"image":{"@id":"https:\/\/news.canadamotorjobs.com\/fr\/les-ram-1500-2025-couteront-moins-chers-que-les-2024\/#primaryimage"},"thumbnailUrl":"https:\/\/news.canadamotorjobs.com\/wp-content\/uploads\/2024\/10\/ram-1500-rebel-x-2025_3.jpg","datePublished":"2024-10-22T19:24:34+00:00","dateModified":"2024-10-22T19:29:20+00:00","description":"Les Ram 1500 2025 co\u00fbteront moins chers que les 2024 - Benoit Charette - Annuel automobile - CanadaMotorJobs.com.","breadcrumb":{"@id":"https:\/\/news.canadamotorjobs.com\/fr\/les-ram-1500-2025-couteront-moins-chers-que-les-2024\/#breadcrumb"},"inLanguage":"fr-CA","potentialAction":[{"@type":"ReadAction","target":["https:\/\/news.canadamotorjobs.com\/fr\/les-ram-1500-2025-couteront-moins-chers-que-les-2024\/"]}]},{"@type":"ImageObject","inLanguage":"fr-CA","@id":"https:\/\/news.canadamotorjobs.com\/fr\/les-ram-1500-2025-couteront-moins-chers-que-les-2024\/#primaryimage","url":"https:\/\/news.canadamotorjobs.com\/wp-content\/uploads\/2024\/10\/ram-1500-rebel-x-2025_3.jpg","contentUrl":"https:\/\/news.canadamotorjobs.com\/wp-content\/uploads\/2024\/10\/ram-1500-rebel-x-2025_3.jpg","width":1200,"height":800},{"@type":"BreadcrumbList","@id":"https:\/\/news.canadamotorjobs.com\/fr\/les-ram-1500-2025-couteront-moins-chers-que-les-2024\/#breadcrumb","itemListElement":[{"@type":"ListItem","position":1,"name":"Home","item":"https:\/\/news.canadamotorjobs.com\/fr\/blog\/"},{"@type":"ListItem","position":2,"name":"Les Ram 1500 2025 co\u00fbteront moins chers que les 2024"}]},{"@type":"WebSite","@id":"https:\/\/news.canadamotorjobs.com\/#website","url":"https:\/\/news.canadamotorjobs.com\/","name":"CanadaMotorJobs.com","description":"Automotive Jobs","publisher":{"@id":"https:\/\/news.canadamotorjobs.com\/#organization"},"potentialAction":[{"@type":"SearchAction","target":{"@type":"EntryPoint","urlTemplate":"https:\/\/news.canadamotorjobs.com\/?s={search_term_string}"},"query-input":"required name=search_term_string"}],"inLanguage":"fr-CA"},{"@type":"Organization","@id":"https:\/\/news.canadamotorjobs.com\/#organization","name":"Canada Motor Jobs","url":"https:\/\/news.canadamotorjobs.com\/","logo":{"@type":"ImageObject","inLanguage":"fr-CA","@id":"https:\/\/news.canadamotorjobs.com\/#\/schema\/logo\/image\/","url":"https:\/\/news.canadamotorjobs.com\/wp-content\/uploads\/2022\/10\/logo-canada-motor-jobs-1.png","contentUrl":"https:\/\/news.canadamotorjobs.com\/wp-content\/uploads\/2022\/10\/logo-canada-motor-jobs-1.png","width":800,"height":400,"caption":"Canada Motor Jobs"},"image":{"@id":"https:\/\/news.canadamotorjobs.com\/#\/schema\/logo\/image\/"},"sameAs":["https:\/\/www.facebook.com\/canadamotorjobs\/","https:\/\/x.com\/canadamotorjobs","https:\/\/www.instagram.com\/canadamotorjobs\/","https:\/\/www.linkedin.com\/company\/canadamotorjobs"]},{"@type":"Person","@id":"https:\/\/news.canadamotorjobs.com\/#\/schema\/person\/51793d1f87d44011d7bcc2ed99269a90","name":"Benoit Charette","image":{"@type":"ImageObject","inLanguage":"fr-CA","@id":"https:\/\/news.canadamotorjobs.com\/#\/schema\/person\/image\/","url":"https:\/\/secure.gravatar.com\/avatar\/45f3d2eebcccd909668d7ce7ea7267b6?s=96&d=mm&r=g","contentUrl":"https:\/\/secure.gravatar.com\/avatar\/45f3d2eebcccd909668d7ce7ea7267b6?s=96&d=mm&r=g","caption":"Benoit Charette"},"description":"Benoit Charette \/ Propri\u00e9taire et r\u00e9dacteur en chef Benoit Charette pratique le journalisme automobile depuis bient\u00f4t 30 ans. Il a fait ses classes au c\u00f4t\u00e9 de Daniel H\u00e9raud et au Carnet de route de 1992 \u00e0 2001. Il est fondateur, copropri\u00e9taire et r\u00e9dacteur en chef de L\u2019Annuel de l\u2019automobile, qu\u2019il publie depuis 2001. Il a anim\u00e9 les \u00e9missions RPM et RPM+ sur V et les L\u00e9gendes de la route sur Historia. \u00c0 la radio depuis 1986, il reprend l\u2019antenne cette ann\u00e9e sur les ondes de Cogeco et participe pour la deuxi\u00e8me ann\u00e9e \u00e0 l\u2019\u00e9mission Passion Auto sur RDS en plus de mettre en ligne le site Web officiel de L\u2019Annuel de l\u2019automobile sur annuelauto.ca.","sameAs":["https:\/\/annuelauto.ca\/"],"url":"https:\/\/news.canadamotorjobs.com\/fr\/author\/benoit-charette\/"}]}},"_links":{"self":[{"href":"https:\/\/news.canadamotorjobs.com\/fr\/wp-json\/wp\/v2\/posts\/178482"}],"collection":[{"href":"https:\/\/news.canadamotorjobs.com\/fr\/wp-json\/wp\/v2\/posts"}],"about":[{"href":"https:\/\/news.canadamotorjobs.com\/fr\/wp-json\/wp\/v2\/types\/post"}],"author":[{"embeddable":true,"href":"https:\/\/news.canadamotorjobs.com\/fr\/wp-json\/wp\/v2\/users\/8"}],"replies":[{"embeddable":true,"href":"https:\/\/news.canadamotorjobs.com\/fr\/wp-json\/wp\/v2\/comments?post=178482"}],"version-history":[{"count":3,"href":"https:\/\/news.canadamotorjobs.com\/fr\/wp-json\/wp\/v2\/posts\/178482\/revisions"}],"predecessor-version":[{"id":178513,"href":"https:\/\/news.canadamotorjobs.com\/fr\/wp-json\/wp\/v2\/posts\/178482\/revisions\/178513"}],"wp:featuredmedia":[{"embeddable":true,"href":"https:\/\/news.canadamotorjobs.com\/fr\/wp-json\/wp\/v2\/media\/178484"}],"wp:attachment":[{"href":"https:\/\/news.canadamotorjobs.com\/fr\/wp-json\/wp\/v2\/media?parent=178482"}],"wp:term":[{"taxonomy":"category","embeddable":true,"href":"https:\/\/news.canadamotorjobs.com\/fr\/wp-json\/wp\/v2\/categories?post=178482"},{"taxonomy":"post_tag","embeddable":true,"href":"https:\/\/news.canadamotorjobs.com\/fr\/wp-json\/wp\/v2\/tags?post=178482"}],"curies":[{"name":"wp","href":"https:\/\/api.w.org\/{rel}","templated":true}]}}