{"id":178426,"date":"2024-10-22T15:24:34","date_gmt":"2024-10-22T19:24:34","guid":{"rendered":"https:\/\/news.canadamotorjobs.com\/?p=178426"},"modified":"2024-10-22T15:28:56","modified_gmt":"2024-10-22T19:28:56","slug":"volkswagen-affirme-quelle-aura-suffisamment-did-buzz-pour-la-planete","status":"publish","type":"post","link":"https:\/\/news.canadamotorjobs.com\/fr\/volkswagen-affirme-quelle-aura-suffisamment-did-buzz-pour-la-planete\/","title":{"rendered":"Volkswagen affirme qu\u2019elle aura suffisamment d\u2019ID. Buzz pour la plan\u00e8te"},"content":{"rendered":"<\/p>\n<p>Le Volkswagen ID. Buzz a \u00e9t\u00e9 pr\u00e9sent\u00e9 la semaine derni\u00e8re et nous en <a href=\"https:\/\/www.auto123.com\/fr\/essais-routiers\/volkswagen-id-buzz-2025-premier-essai\/71965\/\">avons fait l\u2019essai routier<\/a>. Ne nous reste qu\u2019\u00e0 attendre l\u2019arriv\u00e9e du mod\u00e8le en concession, ce qui va se produire au cours des prochaines semaines.<\/p>\n<p>Avec tout nouveau v\u00e9hicule, sp\u00e9cialement tout \u00e9lectrique, la question qui se pose a trait \u00e0 la quantit\u00e9 qui sera accessible. Est-ce que tous les acheteurs pourront mettre la main sur un exemplaire ?<\/p>\n<p>On pourrait r\u00e9pondre de deux fa\u00e7ons \u00e0 cette chose. Avec la facture exig\u00e9e, la compagnie s\u2019est assur\u00e9e de ne pas \u00eatre d\u00e9bord\u00e9e de demandes. Cependant, elle affirme qu\u2019il y aura assez de mod\u00e8les pour fournir la plan\u00e8te. Disons qu\u2019elle a pr\u00e9vu le coup, et que la production sera cons\u00e9quente.<\/p>\n<p>Pablo Di Si, le grand patron de Volkswagen pour l\u2019Am\u00e9rique, estime que l\u2019offre sera abondante. En fait, l\u2019usine d\u2019assemblage de Hanovre, en Allemagne, qui sera responsable de la production du mod\u00e8le, a \u00e9t\u00e9 agrandie pour \u00eatre en mesure de fabriquer entre 120 000 et 150 000 unit\u00e9s sur une base annuelle.<\/p>\n<p><\/p>\n<figure><img decoding=\"async\" src=\"https:\/\/news.canadamotorjobs.com\/wp-content\/uploads\/2024\/10\/volkswagen-id-buzz-10-5.jpg\" alt=\"Le Volkswagen ID. Buzz, \u00e0 l&#039;usine\" \/><figcaption>Le Volkswagen ID. Buzz, \u00e0 l&#8217;usine | Auto123.com<\/figcaption><\/figure>\n<p>Le dirigeant n\u2019a pas offert de pr\u00e9vision pour l\u2019Am\u00e9rique du Nord, mais il a r\u00e9p\u00e9t\u00e9 ce qui avait \u00e9t\u00e9 affirm\u00e9 r\u00e9cemment concernant la distribution des mod\u00e8les, soit selon les ventes du VUS ID.4.<\/p>\n<p>Aux \u00c9tats-Unis, les dirigeants de la compagnie craignent que certains concessionnaires gonflent les prix et cr\u00e9ent une surench\u00e8re, ce qui n\u2019est pas permis au Canada.<\/p>\n<p>Fait int\u00e9ressant, il a \u00e9t\u00e9 mentionn\u00e9 que le nombre de v\u00e9hicules produits d\u00e9pendra de la complexit\u00e9 des v\u00e9hicules command\u00e9s. En ce qui concerne la demande, Pablo Di Si s\u2019attend \u00e0 ce qu\u2019elle soit tr\u00e8s forte aux \u00c9tats-Unis.<\/p>\n<p>\u00ab Il y aura une forte demande au cours des 18 \u00e0 24 premiers mois \u00bb, a-t-il d\u00e9clar\u00e9 lors d\u2019une entrevue accord\u00e9e \u00e0 la baladodiffusion Daily Drive. Au fil du temps, il a ajout\u00e9 que des \u00e9ditions sp\u00e9ciales, telles qu\u2019une version pour le camping avec un toit relevable, pourraient aider \u00e0 maintenir le mod\u00e8le au go\u00fbt du jour.<\/p>\n<p>Au Canada, rappelons que l\u2019ID. Buzz est offert \u00e0 partir de 77 495 $ en configuration \u00e0 deux roues motrices (propulsion), alors que la version \u00e0 rouage int\u00e9gral (4Motion) est propos\u00e9e \u00e0 82 995 $.<\/p>\n<p>La chose sera int\u00e9ressante \u00e0 surveiller.<\/p>\n<p><\/p>\n<p style=\"padding-top: 15px\">Contenu original de <a href=\"https:\/\/www.auto123.com\/fr\/actualites\/volkswagen-id.buzz-production-suffisante\/71966\/\">auto123<\/a>.<\/p>\n<p>Le texte <a rel=\"nofollow\" href=\"https:\/\/annuelauto.ca\/volkswagen-affirme-quelle-aura-suffisamment-did-buzz-pour-la-planete\/\">Volkswagen affirme qu\u2019elle aura suffisamment d\u2019ID. Buzz pour la plan\u00e8te<\/a> provient de <a rel=\"nofollow\" href=\"https:\/\/annuelauto.ca\">L&#8217;annuel de l&#8217;automobile &#8211; Actualit\u00e9 automobile<\/a><\/p>\n<p><\/p>\n","protected":false},"excerpt":{"rendered":"<p>Le Volkswagen ID. Buzz a \u00e9t\u00e9 pr\u00e9sent\u00e9 la semaine derni\u00e8re et nous en avons fait l\u2019essai routier. Ne nous reste qu\u2019\u00e0 attendre l\u2019arriv\u00e9e du mod\u00e8le en concession, ce qui va se produire au cours des prochaines semaines. Avec tout nouveau v\u00e9hicule, sp\u00e9cialement tout \u00e9lectrique, la question qui se pose a trait \u00e0 la quantit\u00e9 qui [&hellip;]<\/p>\n","protected":false},"author":8,"featured_media":178428,"comment_status":"close","ping_status":"closed","sticky":false,"template":"","format":"standard","meta":{"_monsterinsights_skip_tracking":false,"_monsterinsights_sitenote_active":false,"_monsterinsights_sitenote_note":"","_monsterinsights_sitenote_category":0,"footnotes":""},"categories":[101],"tags":[],"yoast_head":"<!-- This site is optimized with the Yoast SEO plugin v23.2 - https:\/\/yoast.com\/wordpress\/plugins\/seo\/ -->\n<title>Volkswagen affirme qu\u2019elle aura suffisamment d\u2019ID. Buzz pour la plan\u00e8te - CanadaMotorJobs.com<\/title>\n<meta name=\"description\" content=\"Volkswagen affirme qu\u2019elle aura suffisamment d\u2019ID. Buzz pour la plan\u00e8te - Benoit Charette - Annuel automobile - CanadaMotorJobs.com.\" \/>\n<meta name=\"robots\" content=\"index, follow, max-snippet:-1, max-image-preview:large, max-video-preview:-1\" \/>\n<meta property=\"og:locale\" content=\"fr_CA\" \/>\n<meta property=\"og:type\" content=\"article\" \/>\n<meta property=\"og:title\" content=\"Volkswagen affirme qu\u2019elle aura suffisamment d\u2019ID. Buzz pour la plan\u00e8te - CanadaMotorJobs.com\" \/>\n<meta property=\"og:description\" content=\"Volkswagen affirme qu\u2019elle aura suffisamment d\u2019ID. Buzz pour la plan\u00e8te - Benoit Charette - Annuel automobile - CanadaMotorJobs.com.\" \/>\n<meta property=\"og:url\" content=\"https:\/\/news.canadamotorjobs.com\/fr\/volkswagen-affirme-quelle-aura-suffisamment-did-buzz-pour-la-planete\/\" \/>\n<meta property=\"og:site_name\" content=\"CanadaMotorJobs.com\" \/>\n<meta property=\"article:publisher\" content=\"https:\/\/www.facebook.com\/canadamotorjobs\/\" \/>\n<meta property=\"article:published_time\" content=\"2024-10-22T19:24:34+00:00\" \/>\n<meta property=\"article:modified_time\" content=\"2024-10-22T19:28:56+00:00\" \/>\n<meta property=\"og:image\" content=\"https:\/\/news.canadamotorjobs.com\/wp-content\/uploads\/2024\/10\/volkswagen-id-buzz-10.jpg\" \/>\n\t<meta property=\"og:image:width\" content=\"1029\" \/>\n\t<meta property=\"og:image:height\" content=\"583\" \/>\n\t<meta property=\"og:image:type\" content=\"image\/jpeg\" \/>\n<meta name=\"author\" content=\"Benoit Charette\" \/>\n<meta name=\"twitter:card\" content=\"summary_large_image\" \/>\n<meta name=\"twitter:creator\" content=\"@canadamotorjobs\" \/>\n<meta name=\"twitter:site\" content=\"@canadamotorjobs\" \/>\n<meta name=\"twitter:label1\" content=\"\u00c9crit par\" \/>\n\t<meta name=\"twitter:data1\" content=\"Benoit Charette\" \/>\n\t<meta name=\"twitter:label2\" content=\"Estimation du temps de lecture\" \/>\n\t<meta name=\"twitter:data2\" content=\"2 minutes\" \/>\n<!-- \/ Yoast SEO plugin. -->","yoast_head_json":{"title":"Volkswagen affirme qu\u2019elle aura suffisamment d\u2019ID. Buzz pour la plan\u00e8te - CanadaMotorJobs.com","description":"Volkswagen affirme qu\u2019elle aura suffisamment d\u2019ID. Buzz pour la plan\u00e8te - Benoit Charette - Annuel automobile - CanadaMotorJobs.com.","robots":{"index":"index","follow":"follow","max-snippet":"max-snippet:-1","max-image-preview":"max-image-preview:large","max-video-preview":"max-video-preview:-1"},"og_locale":"fr_CA","og_type":"article","og_title":"Volkswagen affirme qu\u2019elle aura suffisamment d\u2019ID. Buzz pour la plan\u00e8te - CanadaMotorJobs.com","og_description":"Volkswagen affirme qu\u2019elle aura suffisamment d\u2019ID. Buzz pour la plan\u00e8te - Benoit Charette - Annuel automobile - CanadaMotorJobs.com.","og_url":"https:\/\/news.canadamotorjobs.com\/fr\/volkswagen-affirme-quelle-aura-suffisamment-did-buzz-pour-la-planete\/","og_site_name":"CanadaMotorJobs.com","article_publisher":"https:\/\/www.facebook.com\/canadamotorjobs\/","article_published_time":"2024-10-22T19:24:34+00:00","article_modified_time":"2024-10-22T19:28:56+00:00","og_image":[{"width":1029,"height":583,"url":"https:\/\/news.canadamotorjobs.com\/wp-content\/uploads\/2024\/10\/volkswagen-id-buzz-10.jpg","type":"image\/jpeg"}],"author":"Benoit Charette","twitter_card":"summary_large_image","twitter_creator":"@canadamotorjobs","twitter_site":"@canadamotorjobs","twitter_misc":{"\u00c9crit par":"Benoit Charette","Estimation du temps de lecture":"2 minutes"},"schema":{"@context":"https:\/\/schema.org","@graph":[{"@type":"Article","@id":"https:\/\/news.canadamotorjobs.com\/fr\/volkswagen-affirme-quelle-aura-suffisamment-did-buzz-pour-la-planete\/#article","isPartOf":{"@id":"https:\/\/news.canadamotorjobs.com\/fr\/volkswagen-affirme-quelle-aura-suffisamment-did-buzz-pour-la-planete\/"},"author":{"name":"Benoit Charette","@id":"https:\/\/news.canadamotorjobs.com\/#\/schema\/person\/51793d1f87d44011d7bcc2ed99269a90"},"headline":"Volkswagen affirme qu\u2019elle aura suffisamment d\u2019ID. Buzz pour la plan\u00e8te","datePublished":"2024-10-22T19:24:34+00:00","dateModified":"2024-10-22T19:28:56+00:00","mainEntityOfPage":{"@id":"https:\/\/news.canadamotorjobs.com\/fr\/volkswagen-affirme-quelle-aura-suffisamment-did-buzz-pour-la-planete\/"},"wordCount":446,"publisher":{"@id":"https:\/\/news.canadamotorjobs.com\/#organization"},"image":{"@id":"https:\/\/news.canadamotorjobs.com\/fr\/volkswagen-affirme-quelle-aura-suffisamment-did-buzz-pour-la-planete\/#primaryimage"},"thumbnailUrl":"https:\/\/news.canadamotorjobs.com\/wp-content\/uploads\/2024\/10\/volkswagen-id-buzz-10.jpg","articleSection":["Annuel automobile"],"inLanguage":"fr-CA"},{"@type":"WebPage","@id":"https:\/\/news.canadamotorjobs.com\/fr\/volkswagen-affirme-quelle-aura-suffisamment-did-buzz-pour-la-planete\/","url":"https:\/\/news.canadamotorjobs.com\/fr\/volkswagen-affirme-quelle-aura-suffisamment-did-buzz-pour-la-planete\/","name":"Volkswagen affirme qu\u2019elle aura suffisamment d\u2019ID. Buzz pour la plan\u00e8te - CanadaMotorJobs.com","isPartOf":{"@id":"https:\/\/news.canadamotorjobs.com\/#website"},"primaryImageOfPage":{"@id":"https:\/\/news.canadamotorjobs.com\/fr\/volkswagen-affirme-quelle-aura-suffisamment-did-buzz-pour-la-planete\/#primaryimage"},"image":{"@id":"https:\/\/news.canadamotorjobs.com\/fr\/volkswagen-affirme-quelle-aura-suffisamment-did-buzz-pour-la-planete\/#primaryimage"},"thumbnailUrl":"https:\/\/news.canadamotorjobs.com\/wp-content\/uploads\/2024\/10\/volkswagen-id-buzz-10.jpg","datePublished":"2024-10-22T19:24:34+00:00","dateModified":"2024-10-22T19:28:56+00:00","description":"Volkswagen affirme qu\u2019elle aura suffisamment d\u2019ID. Buzz pour la plan\u00e8te - Benoit Charette - Annuel automobile - CanadaMotorJobs.com.","breadcrumb":{"@id":"https:\/\/news.canadamotorjobs.com\/fr\/volkswagen-affirme-quelle-aura-suffisamment-did-buzz-pour-la-planete\/#breadcrumb"},"inLanguage":"fr-CA","potentialAction":[{"@type":"ReadAction","target":["https:\/\/news.canadamotorjobs.com\/fr\/volkswagen-affirme-quelle-aura-suffisamment-did-buzz-pour-la-planete\/"]}]},{"@type":"ImageObject","inLanguage":"fr-CA","@id":"https:\/\/news.canadamotorjobs.com\/fr\/volkswagen-affirme-quelle-aura-suffisamment-did-buzz-pour-la-planete\/#primaryimage","url":"https:\/\/news.canadamotorjobs.com\/wp-content\/uploads\/2024\/10\/volkswagen-id-buzz-10.jpg","contentUrl":"https:\/\/news.canadamotorjobs.com\/wp-content\/uploads\/2024\/10\/volkswagen-id-buzz-10.jpg","width":1029,"height":583},{"@type":"BreadcrumbList","@id":"https:\/\/news.canadamotorjobs.com\/fr\/volkswagen-affirme-quelle-aura-suffisamment-did-buzz-pour-la-planete\/#breadcrumb","itemListElement":[{"@type":"ListItem","position":1,"name":"Home","item":"https:\/\/news.canadamotorjobs.com\/fr\/blog\/"},{"@type":"ListItem","position":2,"name":"Volkswagen affirme qu\u2019elle aura suffisamment d\u2019ID. Buzz pour la plan\u00e8te"}]},{"@type":"WebSite","@id":"https:\/\/news.canadamotorjobs.com\/#website","url":"https:\/\/news.canadamotorjobs.com\/","name":"CanadaMotorJobs.com","description":"Automotive Jobs","publisher":{"@id":"https:\/\/news.canadamotorjobs.com\/#organization"},"potentialAction":[{"@type":"SearchAction","target":{"@type":"EntryPoint","urlTemplate":"https:\/\/news.canadamotorjobs.com\/?s={search_term_string}"},"query-input":"required name=search_term_string"}],"inLanguage":"fr-CA"},{"@type":"Organization","@id":"https:\/\/news.canadamotorjobs.com\/#organization","name":"Canada Motor Jobs","url":"https:\/\/news.canadamotorjobs.com\/","logo":{"@type":"ImageObject","inLanguage":"fr-CA","@id":"https:\/\/news.canadamotorjobs.com\/#\/schema\/logo\/image\/","url":"https:\/\/news.canadamotorjobs.com\/wp-content\/uploads\/2022\/10\/logo-canada-motor-jobs-1.png","contentUrl":"https:\/\/news.canadamotorjobs.com\/wp-content\/uploads\/2022\/10\/logo-canada-motor-jobs-1.png","width":800,"height":400,"caption":"Canada Motor Jobs"},"image":{"@id":"https:\/\/news.canadamotorjobs.com\/#\/schema\/logo\/image\/"},"sameAs":["https:\/\/www.facebook.com\/canadamotorjobs\/","https:\/\/x.com\/canadamotorjobs","https:\/\/www.instagram.com\/canadamotorjobs\/","https:\/\/www.linkedin.com\/company\/canadamotorjobs"]},{"@type":"Person","@id":"https:\/\/news.canadamotorjobs.com\/#\/schema\/person\/51793d1f87d44011d7bcc2ed99269a90","name":"Benoit Charette","image":{"@type":"ImageObject","inLanguage":"fr-CA","@id":"https:\/\/news.canadamotorjobs.com\/#\/schema\/person\/image\/","url":"https:\/\/secure.gravatar.com\/avatar\/45f3d2eebcccd909668d7ce7ea7267b6?s=96&d=mm&r=g","contentUrl":"https:\/\/secure.gravatar.com\/avatar\/45f3d2eebcccd909668d7ce7ea7267b6?s=96&d=mm&r=g","caption":"Benoit Charette"},"description":"Benoit Charette \/ Propri\u00e9taire et r\u00e9dacteur en chef Benoit Charette pratique le journalisme automobile depuis bient\u00f4t 30 ans. Il a fait ses classes au c\u00f4t\u00e9 de Daniel H\u00e9raud et au Carnet de route de 1992 \u00e0 2001. Il est fondateur, copropri\u00e9taire et r\u00e9dacteur en chef de L\u2019Annuel de l\u2019automobile, qu\u2019il publie depuis 2001. Il a anim\u00e9 les \u00e9missions RPM et RPM+ sur V et les L\u00e9gendes de la route sur Historia. \u00c0 la radio depuis 1986, il reprend l\u2019antenne cette ann\u00e9e sur les ondes de Cogeco et participe pour la deuxi\u00e8me ann\u00e9e \u00e0 l\u2019\u00e9mission Passion Auto sur RDS en plus de mettre en ligne le site Web officiel de L\u2019Annuel de l\u2019automobile sur annuelauto.ca.","sameAs":["https:\/\/annuelauto.ca\/"],"url":"https:\/\/news.canadamotorjobs.com\/fr\/author\/benoit-charette\/"}]}},"_links":{"self":[{"href":"https:\/\/news.canadamotorjobs.com\/fr\/wp-json\/wp\/v2\/posts\/178426"}],"collection":[{"href":"https:\/\/news.canadamotorjobs.com\/fr\/wp-json\/wp\/v2\/posts"}],"about":[{"href":"https:\/\/news.canadamotorjobs.com\/fr\/wp-json\/wp\/v2\/types\/post"}],"author":[{"embeddable":true,"href":"https:\/\/news.canadamotorjobs.com\/fr\/wp-json\/wp\/v2\/users\/8"}],"replies":[{"embeddable":true,"href":"https:\/\/news.canadamotorjobs.com\/fr\/wp-json\/wp\/v2\/comments?post=178426"}],"version-history":[{"count":3,"href":"https:\/\/news.canadamotorjobs.com\/fr\/wp-json\/wp\/v2\/posts\/178426\/revisions"}],"predecessor-version":[{"id":178453,"href":"https:\/\/news.canadamotorjobs.com\/fr\/wp-json\/wp\/v2\/posts\/178426\/revisions\/178453"}],"wp:featuredmedia":[{"embeddable":true,"href":"https:\/\/news.canadamotorjobs.com\/fr\/wp-json\/wp\/v2\/media\/178428"}],"wp:attachment":[{"href":"https:\/\/news.canadamotorjobs.com\/fr\/wp-json\/wp\/v2\/media?parent=178426"}],"wp:term":[{"taxonomy":"category","embeddable":true,"href":"https:\/\/news.canadamotorjobs.com\/fr\/wp-json\/wp\/v2\/categories?post=178426"},{"taxonomy":"post_tag","embeddable":true,"href":"https:\/\/news.canadamotorjobs.com\/fr\/wp-json\/wp\/v2\/tags?post=178426"}],"curies":[{"name":"wp","href":"https:\/\/api.w.org\/{rel}","templated":true}]}}