{"id":178411,"date":"2024-10-22T10:33:34","date_gmt":"2024-10-22T14:33:34","guid":{"rendered":"https:\/\/news.canadamotorjobs.com\/?p=178411"},"modified":"2024-10-22T10:59:21","modified_gmt":"2024-10-22T14:59:21","slug":"un-marche-qui-tend-la-main-aux-vehicules-chinois","status":"publish","type":"post","link":"https:\/\/news.canadamotorjobs.com\/fr\/un-marche-qui-tend-la-main-aux-vehicules-chinois\/","title":{"rendered":"Un march\u00e9 qui tend la main aux v\u00e9hicules chinois"},"content":{"rendered":"<\/p>\n<p>La crise de l&#8217;accessibilit\u00e9 des v\u00e9hicules neufs pourrait causer des dommages durables \u00e0 l\u2019industrie automobile nord-am\u00e9ricaine, for\u00e7ant m\u00eame certains consommateurs frustr\u00e9s \u00e0 se tourner vers les v\u00e9hicules chinois si les constructeurs ne r\u00e9pondent pas \u00e0 la demande pour des mod\u00e8les abordables.<\/p>\n<h3>Une analyse pr\u00e9occupante des ventes<\/h3>\n<p>\nL\u2019Industrie automobile fait un retour en arri\u00e8re de 100 ans en ce moment et revient \u00e0 l\u2019\u00e9poque\u00a0 o\u00f9 seulement les gens bien nantis avaient les moyens de faire l\u2019achat d\u2019un v\u00e9hicule. Des organismes aussi importants que J.D. Power pense que l\u2019industrie automobile a franchi un point de non-retour et qu\u2019il faut voir la r\u00e9alit\u00e9 actuelle comme le nouveau paradigme. Les voitures abordables vont venir d\u2019ailleurs, et plus pr\u00e9cis\u00e9ment de la Chine.<\/p>\n<h3>Un march\u00e9 fondamentalement r\u00e9duit<\/h3>\n<p>\nLes constructeurs automobiles ont accumul\u00e9 des profits records au cours de la derni\u00e8re d\u00e9cennie, augmentant les prix et \u00e9liminant les mod\u00e8les d&#8217;entr\u00e9e de gamme plus abordables, ils ont peut-\u00eatre irr\u00e9m\u00e9diablement r\u00e9duit le march\u00e9 de 1 \u00e0 2 millions de v\u00e9hicules neufs par ann\u00e9e chez nos voisins du sud et sont tir\u00e9 dans le pied par la m\u00eame occasion en voulant \u00eatre trop gourmand. Ces ventes perdues se sont probablement redirig\u00e9es vers des v\u00e9hicules d\u2019occasion ou d\u2019autres options de transport.<\/p>\n<h3>Des pressions \u00e9conomiques et politiques<\/h3>\n<p>\nEn ignorant le bas de gamme depuis si longtemps, les constructeurs traditionnels risquent de cr\u00e9er des pressions sociales et politiques qui pourraient un jour ouvrir le march\u00e9 canadien aux v\u00e9hicules chinois, nettement plus abordables. Les concessionnaires rapportent que la demande pour les rares v\u00e9hicules d\u2019entr\u00e9e de gamme disponibles, tels que le Chevrolet Trax, la Toyota Corolla, la Volkswagen Jetta et le Ford Maverick, d\u00e9passe largement l\u2019offre des manufacturiers. Pourtant, m\u00eame ces v\u00e9hicules, qui d\u00e9butent souvent \u00e0 pr\u00e8s de 30 000 $, pourraient \u00eatre consid\u00e9rablement plus chers que les mod\u00e8les potentiels des fabricants chinois si ces derniers r\u00e9ussissaient \u00e0 percer le march\u00e9 nord-am\u00e9ricain. Pendant ce temps, des v\u00e9hicules plus co\u00fbteux demeurent sur les lots des concessionnaires pendant des mois, augmentant les co\u00fbts li\u00e9s \u00e0 leur financement.<\/p>\n<h3>Une patience limit\u00e9e chez les consommateurs<\/h3>\n<p>\nBien que nous ne pr\u00e9conisions pas de rechercher le volume \u00e0 tout prix, il y a une limite \u00e0 la patience des consommateurs nord-am\u00e9ricains face aux lois protectionnistes emp\u00eachant l&#8217;acc\u00e8s \u00e0 des v\u00e9hicules abordables, tels que la BYD Seagull, une voiture \u00e9lectrique vendue \u00e0 l&#8217;\u00e9tranger pour environ 11 500 $. Si ces v\u00e9hicules permettent aux consommateurs d\u2019\u00e9conomiser de l\u2019argent, la pression pour ouvrir les fronti\u00e8res pourrait devenir insoutenable.<\/p>\n<h3>L&#8217;incapacit\u00e9 \u00e0 concurrencer les prix chinois ?<\/h3>\n<p>\nLes constructeurs traditionnels en Am\u00e9rique du Nord ne seront peut-\u00eatre jamais capables de rivaliser avec les prix des concurrents chinois, mais cela ne signifie pas qu\u2019ils ne devraient pas essayer. L\u2019industrie automobile a investi des milliards au cours de la derni\u00e8re d\u00e9cennie dans la conduite autonome et l\u2019\u00e9lectrification, deux objectifs certes louables, mais tr\u00e8s dispendieux. Toutefois, ces investissements risquent d\u2019\u00eatre vains si le manque de v\u00e9hicules abordables et la frustration des consommateurs permettent \u00e0 de nouveaux concurrents chinois de prendre pied dans le march\u00e9.<\/p>\n<h3>Conclusion<\/h3>\n<p>\n\u00a0<\/p>\n<p>La Chine a d\u00e9j\u00e0 fait son nid en Europe et en Australie. Des constructeurs comme BYD vont bient\u00f4t s\u2019installer au Mexique pour venir vendre des v\u00e9hicules chez nous. IL ne faut pas se faire de fausse illusion, la Chine viendra plut\u00f4t que tard sur nos routes, ce que fair le Canada et les \u00c9tats-Unis avec la taxe de 100 % ne fait que retarder l\u2019in\u00e9vitable.<\/p>\n<p>Le texte <a rel=\"nofollow\" href=\"https:\/\/annuelauto.ca\/un-marche-qui-tend-la-main-aux-vehicules-chinois\/\">Un march\u00e9 qui tend la main aux v\u00e9hicules chinois<\/a> provient de <a rel=\"nofollow\" href=\"https:\/\/annuelauto.ca\">L&#8217;annuel de l&#8217;automobile &#8211; Actualit\u00e9 automobile<\/a><\/p>\n<p><\/p>\n","protected":false},"excerpt":{"rendered":"<p>La crise de l&#8217;accessibilit\u00e9 des v\u00e9hicules neufs pourrait causer des dommages durables \u00e0 l\u2019industrie automobile nord-am\u00e9ricaine, for\u00e7ant m\u00eame certains consommateurs frustr\u00e9s \u00e0 se tourner vers les v\u00e9hicules chinois si les constructeurs ne r\u00e9pondent pas \u00e0 la demande pour des mod\u00e8les abordables. Une analyse pr\u00e9occupante des ventes L\u2019Industrie automobile fait un retour en arri\u00e8re de 100 [&hellip;]<\/p>\n","protected":false},"author":8,"featured_media":178413,"comment_status":"close","ping_status":"closed","sticky":false,"template":"","format":"standard","meta":{"_monsterinsights_skip_tracking":false,"_monsterinsights_sitenote_active":false,"_monsterinsights_sitenote_note":"","_monsterinsights_sitenote_category":0,"footnotes":""},"categories":[101],"tags":[],"yoast_head":"<!-- This site is optimized with the Yoast SEO plugin v23.2 - https:\/\/yoast.com\/wordpress\/plugins\/seo\/ -->\n<title>Un march\u00e9 qui tend la main aux v\u00e9hicules chinois - CanadaMotorJobs.com<\/title>\n<meta name=\"description\" content=\"Un march\u00e9 qui tend la main aux v\u00e9hicules chinois - Benoit Charette - Annuel automobile - CanadaMotorJobs.com.\" \/>\n<meta name=\"robots\" content=\"index, follow, max-snippet:-1, max-image-preview:large, max-video-preview:-1\" \/>\n<meta property=\"og:locale\" content=\"fr_CA\" \/>\n<meta property=\"og:type\" content=\"article\" \/>\n<meta property=\"og:title\" content=\"Un march\u00e9 qui tend la main aux v\u00e9hicules chinois - CanadaMotorJobs.com\" \/>\n<meta property=\"og:description\" content=\"Un march\u00e9 qui tend la main aux v\u00e9hicules chinois - Benoit Charette - Annuel automobile - CanadaMotorJobs.com.\" \/>\n<meta property=\"og:url\" content=\"https:\/\/news.canadamotorjobs.com\/fr\/un-marche-qui-tend-la-main-aux-vehicules-chinois\/\" \/>\n<meta property=\"og:site_name\" content=\"CanadaMotorJobs.com\" \/>\n<meta property=\"article:publisher\" content=\"https:\/\/www.facebook.com\/canadamotorjobs\/\" \/>\n<meta property=\"article:published_time\" content=\"2024-10-22T14:33:34+00:00\" \/>\n<meta property=\"article:modified_time\" content=\"2024-10-22T14:59:21+00:00\" \/>\n<meta property=\"og:image\" content=\"https:\/\/news.canadamotorjobs.com\/wp-content\/uploads\/2024\/10\/byd-seal-side-720x405px-4.jpg\" \/>\n\t<meta property=\"og:image:width\" content=\"720\" \/>\n\t<meta property=\"og:image:height\" content=\"405\" \/>\n\t<meta property=\"og:image:type\" content=\"image\/jpeg\" \/>\n<meta name=\"author\" content=\"Benoit Charette\" \/>\n<meta name=\"twitter:card\" content=\"summary_large_image\" \/>\n<meta name=\"twitter:creator\" content=\"@canadamotorjobs\" \/>\n<meta name=\"twitter:site\" content=\"@canadamotorjobs\" \/>\n<meta name=\"twitter:label1\" content=\"\u00c9crit par\" \/>\n\t<meta name=\"twitter:data1\" content=\"Benoit Charette\" \/>\n\t<meta name=\"twitter:label2\" content=\"Estimation du temps de lecture\" \/>\n\t<meta name=\"twitter:data2\" content=\"3 minutes\" \/>\n<!-- \/ Yoast SEO plugin. -->","yoast_head_json":{"title":"Un march\u00e9 qui tend la main aux v\u00e9hicules chinois - CanadaMotorJobs.com","description":"Un march\u00e9 qui tend la main aux v\u00e9hicules chinois - Benoit Charette - Annuel automobile - CanadaMotorJobs.com.","robots":{"index":"index","follow":"follow","max-snippet":"max-snippet:-1","max-image-preview":"max-image-preview:large","max-video-preview":"max-video-preview:-1"},"og_locale":"fr_CA","og_type":"article","og_title":"Un march\u00e9 qui tend la main aux v\u00e9hicules chinois - CanadaMotorJobs.com","og_description":"Un march\u00e9 qui tend la main aux v\u00e9hicules chinois - Benoit Charette - Annuel automobile - CanadaMotorJobs.com.","og_url":"https:\/\/news.canadamotorjobs.com\/fr\/un-marche-qui-tend-la-main-aux-vehicules-chinois\/","og_site_name":"CanadaMotorJobs.com","article_publisher":"https:\/\/www.facebook.com\/canadamotorjobs\/","article_published_time":"2024-10-22T14:33:34+00:00","article_modified_time":"2024-10-22T14:59:21+00:00","og_image":[{"width":720,"height":405,"url":"https:\/\/news.canadamotorjobs.com\/wp-content\/uploads\/2024\/10\/byd-seal-side-720x405px-4.jpg","type":"image\/jpeg"}],"author":"Benoit Charette","twitter_card":"summary_large_image","twitter_creator":"@canadamotorjobs","twitter_site":"@canadamotorjobs","twitter_misc":{"\u00c9crit par":"Benoit Charette","Estimation du temps de lecture":"3 minutes"},"schema":{"@context":"https:\/\/schema.org","@graph":[{"@type":"Article","@id":"https:\/\/news.canadamotorjobs.com\/fr\/un-marche-qui-tend-la-main-aux-vehicules-chinois\/#article","isPartOf":{"@id":"https:\/\/news.canadamotorjobs.com\/fr\/un-marche-qui-tend-la-main-aux-vehicules-chinois\/"},"author":{"name":"Benoit Charette","@id":"https:\/\/news.canadamotorjobs.com\/#\/schema\/person\/51793d1f87d44011d7bcc2ed99269a90"},"headline":"Un march\u00e9 qui tend la main aux v\u00e9hicules chinois","datePublished":"2024-10-22T14:33:34+00:00","dateModified":"2024-10-22T14:59:21+00:00","mainEntityOfPage":{"@id":"https:\/\/news.canadamotorjobs.com\/fr\/un-marche-qui-tend-la-main-aux-vehicules-chinois\/"},"wordCount":657,"publisher":{"@id":"https:\/\/news.canadamotorjobs.com\/#organization"},"image":{"@id":"https:\/\/news.canadamotorjobs.com\/fr\/un-marche-qui-tend-la-main-aux-vehicules-chinois\/#primaryimage"},"thumbnailUrl":"https:\/\/news.canadamotorjobs.com\/wp-content\/uploads\/2024\/10\/byd-seal-side-720x405px-4.jpg","articleSection":["Annuel automobile"],"inLanguage":"fr-CA"},{"@type":"WebPage","@id":"https:\/\/news.canadamotorjobs.com\/fr\/un-marche-qui-tend-la-main-aux-vehicules-chinois\/","url":"https:\/\/news.canadamotorjobs.com\/fr\/un-marche-qui-tend-la-main-aux-vehicules-chinois\/","name":"Un march\u00e9 qui tend la main aux v\u00e9hicules chinois - CanadaMotorJobs.com","isPartOf":{"@id":"https:\/\/news.canadamotorjobs.com\/#website"},"primaryImageOfPage":{"@id":"https:\/\/news.canadamotorjobs.com\/fr\/un-marche-qui-tend-la-main-aux-vehicules-chinois\/#primaryimage"},"image":{"@id":"https:\/\/news.canadamotorjobs.com\/fr\/un-marche-qui-tend-la-main-aux-vehicules-chinois\/#primaryimage"},"thumbnailUrl":"https:\/\/news.canadamotorjobs.com\/wp-content\/uploads\/2024\/10\/byd-seal-side-720x405px-4.jpg","datePublished":"2024-10-22T14:33:34+00:00","dateModified":"2024-10-22T14:59:21+00:00","description":"Un march\u00e9 qui tend la main aux v\u00e9hicules chinois - Benoit Charette - Annuel automobile - CanadaMotorJobs.com.","breadcrumb":{"@id":"https:\/\/news.canadamotorjobs.com\/fr\/un-marche-qui-tend-la-main-aux-vehicules-chinois\/#breadcrumb"},"inLanguage":"fr-CA","potentialAction":[{"@type":"ReadAction","target":["https:\/\/news.canadamotorjobs.com\/fr\/un-marche-qui-tend-la-main-aux-vehicules-chinois\/"]}]},{"@type":"ImageObject","inLanguage":"fr-CA","@id":"https:\/\/news.canadamotorjobs.com\/fr\/un-marche-qui-tend-la-main-aux-vehicules-chinois\/#primaryimage","url":"https:\/\/news.canadamotorjobs.com\/wp-content\/uploads\/2024\/10\/byd-seal-side-720x405px-4.jpg","contentUrl":"https:\/\/news.canadamotorjobs.com\/wp-content\/uploads\/2024\/10\/byd-seal-side-720x405px-4.jpg","width":720,"height":405},{"@type":"BreadcrumbList","@id":"https:\/\/news.canadamotorjobs.com\/fr\/un-marche-qui-tend-la-main-aux-vehicules-chinois\/#breadcrumb","itemListElement":[{"@type":"ListItem","position":1,"name":"Home","item":"https:\/\/news.canadamotorjobs.com\/fr\/blog\/"},{"@type":"ListItem","position":2,"name":"Un march\u00e9 qui tend la main aux v\u00e9hicules chinois"}]},{"@type":"WebSite","@id":"https:\/\/news.canadamotorjobs.com\/#website","url":"https:\/\/news.canadamotorjobs.com\/","name":"CanadaMotorJobs.com","description":"Automotive Jobs","publisher":{"@id":"https:\/\/news.canadamotorjobs.com\/#organization"},"potentialAction":[{"@type":"SearchAction","target":{"@type":"EntryPoint","urlTemplate":"https:\/\/news.canadamotorjobs.com\/?s={search_term_string}"},"query-input":"required name=search_term_string"}],"inLanguage":"fr-CA"},{"@type":"Organization","@id":"https:\/\/news.canadamotorjobs.com\/#organization","name":"Canada Motor Jobs","url":"https:\/\/news.canadamotorjobs.com\/","logo":{"@type":"ImageObject","inLanguage":"fr-CA","@id":"https:\/\/news.canadamotorjobs.com\/#\/schema\/logo\/image\/","url":"https:\/\/news.canadamotorjobs.com\/wp-content\/uploads\/2022\/10\/logo-canada-motor-jobs-1.png","contentUrl":"https:\/\/news.canadamotorjobs.com\/wp-content\/uploads\/2022\/10\/logo-canada-motor-jobs-1.png","width":800,"height":400,"caption":"Canada Motor Jobs"},"image":{"@id":"https:\/\/news.canadamotorjobs.com\/#\/schema\/logo\/image\/"},"sameAs":["https:\/\/www.facebook.com\/canadamotorjobs\/","https:\/\/x.com\/canadamotorjobs","https:\/\/www.instagram.com\/canadamotorjobs\/","https:\/\/www.linkedin.com\/company\/canadamotorjobs"]},{"@type":"Person","@id":"https:\/\/news.canadamotorjobs.com\/#\/schema\/person\/51793d1f87d44011d7bcc2ed99269a90","name":"Benoit Charette","image":{"@type":"ImageObject","inLanguage":"fr-CA","@id":"https:\/\/news.canadamotorjobs.com\/#\/schema\/person\/image\/","url":"https:\/\/secure.gravatar.com\/avatar\/45f3d2eebcccd909668d7ce7ea7267b6?s=96&d=mm&r=g","contentUrl":"https:\/\/secure.gravatar.com\/avatar\/45f3d2eebcccd909668d7ce7ea7267b6?s=96&d=mm&r=g","caption":"Benoit Charette"},"description":"Benoit Charette \/ Propri\u00e9taire et r\u00e9dacteur en chef Benoit Charette pratique le journalisme automobile depuis bient\u00f4t 30 ans. Il a fait ses classes au c\u00f4t\u00e9 de Daniel H\u00e9raud et au Carnet de route de 1992 \u00e0 2001. Il est fondateur, copropri\u00e9taire et r\u00e9dacteur en chef de L\u2019Annuel de l\u2019automobile, qu\u2019il publie depuis 2001. Il a anim\u00e9 les \u00e9missions RPM et RPM+ sur V et les L\u00e9gendes de la route sur Historia. \u00c0 la radio depuis 1986, il reprend l\u2019antenne cette ann\u00e9e sur les ondes de Cogeco et participe pour la deuxi\u00e8me ann\u00e9e \u00e0 l\u2019\u00e9mission Passion Auto sur RDS en plus de mettre en ligne le site Web officiel de L\u2019Annuel de l\u2019automobile sur annuelauto.ca.","sameAs":["https:\/\/annuelauto.ca\/"],"url":"https:\/\/news.canadamotorjobs.com\/fr\/author\/benoit-charette\/"}]}},"_links":{"self":[{"href":"https:\/\/news.canadamotorjobs.com\/fr\/wp-json\/wp\/v2\/posts\/178411"}],"collection":[{"href":"https:\/\/news.canadamotorjobs.com\/fr\/wp-json\/wp\/v2\/posts"}],"about":[{"href":"https:\/\/news.canadamotorjobs.com\/fr\/wp-json\/wp\/v2\/types\/post"}],"author":[{"embeddable":true,"href":"https:\/\/news.canadamotorjobs.com\/fr\/wp-json\/wp\/v2\/users\/8"}],"replies":[{"embeddable":true,"href":"https:\/\/news.canadamotorjobs.com\/fr\/wp-json\/wp\/v2\/comments?post=178411"}],"version-history":[{"count":2,"href":"https:\/\/news.canadamotorjobs.com\/fr\/wp-json\/wp\/v2\/posts\/178411\/revisions"}],"predecessor-version":[{"id":178415,"href":"https:\/\/news.canadamotorjobs.com\/fr\/wp-json\/wp\/v2\/posts\/178411\/revisions\/178415"}],"wp:featuredmedia":[{"embeddable":true,"href":"https:\/\/news.canadamotorjobs.com\/fr\/wp-json\/wp\/v2\/media\/178413"}],"wp:attachment":[{"href":"https:\/\/news.canadamotorjobs.com\/fr\/wp-json\/wp\/v2\/media?parent=178411"}],"wp:term":[{"taxonomy":"category","embeddable":true,"href":"https:\/\/news.canadamotorjobs.com\/fr\/wp-json\/wp\/v2\/categories?post=178411"},{"taxonomy":"post_tag","embeddable":true,"href":"https:\/\/news.canadamotorjobs.com\/fr\/wp-json\/wp\/v2\/tags?post=178411"}],"curies":[{"name":"wp","href":"https:\/\/api.w.org\/{rel}","templated":true}]}}