{"id":178365,"date":"2024-10-21T06:21:17","date_gmt":"2024-10-21T10:21:17","guid":{"rendered":"https:\/\/news.canadamotorjobs.com\/?p=178365"},"modified":"2024-10-21T06:28:54","modified_gmt":"2024-10-21T10:28:54","slug":"hyundai-santa-fe-xrt-terra-incognita","status":"publish","type":"post","link":"https:\/\/news.canadamotorjobs.com\/fr\/hyundai-santa-fe-xrt-terra-incognita\/","title":{"rendered":"Hyundai Santa Fe XRT\u00a0: terra incognita"},"content":{"rendered":"<\/p>\n<p>Hyundai n&#8217;a plus du tout peur de prendre des risques en mati\u00e8re de design. Le nouveau Santa Fe le prouve de plein de fa\u00e7ons. Il a abandonn\u00e9 les lignes arrondies de son pr\u00e9d\u00e9cesseur, et ce nouveau mod\u00e8le arbore une silhouette carr\u00e9e et robuste qui ne passe pas inaper\u00e7ue. Avec ses airs de Land Rover Defender, mais \u00e0 un prix beaucoup plus accessible, le Santa Fe XRT se positionne comme un choix int\u00e9ressant pour les familles aventuri\u00e8res.<\/p>\n<p>On dit \u00ab\u00a0prix plus accessible\u00a0\u00bb, mais gardons \u00e0 l\u2019esprit qu\u2019on le compare \u00e0 un Land Rover et que le XRT co\u00fbte, quand m\u00eame, 50\u00a0716$. Ajoutons \u00e0 \u00e7a qu\u2019il n\u2019est pas offert en version hybride, et donc qu\u2019il consomme environ 11 \u00e0 12 litres aux 100 kilom\u00e8tres en moyenne.<\/p>\n<p>Le Santa Fe XRT est propuls\u00e9 par un moteur 4 cylindres turbo de 2,5 litres qui d\u00e9veloppe une puissance 281 chevaux et un couple de 311 livres-pied. C\u2019est puissance tout \u00e0 fait suffisante pour les besoins de ce VUS, sa bo\u00eete de vitesses automatique \u00e0 huit rapports et \u00e0 double embrayage ne plaira pas \u00e0 tout le monde. Elle a souvent de la mis\u00e8re \u00e0 aller chercher le \u00aboumph\u00bb suppl\u00e9mentaire produit par le turbo, surtout en situation de conduite en ville.<\/p>\n<p>Cela dit, le Santa Fe XRT ne manque pas de personnalit\u00e9. Cette variante p\u00e8se fort sur le crayon et exag\u00e8re les traits d\u00e9j\u00e0 assez anguleux de ce VUS interm\u00e9diaire. Ses passages de roues sont \u00e9largis et ses pneus tout-terrain lui donnent une allure plus fonctionnelle, plus fonceur. \u00c0 l&#8217;arri\u00e8re, on retrouve ses feux en position basse. \u00c0 l&#8217;avant, sa signature lumineuse en forme de &#8220;H&#8221; et ses lignes g\u00e9om\u00e9triques sont mises en valeur.<\/p>\n<p>Malgr\u00e9 sa volont\u00e9 d\u2019\u00eatre plus audacieux, le Santa Fe XRT privil\u00e9gie le confort. La suspension est souple, les si\u00e8ges sont moelleux et l&#8217;habitacle est bien insonoris\u00e9. Les passagers des deux premi\u00e8res rang\u00e9es b\u00e9n\u00e9ficient d&#8217;un espace g\u00e9n\u00e9reux, tandis que la troisi\u00e8me rang\u00e9e est plus \u00e9troite. Elle d\u00e9panne ou c\u2019est pour les enfants.<\/p>\n<p>Lorsque cette troisi\u00e8me rang\u00e9e de si\u00e8ges est rabattue, l&#8217;espace de chargement est tr\u00e8s correct. Mais \u00e7a devient tr\u00e8s int\u00e9ressant lorsque la deuxi\u00e8me rang\u00e9e est \u00e9galement repli\u00e9e. Le Santa Fe a toujours \u00e9t\u00e9 tr\u00e8s populaire au Qu\u00e9bec et ce mod\u00e8le va prolonger sa s\u00e9rie de succ\u00e8s.<\/p>\n<p>L\u2019habitacle du XRT est domin\u00e9 par un large \u00e9cran incurv\u00e9 qui regroupe l&#8217;instrumentation et le syst\u00e8me multim\u00e9dia. L&#8217;ergonomie est bonne, mais la navigation dans les menus et sur les surfaces tactiles devient vite complexe. Des chercheurs ont r\u00e9cemment trouv\u00e9 une corr\u00e9lation entre l\u2019\u00e9mergence des surfaces tactiles en voiture et une hausse des accidents de la route.<\/p>\n<h3>Co\u00efncidence? Je ne pense pas.<\/h3>\n<p>\n\u00c9videmment, le Santa Fe XRT est \u00e9quip\u00e9 d&#8217;une flop\u00e9e de syst\u00e8mes d&#8217;aide \u00e0 la conduite, comme l&#8217;assistance au maintien de voie, le r\u00e9gulateur de vitesse adaptatif, l&#8217;alerte de collision frontale avec d\u00e9tection des pi\u00e9tons et des cyclistes, et l&#8217;alerte de trafic transversal arri\u00e8re.<\/p>\n<p>Le Hyundai Santa Fe XRT 2025 est un VUS familial polyvalent, qui a une liste d\u2019\u00e9quipement compl\u00e8te et qui va faire bien des heureux. Les acheteurs soucieux de leur portefeuille vont lui pr\u00e9f\u00e9rer l\u2019hybride, 5000$ moins cher et 40% moins \u00e9nergivore. \u00c7a va aussi faire dispara\u00eetre les d\u00e9fauts de conduite du XRT, le d\u00e9s\u00e9quilibre entre le moteur et sa bo\u00eete de rapports\u2026<\/p>\n<p>Mais pour tout le reste, on peut arguer que le XRT est le plus joli des Santa Fe.<\/p>\n<p>Le texte <a rel=\"nofollow\" href=\"https:\/\/annuelauto.ca\/hyundai-santa-fe-xrt-terra-incognita\/\">Hyundai Santa Fe XRT\u00a0: terra incognita<\/a> provient de <a rel=\"nofollow\" href=\"https:\/\/annuelauto.ca\">L&#8217;annuel de l&#8217;automobile &#8211; Actualit\u00e9 automobile<\/a><\/p>\n<p><\/p>\n","protected":false},"excerpt":{"rendered":"<p>Hyundai n&#8217;a plus du tout peur de prendre des risques en mati\u00e8re de design. Le nouveau Santa Fe le prouve de plein de fa\u00e7ons. Il a abandonn\u00e9 les lignes arrondies de son pr\u00e9d\u00e9cesseur, et ce nouveau mod\u00e8le arbore une silhouette carr\u00e9e et robuste qui ne passe pas inaper\u00e7ue. Avec ses airs de Land Rover Defender, [&hellip;]<\/p>\n","protected":false},"author":8,"featured_media":178367,"comment_status":"close","ping_status":"closed","sticky":false,"template":"","format":"standard","meta":{"_monsterinsights_skip_tracking":false,"_monsterinsights_sitenote_active":false,"_monsterinsights_sitenote_note":"","_monsterinsights_sitenote_category":0,"footnotes":""},"categories":[101],"tags":[],"yoast_head":"<!-- This site is optimized with the Yoast SEO plugin v23.2 - https:\/\/yoast.com\/wordpress\/plugins\/seo\/ -->\n<title>Hyundai Santa Fe XRT\u00a0: terra incognita - CanadaMotorJobs.com<\/title>\n<meta name=\"description\" content=\"Hyundai Santa Fe XRT\u00a0: terra incognita - Benoit Charette - Annuel automobile - CanadaMotorJobs.com.\" \/>\n<meta name=\"robots\" content=\"index, follow, max-snippet:-1, max-image-preview:large, max-video-preview:-1\" \/>\n<meta property=\"og:locale\" content=\"fr_CA\" \/>\n<meta property=\"og:type\" content=\"article\" \/>\n<meta property=\"og:title\" content=\"Hyundai Santa Fe XRT\u00a0: terra incognita - CanadaMotorJobs.com\" \/>\n<meta property=\"og:description\" content=\"Hyundai Santa Fe XRT\u00a0: terra incognita - Benoit Charette - Annuel automobile - CanadaMotorJobs.com.\" \/>\n<meta property=\"og:url\" content=\"https:\/\/news.canadamotorjobs.com\/fr\/hyundai-santa-fe-xrt-terra-incognita\/\" \/>\n<meta property=\"og:site_name\" content=\"CanadaMotorJobs.com\" \/>\n<meta property=\"article:publisher\" content=\"https:\/\/www.facebook.com\/canadamotorjobs\/\" \/>\n<meta property=\"article:published_time\" content=\"2024-10-21T10:21:17+00:00\" \/>\n<meta property=\"article:modified_time\" content=\"2024-10-21T10:28:54+00:00\" \/>\n<meta property=\"og:image\" content=\"https:\/\/news.canadamotorjobs.com\/wp-content\/uploads\/2024\/10\/Large-62931-2025SantaFeXRT.jpg\" \/>\n\t<meta property=\"og:image:width\" content=\"1200\" \/>\n\t<meta property=\"og:image:height\" content=\"800\" \/>\n\t<meta property=\"og:image:type\" content=\"image\/jpeg\" \/>\n<meta name=\"author\" content=\"Benoit Charette\" \/>\n<meta name=\"twitter:card\" content=\"summary_large_image\" \/>\n<meta name=\"twitter:creator\" content=\"@canadamotorjobs\" \/>\n<meta name=\"twitter:site\" content=\"@canadamotorjobs\" \/>\n<meta name=\"twitter:label1\" content=\"\u00c9crit par\" \/>\n\t<meta name=\"twitter:data1\" content=\"Benoit Charette\" \/>\n\t<meta name=\"twitter:label2\" content=\"Estimation du temps de lecture\" \/>\n\t<meta name=\"twitter:data2\" content=\"3 minutes\" \/>\n<!-- \/ Yoast SEO plugin. -->","yoast_head_json":{"title":"Hyundai Santa Fe XRT\u00a0: terra incognita - CanadaMotorJobs.com","description":"Hyundai Santa Fe XRT\u00a0: terra incognita - Benoit Charette - Annuel automobile - CanadaMotorJobs.com.","robots":{"index":"index","follow":"follow","max-snippet":"max-snippet:-1","max-image-preview":"max-image-preview:large","max-video-preview":"max-video-preview:-1"},"og_locale":"fr_CA","og_type":"article","og_title":"Hyundai Santa Fe XRT\u00a0: terra incognita - CanadaMotorJobs.com","og_description":"Hyundai Santa Fe XRT\u00a0: terra incognita - Benoit Charette - Annuel automobile - CanadaMotorJobs.com.","og_url":"https:\/\/news.canadamotorjobs.com\/fr\/hyundai-santa-fe-xrt-terra-incognita\/","og_site_name":"CanadaMotorJobs.com","article_publisher":"https:\/\/www.facebook.com\/canadamotorjobs\/","article_published_time":"2024-10-21T10:21:17+00:00","article_modified_time":"2024-10-21T10:28:54+00:00","og_image":[{"width":1200,"height":800,"url":"https:\/\/news.canadamotorjobs.com\/wp-content\/uploads\/2024\/10\/Large-62931-2025SantaFeXRT.jpg","type":"image\/jpeg"}],"author":"Benoit Charette","twitter_card":"summary_large_image","twitter_creator":"@canadamotorjobs","twitter_site":"@canadamotorjobs","twitter_misc":{"\u00c9crit par":"Benoit Charette","Estimation du temps de lecture":"3 minutes"},"schema":{"@context":"https:\/\/schema.org","@graph":[{"@type":"Article","@id":"https:\/\/news.canadamotorjobs.com\/fr\/hyundai-santa-fe-xrt-terra-incognita\/#article","isPartOf":{"@id":"https:\/\/news.canadamotorjobs.com\/fr\/hyundai-santa-fe-xrt-terra-incognita\/"},"author":{"name":"Benoit Charette","@id":"https:\/\/news.canadamotorjobs.com\/#\/schema\/person\/51793d1f87d44011d7bcc2ed99269a90"},"headline":"Hyundai Santa Fe XRT\u00a0: terra incognita","datePublished":"2024-10-21T10:21:17+00:00","dateModified":"2024-10-21T10:28:54+00:00","mainEntityOfPage":{"@id":"https:\/\/news.canadamotorjobs.com\/fr\/hyundai-santa-fe-xrt-terra-incognita\/"},"wordCount":650,"publisher":{"@id":"https:\/\/news.canadamotorjobs.com\/#organization"},"image":{"@id":"https:\/\/news.canadamotorjobs.com\/fr\/hyundai-santa-fe-xrt-terra-incognita\/#primaryimage"},"thumbnailUrl":"https:\/\/news.canadamotorjobs.com\/wp-content\/uploads\/2024\/10\/Large-62931-2025SantaFeXRT.jpg","articleSection":["Annuel automobile"],"inLanguage":"fr-CA"},{"@type":"WebPage","@id":"https:\/\/news.canadamotorjobs.com\/fr\/hyundai-santa-fe-xrt-terra-incognita\/","url":"https:\/\/news.canadamotorjobs.com\/fr\/hyundai-santa-fe-xrt-terra-incognita\/","name":"Hyundai Santa Fe XRT\u00a0: terra incognita - CanadaMotorJobs.com","isPartOf":{"@id":"https:\/\/news.canadamotorjobs.com\/#website"},"primaryImageOfPage":{"@id":"https:\/\/news.canadamotorjobs.com\/fr\/hyundai-santa-fe-xrt-terra-incognita\/#primaryimage"},"image":{"@id":"https:\/\/news.canadamotorjobs.com\/fr\/hyundai-santa-fe-xrt-terra-incognita\/#primaryimage"},"thumbnailUrl":"https:\/\/news.canadamotorjobs.com\/wp-content\/uploads\/2024\/10\/Large-62931-2025SantaFeXRT.jpg","datePublished":"2024-10-21T10:21:17+00:00","dateModified":"2024-10-21T10:28:54+00:00","description":"Hyundai Santa Fe XRT\u00a0: terra incognita - Benoit Charette - Annuel automobile - CanadaMotorJobs.com.","breadcrumb":{"@id":"https:\/\/news.canadamotorjobs.com\/fr\/hyundai-santa-fe-xrt-terra-incognita\/#breadcrumb"},"inLanguage":"fr-CA","potentialAction":[{"@type":"ReadAction","target":["https:\/\/news.canadamotorjobs.com\/fr\/hyundai-santa-fe-xrt-terra-incognita\/"]}]},{"@type":"ImageObject","inLanguage":"fr-CA","@id":"https:\/\/news.canadamotorjobs.com\/fr\/hyundai-santa-fe-xrt-terra-incognita\/#primaryimage","url":"https:\/\/news.canadamotorjobs.com\/wp-content\/uploads\/2024\/10\/Large-62931-2025SantaFeXRT.jpg","contentUrl":"https:\/\/news.canadamotorjobs.com\/wp-content\/uploads\/2024\/10\/Large-62931-2025SantaFeXRT.jpg","width":1200,"height":800},{"@type":"BreadcrumbList","@id":"https:\/\/news.canadamotorjobs.com\/fr\/hyundai-santa-fe-xrt-terra-incognita\/#breadcrumb","itemListElement":[{"@type":"ListItem","position":1,"name":"Home","item":"https:\/\/news.canadamotorjobs.com\/fr\/blog\/"},{"@type":"ListItem","position":2,"name":"Hyundai Santa Fe XRT\u00a0: terra incognita"}]},{"@type":"WebSite","@id":"https:\/\/news.canadamotorjobs.com\/#website","url":"https:\/\/news.canadamotorjobs.com\/","name":"CanadaMotorJobs.com","description":"Automotive Jobs","publisher":{"@id":"https:\/\/news.canadamotorjobs.com\/#organization"},"potentialAction":[{"@type":"SearchAction","target":{"@type":"EntryPoint","urlTemplate":"https:\/\/news.canadamotorjobs.com\/?s={search_term_string}"},"query-input":"required name=search_term_string"}],"inLanguage":"fr-CA"},{"@type":"Organization","@id":"https:\/\/news.canadamotorjobs.com\/#organization","name":"Canada Motor Jobs","url":"https:\/\/news.canadamotorjobs.com\/","logo":{"@type":"ImageObject","inLanguage":"fr-CA","@id":"https:\/\/news.canadamotorjobs.com\/#\/schema\/logo\/image\/","url":"https:\/\/news.canadamotorjobs.com\/wp-content\/uploads\/2022\/10\/logo-canada-motor-jobs-1.png","contentUrl":"https:\/\/news.canadamotorjobs.com\/wp-content\/uploads\/2022\/10\/logo-canada-motor-jobs-1.png","width":800,"height":400,"caption":"Canada Motor Jobs"},"image":{"@id":"https:\/\/news.canadamotorjobs.com\/#\/schema\/logo\/image\/"},"sameAs":["https:\/\/www.facebook.com\/canadamotorjobs\/","https:\/\/x.com\/canadamotorjobs","https:\/\/www.instagram.com\/canadamotorjobs\/","https:\/\/www.linkedin.com\/company\/canadamotorjobs"]},{"@type":"Person","@id":"https:\/\/news.canadamotorjobs.com\/#\/schema\/person\/51793d1f87d44011d7bcc2ed99269a90","name":"Benoit Charette","image":{"@type":"ImageObject","inLanguage":"fr-CA","@id":"https:\/\/news.canadamotorjobs.com\/#\/schema\/person\/image\/","url":"https:\/\/secure.gravatar.com\/avatar\/45f3d2eebcccd909668d7ce7ea7267b6?s=96&d=mm&r=g","contentUrl":"https:\/\/secure.gravatar.com\/avatar\/45f3d2eebcccd909668d7ce7ea7267b6?s=96&d=mm&r=g","caption":"Benoit Charette"},"description":"Benoit Charette \/ Propri\u00e9taire et r\u00e9dacteur en chef Benoit Charette pratique le journalisme automobile depuis bient\u00f4t 30 ans. Il a fait ses classes au c\u00f4t\u00e9 de Daniel H\u00e9raud et au Carnet de route de 1992 \u00e0 2001. Il est fondateur, copropri\u00e9taire et r\u00e9dacteur en chef de L\u2019Annuel de l\u2019automobile, qu\u2019il publie depuis 2001. Il a anim\u00e9 les \u00e9missions RPM et RPM+ sur V et les L\u00e9gendes de la route sur Historia. \u00c0 la radio depuis 1986, il reprend l\u2019antenne cette ann\u00e9e sur les ondes de Cogeco et participe pour la deuxi\u00e8me ann\u00e9e \u00e0 l\u2019\u00e9mission Passion Auto sur RDS en plus de mettre en ligne le site Web officiel de L\u2019Annuel de l\u2019automobile sur annuelauto.ca.","sameAs":["https:\/\/annuelauto.ca\/"],"url":"https:\/\/news.canadamotorjobs.com\/fr\/author\/benoit-charette\/"}]}},"_links":{"self":[{"href":"https:\/\/news.canadamotorjobs.com\/fr\/wp-json\/wp\/v2\/posts\/178365"}],"collection":[{"href":"https:\/\/news.canadamotorjobs.com\/fr\/wp-json\/wp\/v2\/posts"}],"about":[{"href":"https:\/\/news.canadamotorjobs.com\/fr\/wp-json\/wp\/v2\/types\/post"}],"author":[{"embeddable":true,"href":"https:\/\/news.canadamotorjobs.com\/fr\/wp-json\/wp\/v2\/users\/8"}],"replies":[{"embeddable":true,"href":"https:\/\/news.canadamotorjobs.com\/fr\/wp-json\/wp\/v2\/comments?post=178365"}],"version-history":[{"count":2,"href":"https:\/\/news.canadamotorjobs.com\/fr\/wp-json\/wp\/v2\/posts\/178365\/revisions"}],"predecessor-version":[{"id":178369,"href":"https:\/\/news.canadamotorjobs.com\/fr\/wp-json\/wp\/v2\/posts\/178365\/revisions\/178369"}],"wp:featuredmedia":[{"embeddable":true,"href":"https:\/\/news.canadamotorjobs.com\/fr\/wp-json\/wp\/v2\/media\/178367"}],"wp:attachment":[{"href":"https:\/\/news.canadamotorjobs.com\/fr\/wp-json\/wp\/v2\/media?parent=178365"}],"wp:term":[{"taxonomy":"category","embeddable":true,"href":"https:\/\/news.canadamotorjobs.com\/fr\/wp-json\/wp\/v2\/categories?post=178365"},{"taxonomy":"post_tag","embeddable":true,"href":"https:\/\/news.canadamotorjobs.com\/fr\/wp-json\/wp\/v2\/tags?post=178365"}],"curies":[{"name":"wp","href":"https:\/\/api.w.org\/{rel}","templated":true}]}}