{"id":178319,"date":"2024-10-21T06:11:32","date_gmt":"2024-10-21T10:11:32","guid":{"rendered":"https:\/\/news.canadamotorjobs.com\/?p=178319"},"modified":"2024-10-21T06:13:46","modified_gmt":"2024-10-21T10:13:46","slug":"le-subaru-forester-aura-enfin-une-version-hybride","status":"publish","type":"post","link":"https:\/\/news.canadamotorjobs.com\/fr\/le-subaru-forester-aura-enfin-une-version-hybride\/","title":{"rendered":"Le Subaru Forester aura (enfin!) une version hybride"},"content":{"rendered":"<\/p>\n<p>Subaru a finalement d\u00e9cid\u00e9 d&#8217;offrir une version hybride de son populaire VUS Forester pour le march\u00e9 nord-am\u00e9ricain. Apr\u00e8s des ann\u00e9es d&#8217;attente, les amateurs de la marque pourront enfin profiter d&#8217;une option \u00e9lectrifi\u00e9e pour ce mod\u00e8le qui a plein d\u2019autres qualit\u00e9s, et qui est d\u2019ailleurs reconnu pour sa fiabilit\u00e9 et ses capacit\u00e9s tout-terrain.<\/p>\n<p>Un prototype de ce Forester hybride a \u00e9t\u00e9 aper\u00e7u derni\u00e8rement par des photographes-espions. Cela confirme les rumeurs qui circulaient depuis le lancement de la sixi\u00e8me g\u00e9n\u00e9ration du mod\u00e8le l&#8217;an dernier. La commercialisation de cette nouvelle version est pr\u00e9vue pour la fin de l&#8217;ann\u00e9e prochaine, en tant que mod\u00e8le 2026.<\/p>\n<p>Sous le capot, on retrouvera vraisemblablement un nouveau groupe propulseur hybride d\u00e9velopp\u00e9 en collaboration avec Toyota, et auquel Mazda a \u00e9galement particip\u00e9. Baptis\u00e9 \u00ab Strong Hybrid \u00bb par Subaru, ce syst\u00e8me combine un moteur 4 cylindres \u00e0 plat de 2,5 litres optimis\u00e9 pour l&#8217;hybridation, avec un moteur \u00e9lectrique et une batterie fournis par Toyota.<\/p>\n<p>Ce nouveau syst\u00e8me hybride promet d&#8217;\u00eatre plus performant que les pr\u00e9c\u00e9dents syst\u00e8mes de Subaru. Le moteur \u00e9lectrique, plus puissant, permettra au Forester de rouler en mode \u00e9lectrique seulement sur certaines distances et laissera le moteur \u00e0 essence fonctionner plus souvent dans sa zone d&#8217;efficacit\u00e9 optimale. La transmission int\u00e9grale sym\u00e9trique de Subaru sera toujours de la partie, assurant une motricit\u00e9 optimale en toutes conditions.<\/p>\n<p>Subaru n&#8217;a pas encore d\u00e9voil\u00e9 tous les d\u00e9tails techniques, mais en se basant sur les donn\u00e9es du Crosstrek hybride lanc\u00e9 r\u00e9cemment au Japon, qui utilise le m\u00eame syst\u00e8me \u00ab Strong Hybrid \u00bb, le Forester hybride pourrait consommer de 20% \u00e7\u00e0 25% moins d&#8217;essence que son homologue \u00e0 essence, tout en offrant des acc\u00e9l\u00e9rations plus vives. On parle d\u2019une consommation moyenne qui oscillerait autour des 6 \u00e0 7 litres aux 100 kilom\u00e8tres.<\/p>\n<p>Le coach du Canadien de Montr\u00e9al Martin Saint-Louis pourrait dire qu\u2019avec le Forester hybride, Subaru joue sa game, dans la game du virage \u00e9lectrique. Voil\u00e0.<\/p>\n<p>\u00c0 l\u2019autre bout du spectre, Subaru pr\u00e9voit \u00e9galement lancer une version Wilderness du Forester pour 2026. Comme la pr\u00e9c\u00e9dente g\u00e9n\u00e9ration du Forester Wilderness, cette nouvelle version devrait offrir une garde au sol accrue, des pneus tout-terrain et des \u00e9l\u00e9ments de design distinctifs pour les amateurs d&#8217;aventure.<\/p>\n<p>Le texte <a rel=\"nofollow\" href=\"https:\/\/annuelauto.ca\/le-subaru-forester-aura-enfin-une-version-hybride\/\">Le Subaru Forester aura (enfin!) une version hybride<\/a> provient de <a rel=\"nofollow\" href=\"https:\/\/annuelauto.ca\">L&#8217;annuel de l&#8217;automobile &#8211; Actualit\u00e9 automobile<\/a><\/p>\n<p><\/p>\n","protected":false},"excerpt":{"rendered":"<p>Subaru a finalement d\u00e9cid\u00e9 d&#8217;offrir une version hybride de son populaire VUS Forester pour le march\u00e9 nord-am\u00e9ricain. Apr\u00e8s des ann\u00e9es d&#8217;attente, les amateurs de la marque pourront enfin profiter d&#8217;une option \u00e9lectrifi\u00e9e pour ce mod\u00e8le qui a plein d\u2019autres qualit\u00e9s, et qui est d\u2019ailleurs reconnu pour sa fiabilit\u00e9 et ses capacit\u00e9s tout-terrain. Un prototype de [&hellip;]<\/p>\n","protected":false},"author":8,"featured_media":178321,"comment_status":"close","ping_status":"closed","sticky":false,"template":"","format":"standard","meta":{"_monsterinsights_skip_tracking":false,"_monsterinsights_sitenote_active":false,"_monsterinsights_sitenote_note":"","_monsterinsights_sitenote_category":0,"footnotes":""},"categories":[101],"tags":[],"yoast_head":"<!-- This site is optimized with the Yoast SEO plugin v23.2 - https:\/\/yoast.com\/wordpress\/plugins\/seo\/ -->\n<title>Le Subaru Forester aura (enfin!) une version hybride - CanadaMotorJobs.com<\/title>\n<meta name=\"description\" content=\"Le Subaru Forester aura (enfin!) une version hybride - Benoit Charette - Annuel automobile - CanadaMotorJobs.com.\" \/>\n<meta name=\"robots\" content=\"index, follow, max-snippet:-1, max-image-preview:large, max-video-preview:-1\" \/>\n<meta property=\"og:locale\" content=\"fr_CA\" \/>\n<meta property=\"og:type\" content=\"article\" \/>\n<meta property=\"og:title\" content=\"Le Subaru Forester aura (enfin!) une version hybride - CanadaMotorJobs.com\" \/>\n<meta property=\"og:description\" content=\"Le Subaru Forester aura (enfin!) une version hybride - Benoit Charette - Annuel automobile - CanadaMotorJobs.com.\" \/>\n<meta property=\"og:url\" content=\"https:\/\/news.canadamotorjobs.com\/fr\/le-subaru-forester-aura-enfin-une-version-hybride\/\" \/>\n<meta property=\"og:site_name\" content=\"CanadaMotorJobs.com\" \/>\n<meta property=\"article:publisher\" content=\"https:\/\/www.facebook.com\/canadamotorjobs\/\" \/>\n<meta property=\"article:published_time\" content=\"2024-10-21T10:11:32+00:00\" \/>\n<meta property=\"article:modified_time\" content=\"2024-10-21T10:13:46+00:00\" \/>\n<meta property=\"og:image\" content=\"https:\/\/news.canadamotorjobs.com\/wp-content\/uploads\/2024\/10\/IMG_5959-1-1024x683-1.jpg\" \/>\n\t<meta property=\"og:image:width\" content=\"1024\" \/>\n\t<meta property=\"og:image:height\" content=\"683\" \/>\n\t<meta property=\"og:image:type\" content=\"image\/jpeg\" \/>\n<meta name=\"author\" content=\"Benoit Charette\" \/>\n<meta name=\"twitter:card\" content=\"summary_large_image\" \/>\n<meta name=\"twitter:creator\" content=\"@canadamotorjobs\" \/>\n<meta name=\"twitter:site\" content=\"@canadamotorjobs\" \/>\n<meta name=\"twitter:label1\" content=\"\u00c9crit par\" \/>\n\t<meta name=\"twitter:data1\" content=\"Benoit Charette\" \/>\n\t<meta name=\"twitter:label2\" content=\"Estimation du temps de lecture\" \/>\n\t<meta name=\"twitter:data2\" content=\"2 minutes\" \/>\n<!-- \/ Yoast SEO plugin. -->","yoast_head_json":{"title":"Le Subaru Forester aura (enfin!) une version hybride - CanadaMotorJobs.com","description":"Le Subaru Forester aura (enfin!) une version hybride - Benoit Charette - Annuel automobile - CanadaMotorJobs.com.","robots":{"index":"index","follow":"follow","max-snippet":"max-snippet:-1","max-image-preview":"max-image-preview:large","max-video-preview":"max-video-preview:-1"},"og_locale":"fr_CA","og_type":"article","og_title":"Le Subaru Forester aura (enfin!) une version hybride - CanadaMotorJobs.com","og_description":"Le Subaru Forester aura (enfin!) une version hybride - Benoit Charette - Annuel automobile - CanadaMotorJobs.com.","og_url":"https:\/\/news.canadamotorjobs.com\/fr\/le-subaru-forester-aura-enfin-une-version-hybride\/","og_site_name":"CanadaMotorJobs.com","article_publisher":"https:\/\/www.facebook.com\/canadamotorjobs\/","article_published_time":"2024-10-21T10:11:32+00:00","article_modified_time":"2024-10-21T10:13:46+00:00","og_image":[{"width":1024,"height":683,"url":"https:\/\/news.canadamotorjobs.com\/wp-content\/uploads\/2024\/10\/IMG_5959-1-1024x683-1.jpg","type":"image\/jpeg"}],"author":"Benoit Charette","twitter_card":"summary_large_image","twitter_creator":"@canadamotorjobs","twitter_site":"@canadamotorjobs","twitter_misc":{"\u00c9crit par":"Benoit Charette","Estimation du temps de lecture":"2 minutes"},"schema":{"@context":"https:\/\/schema.org","@graph":[{"@type":"Article","@id":"https:\/\/news.canadamotorjobs.com\/fr\/le-subaru-forester-aura-enfin-une-version-hybride\/#article","isPartOf":{"@id":"https:\/\/news.canadamotorjobs.com\/fr\/le-subaru-forester-aura-enfin-une-version-hybride\/"},"author":{"name":"Benoit Charette","@id":"https:\/\/news.canadamotorjobs.com\/#\/schema\/person\/51793d1f87d44011d7bcc2ed99269a90"},"headline":"Le Subaru Forester aura (enfin!) une version hybride","datePublished":"2024-10-21T10:11:32+00:00","dateModified":"2024-10-21T10:13:46+00:00","mainEntityOfPage":{"@id":"https:\/\/news.canadamotorjobs.com\/fr\/le-subaru-forester-aura-enfin-une-version-hybride\/"},"wordCount":426,"publisher":{"@id":"https:\/\/news.canadamotorjobs.com\/#organization"},"image":{"@id":"https:\/\/news.canadamotorjobs.com\/fr\/le-subaru-forester-aura-enfin-une-version-hybride\/#primaryimage"},"thumbnailUrl":"https:\/\/news.canadamotorjobs.com\/wp-content\/uploads\/2024\/10\/IMG_5959-1-1024x683-1.jpg","articleSection":["Annuel automobile"],"inLanguage":"fr-CA"},{"@type":"WebPage","@id":"https:\/\/news.canadamotorjobs.com\/fr\/le-subaru-forester-aura-enfin-une-version-hybride\/","url":"https:\/\/news.canadamotorjobs.com\/fr\/le-subaru-forester-aura-enfin-une-version-hybride\/","name":"Le Subaru Forester aura (enfin!) une version hybride - CanadaMotorJobs.com","isPartOf":{"@id":"https:\/\/news.canadamotorjobs.com\/#website"},"primaryImageOfPage":{"@id":"https:\/\/news.canadamotorjobs.com\/fr\/le-subaru-forester-aura-enfin-une-version-hybride\/#primaryimage"},"image":{"@id":"https:\/\/news.canadamotorjobs.com\/fr\/le-subaru-forester-aura-enfin-une-version-hybride\/#primaryimage"},"thumbnailUrl":"https:\/\/news.canadamotorjobs.com\/wp-content\/uploads\/2024\/10\/IMG_5959-1-1024x683-1.jpg","datePublished":"2024-10-21T10:11:32+00:00","dateModified":"2024-10-21T10:13:46+00:00","description":"Le Subaru Forester aura (enfin!) une version hybride - Benoit Charette - Annuel automobile - CanadaMotorJobs.com.","breadcrumb":{"@id":"https:\/\/news.canadamotorjobs.com\/fr\/le-subaru-forester-aura-enfin-une-version-hybride\/#breadcrumb"},"inLanguage":"fr-CA","potentialAction":[{"@type":"ReadAction","target":["https:\/\/news.canadamotorjobs.com\/fr\/le-subaru-forester-aura-enfin-une-version-hybride\/"]}]},{"@type":"ImageObject","inLanguage":"fr-CA","@id":"https:\/\/news.canadamotorjobs.com\/fr\/le-subaru-forester-aura-enfin-une-version-hybride\/#primaryimage","url":"https:\/\/news.canadamotorjobs.com\/wp-content\/uploads\/2024\/10\/IMG_5959-1-1024x683-1.jpg","contentUrl":"https:\/\/news.canadamotorjobs.com\/wp-content\/uploads\/2024\/10\/IMG_5959-1-1024x683-1.jpg","width":1024,"height":683},{"@type":"BreadcrumbList","@id":"https:\/\/news.canadamotorjobs.com\/fr\/le-subaru-forester-aura-enfin-une-version-hybride\/#breadcrumb","itemListElement":[{"@type":"ListItem","position":1,"name":"Home","item":"https:\/\/news.canadamotorjobs.com\/fr\/blog\/"},{"@type":"ListItem","position":2,"name":"Le Subaru Forester aura (enfin!) une version hybride"}]},{"@type":"WebSite","@id":"https:\/\/news.canadamotorjobs.com\/#website","url":"https:\/\/news.canadamotorjobs.com\/","name":"CanadaMotorJobs.com","description":"Automotive Jobs","publisher":{"@id":"https:\/\/news.canadamotorjobs.com\/#organization"},"potentialAction":[{"@type":"SearchAction","target":{"@type":"EntryPoint","urlTemplate":"https:\/\/news.canadamotorjobs.com\/?s={search_term_string}"},"query-input":"required name=search_term_string"}],"inLanguage":"fr-CA"},{"@type":"Organization","@id":"https:\/\/news.canadamotorjobs.com\/#organization","name":"Canada Motor Jobs","url":"https:\/\/news.canadamotorjobs.com\/","logo":{"@type":"ImageObject","inLanguage":"fr-CA","@id":"https:\/\/news.canadamotorjobs.com\/#\/schema\/logo\/image\/","url":"https:\/\/news.canadamotorjobs.com\/wp-content\/uploads\/2022\/10\/logo-canada-motor-jobs-1.png","contentUrl":"https:\/\/news.canadamotorjobs.com\/wp-content\/uploads\/2022\/10\/logo-canada-motor-jobs-1.png","width":800,"height":400,"caption":"Canada Motor Jobs"},"image":{"@id":"https:\/\/news.canadamotorjobs.com\/#\/schema\/logo\/image\/"},"sameAs":["https:\/\/www.facebook.com\/canadamotorjobs\/","https:\/\/x.com\/canadamotorjobs","https:\/\/www.instagram.com\/canadamotorjobs\/","https:\/\/www.linkedin.com\/company\/canadamotorjobs"]},{"@type":"Person","@id":"https:\/\/news.canadamotorjobs.com\/#\/schema\/person\/51793d1f87d44011d7bcc2ed99269a90","name":"Benoit Charette","image":{"@type":"ImageObject","inLanguage":"fr-CA","@id":"https:\/\/news.canadamotorjobs.com\/#\/schema\/person\/image\/","url":"https:\/\/secure.gravatar.com\/avatar\/45f3d2eebcccd909668d7ce7ea7267b6?s=96&d=mm&r=g","contentUrl":"https:\/\/secure.gravatar.com\/avatar\/45f3d2eebcccd909668d7ce7ea7267b6?s=96&d=mm&r=g","caption":"Benoit Charette"},"description":"Benoit Charette \/ Propri\u00e9taire et r\u00e9dacteur en chef Benoit Charette pratique le journalisme automobile depuis bient\u00f4t 30 ans. Il a fait ses classes au c\u00f4t\u00e9 de Daniel H\u00e9raud et au Carnet de route de 1992 \u00e0 2001. Il est fondateur, copropri\u00e9taire et r\u00e9dacteur en chef de L\u2019Annuel de l\u2019automobile, qu\u2019il publie depuis 2001. Il a anim\u00e9 les \u00e9missions RPM et RPM+ sur V et les L\u00e9gendes de la route sur Historia. \u00c0 la radio depuis 1986, il reprend l\u2019antenne cette ann\u00e9e sur les ondes de Cogeco et participe pour la deuxi\u00e8me ann\u00e9e \u00e0 l\u2019\u00e9mission Passion Auto sur RDS en plus de mettre en ligne le site Web officiel de L\u2019Annuel de l\u2019automobile sur annuelauto.ca.","sameAs":["https:\/\/annuelauto.ca\/"],"url":"https:\/\/news.canadamotorjobs.com\/fr\/author\/benoit-charette\/"}]}},"_links":{"self":[{"href":"https:\/\/news.canadamotorjobs.com\/fr\/wp-json\/wp\/v2\/posts\/178319"}],"collection":[{"href":"https:\/\/news.canadamotorjobs.com\/fr\/wp-json\/wp\/v2\/posts"}],"about":[{"href":"https:\/\/news.canadamotorjobs.com\/fr\/wp-json\/wp\/v2\/types\/post"}],"author":[{"embeddable":true,"href":"https:\/\/news.canadamotorjobs.com\/fr\/wp-json\/wp\/v2\/users\/8"}],"replies":[{"embeddable":true,"href":"https:\/\/news.canadamotorjobs.com\/fr\/wp-json\/wp\/v2\/comments?post=178319"}],"version-history":[{"count":2,"href":"https:\/\/news.canadamotorjobs.com\/fr\/wp-json\/wp\/v2\/posts\/178319\/revisions"}],"predecessor-version":[{"id":178323,"href":"https:\/\/news.canadamotorjobs.com\/fr\/wp-json\/wp\/v2\/posts\/178319\/revisions\/178323"}],"wp:featuredmedia":[{"embeddable":true,"href":"https:\/\/news.canadamotorjobs.com\/fr\/wp-json\/wp\/v2\/media\/178321"}],"wp:attachment":[{"href":"https:\/\/news.canadamotorjobs.com\/fr\/wp-json\/wp\/v2\/media?parent=178319"}],"wp:term":[{"taxonomy":"category","embeddable":true,"href":"https:\/\/news.canadamotorjobs.com\/fr\/wp-json\/wp\/v2\/categories?post=178319"},{"taxonomy":"post_tag","embeddable":true,"href":"https:\/\/news.canadamotorjobs.com\/fr\/wp-json\/wp\/v2\/tags?post=178319"}],"curies":[{"name":"wp","href":"https:\/\/api.w.org\/{rel}","templated":true}]}}