{"id":178304,"date":"2024-10-20T08:08:23","date_gmt":"2024-10-20T12:08:23","guid":{"rendered":"https:\/\/news.canadamotorjobs.com\/?p=178304"},"modified":"2024-10-20T08:14:07","modified_gmt":"2024-10-20T12:14:07","slug":"les-vehicules-electriques-allemands-ne-se-vendent-plus-en-chine","status":"publish","type":"post","link":"https:\/\/news.canadamotorjobs.com\/fr\/les-vehicules-electriques-allemands-ne-se-vendent-plus-en-chine\/","title":{"rendered":"Les v\u00e9hicules \u00e9lectriques allemands ne se vendent plus en Chine"},"content":{"rendered":"<\/p>\n<h3><\/h3>\n<p><\/p>\n<h4>La chute des ventes : un d\u00e9clin inqui\u00e9tant<\/h4>\n<p>\nApr\u00e8s des ann\u00e9es de domination, les constructeurs automobiles allemands connaissent une baisse marqu\u00e9e en Chine. Autrefois ma\u00eetres incontest\u00e9s du march\u00e9, Volkswagen, Porsche, BMW et Mercedes voient leurs parts de march\u00e9 fondre rapidement face \u00e0 la concurrence locale.<\/p>\n<p>Au troisi\u00e8me trimestre, ces g\u00e9ants de l\u2019automobile ont tous enregistr\u00e9 des baisses de ventes significatives en Chine. Volkswagen a vu ses ventes chuter de 15 %, Porsche de 19 %, BMW de 30 %, et Mercedes a enregistr\u00e9 une baisse de 13 %. Ce n\u2019est pas que les consommateurs chinois aient cess\u00e9 d\u2019acheter des voitures. Ils se d\u00e9tournent simplement des marques allemandes, pr\u00e9f\u00e9rant des alternatives locales, souvent plus abordables et technologiquement plus avanc\u00e9es.<\/p>\n<h4>Une transition vers les v\u00e9hicules chinois<\/h4>\n<p>\nPendant des ann\u00e9es, les constructeurs allemands ont compt\u00e9 sur le succ\u00e8s en Chine pour r\u00e9aliser d&#8217;importants b\u00e9n\u00e9fices. Mais cette \u00e8re semble r\u00e9volue. D\u00e9sormais, les marques embl\u00e9matiques luttent pour maintenir l\u2019int\u00e9r\u00eat des consommateurs face \u00e0 des pr\u00e9visions de ventes peu reluisantes et une \u00e9rosion continue de leur part de march\u00e9.<\/p>\n<p>Autrefois ma\u00eetres de 25 % du march\u00e9 chinois avant la pand\u00e9mie, les constructeurs allemands n\u2019en d\u00e9tiennent aujourd\u2019hui plus que 15 %, selon Bloomberg. En ce qui concerne les v\u00e9hicules \u00e9lectriques (VE), un secteur bien plus d\u00e9velopp\u00e9 en Chine qu\u2019en Am\u00e9rique ou en Europe, les constructeurs comme Volkswagen, Porsche, BMW et Mercedes sont encore plus \u00e0 la tra\u00eene. M\u00eame s&#8217;ils offrent des mod\u00e8les \u00e9lectriques, ceux-ci ne repr\u00e9sentent que 10 % du march\u00e9 chinois.<\/p>\n<h4>Pourquoi cette baisse ?<\/h4>\n<p>\nLes acheteurs chinois qui ont d\u00e9laiss\u00e9 les marques allemandes affirment que les voitures locales sont mieux construites et offrent plus de fonctionnalit\u00e9s. De plus, elles sont nettement moins ch\u00e8res tout en proposant des performances similaires, voire parfois sup\u00e9rieures, \u00e0 celles des mod\u00e8les europ\u00e9ens. Une situation que m\u00eame les meilleures campagnes marketing ne peuvent corriger.<\/p>\n<table><\/p>\n<thead><\/p>\n<tr><\/p>\n<td width=\"149\"><strong>Mod\u00e8le<\/strong><\/td>\n<p><\/p>\n<td width=\"82\"><strong>Autonomie<\/strong><\/td>\n<p><\/p>\n<td width=\"45\"><strong>\u00c9cran<\/strong><\/td>\n<p><\/p>\n<td width=\"81\"><strong>0-100 km\/h<\/strong><\/td>\n<p><\/p>\n<td width=\"74\"><strong>Prix (Yuan)<\/strong><\/td>\n<p><\/p>\n<td width=\"89\"><strong>Prix (CAD)<\/strong><\/td>\n<p>\n<\/tr>\n<p>\n<\/thead>\n<p><\/p>\n<tbody><\/p>\n<tr><\/p>\n<td width=\"149\"><strong>March\u00e9 de masse<\/strong><\/td>\n<p><\/p>\n<td width=\"82\"><\/td>\n<p><\/p>\n<td width=\"45\"><\/td>\n<p><\/p>\n<td width=\"81\"><\/td>\n<p><\/p>\n<td width=\"74\"><\/td>\n<p><\/p>\n<td width=\"89\"><\/td>\n<p>\n<\/tr>\n<p><\/p>\n<tr><\/p>\n<td width=\"149\"><strong>BYD Dolphin<\/strong><\/td>\n<p><\/p>\n<td width=\"82\">420 km<\/td>\n<p><\/p>\n<td width=\"45\">10,1 po<\/td>\n<p><\/p>\n<td width=\"81\">7,3 sec<\/td>\n<p><\/p>\n<td width=\"74\">99 800<\/td>\n<p><\/p>\n<td width=\"89\">19 216 $<\/td>\n<p>\n<\/tr>\n<p><\/p>\n<tr><\/p>\n<td width=\"149\"><strong>VW ID.3<\/strong><\/td>\n<p><\/p>\n<td width=\"82\">450 km<\/td>\n<p><\/p>\n<td width=\"45\">12,9 po<\/td>\n<p><\/p>\n<td width=\"81\">7,6 sec<\/td>\n<p><\/p>\n<td width=\"74\">129 900<\/td>\n<p><\/p>\n<td width=\"89\">25 020 $<\/td>\n<p>\n<\/tr>\n<p><\/p>\n<tr><\/p>\n<td width=\"149\"><strong>Gamme interm\u00e9diaire<\/strong><\/td>\n<p><\/p>\n<td width=\"82\"><\/td>\n<p><\/p>\n<td width=\"45\"><\/td>\n<p><\/p>\n<td width=\"81\"><\/td>\n<p><\/p>\n<td width=\"74\"><\/td>\n<p><\/p>\n<td width=\"89\"><\/td>\n<p>\n<\/tr>\n<p><\/p>\n<tr><\/p>\n<td width=\"149\"><strong>Xpeng G6<\/strong><\/td>\n<p><\/p>\n<td width=\"82\">580 km<\/td>\n<p><\/p>\n<td width=\"45\">15 po<\/td>\n<p><\/p>\n<td width=\"81\">6,6 sec<\/td>\n<p><\/p>\n<td width=\"74\">199 900<\/td>\n<p><\/p>\n<td width=\"89\">38 580 $<\/td>\n<p>\n<\/tr>\n<p><\/p>\n<tr><\/p>\n<td width=\"149\"><strong>BMW iX1<\/strong><\/td>\n<p><\/p>\n<td width=\"82\">510 km<\/td>\n<p><\/p>\n<td width=\"45\">10,7 po<\/td>\n<p><\/p>\n<td width=\"81\">8,6 sec<\/td>\n<p><\/p>\n<td width=\"74\">299 900<\/td>\n<p><\/p>\n<td width=\"89\">57 840 $<\/td>\n<p>\n<\/tr>\n<p><\/p>\n<tr><\/p>\n<td width=\"149\"><strong>Haut de gamme<\/strong><\/td>\n<p><\/p>\n<td width=\"82\"><\/td>\n<p><\/p>\n<td width=\"45\"><\/td>\n<p><\/p>\n<td width=\"81\"><\/td>\n<p><\/p>\n<td width=\"74\"><\/td>\n<p><\/p>\n<td width=\"89\"><\/td>\n<p>\n<\/tr>\n<p><\/p>\n<tr><\/p>\n<td width=\"149\"><strong>Nio ES6 100 kWh<\/strong><\/td>\n<p><\/p>\n<td width=\"82\">625 km<\/td>\n<p><\/p>\n<td width=\"45\">12,8 po<\/td>\n<p><\/p>\n<td width=\"81\">4,5 sec<\/td>\n<p><\/p>\n<td width=\"74\">396 000<\/td>\n<p><\/p>\n<td width=\"89\">76 896 $<\/td>\n<p>\n<\/tr>\n<p><\/p>\n<tr><\/p>\n<td width=\"149\"><strong>Mercedes EQE SUV<\/strong><\/td>\n<p><\/p>\n<td width=\"82\">609 km<\/td>\n<p><\/p>\n<td width=\"45\">12,8 po<\/td>\n<p><\/p>\n<td width=\"81\">5,1 sec<\/td>\n<p><\/p>\n<td width=\"74\">510 000<\/td>\n<p><\/p>\n<td width=\"89\">99 880 $<\/td>\n<p>\n<\/tr>\n<p>\n<\/tbody>\n<p>\n<\/table>\n<p><\/p>\n<h4>Les constructeurs allemands peuvent-ils rebondir ?<\/h4>\n<p>\nLa concurrence avec des marques comme BYD, Xpeng et Nio semble insurmontable. Pourtant, les marques allemandes n\u2019ont pas d\u2019autre choix, selon Bloomberg. Les march\u00e9s europ\u00e9ens et am\u00e9ricains n\u2019offrent plus de potentiel de croissance. De plus, les investissements massifs dans des infrastructures en Chine, souvent sur des terrains appartenant \u00e0 l\u2019\u00c9tat, rendent un retrait difficile, voire impossible.<\/p>\n<p>Alors, quelle est la strat\u00e9gie ? Les constructeurs allemands misent sur des collaborations avec des entreprises chinoises pour am\u00e9liorer leurs v\u00e9hicules \u00e9lectriques. Ils d\u00e9veloppent \u00e9galement des produits exclusifs pour le march\u00e9 chinois, moins co\u00fbteux \u00e0 produire et \u00e0 acheter.<\/p>\n<p>Avec des renseignements de Bloomberg<\/p>\n<p>Le texte <a rel=\"nofollow\" href=\"https:\/\/annuelauto.ca\/les-vehicules-electriques-allemands-ne-se-vendent-plus-en-chine\/\">Les v\u00e9hicules \u00e9lectriques allemands ne se vendent plus en Chine<\/a> provient de <a rel=\"nofollow\" href=\"https:\/\/annuelauto.ca\">L&#8217;annuel de l&#8217;automobile &#8211; Actualit\u00e9 automobile<\/a><\/p>\n<p><\/p>\n","protected":false},"excerpt":{"rendered":"<p>La chute des ventes : un d\u00e9clin inqui\u00e9tant Apr\u00e8s des ann\u00e9es de domination, les constructeurs automobiles allemands connaissent une baisse marqu\u00e9e en Chine. Autrefois ma\u00eetres incontest\u00e9s du march\u00e9, Volkswagen, Porsche, BMW et Mercedes voient leurs parts de march\u00e9 fondre rapidement face \u00e0 la concurrence locale. Au troisi\u00e8me trimestre, ces g\u00e9ants de l\u2019automobile ont tous enregistr\u00e9 [&hellip;]<\/p>\n","protected":false},"author":8,"featured_media":178306,"comment_status":"close","ping_status":"closed","sticky":false,"template":"","format":"standard","meta":{"_monsterinsights_skip_tracking":false,"_monsterinsights_sitenote_active":false,"_monsterinsights_sitenote_note":"","_monsterinsights_sitenote_category":0,"footnotes":""},"categories":[101],"tags":[],"yoast_head":"<!-- This site is optimized with the Yoast SEO plugin v23.2 - https:\/\/yoast.com\/wordpress\/plugins\/seo\/ -->\n<title>Les v\u00e9hicules \u00e9lectriques allemands ne se vendent plus en Chine - CanadaMotorJobs.com<\/title>\n<meta name=\"description\" content=\"Les v\u00e9hicules \u00e9lectriques allemands ne se vendent plus en Chine - Benoit Charette - Annuel automobile - CanadaMotorJobs.com.\" \/>\n<meta name=\"robots\" content=\"index, follow, max-snippet:-1, max-image-preview:large, max-video-preview:-1\" \/>\n<meta property=\"og:locale\" content=\"fr_CA\" \/>\n<meta property=\"og:type\" content=\"article\" \/>\n<meta property=\"og:title\" content=\"Les v\u00e9hicules \u00e9lectriques allemands ne se vendent plus en Chine - CanadaMotorJobs.com\" \/>\n<meta property=\"og:description\" content=\"Les v\u00e9hicules \u00e9lectriques allemands ne se vendent plus en Chine - Benoit Charette - Annuel automobile - CanadaMotorJobs.com.\" \/>\n<meta property=\"og:url\" content=\"https:\/\/news.canadamotorjobs.com\/fr\/les-vehicules-electriques-allemands-ne-se-vendent-plus-en-chine\/\" \/>\n<meta property=\"og:site_name\" content=\"CanadaMotorJobs.com\" \/>\n<meta property=\"article:publisher\" content=\"https:\/\/www.facebook.com\/canadamotorjobs\/\" \/>\n<meta property=\"article:published_time\" content=\"2024-10-20T12:08:23+00:00\" \/>\n<meta property=\"article:modified_time\" content=\"2024-10-20T12:14:07+00:00\" \/>\n<meta property=\"og:image\" content=\"https:\/\/news.canadamotorjobs.com\/wp-content\/uploads\/2024\/10\/byd-seal-side-720x405px.jpg\" \/>\n\t<meta property=\"og:image:width\" content=\"720\" \/>\n\t<meta property=\"og:image:height\" content=\"405\" \/>\n\t<meta property=\"og:image:type\" content=\"image\/jpeg\" \/>\n<meta name=\"author\" content=\"Benoit Charette\" \/>\n<meta name=\"twitter:card\" content=\"summary_large_image\" \/>\n<meta name=\"twitter:creator\" content=\"@canadamotorjobs\" \/>\n<meta name=\"twitter:site\" content=\"@canadamotorjobs\" \/>\n<meta name=\"twitter:label1\" content=\"\u00c9crit par\" \/>\n\t<meta name=\"twitter:data1\" content=\"Benoit Charette\" \/>\n\t<meta name=\"twitter:label2\" content=\"Estimation du temps de lecture\" \/>\n\t<meta name=\"twitter:data2\" content=\"3 minutes\" \/>\n<!-- \/ Yoast SEO plugin. -->","yoast_head_json":{"title":"Les v\u00e9hicules \u00e9lectriques allemands ne se vendent plus en Chine - CanadaMotorJobs.com","description":"Les v\u00e9hicules \u00e9lectriques allemands ne se vendent plus en Chine - Benoit Charette - Annuel automobile - CanadaMotorJobs.com.","robots":{"index":"index","follow":"follow","max-snippet":"max-snippet:-1","max-image-preview":"max-image-preview:large","max-video-preview":"max-video-preview:-1"},"og_locale":"fr_CA","og_type":"article","og_title":"Les v\u00e9hicules \u00e9lectriques allemands ne se vendent plus en Chine - CanadaMotorJobs.com","og_description":"Les v\u00e9hicules \u00e9lectriques allemands ne se vendent plus en Chine - Benoit Charette - Annuel automobile - CanadaMotorJobs.com.","og_url":"https:\/\/news.canadamotorjobs.com\/fr\/les-vehicules-electriques-allemands-ne-se-vendent-plus-en-chine\/","og_site_name":"CanadaMotorJobs.com","article_publisher":"https:\/\/www.facebook.com\/canadamotorjobs\/","article_published_time":"2024-10-20T12:08:23+00:00","article_modified_time":"2024-10-20T12:14:07+00:00","og_image":[{"width":720,"height":405,"url":"https:\/\/news.canadamotorjobs.com\/wp-content\/uploads\/2024\/10\/byd-seal-side-720x405px.jpg","type":"image\/jpeg"}],"author":"Benoit Charette","twitter_card":"summary_large_image","twitter_creator":"@canadamotorjobs","twitter_site":"@canadamotorjobs","twitter_misc":{"\u00c9crit par":"Benoit Charette","Estimation du temps de lecture":"3 minutes"},"schema":{"@context":"https:\/\/schema.org","@graph":[{"@type":"Article","@id":"https:\/\/news.canadamotorjobs.com\/fr\/les-vehicules-electriques-allemands-ne-se-vendent-plus-en-chine\/#article","isPartOf":{"@id":"https:\/\/news.canadamotorjobs.com\/fr\/les-vehicules-electriques-allemands-ne-se-vendent-plus-en-chine\/"},"author":{"name":"Benoit Charette","@id":"https:\/\/news.canadamotorjobs.com\/#\/schema\/person\/51793d1f87d44011d7bcc2ed99269a90"},"headline":"Les v\u00e9hicules \u00e9lectriques allemands ne se vendent plus en Chine","datePublished":"2024-10-20T12:08:23+00:00","dateModified":"2024-10-20T12:14:07+00:00","mainEntityOfPage":{"@id":"https:\/\/news.canadamotorjobs.com\/fr\/les-vehicules-electriques-allemands-ne-se-vendent-plus-en-chine\/"},"wordCount":532,"publisher":{"@id":"https:\/\/news.canadamotorjobs.com\/#organization"},"image":{"@id":"https:\/\/news.canadamotorjobs.com\/fr\/les-vehicules-electriques-allemands-ne-se-vendent-plus-en-chine\/#primaryimage"},"thumbnailUrl":"https:\/\/news.canadamotorjobs.com\/wp-content\/uploads\/2024\/10\/byd-seal-side-720x405px.jpg","articleSection":["Annuel automobile"],"inLanguage":"fr-CA"},{"@type":"WebPage","@id":"https:\/\/news.canadamotorjobs.com\/fr\/les-vehicules-electriques-allemands-ne-se-vendent-plus-en-chine\/","url":"https:\/\/news.canadamotorjobs.com\/fr\/les-vehicules-electriques-allemands-ne-se-vendent-plus-en-chine\/","name":"Les v\u00e9hicules \u00e9lectriques allemands ne se vendent plus en Chine - CanadaMotorJobs.com","isPartOf":{"@id":"https:\/\/news.canadamotorjobs.com\/#website"},"primaryImageOfPage":{"@id":"https:\/\/news.canadamotorjobs.com\/fr\/les-vehicules-electriques-allemands-ne-se-vendent-plus-en-chine\/#primaryimage"},"image":{"@id":"https:\/\/news.canadamotorjobs.com\/fr\/les-vehicules-electriques-allemands-ne-se-vendent-plus-en-chine\/#primaryimage"},"thumbnailUrl":"https:\/\/news.canadamotorjobs.com\/wp-content\/uploads\/2024\/10\/byd-seal-side-720x405px.jpg","datePublished":"2024-10-20T12:08:23+00:00","dateModified":"2024-10-20T12:14:07+00:00","description":"Les v\u00e9hicules \u00e9lectriques allemands ne se vendent plus en Chine - Benoit Charette - Annuel automobile - CanadaMotorJobs.com.","breadcrumb":{"@id":"https:\/\/news.canadamotorjobs.com\/fr\/les-vehicules-electriques-allemands-ne-se-vendent-plus-en-chine\/#breadcrumb"},"inLanguage":"fr-CA","potentialAction":[{"@type":"ReadAction","target":["https:\/\/news.canadamotorjobs.com\/fr\/les-vehicules-electriques-allemands-ne-se-vendent-plus-en-chine\/"]}]},{"@type":"ImageObject","inLanguage":"fr-CA","@id":"https:\/\/news.canadamotorjobs.com\/fr\/les-vehicules-electriques-allemands-ne-se-vendent-plus-en-chine\/#primaryimage","url":"https:\/\/news.canadamotorjobs.com\/wp-content\/uploads\/2024\/10\/byd-seal-side-720x405px.jpg","contentUrl":"https:\/\/news.canadamotorjobs.com\/wp-content\/uploads\/2024\/10\/byd-seal-side-720x405px.jpg","width":720,"height":405},{"@type":"BreadcrumbList","@id":"https:\/\/news.canadamotorjobs.com\/fr\/les-vehicules-electriques-allemands-ne-se-vendent-plus-en-chine\/#breadcrumb","itemListElement":[{"@type":"ListItem","position":1,"name":"Home","item":"https:\/\/news.canadamotorjobs.com\/fr\/blog\/"},{"@type":"ListItem","position":2,"name":"Les v\u00e9hicules \u00e9lectriques allemands ne se vendent plus en Chine"}]},{"@type":"WebSite","@id":"https:\/\/news.canadamotorjobs.com\/#website","url":"https:\/\/news.canadamotorjobs.com\/","name":"CanadaMotorJobs.com","description":"Automotive Jobs","publisher":{"@id":"https:\/\/news.canadamotorjobs.com\/#organization"},"potentialAction":[{"@type":"SearchAction","target":{"@type":"EntryPoint","urlTemplate":"https:\/\/news.canadamotorjobs.com\/?s={search_term_string}"},"query-input":"required name=search_term_string"}],"inLanguage":"fr-CA"},{"@type":"Organization","@id":"https:\/\/news.canadamotorjobs.com\/#organization","name":"Canada Motor Jobs","url":"https:\/\/news.canadamotorjobs.com\/","logo":{"@type":"ImageObject","inLanguage":"fr-CA","@id":"https:\/\/news.canadamotorjobs.com\/#\/schema\/logo\/image\/","url":"https:\/\/news.canadamotorjobs.com\/wp-content\/uploads\/2022\/10\/logo-canada-motor-jobs-1.png","contentUrl":"https:\/\/news.canadamotorjobs.com\/wp-content\/uploads\/2022\/10\/logo-canada-motor-jobs-1.png","width":800,"height":400,"caption":"Canada Motor Jobs"},"image":{"@id":"https:\/\/news.canadamotorjobs.com\/#\/schema\/logo\/image\/"},"sameAs":["https:\/\/www.facebook.com\/canadamotorjobs\/","https:\/\/x.com\/canadamotorjobs","https:\/\/www.instagram.com\/canadamotorjobs\/","https:\/\/www.linkedin.com\/company\/canadamotorjobs"]},{"@type":"Person","@id":"https:\/\/news.canadamotorjobs.com\/#\/schema\/person\/51793d1f87d44011d7bcc2ed99269a90","name":"Benoit Charette","image":{"@type":"ImageObject","inLanguage":"fr-CA","@id":"https:\/\/news.canadamotorjobs.com\/#\/schema\/person\/image\/","url":"https:\/\/secure.gravatar.com\/avatar\/45f3d2eebcccd909668d7ce7ea7267b6?s=96&d=mm&r=g","contentUrl":"https:\/\/secure.gravatar.com\/avatar\/45f3d2eebcccd909668d7ce7ea7267b6?s=96&d=mm&r=g","caption":"Benoit Charette"},"description":"Benoit Charette \/ Propri\u00e9taire et r\u00e9dacteur en chef Benoit Charette pratique le journalisme automobile depuis bient\u00f4t 30 ans. Il a fait ses classes au c\u00f4t\u00e9 de Daniel H\u00e9raud et au Carnet de route de 1992 \u00e0 2001. Il est fondateur, copropri\u00e9taire et r\u00e9dacteur en chef de L\u2019Annuel de l\u2019automobile, qu\u2019il publie depuis 2001. Il a anim\u00e9 les \u00e9missions RPM et RPM+ sur V et les L\u00e9gendes de la route sur Historia. \u00c0 la radio depuis 1986, il reprend l\u2019antenne cette ann\u00e9e sur les ondes de Cogeco et participe pour la deuxi\u00e8me ann\u00e9e \u00e0 l\u2019\u00e9mission Passion Auto sur RDS en plus de mettre en ligne le site Web officiel de L\u2019Annuel de l\u2019automobile sur annuelauto.ca.","sameAs":["https:\/\/annuelauto.ca\/"],"url":"https:\/\/news.canadamotorjobs.com\/fr\/author\/benoit-charette\/"}]}},"_links":{"self":[{"href":"https:\/\/news.canadamotorjobs.com\/fr\/wp-json\/wp\/v2\/posts\/178304"}],"collection":[{"href":"https:\/\/news.canadamotorjobs.com\/fr\/wp-json\/wp\/v2\/posts"}],"about":[{"href":"https:\/\/news.canadamotorjobs.com\/fr\/wp-json\/wp\/v2\/types\/post"}],"author":[{"embeddable":true,"href":"https:\/\/news.canadamotorjobs.com\/fr\/wp-json\/wp\/v2\/users\/8"}],"replies":[{"embeddable":true,"href":"https:\/\/news.canadamotorjobs.com\/fr\/wp-json\/wp\/v2\/comments?post=178304"}],"version-history":[{"count":2,"href":"https:\/\/news.canadamotorjobs.com\/fr\/wp-json\/wp\/v2\/posts\/178304\/revisions"}],"predecessor-version":[{"id":178308,"href":"https:\/\/news.canadamotorjobs.com\/fr\/wp-json\/wp\/v2\/posts\/178304\/revisions\/178308"}],"wp:featuredmedia":[{"embeddable":true,"href":"https:\/\/news.canadamotorjobs.com\/fr\/wp-json\/wp\/v2\/media\/178306"}],"wp:attachment":[{"href":"https:\/\/news.canadamotorjobs.com\/fr\/wp-json\/wp\/v2\/media?parent=178304"}],"wp:term":[{"taxonomy":"category","embeddable":true,"href":"https:\/\/news.canadamotorjobs.com\/fr\/wp-json\/wp\/v2\/categories?post=178304"},{"taxonomy":"post_tag","embeddable":true,"href":"https:\/\/news.canadamotorjobs.com\/fr\/wp-json\/wp\/v2\/tags?post=178304"}],"curies":[{"name":"wp","href":"https:\/\/api.w.org\/{rel}","templated":true}]}}