{"id":178285,"date":"2024-10-20T07:15:24","date_gmt":"2024-10-20T11:15:24","guid":{"rendered":"https:\/\/news.canadamotorjobs.com\/?p=178285"},"modified":"2024-10-20T07:29:16","modified_gmt":"2024-10-20T11:29:16","slug":"le-declin-de-fiat-inquiete-litalie","status":"publish","type":"post","link":"https:\/\/news.canadamotorjobs.com\/fr\/le-declin-de-fiat-inquiete-litalie\/","title":{"rendered":"Le d\u00e9clin de Fiat inqui\u00e8te l\u2019Italie"},"content":{"rendered":"<\/p>\n<p>La ville italienne de Turin, berceau de la plus ancienne usine automobile d\u2019Europe, incarne le d\u00e9clin industriel auquel une partie du continent fait face. Ses constructeurs automobiles peinent \u00e0 s\u2019adapter aux co\u00fbts de l\u2019\u00e9lectrification, \u00e0 la faible demande et \u00e0 la concurrence chinoise.<\/p>\n<h3><strong>Turin : l\u00e0 o\u00f9 tout a commenc\u00e9 pour Fiat<\/strong><\/h3>\n<p>\nSitu\u00e9e au pied des Alpes, dans le nord-ouest de l&#8217;Italie, Turin est la ville o\u00f9 Fiat, aujourd&#8217;hui int\u00e9gr\u00e9e au groupe Stellantis, a \u00e9t\u00e9 cofond\u00e9e par la famille Agnelli il y a 125 ans. Aujourd&#8217;hui, la ville lutte pour maintenir son industrie autrefois florissante, illustr\u00e9e par l&#8217;\u00e9tat de l&#8217;embl\u00e9matique usine de Mirafiori. Cette usine produit la Fiat 500 \u00e9lectrique et deux voitures sport Maserati, mais la demande \u00e9tant faible, la production a \u00e9t\u00e9 suspendue pendant une grande partie de l\u2019ann\u00e9e, laissant 2 800 travailleurs en ch\u00f4mage technique avec des salaires r\u00e9duits. Giacomo Zulianello, employ\u00e9 de l\u2019usine et responsable syndical de FIOM Cgil, confie : \u00ab Mirafiori est d\u00e9j\u00e0 ferm\u00e9e. Elle ne rouvre que de temps en temps \u00bb.<\/p>\n<h3><strong>La perte de l&#8217;identit\u00e9 italienne<\/strong><\/h3>\n<p>\nPour survivre, Fiat a dilu\u00e9 son identit\u00e9 italienne, prenant le contr\u00f4le de Chrysler en 2014, puis fusionnant avec le Groupe PSA pour cr\u00e9er Stellantis en 2021. Pendant ce temps, Turin a perdu quatre de ses usines automobiles au cours des quarante derni\u00e8res ann\u00e9es, dont Lingotto en 1982 \u2014 c\u00e9l\u00e8bre pour sa piste d\u2019essai sur le toit, immortalis\u00e9e dans le film \u00ab The Italian Job \u00bb \u2014 et Grugliasco, ferm\u00e9e l\u2019an dernier. Autrefois symbole de la puissance de Fiat, employant jusqu\u2019\u00e0 60 000 personnes et produisant un million de voitures par an dans les ann\u00e9es 1960, Mirafiori n\u2019est plus que l\u2019ombre d\u2019elle-m\u00eame.<\/p>\n<h3><strong>Une ville en pleine transformation<\/strong><\/h3>\n<p>\nAvec environ 2,2 millions d\u2019habitants dans la r\u00e9gion, Turin tente de se r\u00e9inventer en se tournant vers le tourisme, avec son centre \u00e9l\u00e9gant, ses mus\u00e9es renomm\u00e9s, sa gastronomie et sa proximit\u00e9 avec les Alpes. Elle s&#8217;affirme \u00e9galement comme un p\u00f4le de savoir, abritant plus d&#8217;une douzaine d&#8217;universit\u00e9s et d&#8217;acad\u00e9mies, sans oublier une industrie a\u00e9rospatiale dynamique et la Juventus, le club de football le plus titr\u00e9 d&#8217;Italie. Cependant, avec entre 50 000 et 60 000 emplois encore li\u00e9s \u00e0 l\u2019industrie automobile, l\u2019ambiance reste morose alors que les travailleurs de Stellantis se pr\u00e9parent pour une gr\u00e8ve nationale et une marche \u00e0 Rome, le 18 octobre, afin de demander au gouvernement et \u00e0 l\u2019entreprise de prot\u00e9ger les emplois.<\/p>\n<h3><strong>Dernier bastion de l&#8217;automobile \u00e0 Turin<\/strong><\/h3>\n<p>\nStellantis pr\u00e9voit une chute de sa production italienne en dessous de 500 000 v\u00e9hicules cette ann\u00e9e, un niveau jamais vu depuis 1958, selon le syndicat FIM Cisl. Mirafiori est d\u00e9sormais la derni\u00e8re usine automobile encore debout \u00e0 Turin, avec une main-d\u2019\u0153uvre en grande partie inactive et vieillissante. L\u2019\u00e2ge moyen des employ\u00e9s est de 57-58 ans, et les jeunes g\u00e9n\u00e9rations ne sont plus attir\u00e9es par ce secteur.<\/p>\n<h3><strong>La fin d&#8217;une \u00e8re?<\/strong><\/h3>\n<p>\nSelon Francesco Zirpoli, professeur de gestion \u00e0 l\u2019universit\u00e9 Ca\u2019 Foscari de Venise, la baisse de la production automobile italienne est due au manque d\u2019investissements de Stellantis dans de nouveaux mod\u00e8les, notamment pour ses usines italiennes. Il souligne que Fiat n\u2019est plus le centre n\u00e9vralgique du d\u00e9veloppement technique de Stellantis, avec des mod\u00e8les produits \u00e0 l\u2019\u00e9tranger et des moteurs principalement d\u00e9riv\u00e9s des technologies fran\u00e7aises.<\/p>\n<h3><strong>Quel avenir pour Mirafiori?<\/strong><\/h3>\n<p>\nL\u2019usine de Mirafiori, surnomm\u00e9e \u00ab la ville dans la ville \u00bb, s&#8217;\u00e9tend sur plus de 2 millions de m\u00e8tres carr\u00e9s. Mais aujourd&#8217;hui, les employ\u00e9s comme Zulianello parcourent 15 minutes \u00e0 pied \u00e0 travers des espaces abandonn\u00e9s pour atteindre la ligne d&#8217;assemblage.<\/p>\n<p>Malgr\u00e9 tout, Stellantis assure que Mirafiori a un avenir. L\u2019usine fabrique des bo\u00eetes de vitesses pour v\u00e9hicules \u00e9lectriques et hybrides, h\u00e9berge un centre de recyclage de pi\u00e8ces automobiles et un laboratoire de technologies des batteries. Elle commencera \u00e0 produire une nouvelle version hybride de la Fiat 500 fin 2025. De plus, Turin pourrait b\u00e9n\u00e9ficier si un autre constructeur automobile, comme le chinois Dongfeng ou Chery, s\u2019installait en Italie, mettant fin au monopole de Stellantis comme seul grand fabricant automobile national.<\/p>\n<h3><strong>Conclusion<\/strong><\/h3>\n<p>\nAlors que Turin tente de se r\u00e9inventer au milieu de la transition de l&#8217;industrie automobile, l&#8217;avenir semble incertain pour ses travailleurs. La ville fait face \u00e0 un d\u00e9fi existentiel, cherchant \u00e0 pr\u00e9server ses racines tout en s&#8217;adaptant \u00e0 un monde en mutation rapide.<\/p>\n<p>Avec des renseignements d\u2019Automotive News<\/p>\n<p>Le texte <a rel=\"nofollow\" href=\"https:\/\/annuelauto.ca\/le-declin-de-fiat-inquiete-litalie\/\">Le d\u00e9clin de Fiat inqui\u00e8te l\u2019Italie<\/a> provient de <a rel=\"nofollow\" href=\"https:\/\/annuelauto.ca\">L&#8217;annuel de l&#8217;automobile &#8211; Actualit\u00e9 automobile<\/a><\/p>\n<p><\/p>\n","protected":false},"excerpt":{"rendered":"<p>La ville italienne de Turin, berceau de la plus ancienne usine automobile d\u2019Europe, incarne le d\u00e9clin industriel auquel une partie du continent fait face. Ses constructeurs automobiles peinent \u00e0 s\u2019adapter aux co\u00fbts de l\u2019\u00e9lectrification, \u00e0 la faible demande et \u00e0 la concurrence chinoise. Turin : l\u00e0 o\u00f9 tout a commenc\u00e9 pour Fiat Situ\u00e9e au pied [&hellip;]<\/p>\n","protected":false},"author":8,"featured_media":178287,"comment_status":"close","ping_status":"closed","sticky":false,"template":"","format":"standard","meta":{"_monsterinsights_skip_tracking":false,"_monsterinsights_sitenote_active":false,"_monsterinsights_sitenote_note":"","_monsterinsights_sitenote_category":0,"footnotes":""},"categories":[101],"tags":[],"yoast_head":"<!-- This site is optimized with the Yoast SEO plugin v23.2 - https:\/\/yoast.com\/wordpress\/plugins\/seo\/ -->\n<title>Le d\u00e9clin de Fiat inqui\u00e8te l\u2019Italie - CanadaMotorJobs.com<\/title>\n<meta name=\"description\" content=\"Le d\u00e9clin de Fiat inqui\u00e8te l\u2019Italie - Benoit Charette - Annuel automobile - CanadaMotorJobs.com.\" \/>\n<meta name=\"robots\" content=\"index, follow, max-snippet:-1, max-image-preview:large, max-video-preview:-1\" \/>\n<meta property=\"og:locale\" content=\"fr_CA\" \/>\n<meta property=\"og:type\" content=\"article\" \/>\n<meta property=\"og:title\" content=\"Le d\u00e9clin de Fiat inqui\u00e8te l\u2019Italie - CanadaMotorJobs.com\" \/>\n<meta property=\"og:description\" content=\"Le d\u00e9clin de Fiat inqui\u00e8te l\u2019Italie - Benoit Charette - Annuel automobile - CanadaMotorJobs.com.\" \/>\n<meta property=\"og:url\" content=\"https:\/\/news.canadamotorjobs.com\/fr\/le-declin-de-fiat-inquiete-litalie\/\" \/>\n<meta property=\"og:site_name\" content=\"CanadaMotorJobs.com\" \/>\n<meta property=\"article:publisher\" content=\"https:\/\/www.facebook.com\/canadamotorjobs\/\" \/>\n<meta property=\"article:published_time\" content=\"2024-10-20T11:15:24+00:00\" \/>\n<meta property=\"article:modified_time\" content=\"2024-10-20T11:29:16+00:00\" \/>\n<meta property=\"og:image\" content=\"https:\/\/news.canadamotorjobs.com\/wp-content\/uploads\/2024\/10\/Fiat_-_Mirafiori_building_Italy_2020.png\" \/>\n\t<meta property=\"og:image:width\" content=\"900\" \/>\n\t<meta property=\"og:image:height\" content=\"600\" \/>\n\t<meta property=\"og:image:type\" content=\"image\/png\" \/>\n<meta name=\"author\" content=\"Benoit Charette\" \/>\n<meta name=\"twitter:card\" content=\"summary_large_image\" \/>\n<meta name=\"twitter:creator\" content=\"@canadamotorjobs\" \/>\n<meta name=\"twitter:site\" content=\"@canadamotorjobs\" \/>\n<meta name=\"twitter:label1\" content=\"\u00c9crit par\" \/>\n\t<meta name=\"twitter:data1\" content=\"Benoit Charette\" \/>\n\t<meta name=\"twitter:label2\" content=\"Estimation du temps de lecture\" \/>\n\t<meta name=\"twitter:data2\" content=\"4 minutes\" \/>\n<!-- \/ Yoast SEO plugin. -->","yoast_head_json":{"title":"Le d\u00e9clin de Fiat inqui\u00e8te l\u2019Italie - CanadaMotorJobs.com","description":"Le d\u00e9clin de Fiat inqui\u00e8te l\u2019Italie - Benoit Charette - Annuel automobile - CanadaMotorJobs.com.","robots":{"index":"index","follow":"follow","max-snippet":"max-snippet:-1","max-image-preview":"max-image-preview:large","max-video-preview":"max-video-preview:-1"},"og_locale":"fr_CA","og_type":"article","og_title":"Le d\u00e9clin de Fiat inqui\u00e8te l\u2019Italie - CanadaMotorJobs.com","og_description":"Le d\u00e9clin de Fiat inqui\u00e8te l\u2019Italie - Benoit Charette - Annuel automobile - CanadaMotorJobs.com.","og_url":"https:\/\/news.canadamotorjobs.com\/fr\/le-declin-de-fiat-inquiete-litalie\/","og_site_name":"CanadaMotorJobs.com","article_publisher":"https:\/\/www.facebook.com\/canadamotorjobs\/","article_published_time":"2024-10-20T11:15:24+00:00","article_modified_time":"2024-10-20T11:29:16+00:00","og_image":[{"width":900,"height":600,"url":"https:\/\/news.canadamotorjobs.com\/wp-content\/uploads\/2024\/10\/Fiat_-_Mirafiori_building_Italy_2020.png","type":"image\/png"}],"author":"Benoit Charette","twitter_card":"summary_large_image","twitter_creator":"@canadamotorjobs","twitter_site":"@canadamotorjobs","twitter_misc":{"\u00c9crit par":"Benoit Charette","Estimation du temps de lecture":"4 minutes"},"schema":{"@context":"https:\/\/schema.org","@graph":[{"@type":"Article","@id":"https:\/\/news.canadamotorjobs.com\/fr\/le-declin-de-fiat-inquiete-litalie\/#article","isPartOf":{"@id":"https:\/\/news.canadamotorjobs.com\/fr\/le-declin-de-fiat-inquiete-litalie\/"},"author":{"name":"Benoit Charette","@id":"https:\/\/news.canadamotorjobs.com\/#\/schema\/person\/51793d1f87d44011d7bcc2ed99269a90"},"headline":"Le d\u00e9clin de Fiat inqui\u00e8te l\u2019Italie","datePublished":"2024-10-20T11:15:24+00:00","dateModified":"2024-10-20T11:29:16+00:00","mainEntityOfPage":{"@id":"https:\/\/news.canadamotorjobs.com\/fr\/le-declin-de-fiat-inquiete-litalie\/"},"wordCount":797,"publisher":{"@id":"https:\/\/news.canadamotorjobs.com\/#organization"},"image":{"@id":"https:\/\/news.canadamotorjobs.com\/fr\/le-declin-de-fiat-inquiete-litalie\/#primaryimage"},"thumbnailUrl":"https:\/\/news.canadamotorjobs.com\/wp-content\/uploads\/2024\/10\/Fiat_-_Mirafiori_building_Italy_2020.png","articleSection":["Annuel automobile"],"inLanguage":"fr-CA"},{"@type":"WebPage","@id":"https:\/\/news.canadamotorjobs.com\/fr\/le-declin-de-fiat-inquiete-litalie\/","url":"https:\/\/news.canadamotorjobs.com\/fr\/le-declin-de-fiat-inquiete-litalie\/","name":"Le d\u00e9clin de Fiat inqui\u00e8te l\u2019Italie - CanadaMotorJobs.com","isPartOf":{"@id":"https:\/\/news.canadamotorjobs.com\/#website"},"primaryImageOfPage":{"@id":"https:\/\/news.canadamotorjobs.com\/fr\/le-declin-de-fiat-inquiete-litalie\/#primaryimage"},"image":{"@id":"https:\/\/news.canadamotorjobs.com\/fr\/le-declin-de-fiat-inquiete-litalie\/#primaryimage"},"thumbnailUrl":"https:\/\/news.canadamotorjobs.com\/wp-content\/uploads\/2024\/10\/Fiat_-_Mirafiori_building_Italy_2020.png","datePublished":"2024-10-20T11:15:24+00:00","dateModified":"2024-10-20T11:29:16+00:00","description":"Le d\u00e9clin de Fiat inqui\u00e8te l\u2019Italie - Benoit Charette - Annuel automobile - CanadaMotorJobs.com.","breadcrumb":{"@id":"https:\/\/news.canadamotorjobs.com\/fr\/le-declin-de-fiat-inquiete-litalie\/#breadcrumb"},"inLanguage":"fr-CA","potentialAction":[{"@type":"ReadAction","target":["https:\/\/news.canadamotorjobs.com\/fr\/le-declin-de-fiat-inquiete-litalie\/"]}]},{"@type":"ImageObject","inLanguage":"fr-CA","@id":"https:\/\/news.canadamotorjobs.com\/fr\/le-declin-de-fiat-inquiete-litalie\/#primaryimage","url":"https:\/\/news.canadamotorjobs.com\/wp-content\/uploads\/2024\/10\/Fiat_-_Mirafiori_building_Italy_2020.png","contentUrl":"https:\/\/news.canadamotorjobs.com\/wp-content\/uploads\/2024\/10\/Fiat_-_Mirafiori_building_Italy_2020.png","width":900,"height":600},{"@type":"BreadcrumbList","@id":"https:\/\/news.canadamotorjobs.com\/fr\/le-declin-de-fiat-inquiete-litalie\/#breadcrumb","itemListElement":[{"@type":"ListItem","position":1,"name":"Home","item":"https:\/\/news.canadamotorjobs.com\/fr\/blog\/"},{"@type":"ListItem","position":2,"name":"Le d\u00e9clin de Fiat inqui\u00e8te l\u2019Italie"}]},{"@type":"WebSite","@id":"https:\/\/news.canadamotorjobs.com\/#website","url":"https:\/\/news.canadamotorjobs.com\/","name":"CanadaMotorJobs.com","description":"Automotive Jobs","publisher":{"@id":"https:\/\/news.canadamotorjobs.com\/#organization"},"potentialAction":[{"@type":"SearchAction","target":{"@type":"EntryPoint","urlTemplate":"https:\/\/news.canadamotorjobs.com\/?s={search_term_string}"},"query-input":"required name=search_term_string"}],"inLanguage":"fr-CA"},{"@type":"Organization","@id":"https:\/\/news.canadamotorjobs.com\/#organization","name":"Canada Motor Jobs","url":"https:\/\/news.canadamotorjobs.com\/","logo":{"@type":"ImageObject","inLanguage":"fr-CA","@id":"https:\/\/news.canadamotorjobs.com\/#\/schema\/logo\/image\/","url":"https:\/\/news.canadamotorjobs.com\/wp-content\/uploads\/2022\/10\/logo-canada-motor-jobs-1.png","contentUrl":"https:\/\/news.canadamotorjobs.com\/wp-content\/uploads\/2022\/10\/logo-canada-motor-jobs-1.png","width":800,"height":400,"caption":"Canada Motor Jobs"},"image":{"@id":"https:\/\/news.canadamotorjobs.com\/#\/schema\/logo\/image\/"},"sameAs":["https:\/\/www.facebook.com\/canadamotorjobs\/","https:\/\/x.com\/canadamotorjobs","https:\/\/www.instagram.com\/canadamotorjobs\/","https:\/\/www.linkedin.com\/company\/canadamotorjobs"]},{"@type":"Person","@id":"https:\/\/news.canadamotorjobs.com\/#\/schema\/person\/51793d1f87d44011d7bcc2ed99269a90","name":"Benoit Charette","image":{"@type":"ImageObject","inLanguage":"fr-CA","@id":"https:\/\/news.canadamotorjobs.com\/#\/schema\/person\/image\/","url":"https:\/\/secure.gravatar.com\/avatar\/45f3d2eebcccd909668d7ce7ea7267b6?s=96&d=mm&r=g","contentUrl":"https:\/\/secure.gravatar.com\/avatar\/45f3d2eebcccd909668d7ce7ea7267b6?s=96&d=mm&r=g","caption":"Benoit Charette"},"description":"Benoit Charette \/ Propri\u00e9taire et r\u00e9dacteur en chef Benoit Charette pratique le journalisme automobile depuis bient\u00f4t 30 ans. Il a fait ses classes au c\u00f4t\u00e9 de Daniel H\u00e9raud et au Carnet de route de 1992 \u00e0 2001. Il est fondateur, copropri\u00e9taire et r\u00e9dacteur en chef de L\u2019Annuel de l\u2019automobile, qu\u2019il publie depuis 2001. Il a anim\u00e9 les \u00e9missions RPM et RPM+ sur V et les L\u00e9gendes de la route sur Historia. \u00c0 la radio depuis 1986, il reprend l\u2019antenne cette ann\u00e9e sur les ondes de Cogeco et participe pour la deuxi\u00e8me ann\u00e9e \u00e0 l\u2019\u00e9mission Passion Auto sur RDS en plus de mettre en ligne le site Web officiel de L\u2019Annuel de l\u2019automobile sur annuelauto.ca.","sameAs":["https:\/\/annuelauto.ca\/"],"url":"https:\/\/news.canadamotorjobs.com\/fr\/author\/benoit-charette\/"}]}},"_links":{"self":[{"href":"https:\/\/news.canadamotorjobs.com\/fr\/wp-json\/wp\/v2\/posts\/178285"}],"collection":[{"href":"https:\/\/news.canadamotorjobs.com\/fr\/wp-json\/wp\/v2\/posts"}],"about":[{"href":"https:\/\/news.canadamotorjobs.com\/fr\/wp-json\/wp\/v2\/types\/post"}],"author":[{"embeddable":true,"href":"https:\/\/news.canadamotorjobs.com\/fr\/wp-json\/wp\/v2\/users\/8"}],"replies":[{"embeddable":true,"href":"https:\/\/news.canadamotorjobs.com\/fr\/wp-json\/wp\/v2\/comments?post=178285"}],"version-history":[{"count":2,"href":"https:\/\/news.canadamotorjobs.com\/fr\/wp-json\/wp\/v2\/posts\/178285\/revisions"}],"predecessor-version":[{"id":178289,"href":"https:\/\/news.canadamotorjobs.com\/fr\/wp-json\/wp\/v2\/posts\/178285\/revisions\/178289"}],"wp:featuredmedia":[{"embeddable":true,"href":"https:\/\/news.canadamotorjobs.com\/fr\/wp-json\/wp\/v2\/media\/178287"}],"wp:attachment":[{"href":"https:\/\/news.canadamotorjobs.com\/fr\/wp-json\/wp\/v2\/media?parent=178285"}],"wp:term":[{"taxonomy":"category","embeddable":true,"href":"https:\/\/news.canadamotorjobs.com\/fr\/wp-json\/wp\/v2\/categories?post=178285"},{"taxonomy":"post_tag","embeddable":true,"href":"https:\/\/news.canadamotorjobs.com\/fr\/wp-json\/wp\/v2\/tags?post=178285"}],"curies":[{"name":"wp","href":"https:\/\/api.w.org\/{rel}","templated":true}]}}