{"id":178266,"date":"2024-10-19T11:29:25","date_gmt":"2024-10-19T15:29:25","guid":{"rendered":"https:\/\/news.canadamotorjobs.com\/?p=178266"},"modified":"2024-10-19T13:13:51","modified_gmt":"2024-10-19T17:13:51","slug":"terrebonne-vit-a-lheure-de-lauto-electrique-cette-fin-de-semaine","status":"publish","type":"post","link":"https:\/\/news.canadamotorjobs.com\/fr\/terrebonne-vit-a-lheure-de-lauto-electrique-cette-fin-de-semaine\/","title":{"rendered":"Terrebonne vit \u00e0 l\u2019heure de l\u2019auto \u00e9lectrique cette fin de semaine"},"content":{"rendered":"<\/p>\n<p>La deuxi\u00e8me \u00e9dition du <a href=\"https:\/\/groupesve.com\/lanaudiere\/\" target=\"_blank\" rel=\"noopener noreferrer\">Salon du v\u00e9hicule et loisir \u00e9lectrique de Lanaudi\u00e8re<\/a> a ouvert ses portes hier \u00e0 Terrebonne. Pr\u00e9sent\u00e9 jusqu\u2019au 20 octobre, cet \u00e9v\u00e9nement permet aux visiteurs de d\u00e9couvrir une centaine de v\u00e9hicules \u00e9lectrifi\u00e9s (\u00e9lectriques ou hybrides) d\u2019une vingtaine de grandes marques. Des essais routiers sont \u00e9galement propos\u00e9s.<\/p>\n<p>Les organisateurs de ce salon peuvent d\u2019ailleurs s\u2019enorgueillir d\u2019avoir r\u00e9uni sous un m\u00eame toit un \u00e9ventail de v\u00e9hicules incluant des Tesla (y compris un <a href=\"https:\/\/annuelauto.ca\/la-police-dirvine-roulera-bientot-en-cybertruck\/\" target=\"_blank\" rel=\"noopener noreferrer\">Cybertruck<\/a>), les Rivian\u00a0R1T et R1S, de m\u00eame qu\u2019un fourgon <a href=\"https:\/\/annuelauto.ca\/les-fourgons-electriques-brightdrop-deviendront-des-chevrolet-en-2025\/\" target=\"_blank\" rel=\"noopener noreferrer\">BrightDrop de General Motors<\/a> et un camion de classe\u00a03 <a href=\"https:\/\/annuelauto.ca\/le-canada-se-positionne-en-leader-des-camions-electriques\/\" target=\"_blank\" rel=\"noopener noreferrer\">Vicinity<\/a> VMC 1200 de fabrication canadienne.<\/p>\n\n<p>Con\u00e7u pour informer les consommateurs sur tout ce qui entoure l\u2019\u00e9lectrification des transports, cet \u00e9v\u00e9nement propose \u00e9galement une vari\u00e9t\u00e9 d\u2019articles de loisirs aliment\u00e9s \u00e0 l\u2019\u00e9lectricit\u00e9, depuis les v\u00e9los et trottinettes jusqu\u2019aux motos et scooters. Santafe Concept, une entreprise de Saint-Tite, pr\u00e9sente m\u00eame un prototype \u00e9lectrique de la Tinger\u00a0Dog, une motoneige de conception inusit\u00e9e.<\/p>\n<p>\u00c0 tout cela s\u2019ajoutent des exposants offrant des produits et services li\u00e9s \u00e0 l\u2019utilisation de tous ces V\u00c9, \u00e0 commencer par les bornes de recharge. Pour en savoir davantage sur leur achat, l\u2019installation et l\u2019utilisation, les visiteurs peuvent venir consulter ces exposants. Ils peuvent aussi assister aux nombreuses conf\u00e9rences inscrites au programme, dont l\u2019horaire appara\u00eet sur le site de cet \u00e9v\u00e9nement pr\u00e9sent\u00e9 par le Groupe SVE : <a href=\"https:\/\/groupesve.com\/lanaudiere\/\" target=\"_blank\" rel=\"noopener noreferrer\">groupesve.com\/lanaudiere<\/a>.<\/p>\n\n<p><em>Photos : Luc Gagn\u00e9<\/em><\/p>\n<p>Le texte <a rel=\"nofollow\" href=\"https:\/\/annuelauto.ca\/terrebonne-vit-a-lheure-de-lauto-electrique-cette-fin-de-semaine\/\">Terrebonne vit \u00e0 l\u2019heure de l\u2019auto \u00e9lectrique cette fin de semaine<\/a> provient de <a rel=\"nofollow\" href=\"https:\/\/annuelauto.ca\">L&#8217;annuel de l&#8217;automobile &#8211; Actualit\u00e9 automobile<\/a><\/p>\n<p><\/p>\n","protected":false},"excerpt":{"rendered":"<p>La deuxi\u00e8me \u00e9dition du Salon du v\u00e9hicule et loisir \u00e9lectrique de Lanaudi\u00e8re a ouvert ses portes hier \u00e0 Terrebonne. Pr\u00e9sent\u00e9 jusqu\u2019au 20 octobre, cet \u00e9v\u00e9nement permet aux visiteurs de d\u00e9couvrir une centaine de v\u00e9hicules \u00e9lectrifi\u00e9s (\u00e9lectriques ou hybrides) d\u2019une vingtaine de grandes marques. Des essais routiers sont \u00e9galement propos\u00e9s. Les organisateurs de ce salon peuvent [&hellip;]<\/p>\n","protected":false},"author":8,"featured_media":178268,"comment_status":"close","ping_status":"closed","sticky":false,"template":"","format":"standard","meta":{"_monsterinsights_skip_tracking":false,"_monsterinsights_sitenote_active":false,"_monsterinsights_sitenote_note":"","_monsterinsights_sitenote_category":0,"footnotes":""},"categories":[101],"tags":[],"yoast_head":"<!-- This site is optimized with the Yoast SEO plugin v23.2 - https:\/\/yoast.com\/wordpress\/plugins\/seo\/ -->\n<title>Terrebonne vit \u00e0 l\u2019heure de l\u2019auto \u00e9lectrique cette fin de semaine - CanadaMotorJobs.com<\/title>\n<meta name=\"description\" content=\"Terrebonne vit \u00e0 l\u2019heure de l\u2019auto \u00e9lectrique cette fin de semaine - Benoit Charette - Annuel automobile - CanadaMotorJobs.com.\" \/>\n<meta name=\"robots\" content=\"index, follow, max-snippet:-1, max-image-preview:large, max-video-preview:-1\" \/>\n<meta property=\"og:locale\" content=\"fr_CA\" \/>\n<meta property=\"og:type\" content=\"article\" \/>\n<meta property=\"og:title\" content=\"Terrebonne vit \u00e0 l\u2019heure de l\u2019auto \u00e9lectrique cette fin de semaine - CanadaMotorJobs.com\" \/>\n<meta property=\"og:description\" content=\"Terrebonne vit \u00e0 l\u2019heure de l\u2019auto \u00e9lectrique cette fin de semaine - Benoit Charette - Annuel automobile - CanadaMotorJobs.com.\" \/>\n<meta property=\"og:url\" content=\"https:\/\/news.canadamotorjobs.com\/fr\/terrebonne-vit-a-lheure-de-lauto-electrique-cette-fin-de-semaine\/\" \/>\n<meta property=\"og:site_name\" content=\"CanadaMotorJobs.com\" \/>\n<meta property=\"article:publisher\" content=\"https:\/\/www.facebook.com\/canadamotorjobs\/\" \/>\n<meta property=\"article:published_time\" content=\"2024-10-19T15:29:25+00:00\" \/>\n<meta property=\"article:modified_time\" content=\"2024-10-19T17:13:51+00:00\" \/>\n<meta property=\"og:image\" content=\"https:\/\/news.canadamotorjobs.com\/wp-content\/uploads\/2024\/10\/Salon_Terrebonne_2024_LG-2.jpg\" \/>\n\t<meta property=\"og:image:width\" content=\"1024\" \/>\n\t<meta property=\"og:image:height\" content=\"683\" \/>\n\t<meta property=\"og:image:type\" content=\"image\/jpeg\" \/>\n<meta name=\"author\" content=\"Benoit Charette\" \/>\n<meta name=\"twitter:card\" content=\"summary_large_image\" \/>\n<meta name=\"twitter:creator\" content=\"@canadamotorjobs\" \/>\n<meta name=\"twitter:site\" content=\"@canadamotorjobs\" \/>\n<meta name=\"twitter:label1\" content=\"\u00c9crit par\" \/>\n\t<meta name=\"twitter:data1\" content=\"Benoit Charette\" \/>\n\t<meta name=\"twitter:label2\" content=\"Estimation du temps de lecture\" \/>\n\t<meta name=\"twitter:data2\" content=\"1 minute\" \/>\n<!-- \/ Yoast SEO plugin. -->","yoast_head_json":{"title":"Terrebonne vit \u00e0 l\u2019heure de l\u2019auto \u00e9lectrique cette fin de semaine - CanadaMotorJobs.com","description":"Terrebonne vit \u00e0 l\u2019heure de l\u2019auto \u00e9lectrique cette fin de semaine - Benoit Charette - Annuel automobile - CanadaMotorJobs.com.","robots":{"index":"index","follow":"follow","max-snippet":"max-snippet:-1","max-image-preview":"max-image-preview:large","max-video-preview":"max-video-preview:-1"},"og_locale":"fr_CA","og_type":"article","og_title":"Terrebonne vit \u00e0 l\u2019heure de l\u2019auto \u00e9lectrique cette fin de semaine - CanadaMotorJobs.com","og_description":"Terrebonne vit \u00e0 l\u2019heure de l\u2019auto \u00e9lectrique cette fin de semaine - Benoit Charette - Annuel automobile - CanadaMotorJobs.com.","og_url":"https:\/\/news.canadamotorjobs.com\/fr\/terrebonne-vit-a-lheure-de-lauto-electrique-cette-fin-de-semaine\/","og_site_name":"CanadaMotorJobs.com","article_publisher":"https:\/\/www.facebook.com\/canadamotorjobs\/","article_published_time":"2024-10-19T15:29:25+00:00","article_modified_time":"2024-10-19T17:13:51+00:00","og_image":[{"width":1024,"height":683,"url":"https:\/\/news.canadamotorjobs.com\/wp-content\/uploads\/2024\/10\/Salon_Terrebonne_2024_LG-2.jpg","type":"image\/jpeg"}],"author":"Benoit Charette","twitter_card":"summary_large_image","twitter_creator":"@canadamotorjobs","twitter_site":"@canadamotorjobs","twitter_misc":{"\u00c9crit par":"Benoit Charette","Estimation du temps de lecture":"1 minute"},"schema":{"@context":"https:\/\/schema.org","@graph":[{"@type":"Article","@id":"https:\/\/news.canadamotorjobs.com\/fr\/terrebonne-vit-a-lheure-de-lauto-electrique-cette-fin-de-semaine\/#article","isPartOf":{"@id":"https:\/\/news.canadamotorjobs.com\/fr\/terrebonne-vit-a-lheure-de-lauto-electrique-cette-fin-de-semaine\/"},"author":{"name":"Benoit Charette","@id":"https:\/\/news.canadamotorjobs.com\/#\/schema\/person\/51793d1f87d44011d7bcc2ed99269a90"},"headline":"Terrebonne vit \u00e0 l\u2019heure de l\u2019auto \u00e9lectrique cette fin de semaine","datePublished":"2024-10-19T15:29:25+00:00","dateModified":"2024-10-19T17:13:51+00:00","mainEntityOfPage":{"@id":"https:\/\/news.canadamotorjobs.com\/fr\/terrebonne-vit-a-lheure-de-lauto-electrique-cette-fin-de-semaine\/"},"wordCount":304,"publisher":{"@id":"https:\/\/news.canadamotorjobs.com\/#organization"},"image":{"@id":"https:\/\/news.canadamotorjobs.com\/fr\/terrebonne-vit-a-lheure-de-lauto-electrique-cette-fin-de-semaine\/#primaryimage"},"thumbnailUrl":"https:\/\/news.canadamotorjobs.com\/wp-content\/uploads\/2024\/10\/Salon_Terrebonne_2024_LG-2.jpg","articleSection":["Annuel automobile"],"inLanguage":"fr-CA"},{"@type":"WebPage","@id":"https:\/\/news.canadamotorjobs.com\/fr\/terrebonne-vit-a-lheure-de-lauto-electrique-cette-fin-de-semaine\/","url":"https:\/\/news.canadamotorjobs.com\/fr\/terrebonne-vit-a-lheure-de-lauto-electrique-cette-fin-de-semaine\/","name":"Terrebonne vit \u00e0 l\u2019heure de l\u2019auto \u00e9lectrique cette fin de semaine - CanadaMotorJobs.com","isPartOf":{"@id":"https:\/\/news.canadamotorjobs.com\/#website"},"primaryImageOfPage":{"@id":"https:\/\/news.canadamotorjobs.com\/fr\/terrebonne-vit-a-lheure-de-lauto-electrique-cette-fin-de-semaine\/#primaryimage"},"image":{"@id":"https:\/\/news.canadamotorjobs.com\/fr\/terrebonne-vit-a-lheure-de-lauto-electrique-cette-fin-de-semaine\/#primaryimage"},"thumbnailUrl":"https:\/\/news.canadamotorjobs.com\/wp-content\/uploads\/2024\/10\/Salon_Terrebonne_2024_LG-2.jpg","datePublished":"2024-10-19T15:29:25+00:00","dateModified":"2024-10-19T17:13:51+00:00","description":"Terrebonne vit \u00e0 l\u2019heure de l\u2019auto \u00e9lectrique cette fin de semaine - Benoit Charette - Annuel automobile - CanadaMotorJobs.com.","breadcrumb":{"@id":"https:\/\/news.canadamotorjobs.com\/fr\/terrebonne-vit-a-lheure-de-lauto-electrique-cette-fin-de-semaine\/#breadcrumb"},"inLanguage":"fr-CA","potentialAction":[{"@type":"ReadAction","target":["https:\/\/news.canadamotorjobs.com\/fr\/terrebonne-vit-a-lheure-de-lauto-electrique-cette-fin-de-semaine\/"]}]},{"@type":"ImageObject","inLanguage":"fr-CA","@id":"https:\/\/news.canadamotorjobs.com\/fr\/terrebonne-vit-a-lheure-de-lauto-electrique-cette-fin-de-semaine\/#primaryimage","url":"https:\/\/news.canadamotorjobs.com\/wp-content\/uploads\/2024\/10\/Salon_Terrebonne_2024_LG-2.jpg","contentUrl":"https:\/\/news.canadamotorjobs.com\/wp-content\/uploads\/2024\/10\/Salon_Terrebonne_2024_LG-2.jpg","width":1024,"height":683},{"@type":"BreadcrumbList","@id":"https:\/\/news.canadamotorjobs.com\/fr\/terrebonne-vit-a-lheure-de-lauto-electrique-cette-fin-de-semaine\/#breadcrumb","itemListElement":[{"@type":"ListItem","position":1,"name":"Home","item":"https:\/\/news.canadamotorjobs.com\/fr\/blog\/"},{"@type":"ListItem","position":2,"name":"Terrebonne vit \u00e0 l\u2019heure de l\u2019auto \u00e9lectrique cette fin de semaine"}]},{"@type":"WebSite","@id":"https:\/\/news.canadamotorjobs.com\/#website","url":"https:\/\/news.canadamotorjobs.com\/","name":"CanadaMotorJobs.com","description":"Automotive Jobs","publisher":{"@id":"https:\/\/news.canadamotorjobs.com\/#organization"},"potentialAction":[{"@type":"SearchAction","target":{"@type":"EntryPoint","urlTemplate":"https:\/\/news.canadamotorjobs.com\/?s={search_term_string}"},"query-input":"required name=search_term_string"}],"inLanguage":"fr-CA"},{"@type":"Organization","@id":"https:\/\/news.canadamotorjobs.com\/#organization","name":"Canada Motor Jobs","url":"https:\/\/news.canadamotorjobs.com\/","logo":{"@type":"ImageObject","inLanguage":"fr-CA","@id":"https:\/\/news.canadamotorjobs.com\/#\/schema\/logo\/image\/","url":"https:\/\/news.canadamotorjobs.com\/wp-content\/uploads\/2022\/10\/logo-canada-motor-jobs-1.png","contentUrl":"https:\/\/news.canadamotorjobs.com\/wp-content\/uploads\/2022\/10\/logo-canada-motor-jobs-1.png","width":800,"height":400,"caption":"Canada Motor Jobs"},"image":{"@id":"https:\/\/news.canadamotorjobs.com\/#\/schema\/logo\/image\/"},"sameAs":["https:\/\/www.facebook.com\/canadamotorjobs\/","https:\/\/x.com\/canadamotorjobs","https:\/\/www.instagram.com\/canadamotorjobs\/","https:\/\/www.linkedin.com\/company\/canadamotorjobs"]},{"@type":"Person","@id":"https:\/\/news.canadamotorjobs.com\/#\/schema\/person\/51793d1f87d44011d7bcc2ed99269a90","name":"Benoit Charette","image":{"@type":"ImageObject","inLanguage":"fr-CA","@id":"https:\/\/news.canadamotorjobs.com\/#\/schema\/person\/image\/","url":"https:\/\/secure.gravatar.com\/avatar\/45f3d2eebcccd909668d7ce7ea7267b6?s=96&d=mm&r=g","contentUrl":"https:\/\/secure.gravatar.com\/avatar\/45f3d2eebcccd909668d7ce7ea7267b6?s=96&d=mm&r=g","caption":"Benoit Charette"},"description":"Benoit Charette \/ Propri\u00e9taire et r\u00e9dacteur en chef Benoit Charette pratique le journalisme automobile depuis bient\u00f4t 30 ans. Il a fait ses classes au c\u00f4t\u00e9 de Daniel H\u00e9raud et au Carnet de route de 1992 \u00e0 2001. Il est fondateur, copropri\u00e9taire et r\u00e9dacteur en chef de L\u2019Annuel de l\u2019automobile, qu\u2019il publie depuis 2001. Il a anim\u00e9 les \u00e9missions RPM et RPM+ sur V et les L\u00e9gendes de la route sur Historia. \u00c0 la radio depuis 1986, il reprend l\u2019antenne cette ann\u00e9e sur les ondes de Cogeco et participe pour la deuxi\u00e8me ann\u00e9e \u00e0 l\u2019\u00e9mission Passion Auto sur RDS en plus de mettre en ligne le site Web officiel de L\u2019Annuel de l\u2019automobile sur annuelauto.ca.","sameAs":["https:\/\/annuelauto.ca\/"],"url":"https:\/\/news.canadamotorjobs.com\/fr\/author\/benoit-charette\/"}]}},"_links":{"self":[{"href":"https:\/\/news.canadamotorjobs.com\/fr\/wp-json\/wp\/v2\/posts\/178266"}],"collection":[{"href":"https:\/\/news.canadamotorjobs.com\/fr\/wp-json\/wp\/v2\/posts"}],"about":[{"href":"https:\/\/news.canadamotorjobs.com\/fr\/wp-json\/wp\/v2\/types\/post"}],"author":[{"embeddable":true,"href":"https:\/\/news.canadamotorjobs.com\/fr\/wp-json\/wp\/v2\/users\/8"}],"replies":[{"embeddable":true,"href":"https:\/\/news.canadamotorjobs.com\/fr\/wp-json\/wp\/v2\/comments?post=178266"}],"version-history":[{"count":2,"href":"https:\/\/news.canadamotorjobs.com\/fr\/wp-json\/wp\/v2\/posts\/178266\/revisions"}],"predecessor-version":[{"id":178270,"href":"https:\/\/news.canadamotorjobs.com\/fr\/wp-json\/wp\/v2\/posts\/178266\/revisions\/178270"}],"wp:featuredmedia":[{"embeddable":true,"href":"https:\/\/news.canadamotorjobs.com\/fr\/wp-json\/wp\/v2\/media\/178268"}],"wp:attachment":[{"href":"https:\/\/news.canadamotorjobs.com\/fr\/wp-json\/wp\/v2\/media?parent=178266"}],"wp:term":[{"taxonomy":"category","embeddable":true,"href":"https:\/\/news.canadamotorjobs.com\/fr\/wp-json\/wp\/v2\/categories?post=178266"},{"taxonomy":"post_tag","embeddable":true,"href":"https:\/\/news.canadamotorjobs.com\/fr\/wp-json\/wp\/v2\/tags?post=178266"}],"curies":[{"name":"wp","href":"https:\/\/api.w.org\/{rel}","templated":true}]}}