{"id":178183,"date":"2024-10-19T03:24:32","date_gmt":"2024-10-19T07:24:32","guid":{"rendered":"https:\/\/news.canadamotorjobs.com\/?p=178183"},"modified":"2024-10-19T03:29:52","modified_gmt":"2024-10-19T07:29:52","slug":"porsche-911-gt3-2025-double-personnalite-pour-la-sportive-de-stuttgart","status":"publish","type":"post","link":"https:\/\/news.canadamotorjobs.com\/fr\/porsche-911-gt3-2025-double-personnalite-pour-la-sportive-de-stuttgart\/","title":{"rendered":"Porsche 911 GT3 2025 : double personnalit\u00e9 pour la sportive de Stuttgart"},"content":{"rendered":"<\/p>\n<p>Porsche c\u00e9l\u00e8bre le 25e anniversaire de sa 911 GT3 en d\u00e9voilant une nouvelle g\u00e9n\u00e9ration encore plus performante et raffin\u00e9e. La 911 GT3 2025, bas\u00e9e sur la version 992 du mod\u00e8le, se d\u00e9cline en deux variantes, r\u00e9pondant ainsi aux attentes des puristes de la conduite sur circuit et de ceux qui privil\u00e9gient une utilisation routi\u00e8re.<\/p>\n<p><strong>La Porsche 911 GT3 2025 \u2013 quoi de neuf ?<\/strong><\/p>\n<p>La 911 GT3 2025 profite d\u2019am\u00e9liorations a\u00e9rodynamiques, d\u2019une direction plus pr\u00e9cise et d\u2019un ch\u00e2ssis optimis\u00e9. Les nouvelles jantes en aluminium contribuent \u00e0 r\u00e9duire le poids, tandis que la disposition de la batterie lithium-ion de 40 Ah am\u00e9liore la r\u00e9partition des masses.<\/p>\n<p><\/p>\n<figure><img decoding=\"async\" src=\"https:\/\/news.canadamotorjobs.com\/wp-content\/uploads\/2024\/10\/2025-porsche-911-gt3-002-5.jpg\" alt=\"Porsche 911 GT3 2025, de profil\" \/><figcaption>Porsche 911 GT3 2025, de profil | Auto123.com<\/figcaption><\/figure>\n<p><strong>Un choix entre performance pure et grand tourisme<\/strong><strong><\/strong><\/p>\n<p><strong><\/strong>La premi\u00e8re version est r\u00e9solument ax\u00e9e sur la performance, avec un aileron arri\u00e8re imposant optimisant l\u2019appui a\u00e9rodynamique. La seconde, baptis\u00e9e Touring, adopte une esth\u00e9tique plus discr\u00e8te, privil\u00e9giant l\u2019\u00e9l\u00e9gance et le confort pour une utilisation quotidienne.<\/p>\n<p>L\u2019ensemble Weissach, destin\u00e9 \u00e0 un usage intensif sur circuit, int\u00e8gre des \u00e9l\u00e9ments en fibre de carbone permettant de r\u00e9duire le poids et d\u2019am\u00e9liorer l\u2019a\u00e9rodynamique. L\u2019ensemble l\u00e9ger, propos\u00e9 sur la version Touring, inclut des jantes en magn\u00e9sium forg\u00e9 et des panneaux de porte all\u00e9g\u00e9s.<\/p>\n<p><\/p>\n<figure><img decoding=\"async\" src=\"https:\/\/news.canadamotorjobs.com\/wp-content\/uploads\/2024\/10\/2025-porsche-911-gt3-003-1.jpg\" alt=\"Porsche 911 GT3 2025, avant\" \/><figcaption>Porsche 911 GT3 2025, avant | Auto123.com<\/figcaption><\/figure>\n<h2>Motorisation de la Porsche 911 GT3 2025<\/h2>\n<p>Sous le capot, on retrouve le moteur 6-cylindres \u00e0 plat atmosph\u00e9rique de 4,0 litres d\u00e9veloppant 502 chevaux et 347 lb-pi de couple. Les deux versions proposent au choix une bo\u00eete manuelle \u00e0 six rapports ou la bo\u00eete automatique PDK \u00e0 sept vitesses.<\/p>\n<p><\/p>\n<figure><img decoding=\"async\" src=\"https:\/\/news.canadamotorjobs.com\/wp-content\/uploads\/2024\/10\/2025-porsche-911-gt3-005-1.jpg\" alt=\"Porsche 911 GT3 2025, int\u00e9rieur\" \/><figcaption>Porsche 911 GT3 2025, int\u00e9rieur | Auto123.com<\/figcaption><\/figure>\n<p><strong>Un habitacle sportif et fonctionnel<\/strong><\/p>\n<p>L\u2019int\u00e9rieur de la 911 GT3 2025 est un m\u00e9lange de sportivit\u00e9 et de raffinement, avec des si\u00e8ges baquets en fibre de carbone et un volant sport. La version Touring propose une sellerie cuir et une ambiance plus classique.<\/p>\n<h2>Les prix canadiens de la Porsche 911 GT3 2025<\/h2>\n<p>Les commandes pour la Porsche 911 GT3 et la Porsche 911 GT3 Touring ouvriront \u00e0 la fin de l\u2019ann\u00e9e. Les premi\u00e8res livraisons sont attendues pour l\u2019\u00e9t\u00e9 2025. Le prix d\u2019appel a \u00e9t\u00e9 fix\u00e9 \u00e0 245 300 $.<\/p>\n<p><\/p>\n<figure><img decoding=\"async\" src=\"https:\/\/news.canadamotorjobs.com\/wp-content\/uploads\/2024\/10\/2025-porsche-911-gt3-004-1.jpg\" alt=\"Porsche 911 GT3 2025, arri\u00e8re\" \/><figcaption>Porsche 911 GT3 2025, arri\u00e8re | Auto123.com<\/figcaption><\/figure>\n<figure><img decoding=\"async\" src=\"https:\/\/news.canadamotorjobs.com\/wp-content\/uploads\/2024\/10\/2025-porsche-911-gt3-012-1.jpg\" alt=\"Porsche 911 GT3 2025, capot\" \/><figcaption>Porsche 911 GT3 2025, capot | Auto123.com<\/figcaption><\/figure>\n<figure><img decoding=\"async\" src=\"https:\/\/news.canadamotorjobs.com\/wp-content\/uploads\/2024\/10\/2025-porsche-911-gt3-007-1.jpg\" alt=\"Porsche 911 GT3 2025, roue\" \/><figcaption>Porsche 911 GT3 2025, roue | Auto123.com<\/figcaption><\/figure>\n<figure><img decoding=\"async\" src=\"https:\/\/news.canadamotorjobs.com\/wp-content\/uploads\/2024\/10\/2025-porsche-911-gt3-010-1.jpg\" alt=\"Porsche 911 GT3 2025, diffuseur\" \/><figcaption>Porsche 911 GT3 2025, diffuseur | Auto123.com<\/figcaption><\/figure>\n<figure><img decoding=\"async\" src=\"https:\/\/news.canadamotorjobs.com\/wp-content\/uploads\/2024\/10\/2025-porsche-911-gt3-006-1.jpg\" alt=\"Porsche 911 GT3 2025, levier de changement de vitesse\" \/><figcaption>Porsche 911 GT3 2025, levier de changement de vitesse | Auto123.com<\/figcaption><\/figure>\n<figure><img decoding=\"async\" src=\"https:\/\/news.canadamotorjobs.com\/wp-content\/uploads\/2024\/10\/2025-porsche-911-gt3-009-1.jpg\" alt=\"Porsche 911 GT3 2025, cadrans\" \/><figcaption>Porsche 911 GT3 2025, cadrans | Auto123.com<\/figcaption><\/figure>\n<figure><img decoding=\"async\" src=\"https:\/\/news.canadamotorjobs.com\/wp-content\/uploads\/2024\/10\/2025-porsche-911-gt3-014-1.jpg\" alt=\"Porsche 911 GT3 2025, trois quarts avant\" \/><figcaption>Porsche 911 GT3 2025, trois quarts avant | Auto123.com<\/figcaption><\/figure>\n<figure><img decoding=\"async\" src=\"https:\/\/news.canadamotorjobs.com\/wp-content\/uploads\/2024\/10\/2025-porsche-911-gt3-008-1.jpg\" alt=\"Porsche 911 GT3 2025, \u00e9cusson GT3\" \/><figcaption>Porsche 911 GT3 2025, \u00e9cusson GT3 | Auto123.com<\/figcaption><\/figure>\n<p style=\"padding-top: 15px\">Contenu original de <a href=\"https:\/\/www.auto123.com\/fr\/actualites\/porsche-911-gt3-2025-devoilee\/71959\/\">auto123<\/a>.<\/p>\n<p>Le texte <a rel=\"nofollow\" href=\"https:\/\/annuelauto.ca\/porsche-911-gt3-2025-double-personnalite-pour-la-sportive-de-stuttgart\/\">Porsche 911 GT3 2025 : double personnalit\u00e9 pour la sportive de Stuttgart<\/a> provient de <a rel=\"nofollow\" href=\"https:\/\/annuelauto.ca\">L&#8217;annuel de l&#8217;automobile &#8211; Actualit\u00e9 automobile<\/a><\/p>\n<p><\/p>\n","protected":false},"excerpt":{"rendered":"<p>Porsche c\u00e9l\u00e8bre le 25e anniversaire de sa 911 GT3 en d\u00e9voilant une nouvelle g\u00e9n\u00e9ration encore plus performante et raffin\u00e9e. La 911 GT3 2025, bas\u00e9e sur la version 992 du mod\u00e8le, se d\u00e9cline en deux variantes, r\u00e9pondant ainsi aux attentes des puristes de la conduite sur circuit et de ceux qui privil\u00e9gient une utilisation routi\u00e8re. La [&hellip;]<\/p>\n","protected":false},"author":8,"featured_media":178185,"comment_status":"close","ping_status":"closed","sticky":false,"template":"","format":"standard","meta":{"_monsterinsights_skip_tracking":false,"_monsterinsights_sitenote_active":false,"_monsterinsights_sitenote_note":"","_monsterinsights_sitenote_category":0,"footnotes":""},"categories":[101],"tags":[],"yoast_head":"<!-- This site is optimized with the Yoast SEO plugin v23.2 - https:\/\/yoast.com\/wordpress\/plugins\/seo\/ -->\n<title>Porsche 911 GT3 2025 : double personnalit\u00e9 pour la sportive de Stuttgart - CanadaMotorJobs.com<\/title>\n<meta name=\"description\" content=\"Porsche 911 GT3 2025 : double personnalit\u00e9 pour la sportive de Stuttgart - Benoit Charette - Annuel automobile - CanadaMotorJobs.com.\" \/>\n<meta name=\"robots\" content=\"index, follow, max-snippet:-1, max-image-preview:large, max-video-preview:-1\" \/>\n<meta property=\"og:locale\" content=\"fr_CA\" \/>\n<meta property=\"og:type\" content=\"article\" \/>\n<meta property=\"og:title\" content=\"Porsche 911 GT3 2025 : double personnalit\u00e9 pour la sportive de Stuttgart - CanadaMotorJobs.com\" \/>\n<meta property=\"og:description\" content=\"Porsche 911 GT3 2025 : double personnalit\u00e9 pour la sportive de Stuttgart - Benoit Charette - Annuel automobile - CanadaMotorJobs.com.\" \/>\n<meta property=\"og:url\" content=\"https:\/\/news.canadamotorjobs.com\/fr\/porsche-911-gt3-2025-double-personnalite-pour-la-sportive-de-stuttgart\/\" \/>\n<meta property=\"og:site_name\" content=\"CanadaMotorJobs.com\" \/>\n<meta property=\"article:publisher\" content=\"https:\/\/www.facebook.com\/canadamotorjobs\/\" \/>\n<meta property=\"article:published_time\" content=\"2024-10-19T07:24:32+00:00\" \/>\n<meta property=\"article:modified_time\" content=\"2024-10-19T07:29:52+00:00\" \/>\n<meta property=\"og:image\" content=\"https:\/\/news.canadamotorjobs.com\/wp-content\/uploads\/2024\/10\/2025-porsche-911-gt3-002.jpg\" \/>\n\t<meta property=\"og:image:width\" content=\"1200\" \/>\n\t<meta property=\"og:image:height\" content=\"674\" \/>\n\t<meta property=\"og:image:type\" content=\"image\/jpeg\" \/>\n<meta name=\"author\" content=\"Benoit Charette\" \/>\n<meta name=\"twitter:card\" content=\"summary_large_image\" \/>\n<meta name=\"twitter:creator\" content=\"@canadamotorjobs\" \/>\n<meta name=\"twitter:site\" content=\"@canadamotorjobs\" \/>\n<meta name=\"twitter:label1\" content=\"\u00c9crit par\" \/>\n\t<meta name=\"twitter:data1\" content=\"Benoit Charette\" \/>\n\t<meta name=\"twitter:label2\" content=\"Estimation du temps de lecture\" \/>\n\t<meta name=\"twitter:data2\" content=\"2 minutes\" \/>\n<!-- \/ Yoast SEO plugin. -->","yoast_head_json":{"title":"Porsche 911 GT3 2025 : double personnalit\u00e9 pour la sportive de Stuttgart - CanadaMotorJobs.com","description":"Porsche 911 GT3 2025 : double personnalit\u00e9 pour la sportive de Stuttgart - Benoit Charette - Annuel automobile - CanadaMotorJobs.com.","robots":{"index":"index","follow":"follow","max-snippet":"max-snippet:-1","max-image-preview":"max-image-preview:large","max-video-preview":"max-video-preview:-1"},"og_locale":"fr_CA","og_type":"article","og_title":"Porsche 911 GT3 2025 : double personnalit\u00e9 pour la sportive de Stuttgart - CanadaMotorJobs.com","og_description":"Porsche 911 GT3 2025 : double personnalit\u00e9 pour la sportive de Stuttgart - Benoit Charette - Annuel automobile - CanadaMotorJobs.com.","og_url":"https:\/\/news.canadamotorjobs.com\/fr\/porsche-911-gt3-2025-double-personnalite-pour-la-sportive-de-stuttgart\/","og_site_name":"CanadaMotorJobs.com","article_publisher":"https:\/\/www.facebook.com\/canadamotorjobs\/","article_published_time":"2024-10-19T07:24:32+00:00","article_modified_time":"2024-10-19T07:29:52+00:00","og_image":[{"width":1200,"height":674,"url":"https:\/\/news.canadamotorjobs.com\/wp-content\/uploads\/2024\/10\/2025-porsche-911-gt3-002.jpg","type":"image\/jpeg"}],"author":"Benoit Charette","twitter_card":"summary_large_image","twitter_creator":"@canadamotorjobs","twitter_site":"@canadamotorjobs","twitter_misc":{"\u00c9crit par":"Benoit Charette","Estimation du temps de lecture":"2 minutes"},"schema":{"@context":"https:\/\/schema.org","@graph":[{"@type":"Article","@id":"https:\/\/news.canadamotorjobs.com\/fr\/porsche-911-gt3-2025-double-personnalite-pour-la-sportive-de-stuttgart\/#article","isPartOf":{"@id":"https:\/\/news.canadamotorjobs.com\/fr\/porsche-911-gt3-2025-double-personnalite-pour-la-sportive-de-stuttgart\/"},"author":{"name":"Benoit Charette","@id":"https:\/\/news.canadamotorjobs.com\/#\/schema\/person\/51793d1f87d44011d7bcc2ed99269a90"},"headline":"Porsche 911 GT3 2025 : double personnalit\u00e9 pour la sportive de Stuttgart","datePublished":"2024-10-19T07:24:32+00:00","dateModified":"2024-10-19T07:29:52+00:00","mainEntityOfPage":{"@id":"https:\/\/news.canadamotorjobs.com\/fr\/porsche-911-gt3-2025-double-personnalite-pour-la-sportive-de-stuttgart\/"},"wordCount":455,"publisher":{"@id":"https:\/\/news.canadamotorjobs.com\/#organization"},"image":{"@id":"https:\/\/news.canadamotorjobs.com\/fr\/porsche-911-gt3-2025-double-personnalite-pour-la-sportive-de-stuttgart\/#primaryimage"},"thumbnailUrl":"https:\/\/news.canadamotorjobs.com\/wp-content\/uploads\/2024\/10\/2025-porsche-911-gt3-002.jpg","articleSection":["Annuel automobile"],"inLanguage":"fr-CA"},{"@type":"WebPage","@id":"https:\/\/news.canadamotorjobs.com\/fr\/porsche-911-gt3-2025-double-personnalite-pour-la-sportive-de-stuttgart\/","url":"https:\/\/news.canadamotorjobs.com\/fr\/porsche-911-gt3-2025-double-personnalite-pour-la-sportive-de-stuttgart\/","name":"Porsche 911 GT3 2025 : double personnalit\u00e9 pour la sportive de Stuttgart - CanadaMotorJobs.com","isPartOf":{"@id":"https:\/\/news.canadamotorjobs.com\/#website"},"primaryImageOfPage":{"@id":"https:\/\/news.canadamotorjobs.com\/fr\/porsche-911-gt3-2025-double-personnalite-pour-la-sportive-de-stuttgart\/#primaryimage"},"image":{"@id":"https:\/\/news.canadamotorjobs.com\/fr\/porsche-911-gt3-2025-double-personnalite-pour-la-sportive-de-stuttgart\/#primaryimage"},"thumbnailUrl":"https:\/\/news.canadamotorjobs.com\/wp-content\/uploads\/2024\/10\/2025-porsche-911-gt3-002.jpg","datePublished":"2024-10-19T07:24:32+00:00","dateModified":"2024-10-19T07:29:52+00:00","description":"Porsche 911 GT3 2025 : double personnalit\u00e9 pour la sportive de Stuttgart - Benoit Charette - Annuel automobile - CanadaMotorJobs.com.","breadcrumb":{"@id":"https:\/\/news.canadamotorjobs.com\/fr\/porsche-911-gt3-2025-double-personnalite-pour-la-sportive-de-stuttgart\/#breadcrumb"},"inLanguage":"fr-CA","potentialAction":[{"@type":"ReadAction","target":["https:\/\/news.canadamotorjobs.com\/fr\/porsche-911-gt3-2025-double-personnalite-pour-la-sportive-de-stuttgart\/"]}]},{"@type":"ImageObject","inLanguage":"fr-CA","@id":"https:\/\/news.canadamotorjobs.com\/fr\/porsche-911-gt3-2025-double-personnalite-pour-la-sportive-de-stuttgart\/#primaryimage","url":"https:\/\/news.canadamotorjobs.com\/wp-content\/uploads\/2024\/10\/2025-porsche-911-gt3-002.jpg","contentUrl":"https:\/\/news.canadamotorjobs.com\/wp-content\/uploads\/2024\/10\/2025-porsche-911-gt3-002.jpg","width":1200,"height":674},{"@type":"BreadcrumbList","@id":"https:\/\/news.canadamotorjobs.com\/fr\/porsche-911-gt3-2025-double-personnalite-pour-la-sportive-de-stuttgart\/#breadcrumb","itemListElement":[{"@type":"ListItem","position":1,"name":"Home","item":"https:\/\/news.canadamotorjobs.com\/fr\/blog\/"},{"@type":"ListItem","position":2,"name":"Porsche 911 GT3 2025 : double personnalit\u00e9 pour la sportive de Stuttgart"}]},{"@type":"WebSite","@id":"https:\/\/news.canadamotorjobs.com\/#website","url":"https:\/\/news.canadamotorjobs.com\/","name":"CanadaMotorJobs.com","description":"Automotive Jobs","publisher":{"@id":"https:\/\/news.canadamotorjobs.com\/#organization"},"potentialAction":[{"@type":"SearchAction","target":{"@type":"EntryPoint","urlTemplate":"https:\/\/news.canadamotorjobs.com\/?s={search_term_string}"},"query-input":"required name=search_term_string"}],"inLanguage":"fr-CA"},{"@type":"Organization","@id":"https:\/\/news.canadamotorjobs.com\/#organization","name":"Canada Motor Jobs","url":"https:\/\/news.canadamotorjobs.com\/","logo":{"@type":"ImageObject","inLanguage":"fr-CA","@id":"https:\/\/news.canadamotorjobs.com\/#\/schema\/logo\/image\/","url":"https:\/\/news.canadamotorjobs.com\/wp-content\/uploads\/2022\/10\/logo-canada-motor-jobs-1.png","contentUrl":"https:\/\/news.canadamotorjobs.com\/wp-content\/uploads\/2022\/10\/logo-canada-motor-jobs-1.png","width":800,"height":400,"caption":"Canada Motor Jobs"},"image":{"@id":"https:\/\/news.canadamotorjobs.com\/#\/schema\/logo\/image\/"},"sameAs":["https:\/\/www.facebook.com\/canadamotorjobs\/","https:\/\/x.com\/canadamotorjobs","https:\/\/www.instagram.com\/canadamotorjobs\/","https:\/\/www.linkedin.com\/company\/canadamotorjobs"]},{"@type":"Person","@id":"https:\/\/news.canadamotorjobs.com\/#\/schema\/person\/51793d1f87d44011d7bcc2ed99269a90","name":"Benoit Charette","image":{"@type":"ImageObject","inLanguage":"fr-CA","@id":"https:\/\/news.canadamotorjobs.com\/#\/schema\/person\/image\/","url":"https:\/\/secure.gravatar.com\/avatar\/45f3d2eebcccd909668d7ce7ea7267b6?s=96&d=mm&r=g","contentUrl":"https:\/\/secure.gravatar.com\/avatar\/45f3d2eebcccd909668d7ce7ea7267b6?s=96&d=mm&r=g","caption":"Benoit Charette"},"description":"Benoit Charette \/ Propri\u00e9taire et r\u00e9dacteur en chef Benoit Charette pratique le journalisme automobile depuis bient\u00f4t 30 ans. Il a fait ses classes au c\u00f4t\u00e9 de Daniel H\u00e9raud et au Carnet de route de 1992 \u00e0 2001. Il est fondateur, copropri\u00e9taire et r\u00e9dacteur en chef de L\u2019Annuel de l\u2019automobile, qu\u2019il publie depuis 2001. Il a anim\u00e9 les \u00e9missions RPM et RPM+ sur V et les L\u00e9gendes de la route sur Historia. \u00c0 la radio depuis 1986, il reprend l\u2019antenne cette ann\u00e9e sur les ondes de Cogeco et participe pour la deuxi\u00e8me ann\u00e9e \u00e0 l\u2019\u00e9mission Passion Auto sur RDS en plus de mettre en ligne le site Web officiel de L\u2019Annuel de l\u2019automobile sur annuelauto.ca.","sameAs":["https:\/\/annuelauto.ca\/"],"url":"https:\/\/news.canadamotorjobs.com\/fr\/author\/benoit-charette\/"}]}},"_links":{"self":[{"href":"https:\/\/news.canadamotorjobs.com\/fr\/wp-json\/wp\/v2\/posts\/178183"}],"collection":[{"href":"https:\/\/news.canadamotorjobs.com\/fr\/wp-json\/wp\/v2\/posts"}],"about":[{"href":"https:\/\/news.canadamotorjobs.com\/fr\/wp-json\/wp\/v2\/types\/post"}],"author":[{"embeddable":true,"href":"https:\/\/news.canadamotorjobs.com\/fr\/wp-json\/wp\/v2\/users\/8"}],"replies":[{"embeddable":true,"href":"https:\/\/news.canadamotorjobs.com\/fr\/wp-json\/wp\/v2\/comments?post=178183"}],"version-history":[{"count":3,"href":"https:\/\/news.canadamotorjobs.com\/fr\/wp-json\/wp\/v2\/posts\/178183\/revisions"}],"predecessor-version":[{"id":178250,"href":"https:\/\/news.canadamotorjobs.com\/fr\/wp-json\/wp\/v2\/posts\/178183\/revisions\/178250"}],"wp:featuredmedia":[{"embeddable":true,"href":"https:\/\/news.canadamotorjobs.com\/fr\/wp-json\/wp\/v2\/media\/178185"}],"wp:attachment":[{"href":"https:\/\/news.canadamotorjobs.com\/fr\/wp-json\/wp\/v2\/media?parent=178183"}],"wp:term":[{"taxonomy":"category","embeddable":true,"href":"https:\/\/news.canadamotorjobs.com\/fr\/wp-json\/wp\/v2\/categories?post=178183"},{"taxonomy":"post_tag","embeddable":true,"href":"https:\/\/news.canadamotorjobs.com\/fr\/wp-json\/wp\/v2\/tags?post=178183"}],"curies":[{"name":"wp","href":"https:\/\/api.w.org\/{rel}","templated":true}]}}