{"id":178091,"date":"2024-10-19T03:24:33","date_gmt":"2024-10-19T07:24:33","guid":{"rendered":"https:\/\/news.canadamotorjobs.com\/?p=178091"},"modified":"2024-10-19T03:29:00","modified_gmt":"2024-10-19T07:29:00","slug":"un-premier-rappel-pour-linfiniti-qx80-2025","status":"publish","type":"post","link":"https:\/\/news.canadamotorjobs.com\/fr\/un-premier-rappel-pour-linfiniti-qx80-2025\/","title":{"rendered":"Un premier rappel pour l\u2019Infiniti QX80 2025"},"content":{"rendered":"<\/p>\n<p>Infiniti vient \u00e0 peine de renouveler et lancer son VUS phare, le QX80, et ce dernier est rappel\u00e9 par la compagnie. Ce n\u2019est \u00e9videmment jamais souhaitable, mais tristement de nos jours, c\u2019est attendu avec tout nouveau mod\u00e8le tellement la technologie embarqu\u00e9e est nombreuse et plus complexe que jamais.<\/p>\n<p>Ainsi, sans surprise, le probl\u00e8me qui force le rappel du mod\u00e8le est reli\u00e9 \u00e0 la technologie, plus pr\u00e9cis\u00e9ment au syst\u00e8me de cam\u00e9ra de recul. La compagnie est m\u00eame all\u00e9e jusqu\u2019\u00e0 immobiliser les v\u00e9hicules au port, le temps de trouver une solution, nous apprend le site Carscoops.<\/p>\n<p>Le probl\u00e8me survient apr\u00e8s un d\u00e9marrage \u00e0 froid sur certains QX80, dit-on. Normalement, le passage en marche arri\u00e8re devrait faire en sorte que l\u2019image capt\u00e9e par la cam\u00e9ra de recul s\u2019affiche \u00e0 l\u2019\u00e9cran principal, mais plut\u00f4t, ce dernier fige. Apr\u00e8s quelques secondes, il devient noir. Puis, un message s\u2019affiche : \u00ab L\u2019assistance au stationnement n\u2019est pas disponible \u00bb.<\/p>\n<p><\/p>\n<figure><img decoding=\"async\" src=\"https:\/\/news.canadamotorjobs.com\/wp-content\/uploads\/2024\/10\/IMG_8975-5.jpg\" alt=\"Infiniti QX80 2025, image de cam\u00e9ra de recul\" \/><figcaption>Infiniti QX80 2025, image de cam\u00e9ra de recul | Auto123.com<\/figcaption><\/figure>\n<p>\u00c9videmment, les normes gouvernementales exigent que les v\u00e9hicules neufs soient tous \u00e9quip\u00e9s de cam\u00e9ras de reculs fonctionnelles en tout temps. Infiniti doit donc trouver une solution au probl\u00e8me. La compagnie affirme qu\u2019une simple mise \u00e0 jour logicielle du syst\u00e8me de moniteur \u00e0 vue p\u00e9riph\u00e9rique devrait faire l\u2019affaire. Le tout devrait prendre environ 30 minutes.<\/p>\n<p>Depuis le 20 septembre, Infiniti a mis en attente tous les QX80 de 2025 qui arrivaient aux \u00c9tats-Unis.<\/p>\n<p>Le probl\u00e8me a \u00e9t\u00e9 d\u00e9couvert en ao\u00fbt lors d\u2019une \u00e9valuation de routine. Il s\u2019est produit une fois seulement, mais deux jours plus tard, une plainte venant d\u2019un client faisait \u00e9tat d\u2019un probl\u00e8me similaire.<\/p>\n<p>\u00c0 la fin du mois de septembre, la compagnie a d\u00e9couvert un probl\u00e8me logiciel qui pourrait \u00eatre \u00e0 l\u2019origine du probl\u00e8me. Ledit logiciel est pr\u00e9sent dans 3320 exemplaires du QX80.<\/p>\n<p>Les propri\u00e9taires vont recevoir une lettre d\u2019Infiniti \u00e0 partir du 21 novembre 2024 avec la proc\u00e9dure \u00e0 suivre pour que la r\u00e9paration soit effectu\u00e9e.<\/p>\n<p><strong>Et le Rogue<\/strong><\/p>\n<p>Sur le site de Transports Canada, le probl\u00e8me est signal\u00e9, et il est mentionn\u00e9 que le Nissan Rogue des ann\u00e9es 2024 et 2025 est aussi vis\u00e9. En tout, 6957 v\u00e9hicules au Canada sont concern\u00e9s.<\/p>\n<p><\/p>\n<p style=\"padding-top: 15px\">Contenu original de <a href=\"https:\/\/www.auto123.com\/fr\/actualites\/rappel-infiniti-qx80-2025-cameras\/71960\/\">auto123<\/a>.<\/p>\n<p>Le texte <a rel=\"nofollow\" href=\"https:\/\/annuelauto.ca\/un-premier-rappel-pour-linfiniti-qx80-2025\/\">Un premier rappel pour l\u2019Infiniti QX80 2025<\/a> provient de <a rel=\"nofollow\" href=\"https:\/\/annuelauto.ca\">L&#8217;annuel de l&#8217;automobile &#8211; Actualit\u00e9 automobile<\/a><\/p>\n<p><\/p>\n","protected":false},"excerpt":{"rendered":"<p>Infiniti vient \u00e0 peine de renouveler et lancer son VUS phare, le QX80, et ce dernier est rappel\u00e9 par la compagnie. Ce n\u2019est \u00e9videmment jamais souhaitable, mais tristement de nos jours, c\u2019est attendu avec tout nouveau mod\u00e8le tellement la technologie embarqu\u00e9e est nombreuse et plus complexe que jamais. Ainsi, sans surprise, le probl\u00e8me qui force [&hellip;]<\/p>\n","protected":false},"author":8,"featured_media":178093,"comment_status":"close","ping_status":"closed","sticky":false,"template":"","format":"standard","meta":{"_monsterinsights_skip_tracking":false,"_monsterinsights_sitenote_active":false,"_monsterinsights_sitenote_note":"","_monsterinsights_sitenote_category":0,"footnotes":""},"categories":[101],"tags":[],"yoast_head":"<!-- This site is optimized with the Yoast SEO plugin v23.2 - https:\/\/yoast.com\/wordpress\/plugins\/seo\/ -->\n<title>Un premier rappel pour l\u2019Infiniti QX80 2025 - CanadaMotorJobs.com<\/title>\n<meta name=\"description\" content=\"Un premier rappel pour l\u2019Infiniti QX80 2025 - Benoit Charette - Annuel automobile - CanadaMotorJobs.com.\" \/>\n<meta name=\"robots\" content=\"index, follow, max-snippet:-1, max-image-preview:large, max-video-preview:-1\" \/>\n<meta property=\"og:locale\" content=\"fr_CA\" \/>\n<meta property=\"og:type\" content=\"article\" \/>\n<meta property=\"og:title\" content=\"Un premier rappel pour l\u2019Infiniti QX80 2025 - CanadaMotorJobs.com\" \/>\n<meta property=\"og:description\" content=\"Un premier rappel pour l\u2019Infiniti QX80 2025 - Benoit Charette - Annuel automobile - CanadaMotorJobs.com.\" \/>\n<meta property=\"og:url\" content=\"https:\/\/news.canadamotorjobs.com\/fr\/un-premier-rappel-pour-linfiniti-qx80-2025\/\" \/>\n<meta property=\"og:site_name\" content=\"CanadaMotorJobs.com\" \/>\n<meta property=\"article:publisher\" content=\"https:\/\/www.facebook.com\/canadamotorjobs\/\" \/>\n<meta property=\"article:published_time\" content=\"2024-10-19T07:24:33+00:00\" \/>\n<meta property=\"article:modified_time\" content=\"2024-10-19T07:29:00+00:00\" \/>\n<meta property=\"og:image\" content=\"https:\/\/news.canadamotorjobs.com\/wp-content\/uploads\/2024\/10\/IMG_8975.jpg\" \/>\n\t<meta property=\"og:image:width\" content=\"1200\" \/>\n\t<meta property=\"og:image:height\" content=\"800\" \/>\n\t<meta property=\"og:image:type\" content=\"image\/jpeg\" \/>\n<meta name=\"author\" content=\"Benoit Charette\" \/>\n<meta name=\"twitter:card\" content=\"summary_large_image\" \/>\n<meta name=\"twitter:creator\" content=\"@canadamotorjobs\" \/>\n<meta name=\"twitter:site\" content=\"@canadamotorjobs\" \/>\n<meta name=\"twitter:label1\" content=\"\u00c9crit par\" \/>\n\t<meta name=\"twitter:data1\" content=\"Benoit Charette\" \/>\n\t<meta name=\"twitter:label2\" content=\"Estimation du temps de lecture\" \/>\n\t<meta name=\"twitter:data2\" content=\"2 minutes\" \/>\n<!-- \/ Yoast SEO plugin. -->","yoast_head_json":{"title":"Un premier rappel pour l\u2019Infiniti QX80 2025 - CanadaMotorJobs.com","description":"Un premier rappel pour l\u2019Infiniti QX80 2025 - Benoit Charette - Annuel automobile - CanadaMotorJobs.com.","robots":{"index":"index","follow":"follow","max-snippet":"max-snippet:-1","max-image-preview":"max-image-preview:large","max-video-preview":"max-video-preview:-1"},"og_locale":"fr_CA","og_type":"article","og_title":"Un premier rappel pour l\u2019Infiniti QX80 2025 - CanadaMotorJobs.com","og_description":"Un premier rappel pour l\u2019Infiniti QX80 2025 - Benoit Charette - Annuel automobile - CanadaMotorJobs.com.","og_url":"https:\/\/news.canadamotorjobs.com\/fr\/un-premier-rappel-pour-linfiniti-qx80-2025\/","og_site_name":"CanadaMotorJobs.com","article_publisher":"https:\/\/www.facebook.com\/canadamotorjobs\/","article_published_time":"2024-10-19T07:24:33+00:00","article_modified_time":"2024-10-19T07:29:00+00:00","og_image":[{"width":1200,"height":800,"url":"https:\/\/news.canadamotorjobs.com\/wp-content\/uploads\/2024\/10\/IMG_8975.jpg","type":"image\/jpeg"}],"author":"Benoit Charette","twitter_card":"summary_large_image","twitter_creator":"@canadamotorjobs","twitter_site":"@canadamotorjobs","twitter_misc":{"\u00c9crit par":"Benoit Charette","Estimation du temps de lecture":"2 minutes"},"schema":{"@context":"https:\/\/schema.org","@graph":[{"@type":"Article","@id":"https:\/\/news.canadamotorjobs.com\/fr\/un-premier-rappel-pour-linfiniti-qx80-2025\/#article","isPartOf":{"@id":"https:\/\/news.canadamotorjobs.com\/fr\/un-premier-rappel-pour-linfiniti-qx80-2025\/"},"author":{"name":"Benoit Charette","@id":"https:\/\/news.canadamotorjobs.com\/#\/schema\/person\/51793d1f87d44011d7bcc2ed99269a90"},"headline":"Un premier rappel pour l\u2019Infiniti QX80 2025","datePublished":"2024-10-19T07:24:33+00:00","dateModified":"2024-10-19T07:29:00+00:00","mainEntityOfPage":{"@id":"https:\/\/news.canadamotorjobs.com\/fr\/un-premier-rappel-pour-linfiniti-qx80-2025\/"},"wordCount":424,"publisher":{"@id":"https:\/\/news.canadamotorjobs.com\/#organization"},"image":{"@id":"https:\/\/news.canadamotorjobs.com\/fr\/un-premier-rappel-pour-linfiniti-qx80-2025\/#primaryimage"},"thumbnailUrl":"https:\/\/news.canadamotorjobs.com\/wp-content\/uploads\/2024\/10\/IMG_8975.jpg","articleSection":["Annuel automobile"],"inLanguage":"fr-CA"},{"@type":"WebPage","@id":"https:\/\/news.canadamotorjobs.com\/fr\/un-premier-rappel-pour-linfiniti-qx80-2025\/","url":"https:\/\/news.canadamotorjobs.com\/fr\/un-premier-rappel-pour-linfiniti-qx80-2025\/","name":"Un premier rappel pour l\u2019Infiniti QX80 2025 - CanadaMotorJobs.com","isPartOf":{"@id":"https:\/\/news.canadamotorjobs.com\/#website"},"primaryImageOfPage":{"@id":"https:\/\/news.canadamotorjobs.com\/fr\/un-premier-rappel-pour-linfiniti-qx80-2025\/#primaryimage"},"image":{"@id":"https:\/\/news.canadamotorjobs.com\/fr\/un-premier-rappel-pour-linfiniti-qx80-2025\/#primaryimage"},"thumbnailUrl":"https:\/\/news.canadamotorjobs.com\/wp-content\/uploads\/2024\/10\/IMG_8975.jpg","datePublished":"2024-10-19T07:24:33+00:00","dateModified":"2024-10-19T07:29:00+00:00","description":"Un premier rappel pour l\u2019Infiniti QX80 2025 - Benoit Charette - Annuel automobile - CanadaMotorJobs.com.","breadcrumb":{"@id":"https:\/\/news.canadamotorjobs.com\/fr\/un-premier-rappel-pour-linfiniti-qx80-2025\/#breadcrumb"},"inLanguage":"fr-CA","potentialAction":[{"@type":"ReadAction","target":["https:\/\/news.canadamotorjobs.com\/fr\/un-premier-rappel-pour-linfiniti-qx80-2025\/"]}]},{"@type":"ImageObject","inLanguage":"fr-CA","@id":"https:\/\/news.canadamotorjobs.com\/fr\/un-premier-rappel-pour-linfiniti-qx80-2025\/#primaryimage","url":"https:\/\/news.canadamotorjobs.com\/wp-content\/uploads\/2024\/10\/IMG_8975.jpg","contentUrl":"https:\/\/news.canadamotorjobs.com\/wp-content\/uploads\/2024\/10\/IMG_8975.jpg","width":1200,"height":800},{"@type":"BreadcrumbList","@id":"https:\/\/news.canadamotorjobs.com\/fr\/un-premier-rappel-pour-linfiniti-qx80-2025\/#breadcrumb","itemListElement":[{"@type":"ListItem","position":1,"name":"Home","item":"https:\/\/news.canadamotorjobs.com\/fr\/blog\/"},{"@type":"ListItem","position":2,"name":"Un premier rappel pour l\u2019Infiniti QX80 2025"}]},{"@type":"WebSite","@id":"https:\/\/news.canadamotorjobs.com\/#website","url":"https:\/\/news.canadamotorjobs.com\/","name":"CanadaMotorJobs.com","description":"Automotive Jobs","publisher":{"@id":"https:\/\/news.canadamotorjobs.com\/#organization"},"potentialAction":[{"@type":"SearchAction","target":{"@type":"EntryPoint","urlTemplate":"https:\/\/news.canadamotorjobs.com\/?s={search_term_string}"},"query-input":"required name=search_term_string"}],"inLanguage":"fr-CA"},{"@type":"Organization","@id":"https:\/\/news.canadamotorjobs.com\/#organization","name":"Canada Motor Jobs","url":"https:\/\/news.canadamotorjobs.com\/","logo":{"@type":"ImageObject","inLanguage":"fr-CA","@id":"https:\/\/news.canadamotorjobs.com\/#\/schema\/logo\/image\/","url":"https:\/\/news.canadamotorjobs.com\/wp-content\/uploads\/2022\/10\/logo-canada-motor-jobs-1.png","contentUrl":"https:\/\/news.canadamotorjobs.com\/wp-content\/uploads\/2022\/10\/logo-canada-motor-jobs-1.png","width":800,"height":400,"caption":"Canada Motor Jobs"},"image":{"@id":"https:\/\/news.canadamotorjobs.com\/#\/schema\/logo\/image\/"},"sameAs":["https:\/\/www.facebook.com\/canadamotorjobs\/","https:\/\/x.com\/canadamotorjobs","https:\/\/www.instagram.com\/canadamotorjobs\/","https:\/\/www.linkedin.com\/company\/canadamotorjobs"]},{"@type":"Person","@id":"https:\/\/news.canadamotorjobs.com\/#\/schema\/person\/51793d1f87d44011d7bcc2ed99269a90","name":"Benoit Charette","image":{"@type":"ImageObject","inLanguage":"fr-CA","@id":"https:\/\/news.canadamotorjobs.com\/#\/schema\/person\/image\/","url":"https:\/\/secure.gravatar.com\/avatar\/45f3d2eebcccd909668d7ce7ea7267b6?s=96&d=mm&r=g","contentUrl":"https:\/\/secure.gravatar.com\/avatar\/45f3d2eebcccd909668d7ce7ea7267b6?s=96&d=mm&r=g","caption":"Benoit Charette"},"description":"Benoit Charette \/ Propri\u00e9taire et r\u00e9dacteur en chef Benoit Charette pratique le journalisme automobile depuis bient\u00f4t 30 ans. Il a fait ses classes au c\u00f4t\u00e9 de Daniel H\u00e9raud et au Carnet de route de 1992 \u00e0 2001. Il est fondateur, copropri\u00e9taire et r\u00e9dacteur en chef de L\u2019Annuel de l\u2019automobile, qu\u2019il publie depuis 2001. Il a anim\u00e9 les \u00e9missions RPM et RPM+ sur V et les L\u00e9gendes de la route sur Historia. \u00c0 la radio depuis 1986, il reprend l\u2019antenne cette ann\u00e9e sur les ondes de Cogeco et participe pour la deuxi\u00e8me ann\u00e9e \u00e0 l\u2019\u00e9mission Passion Auto sur RDS en plus de mettre en ligne le site Web officiel de L\u2019Annuel de l\u2019automobile sur annuelauto.ca.","sameAs":["https:\/\/annuelauto.ca\/"],"url":"https:\/\/news.canadamotorjobs.com\/fr\/author\/benoit-charette\/"}]}},"_links":{"self":[{"href":"https:\/\/news.canadamotorjobs.com\/fr\/wp-json\/wp\/v2\/posts\/178091"}],"collection":[{"href":"https:\/\/news.canadamotorjobs.com\/fr\/wp-json\/wp\/v2\/posts"}],"about":[{"href":"https:\/\/news.canadamotorjobs.com\/fr\/wp-json\/wp\/v2\/types\/post"}],"author":[{"embeddable":true,"href":"https:\/\/news.canadamotorjobs.com\/fr\/wp-json\/wp\/v2\/users\/8"}],"replies":[{"embeddable":true,"href":"https:\/\/news.canadamotorjobs.com\/fr\/wp-json\/wp\/v2\/comments?post=178091"}],"version-history":[{"count":3,"href":"https:\/\/news.canadamotorjobs.com\/fr\/wp-json\/wp\/v2\/posts\/178091\/revisions"}],"predecessor-version":[{"id":178118,"href":"https:\/\/news.canadamotorjobs.com\/fr\/wp-json\/wp\/v2\/posts\/178091\/revisions\/178118"}],"wp:featuredmedia":[{"embeddable":true,"href":"https:\/\/news.canadamotorjobs.com\/fr\/wp-json\/wp\/v2\/media\/178093"}],"wp:attachment":[{"href":"https:\/\/news.canadamotorjobs.com\/fr\/wp-json\/wp\/v2\/media?parent=178091"}],"wp:term":[{"taxonomy":"category","embeddable":true,"href":"https:\/\/news.canadamotorjobs.com\/fr\/wp-json\/wp\/v2\/categories?post=178091"},{"taxonomy":"post_tag","embeddable":true,"href":"https:\/\/news.canadamotorjobs.com\/fr\/wp-json\/wp\/v2\/tags?post=178091"}],"curies":[{"name":"wp","href":"https:\/\/api.w.org\/{rel}","templated":true}]}}