{"id":178031,"date":"2024-10-18T15:24:27","date_gmt":"2024-10-18T19:24:27","guid":{"rendered":"https:\/\/news.canadamotorjobs.com\/?p=178031"},"modified":"2024-10-18T15:29:36","modified_gmt":"2024-10-18T19:29:36","slug":"honda-rappelle-720-000-vehicules-pour-un-probleme-de-pompe-a-essence","status":"publish","type":"post","link":"https:\/\/news.canadamotorjobs.com\/fr\/honda-rappelle-720-000-vehicules-pour-un-probleme-de-pompe-a-essence\/","title":{"rendered":"Honda rappelle 720\u2009000 v\u00e9hicules pour un probl\u00e8me de pompe \u00e0 essence"},"content":{"rendered":"<\/p>\n<p>Honda doit proc\u00e9der au rappel de quelque 720 000 v\u00e9hicules, cette fois pour des pompes \u00e0 essence \u00e0 haute pression d\u00e9fectueuses. Cette campagne s\u2019ajoute \u00e0 celle lanc\u00e9e la semaine derni\u00e8re et qui touchait 1,7 million de v\u00e9hicules. Ainsi, ce sont 2,5 millions de v\u00e9hicules Honda qui devront passer par les ateliers de la marque pour r\u00e9gler des p\u00e9pins.<\/p>\n<p>Selon Honda, plus de 700 000 v\u00e9hicules construits aux \u00c9tats-Unis pour les ann\u00e9es mod\u00e8les 2023, 2024 et 2025 pourraient \u00eatre \u00e9quip\u00e9s de pompes \u00e0 essence d\u00e9fectueuses. \u00c9videmment, ces derni\u00e8res doivent \u00eatre remplac\u00e9es. Le probl\u00e8me, c\u2019est que les pompes \u00e0 haute pression peuvent se fissurer de l\u2019int\u00e9rieur et entra\u00eener des fuites de carburant.<\/p>\n<p>Bien entendu, toute fuite de carburant repr\u00e9sente un s\u00e9rieux risque d\u2019incendie.<\/p>\n<p><\/p>\n<figure><img decoding=\"async\" src=\"https:\/\/news.canadamotorjobs.com\/wp-content\/uploads\/2024\/10\/2023_Honda_CR-V_5-5.jpg\" alt=\"Honda CR-V 2023\" \/><figcaption>Honda CR-V 2023 | Auto123.com<\/figcaption><\/figure>\n<p>Les mod\u00e8les vis\u00e9s par le rappel sont les suivants :<\/p>\n<ul><\/p>\n<li>&#8211; Accord 2023-2024 (essence et hybride)<\/li>\n<p><\/p>\n<li>&#8211; Civic 2025 (berline, \u00e0 essence et hybride)<\/li>\n<p><\/p>\n<li>&#8211; CR-V 2023 \u00e0 2025<\/li>\n<p>\n<\/ul>\n<p>La bonne nouvelle, c\u2019est que la compagnie mentionne n\u2019avoir re\u00e7u aucun rapport d\u2019accident ou de blessure li\u00e9s au probl\u00e8me. Les propri\u00e9taires concern\u00e9s par le rappel devront se rendre \u00e0 l\u2019atelier de leur concessionnaire Honda pour que leur v\u00e9hicule soit inspect\u00e9 et r\u00e9par\u00e9, le tout gratuitement, il va sans dire.<\/p>\n<p>Les propri\u00e9taires concern\u00e9s vont recevoir une lettre de Honda \u00e0 compter du mois de d\u00e9cembre.<\/p>\n<p><\/p>\n<figure><img decoding=\"async\" src=\"https:\/\/news.canadamotorjobs.com\/wp-content\/uploads\/2024\/10\/04_2025_Honda_Civic_Sedan_Sport_Touring_Hybrid-1.jpg\" alt=\"Honda Civic hybride 2025\" \/><figcaption>Honda Civic hybride 2025 | Auto123.com<\/figcaption><\/figure>\n<p style=\"padding-top: 15px\">Contenu original de <a href=\"https:\/\/www.auto123.com\/fr\/actualites\/Honda-rappel-accord-civic-crv-pompe-essence\/71957\/\">auto123<\/a>.<\/p>\n<p>Le texte <a rel=\"nofollow\" href=\"https:\/\/annuelauto.ca\/honda-rappelle-720%e2%80%89000-vehicules-pour-un-probleme-de-pompe-a-essence\/\">Honda rappelle 720\u2009000 v\u00e9hicules pour un probl\u00e8me de pompe \u00e0 essence<\/a> provient de <a rel=\"nofollow\" href=\"https:\/\/annuelauto.ca\">L&#8217;annuel de l&#8217;automobile &#8211; Actualit\u00e9 automobile<\/a><\/p>\n<p><\/p>\n","protected":false},"excerpt":{"rendered":"<p>Honda doit proc\u00e9der au rappel de quelque 720 000 v\u00e9hicules, cette fois pour des pompes \u00e0 essence \u00e0 haute pression d\u00e9fectueuses. Cette campagne s\u2019ajoute \u00e0 celle lanc\u00e9e la semaine derni\u00e8re et qui touchait 1,7 million de v\u00e9hicules. Ainsi, ce sont 2,5 millions de v\u00e9hicules Honda qui devront passer par les ateliers de la marque pour [&hellip;]<\/p>\n","protected":false},"author":8,"featured_media":178033,"comment_status":"close","ping_status":"closed","sticky":false,"template":"","format":"standard","meta":{"_monsterinsights_skip_tracking":false,"_monsterinsights_sitenote_active":false,"_monsterinsights_sitenote_note":"","_monsterinsights_sitenote_category":0,"footnotes":""},"categories":[101],"tags":[],"yoast_head":"<!-- This site is optimized with the Yoast SEO plugin v23.2 - https:\/\/yoast.com\/wordpress\/plugins\/seo\/ -->\n<title>Honda rappelle 720\u2009000 v\u00e9hicules pour un probl\u00e8me de pompe \u00e0 essence - CanadaMotorJobs.com<\/title>\n<meta name=\"description\" content=\"Honda rappelle 720\u2009000 v\u00e9hicules pour un probl\u00e8me de pompe \u00e0 essence - Benoit Charette - Annuel automobile - CanadaMotorJobs.com.\" \/>\n<meta name=\"robots\" content=\"index, follow, max-snippet:-1, max-image-preview:large, max-video-preview:-1\" \/>\n<meta property=\"og:locale\" content=\"fr_CA\" \/>\n<meta property=\"og:type\" content=\"article\" \/>\n<meta property=\"og:title\" content=\"Honda rappelle 720\u2009000 v\u00e9hicules pour un probl\u00e8me de pompe \u00e0 essence - CanadaMotorJobs.com\" \/>\n<meta property=\"og:description\" content=\"Honda rappelle 720\u2009000 v\u00e9hicules pour un probl\u00e8me de pompe \u00e0 essence - Benoit Charette - Annuel automobile - CanadaMotorJobs.com.\" \/>\n<meta property=\"og:url\" content=\"https:\/\/news.canadamotorjobs.com\/fr\/honda-rappelle-720-000-vehicules-pour-un-probleme-de-pompe-a-essence\/\" \/>\n<meta property=\"og:site_name\" content=\"CanadaMotorJobs.com\" \/>\n<meta property=\"article:publisher\" content=\"https:\/\/www.facebook.com\/canadamotorjobs\/\" \/>\n<meta property=\"article:published_time\" content=\"2024-10-18T19:24:27+00:00\" \/>\n<meta property=\"article:modified_time\" content=\"2024-10-18T19:29:36+00:00\" \/>\n<meta property=\"og:image\" content=\"https:\/\/news.canadamotorjobs.com\/wp-content\/uploads\/2024\/10\/2023_Honda_CR-V_5.jpg\" \/>\n\t<meta property=\"og:image:width\" content=\"1200\" \/>\n\t<meta property=\"og:image:height\" content=\"621\" \/>\n\t<meta property=\"og:image:type\" content=\"image\/jpeg\" \/>\n<meta name=\"author\" content=\"Benoit Charette\" \/>\n<meta name=\"twitter:card\" content=\"summary_large_image\" \/>\n<meta name=\"twitter:creator\" content=\"@canadamotorjobs\" \/>\n<meta name=\"twitter:site\" content=\"@canadamotorjobs\" \/>\n<meta name=\"twitter:label1\" content=\"\u00c9crit par\" \/>\n\t<meta name=\"twitter:data1\" content=\"Benoit Charette\" \/>\n\t<meta name=\"twitter:label2\" content=\"Estimation du temps de lecture\" \/>\n\t<meta name=\"twitter:data2\" content=\"1 minute\" \/>\n<!-- \/ Yoast SEO plugin. -->","yoast_head_json":{"title":"Honda rappelle 720\u2009000 v\u00e9hicules pour un probl\u00e8me de pompe \u00e0 essence - CanadaMotorJobs.com","description":"Honda rappelle 720\u2009000 v\u00e9hicules pour un probl\u00e8me de pompe \u00e0 essence - Benoit Charette - Annuel automobile - CanadaMotorJobs.com.","robots":{"index":"index","follow":"follow","max-snippet":"max-snippet:-1","max-image-preview":"max-image-preview:large","max-video-preview":"max-video-preview:-1"},"og_locale":"fr_CA","og_type":"article","og_title":"Honda rappelle 720\u2009000 v\u00e9hicules pour un probl\u00e8me de pompe \u00e0 essence - CanadaMotorJobs.com","og_description":"Honda rappelle 720\u2009000 v\u00e9hicules pour un probl\u00e8me de pompe \u00e0 essence - Benoit Charette - Annuel automobile - CanadaMotorJobs.com.","og_url":"https:\/\/news.canadamotorjobs.com\/fr\/honda-rappelle-720-000-vehicules-pour-un-probleme-de-pompe-a-essence\/","og_site_name":"CanadaMotorJobs.com","article_publisher":"https:\/\/www.facebook.com\/canadamotorjobs\/","article_published_time":"2024-10-18T19:24:27+00:00","article_modified_time":"2024-10-18T19:29:36+00:00","og_image":[{"width":1200,"height":621,"url":"https:\/\/news.canadamotorjobs.com\/wp-content\/uploads\/2024\/10\/2023_Honda_CR-V_5.jpg","type":"image\/jpeg"}],"author":"Benoit Charette","twitter_card":"summary_large_image","twitter_creator":"@canadamotorjobs","twitter_site":"@canadamotorjobs","twitter_misc":{"\u00c9crit par":"Benoit Charette","Estimation du temps de lecture":"1 minute"},"schema":{"@context":"https:\/\/schema.org","@graph":[{"@type":"Article","@id":"https:\/\/news.canadamotorjobs.com\/fr\/honda-rappelle-720-000-vehicules-pour-un-probleme-de-pompe-a-essence\/#article","isPartOf":{"@id":"https:\/\/news.canadamotorjobs.com\/fr\/honda-rappelle-720-000-vehicules-pour-un-probleme-de-pompe-a-essence\/"},"author":{"name":"Benoit Charette","@id":"https:\/\/news.canadamotorjobs.com\/#\/schema\/person\/51793d1f87d44011d7bcc2ed99269a90"},"headline":"Honda rappelle 720\u2009000 v\u00e9hicules pour un probl\u00e8me de pompe \u00e0 essence","datePublished":"2024-10-18T19:24:27+00:00","dateModified":"2024-10-18T19:29:36+00:00","mainEntityOfPage":{"@id":"https:\/\/news.canadamotorjobs.com\/fr\/honda-rappelle-720-000-vehicules-pour-un-probleme-de-pompe-a-essence\/"},"wordCount":280,"publisher":{"@id":"https:\/\/news.canadamotorjobs.com\/#organization"},"image":{"@id":"https:\/\/news.canadamotorjobs.com\/fr\/honda-rappelle-720-000-vehicules-pour-un-probleme-de-pompe-a-essence\/#primaryimage"},"thumbnailUrl":"https:\/\/news.canadamotorjobs.com\/wp-content\/uploads\/2024\/10\/2023_Honda_CR-V_5.jpg","articleSection":["Annuel automobile"],"inLanguage":"fr-CA"},{"@type":"WebPage","@id":"https:\/\/news.canadamotorjobs.com\/fr\/honda-rappelle-720-000-vehicules-pour-un-probleme-de-pompe-a-essence\/","url":"https:\/\/news.canadamotorjobs.com\/fr\/honda-rappelle-720-000-vehicules-pour-un-probleme-de-pompe-a-essence\/","name":"Honda rappelle 720\u2009000 v\u00e9hicules pour un probl\u00e8me de pompe \u00e0 essence - CanadaMotorJobs.com","isPartOf":{"@id":"https:\/\/news.canadamotorjobs.com\/#website"},"primaryImageOfPage":{"@id":"https:\/\/news.canadamotorjobs.com\/fr\/honda-rappelle-720-000-vehicules-pour-un-probleme-de-pompe-a-essence\/#primaryimage"},"image":{"@id":"https:\/\/news.canadamotorjobs.com\/fr\/honda-rappelle-720-000-vehicules-pour-un-probleme-de-pompe-a-essence\/#primaryimage"},"thumbnailUrl":"https:\/\/news.canadamotorjobs.com\/wp-content\/uploads\/2024\/10\/2023_Honda_CR-V_5.jpg","datePublished":"2024-10-18T19:24:27+00:00","dateModified":"2024-10-18T19:29:36+00:00","description":"Honda rappelle 720\u2009000 v\u00e9hicules pour un probl\u00e8me de pompe \u00e0 essence - Benoit Charette - Annuel automobile - CanadaMotorJobs.com.","breadcrumb":{"@id":"https:\/\/news.canadamotorjobs.com\/fr\/honda-rappelle-720-000-vehicules-pour-un-probleme-de-pompe-a-essence\/#breadcrumb"},"inLanguage":"fr-CA","potentialAction":[{"@type":"ReadAction","target":["https:\/\/news.canadamotorjobs.com\/fr\/honda-rappelle-720-000-vehicules-pour-un-probleme-de-pompe-a-essence\/"]}]},{"@type":"ImageObject","inLanguage":"fr-CA","@id":"https:\/\/news.canadamotorjobs.com\/fr\/honda-rappelle-720-000-vehicules-pour-un-probleme-de-pompe-a-essence\/#primaryimage","url":"https:\/\/news.canadamotorjobs.com\/wp-content\/uploads\/2024\/10\/2023_Honda_CR-V_5.jpg","contentUrl":"https:\/\/news.canadamotorjobs.com\/wp-content\/uploads\/2024\/10\/2023_Honda_CR-V_5.jpg","width":1200,"height":621},{"@type":"BreadcrumbList","@id":"https:\/\/news.canadamotorjobs.com\/fr\/honda-rappelle-720-000-vehicules-pour-un-probleme-de-pompe-a-essence\/#breadcrumb","itemListElement":[{"@type":"ListItem","position":1,"name":"Home","item":"https:\/\/news.canadamotorjobs.com\/fr\/blog\/"},{"@type":"ListItem","position":2,"name":"Honda rappelle 720\u2009000 v\u00e9hicules pour un probl\u00e8me de pompe \u00e0 essence"}]},{"@type":"WebSite","@id":"https:\/\/news.canadamotorjobs.com\/#website","url":"https:\/\/news.canadamotorjobs.com\/","name":"CanadaMotorJobs.com","description":"Automotive Jobs","publisher":{"@id":"https:\/\/news.canadamotorjobs.com\/#organization"},"potentialAction":[{"@type":"SearchAction","target":{"@type":"EntryPoint","urlTemplate":"https:\/\/news.canadamotorjobs.com\/?s={search_term_string}"},"query-input":"required name=search_term_string"}],"inLanguage":"fr-CA"},{"@type":"Organization","@id":"https:\/\/news.canadamotorjobs.com\/#organization","name":"Canada Motor Jobs","url":"https:\/\/news.canadamotorjobs.com\/","logo":{"@type":"ImageObject","inLanguage":"fr-CA","@id":"https:\/\/news.canadamotorjobs.com\/#\/schema\/logo\/image\/","url":"https:\/\/news.canadamotorjobs.com\/wp-content\/uploads\/2022\/10\/logo-canada-motor-jobs-1.png","contentUrl":"https:\/\/news.canadamotorjobs.com\/wp-content\/uploads\/2022\/10\/logo-canada-motor-jobs-1.png","width":800,"height":400,"caption":"Canada Motor Jobs"},"image":{"@id":"https:\/\/news.canadamotorjobs.com\/#\/schema\/logo\/image\/"},"sameAs":["https:\/\/www.facebook.com\/canadamotorjobs\/","https:\/\/x.com\/canadamotorjobs","https:\/\/www.instagram.com\/canadamotorjobs\/","https:\/\/www.linkedin.com\/company\/canadamotorjobs"]},{"@type":"Person","@id":"https:\/\/news.canadamotorjobs.com\/#\/schema\/person\/51793d1f87d44011d7bcc2ed99269a90","name":"Benoit Charette","image":{"@type":"ImageObject","inLanguage":"fr-CA","@id":"https:\/\/news.canadamotorjobs.com\/#\/schema\/person\/image\/","url":"https:\/\/secure.gravatar.com\/avatar\/45f3d2eebcccd909668d7ce7ea7267b6?s=96&d=mm&r=g","contentUrl":"https:\/\/secure.gravatar.com\/avatar\/45f3d2eebcccd909668d7ce7ea7267b6?s=96&d=mm&r=g","caption":"Benoit Charette"},"description":"Benoit Charette \/ Propri\u00e9taire et r\u00e9dacteur en chef Benoit Charette pratique le journalisme automobile depuis bient\u00f4t 30 ans. Il a fait ses classes au c\u00f4t\u00e9 de Daniel H\u00e9raud et au Carnet de route de 1992 \u00e0 2001. Il est fondateur, copropri\u00e9taire et r\u00e9dacteur en chef de L\u2019Annuel de l\u2019automobile, qu\u2019il publie depuis 2001. Il a anim\u00e9 les \u00e9missions RPM et RPM+ sur V et les L\u00e9gendes de la route sur Historia. \u00c0 la radio depuis 1986, il reprend l\u2019antenne cette ann\u00e9e sur les ondes de Cogeco et participe pour la deuxi\u00e8me ann\u00e9e \u00e0 l\u2019\u00e9mission Passion Auto sur RDS en plus de mettre en ligne le site Web officiel de L\u2019Annuel de l\u2019automobile sur annuelauto.ca.","sameAs":["https:\/\/annuelauto.ca\/"],"url":"https:\/\/news.canadamotorjobs.com\/fr\/author\/benoit-charette\/"}]}},"_links":{"self":[{"href":"https:\/\/news.canadamotorjobs.com\/fr\/wp-json\/wp\/v2\/posts\/178031"}],"collection":[{"href":"https:\/\/news.canadamotorjobs.com\/fr\/wp-json\/wp\/v2\/posts"}],"about":[{"href":"https:\/\/news.canadamotorjobs.com\/fr\/wp-json\/wp\/v2\/types\/post"}],"author":[{"embeddable":true,"href":"https:\/\/news.canadamotorjobs.com\/fr\/wp-json\/wp\/v2\/users\/8"}],"replies":[{"embeddable":true,"href":"https:\/\/news.canadamotorjobs.com\/fr\/wp-json\/wp\/v2\/comments?post=178031"}],"version-history":[{"count":3,"href":"https:\/\/news.canadamotorjobs.com\/fr\/wp-json\/wp\/v2\/posts\/178031\/revisions"}],"predecessor-version":[{"id":178062,"href":"https:\/\/news.canadamotorjobs.com\/fr\/wp-json\/wp\/v2\/posts\/178031\/revisions\/178062"}],"wp:featuredmedia":[{"embeddable":true,"href":"https:\/\/news.canadamotorjobs.com\/fr\/wp-json\/wp\/v2\/media\/178033"}],"wp:attachment":[{"href":"https:\/\/news.canadamotorjobs.com\/fr\/wp-json\/wp\/v2\/media?parent=178031"}],"wp:term":[{"taxonomy":"category","embeddable":true,"href":"https:\/\/news.canadamotorjobs.com\/fr\/wp-json\/wp\/v2\/categories?post=178031"},{"taxonomy":"post_tag","embeddable":true,"href":"https:\/\/news.canadamotorjobs.com\/fr\/wp-json\/wp\/v2\/tags?post=178031"}],"curies":[{"name":"wp","href":"https:\/\/api.w.org\/{rel}","templated":true}]}}