{"id":177999,"date":"2024-10-18T15:24:29","date_gmt":"2024-10-18T19:24:29","guid":{"rendered":"https:\/\/news.canadamotorjobs.com\/?p=177999"},"modified":"2024-10-18T15:29:25","modified_gmt":"2024-10-18T19:29:25","slug":"bmw-souhaite-que-lunion-europeenne-annule-linterdiction-des-vehicules-a-essence","status":"publish","type":"post","link":"https:\/\/news.canadamotorjobs.com\/fr\/bmw-souhaite-que-lunion-europeenne-annule-linterdiction-des-vehicules-a-essence\/","title":{"rendered":"BMW souhaite que l\u2019Union europ\u00e9enne annule l\u2019interdiction des v\u00e9hicules \u00e0 essence"},"content":{"rendered":"<\/p>\n<p>Le chef de la direction de BMW, Oliver Zipse, souhaite que l\u2019Union europ\u00e9enne revienne sur sa d\u00e9cision d\u2019interdire la vente de v\u00e9hicules neufs \u00e0 essence.<\/p>\n<p><strong>Le contexte<\/strong><\/p>\n<p>Au tournant de l\u2019ann\u00e9e 2023, l\u2019Union europ\u00e9enne votait de strictes r\u00e9glementations en mati\u00e8re d\u2019\u00e9missions, dont l\u2019interdiction de la vente de nouveaux v\u00e9hicules \u00e9quip\u00e9s de moteurs \u00e0 combustion.<\/p>\n<p>Il faut se rappeler qu\u2019\u00e0 ce moment, le d\u00e9veloppement de mod\u00e8les \u00e9lectriques battait son plein, et les acheteurs se ruaient pour se procurer les nouveaux mod\u00e8les offerts sur le march\u00e9. Toutes les indications montraient une demande en pleine croissance.<\/p>\n<p>Les choses ont bien chang\u00e9 depuis. Il appert que ceux qui avaient \u00e0 faire la transition l\u2019ont fait, et que les autres consommateurs sont moins pr\u00eats \u00e0 faire le saut. Certains le font tranquillement, mais le tout ne se d\u00e9roule pas au rythme anticip\u00e9. Et pour certains, c\u2019est une question de prix, alors que les prix de plusieurs mod\u00e8les \u00e9lectriques demeurent \u00e9lev\u00e9s.<\/p>\n<p><strong>Les constructeurs inquiets<\/strong><\/p>\n<p>Depuis 18 mois, plusieurs constructeurs se montrent inquiets. Des sommes astronomiques ont \u00e9t\u00e9 investies pour la transition. Cette derni\u00e8re va se faire ; ce n\u2019est pas ce qui est remis en cause. Plut\u00f4t, c\u2019est la vitesse \u00e0 laquelle le changement doit s\u2019op\u00e9rer qui est sur toutes les l\u00e8vres.<\/p>\n<p><\/p>\n<figure><img decoding=\"async\" src=\"https:\/\/news.canadamotorjobs.com\/wp-content\/uploads\/2024\/10\/2023-bmw-ix-m60_14-7.jpg\" alt=\"Le BMW iX 2024\" \/><figcaption>Le BMW iX 2024 | Auto123.com<\/figcaption><\/figure>\n<p>Chez BMW, une voix s\u2019\u00e9l\u00e8ve. Le chef de la direction de la compagnie, Oliver Zipse, a d\u00e9clar\u00e9 au Salon de l\u2019auto de Paris qu\u2019il \u00e9tait inquiet de la suite des choses pour la viabilit\u00e9 des constructeurs si l\u2019interdiction des moteurs \u00e0 essence \u00e9tait maintenue.<\/p>\n<p>Comme le rapporte le site Motor 1, il a soulign\u00e9 la position de la Chine en tant que fournisseur majeur de batteries, ce qui n\u00e9cessite une coop\u00e9ration consid\u00e9rable \u00e0 un moment o\u00f9 les relations entre le gouvernement chinois et les pays occidentaux ne sont pas id\u00e9ales. Il a \u00e9galement parl\u00e9 du pessimisme qui r\u00e8gne en Europe en ce qui concerne les v\u00e9hicules \u00e9lectriques. Les marques qui enregistrent des baisses sont nombreuses, et plusieurs sont inqui\u00e8tes.<\/p>\n<p>Ce qu\u2019il faut comprendre, c\u2019est que si les compagnies ne peuvent plus vendre de mod\u00e8les \u00e0 essence, avec lesquels ils engrangent des profits plus importants, ils ne pourront plus investir au m\u00eame rythme dans l\u2019\u00e9lectrification. C\u2019est l\u2019ironie de la chose.<\/p>\n<p><\/p>\n<figure><img decoding=\"async\" src=\"https:\/\/news.canadamotorjobs.com\/wp-content\/uploads\/2024\/10\/P90423605_highRes-1.jpg\" alt=\"La BMW i4 2024\" \/><figcaption>La BMW i4 2024 | Auto123.com<\/figcaption><\/figure>\n<p>En Am\u00e9rique du Nord, des marques comme Chevrolet et Ford font des profits mirobolants avec la vente de leurs camionnettes. Sans elles, il est permis de se demander si les investissements en mati\u00e8re d\u2019\u00e9lectrification auraient \u00e9t\u00e9 aussi importants.<\/p>\n<p>Oliver Zipse avait ceci d\u2019int\u00e9ressant \u00e0 mentionner :<\/p>\n<p>\u00ab Une correction de l\u2019objectif de 100 % de v\u00e9hicules \u00e9lectriques pour 2035 dans le cadre d\u2019un paquet global de r\u00e9duction des \u00e9missions de CO2 permettrait \u00e9galement aux \u00e9quipementiers europ\u00e9ens d\u2019\u00eatre moins d\u00e9pendants de la Chine pour les batteries. Pour maintenir l\u2019objectif vers le succ\u00e8s, il est essentiel de suivre une voie strictement agnostique sur le plan technologique dans le cadre politique. \u00bb<\/p>\n<p>Le dirigeant de BMW n\u2019est pas le seul \u00e0 s\u2019inqui\u00e9ter d\u2019un avenir enti\u00e8rement \u00e9lectrique en 2035. Avant m\u00eame que l\u2019encre de la proposition de l\u2019Union europ\u00e9enne pour 2023 ne soit s\u00e8che, le gouvernement allemand prenait la t\u00eate d\u2019une alliance de sept pays s\u2019opposant \u00e0 l\u2019interdiction. L\u2019Allemagne et l\u2019Union europ\u00e9enne ont finalement trouv\u00e9 un compromis en pr\u00e9voyant une exception pour les v\u00e9hicules utilisant des carburants synth\u00e9tiques ou carboneutres.<\/p>\n<p>Et d\u2019autres voies se sont \u00e9lev\u00e9es. En janvier 2024, le directeur financier de Porsche, Lutz Meschke, a d\u00e9clar\u00e9 qu\u2019il s\u2019attendait \u00e0 ce que l\u2019interdiction soit retard\u00e9e ou qu\u2019elle prenne fin purement et simplement. BMW et Volkswagen ont poursuivi le d\u00e9veloppement de nouveaux moteurs \u00e0 combustion, \u00e0 l\u2019instar de nombreux autres constructeurs.<\/p>\n<p>En Italie, le ministre de l\u2019Environnement et de la S\u00e9curit\u00e9 \u00e9nerg\u00e9tique, Gilberto Pichetto Fratin, a r\u00e9cemment d\u00e9clar\u00e9 que l\u2019interdiction \u00ab devait \u00eatre modifi\u00e9e \u00bb.<\/p>\n<p>Volvo, quant \u00e0 elle, reste totalement favorable \u00e0 cette mesure, elle qui est engag\u00e9e \u00e0 fond envers l\u2019\u00e9lectrification de sa gamme.<\/p>\n<p>Enfin, c\u2019est important de le r\u00e9p\u00e9ter, les constructeurs ne reculent pas sur leurs intentions d\u2019effectuer un virage \u00e9lectrique. Chez BMW, on s\u2019appr\u00eate \u00e0 lancer les premiers v\u00e9hicules de la Neue Klasse, une s\u00e9rie de mod\u00e8les \u00e9lectriques de nouvelle g\u00e9n\u00e9ration.<\/p>\n<p><strong>La cohabitation<\/strong><\/p>\n<p>Ce qui semble se dessiner de plus en plus, c\u2019est une cohabitation qui sera plus longue entre les mod\u00e8les tout \u00e9lectriques et ceux \u00e0 essence.<\/p>\n<p>Et tout cela peut changer rapidement. Le jour o\u00f9 les mod\u00e8les \u00e9lectriques seront moins chers et o\u00f9 l\u2019autonomie sera \u00e0 plus de 1000 km, vous allez voir les gens se tourner massivement vers les \u00e9lectrons. Les consommateurs vont toujours penser \u00e0 leur portefeuille en premier, ce qui est tout \u00e0 fait compr\u00e9hensible.<\/p>\n<p><\/p>\n<p style=\"padding-top: 15px\">Contenu original de <a href=\"https:\/\/www.auto123.com\/fr\/actualites\/bmw-oliver-zipse-union-europeenne\/71955\/\">auto123<\/a>.<\/p>\n<p>Le texte <a rel=\"nofollow\" href=\"https:\/\/annuelauto.ca\/bmw-souhaite-que-lunion-europeenne-annule-linterdiction-des-vehicules-a-essence\/\">BMW souhaite que l\u2019Union europ\u00e9enne annule l\u2019interdiction des v\u00e9hicules \u00e0 essence<\/a> provient de <a rel=\"nofollow\" href=\"https:\/\/annuelauto.ca\">L&#8217;annuel de l&#8217;automobile &#8211; Actualit\u00e9 automobile<\/a><\/p>\n<p><\/p>\n","protected":false},"excerpt":{"rendered":"<p>Le chef de la direction de BMW, Oliver Zipse, souhaite que l\u2019Union europ\u00e9enne revienne sur sa d\u00e9cision d\u2019interdire la vente de v\u00e9hicules neufs \u00e0 essence. Le contexte Au tournant de l\u2019ann\u00e9e 2023, l\u2019Union europ\u00e9enne votait de strictes r\u00e9glementations en mati\u00e8re d\u2019\u00e9missions, dont l\u2019interdiction de la vente de nouveaux v\u00e9hicules \u00e9quip\u00e9s de moteurs \u00e0 combustion. Il [&hellip;]<\/p>\n","protected":false},"author":8,"featured_media":178001,"comment_status":"close","ping_status":"closed","sticky":false,"template":"","format":"standard","meta":{"_monsterinsights_skip_tracking":false,"_monsterinsights_sitenote_active":false,"_monsterinsights_sitenote_note":"","_monsterinsights_sitenote_category":0,"footnotes":""},"categories":[101],"tags":[],"yoast_head":"<!-- This site is optimized with the Yoast SEO plugin v23.2 - https:\/\/yoast.com\/wordpress\/plugins\/seo\/ -->\n<title>BMW souhaite que l\u2019Union europ\u00e9enne annule l\u2019interdiction des v\u00e9hicules \u00e0 essence - CanadaMotorJobs.com<\/title>\n<meta name=\"description\" content=\"BMW souhaite que l\u2019Union europ\u00e9enne annule l\u2019interdiction des v\u00e9hicules \u00e0 essence - Benoit Charette - Annuel automobile - CanadaMotorJobs.com.\" \/>\n<meta name=\"robots\" content=\"index, follow, max-snippet:-1, max-image-preview:large, max-video-preview:-1\" \/>\n<meta property=\"og:locale\" content=\"fr_CA\" \/>\n<meta property=\"og:type\" content=\"article\" \/>\n<meta property=\"og:title\" content=\"BMW souhaite que l\u2019Union europ\u00e9enne annule l\u2019interdiction des v\u00e9hicules \u00e0 essence - CanadaMotorJobs.com\" \/>\n<meta property=\"og:description\" content=\"BMW souhaite que l\u2019Union europ\u00e9enne annule l\u2019interdiction des v\u00e9hicules \u00e0 essence - Benoit Charette - Annuel automobile - CanadaMotorJobs.com.\" \/>\n<meta property=\"og:url\" content=\"https:\/\/news.canadamotorjobs.com\/fr\/bmw-souhaite-que-lunion-europeenne-annule-linterdiction-des-vehicules-a-essence\/\" \/>\n<meta property=\"og:site_name\" content=\"CanadaMotorJobs.com\" \/>\n<meta property=\"article:publisher\" content=\"https:\/\/www.facebook.com\/canadamotorjobs\/\" \/>\n<meta property=\"article:published_time\" content=\"2024-10-18T19:24:29+00:00\" \/>\n<meta property=\"article:modified_time\" content=\"2024-10-18T19:29:25+00:00\" \/>\n<meta property=\"og:image\" content=\"https:\/\/news.canadamotorjobs.com\/wp-content\/uploads\/2024\/10\/2023-bmw-ix-m60_14-1-1.jpg\" \/>\n\t<meta property=\"og:image:width\" content=\"1200\" \/>\n\t<meta property=\"og:image:height\" content=\"800\" \/>\n\t<meta property=\"og:image:type\" content=\"image\/jpeg\" \/>\n<meta name=\"author\" content=\"Benoit Charette\" \/>\n<meta name=\"twitter:card\" content=\"summary_large_image\" \/>\n<meta name=\"twitter:creator\" content=\"@canadamotorjobs\" \/>\n<meta name=\"twitter:site\" content=\"@canadamotorjobs\" \/>\n<meta name=\"twitter:label1\" content=\"\u00c9crit par\" \/>\n\t<meta name=\"twitter:data1\" content=\"Benoit Charette\" \/>\n\t<meta name=\"twitter:label2\" content=\"Estimation du temps de lecture\" \/>\n\t<meta name=\"twitter:data2\" content=\"4 minutes\" \/>\n<!-- \/ Yoast SEO plugin. -->","yoast_head_json":{"title":"BMW souhaite que l\u2019Union europ\u00e9enne annule l\u2019interdiction des v\u00e9hicules \u00e0 essence - CanadaMotorJobs.com","description":"BMW souhaite que l\u2019Union europ\u00e9enne annule l\u2019interdiction des v\u00e9hicules \u00e0 essence - Benoit Charette - Annuel automobile - CanadaMotorJobs.com.","robots":{"index":"index","follow":"follow","max-snippet":"max-snippet:-1","max-image-preview":"max-image-preview:large","max-video-preview":"max-video-preview:-1"},"og_locale":"fr_CA","og_type":"article","og_title":"BMW souhaite que l\u2019Union europ\u00e9enne annule l\u2019interdiction des v\u00e9hicules \u00e0 essence - CanadaMotorJobs.com","og_description":"BMW souhaite que l\u2019Union europ\u00e9enne annule l\u2019interdiction des v\u00e9hicules \u00e0 essence - Benoit Charette - Annuel automobile - CanadaMotorJobs.com.","og_url":"https:\/\/news.canadamotorjobs.com\/fr\/bmw-souhaite-que-lunion-europeenne-annule-linterdiction-des-vehicules-a-essence\/","og_site_name":"CanadaMotorJobs.com","article_publisher":"https:\/\/www.facebook.com\/canadamotorjobs\/","article_published_time":"2024-10-18T19:24:29+00:00","article_modified_time":"2024-10-18T19:29:25+00:00","og_image":[{"width":1200,"height":800,"url":"https:\/\/news.canadamotorjobs.com\/wp-content\/uploads\/2024\/10\/2023-bmw-ix-m60_14-1-1.jpg","type":"image\/jpeg"}],"author":"Benoit Charette","twitter_card":"summary_large_image","twitter_creator":"@canadamotorjobs","twitter_site":"@canadamotorjobs","twitter_misc":{"\u00c9crit par":"Benoit Charette","Estimation du temps de lecture":"4 minutes"},"schema":{"@context":"https:\/\/schema.org","@graph":[{"@type":"Article","@id":"https:\/\/news.canadamotorjobs.com\/fr\/bmw-souhaite-que-lunion-europeenne-annule-linterdiction-des-vehicules-a-essence\/#article","isPartOf":{"@id":"https:\/\/news.canadamotorjobs.com\/fr\/bmw-souhaite-que-lunion-europeenne-annule-linterdiction-des-vehicules-a-essence\/"},"author":{"name":"Benoit Charette","@id":"https:\/\/news.canadamotorjobs.com\/#\/schema\/person\/51793d1f87d44011d7bcc2ed99269a90"},"headline":"BMW souhaite que l\u2019Union europ\u00e9enne annule l\u2019interdiction des v\u00e9hicules \u00e0 essence","datePublished":"2024-10-18T19:24:29+00:00","dateModified":"2024-10-18T19:29:25+00:00","mainEntityOfPage":{"@id":"https:\/\/news.canadamotorjobs.com\/fr\/bmw-souhaite-que-lunion-europeenne-annule-linterdiction-des-vehicules-a-essence\/"},"wordCount":891,"publisher":{"@id":"https:\/\/news.canadamotorjobs.com\/#organization"},"image":{"@id":"https:\/\/news.canadamotorjobs.com\/fr\/bmw-souhaite-que-lunion-europeenne-annule-linterdiction-des-vehicules-a-essence\/#primaryimage"},"thumbnailUrl":"https:\/\/news.canadamotorjobs.com\/wp-content\/uploads\/2024\/10\/2023-bmw-ix-m60_14-1-1.jpg","articleSection":["Annuel automobile"],"inLanguage":"fr-CA"},{"@type":"WebPage","@id":"https:\/\/news.canadamotorjobs.com\/fr\/bmw-souhaite-que-lunion-europeenne-annule-linterdiction-des-vehicules-a-essence\/","url":"https:\/\/news.canadamotorjobs.com\/fr\/bmw-souhaite-que-lunion-europeenne-annule-linterdiction-des-vehicules-a-essence\/","name":"BMW souhaite que l\u2019Union europ\u00e9enne annule l\u2019interdiction des v\u00e9hicules \u00e0 essence - CanadaMotorJobs.com","isPartOf":{"@id":"https:\/\/news.canadamotorjobs.com\/#website"},"primaryImageOfPage":{"@id":"https:\/\/news.canadamotorjobs.com\/fr\/bmw-souhaite-que-lunion-europeenne-annule-linterdiction-des-vehicules-a-essence\/#primaryimage"},"image":{"@id":"https:\/\/news.canadamotorjobs.com\/fr\/bmw-souhaite-que-lunion-europeenne-annule-linterdiction-des-vehicules-a-essence\/#primaryimage"},"thumbnailUrl":"https:\/\/news.canadamotorjobs.com\/wp-content\/uploads\/2024\/10\/2023-bmw-ix-m60_14-1-1.jpg","datePublished":"2024-10-18T19:24:29+00:00","dateModified":"2024-10-18T19:29:25+00:00","description":"BMW souhaite que l\u2019Union europ\u00e9enne annule l\u2019interdiction des v\u00e9hicules \u00e0 essence - Benoit Charette - Annuel automobile - CanadaMotorJobs.com.","breadcrumb":{"@id":"https:\/\/news.canadamotorjobs.com\/fr\/bmw-souhaite-que-lunion-europeenne-annule-linterdiction-des-vehicules-a-essence\/#breadcrumb"},"inLanguage":"fr-CA","potentialAction":[{"@type":"ReadAction","target":["https:\/\/news.canadamotorjobs.com\/fr\/bmw-souhaite-que-lunion-europeenne-annule-linterdiction-des-vehicules-a-essence\/"]}]},{"@type":"ImageObject","inLanguage":"fr-CA","@id":"https:\/\/news.canadamotorjobs.com\/fr\/bmw-souhaite-que-lunion-europeenne-annule-linterdiction-des-vehicules-a-essence\/#primaryimage","url":"https:\/\/news.canadamotorjobs.com\/wp-content\/uploads\/2024\/10\/2023-bmw-ix-m60_14-1-1.jpg","contentUrl":"https:\/\/news.canadamotorjobs.com\/wp-content\/uploads\/2024\/10\/2023-bmw-ix-m60_14-1-1.jpg","width":1200,"height":800},{"@type":"BreadcrumbList","@id":"https:\/\/news.canadamotorjobs.com\/fr\/bmw-souhaite-que-lunion-europeenne-annule-linterdiction-des-vehicules-a-essence\/#breadcrumb","itemListElement":[{"@type":"ListItem","position":1,"name":"Home","item":"https:\/\/news.canadamotorjobs.com\/fr\/blog\/"},{"@type":"ListItem","position":2,"name":"BMW souhaite que l\u2019Union europ\u00e9enne annule l\u2019interdiction des v\u00e9hicules \u00e0 essence"}]},{"@type":"WebSite","@id":"https:\/\/news.canadamotorjobs.com\/#website","url":"https:\/\/news.canadamotorjobs.com\/","name":"CanadaMotorJobs.com","description":"Automotive Jobs","publisher":{"@id":"https:\/\/news.canadamotorjobs.com\/#organization"},"potentialAction":[{"@type":"SearchAction","target":{"@type":"EntryPoint","urlTemplate":"https:\/\/news.canadamotorjobs.com\/?s={search_term_string}"},"query-input":"required name=search_term_string"}],"inLanguage":"fr-CA"},{"@type":"Organization","@id":"https:\/\/news.canadamotorjobs.com\/#organization","name":"Canada Motor Jobs","url":"https:\/\/news.canadamotorjobs.com\/","logo":{"@type":"ImageObject","inLanguage":"fr-CA","@id":"https:\/\/news.canadamotorjobs.com\/#\/schema\/logo\/image\/","url":"https:\/\/news.canadamotorjobs.com\/wp-content\/uploads\/2022\/10\/logo-canada-motor-jobs-1.png","contentUrl":"https:\/\/news.canadamotorjobs.com\/wp-content\/uploads\/2022\/10\/logo-canada-motor-jobs-1.png","width":800,"height":400,"caption":"Canada Motor Jobs"},"image":{"@id":"https:\/\/news.canadamotorjobs.com\/#\/schema\/logo\/image\/"},"sameAs":["https:\/\/www.facebook.com\/canadamotorjobs\/","https:\/\/x.com\/canadamotorjobs","https:\/\/www.instagram.com\/canadamotorjobs\/","https:\/\/www.linkedin.com\/company\/canadamotorjobs"]},{"@type":"Person","@id":"https:\/\/news.canadamotorjobs.com\/#\/schema\/person\/51793d1f87d44011d7bcc2ed99269a90","name":"Benoit Charette","image":{"@type":"ImageObject","inLanguage":"fr-CA","@id":"https:\/\/news.canadamotorjobs.com\/#\/schema\/person\/image\/","url":"https:\/\/secure.gravatar.com\/avatar\/45f3d2eebcccd909668d7ce7ea7267b6?s=96&d=mm&r=g","contentUrl":"https:\/\/secure.gravatar.com\/avatar\/45f3d2eebcccd909668d7ce7ea7267b6?s=96&d=mm&r=g","caption":"Benoit Charette"},"description":"Benoit Charette \/ Propri\u00e9taire et r\u00e9dacteur en chef Benoit Charette pratique le journalisme automobile depuis bient\u00f4t 30 ans. Il a fait ses classes au c\u00f4t\u00e9 de Daniel H\u00e9raud et au Carnet de route de 1992 \u00e0 2001. Il est fondateur, copropri\u00e9taire et r\u00e9dacteur en chef de L\u2019Annuel de l\u2019automobile, qu\u2019il publie depuis 2001. Il a anim\u00e9 les \u00e9missions RPM et RPM+ sur V et les L\u00e9gendes de la route sur Historia. \u00c0 la radio depuis 1986, il reprend l\u2019antenne cette ann\u00e9e sur les ondes de Cogeco et participe pour la deuxi\u00e8me ann\u00e9e \u00e0 l\u2019\u00e9mission Passion Auto sur RDS en plus de mettre en ligne le site Web officiel de L\u2019Annuel de l\u2019automobile sur annuelauto.ca.","sameAs":["https:\/\/annuelauto.ca\/"],"url":"https:\/\/news.canadamotorjobs.com\/fr\/author\/benoit-charette\/"}]}},"_links":{"self":[{"href":"https:\/\/news.canadamotorjobs.com\/fr\/wp-json\/wp\/v2\/posts\/177999"}],"collection":[{"href":"https:\/\/news.canadamotorjobs.com\/fr\/wp-json\/wp\/v2\/posts"}],"about":[{"href":"https:\/\/news.canadamotorjobs.com\/fr\/wp-json\/wp\/v2\/types\/post"}],"author":[{"embeddable":true,"href":"https:\/\/news.canadamotorjobs.com\/fr\/wp-json\/wp\/v2\/users\/8"}],"replies":[{"embeddable":true,"href":"https:\/\/news.canadamotorjobs.com\/fr\/wp-json\/wp\/v2\/comments?post=177999"}],"version-history":[{"count":3,"href":"https:\/\/news.canadamotorjobs.com\/fr\/wp-json\/wp\/v2\/posts\/177999\/revisions"}],"predecessor-version":[{"id":178030,"href":"https:\/\/news.canadamotorjobs.com\/fr\/wp-json\/wp\/v2\/posts\/177999\/revisions\/178030"}],"wp:featuredmedia":[{"embeddable":true,"href":"https:\/\/news.canadamotorjobs.com\/fr\/wp-json\/wp\/v2\/media\/178001"}],"wp:attachment":[{"href":"https:\/\/news.canadamotorjobs.com\/fr\/wp-json\/wp\/v2\/media?parent=177999"}],"wp:term":[{"taxonomy":"category","embeddable":true,"href":"https:\/\/news.canadamotorjobs.com\/fr\/wp-json\/wp\/v2\/categories?post=177999"},{"taxonomy":"post_tag","embeddable":true,"href":"https:\/\/news.canadamotorjobs.com\/fr\/wp-json\/wp\/v2\/tags?post=177999"}],"curies":[{"name":"wp","href":"https:\/\/api.w.org\/{rel}","templated":true}]}}