{"id":177947,"date":"2024-10-18T15:24:29","date_gmt":"2024-10-18T19:24:29","guid":{"rendered":"https:\/\/news.canadamotorjobs.com\/?p=177947"},"modified":"2024-10-18T15:29:10","modified_gmt":"2024-10-18T19:29:10","slug":"audi-ajoute-des-versions-sportback-a-son-q6-e-tron-pour-2025","status":"publish","type":"post","link":"https:\/\/news.canadamotorjobs.com\/fr\/audi-ajoute-des-versions-sportback-a-son-q6-e-tron-pour-2025\/","title":{"rendered":"Audi ajoute des versions Sportback \u00e0 son Q6 e-tron pour 2025"},"content":{"rendered":"<\/p>\n<p><strong>\u2022\u00a0\u00a0\u00a0 Audi tient promesse et ajoute une carrosserie Sportback \u00e0 son mod\u00e8le Q6 e-tron pour 2025.<\/strong><\/p>\n<p>La mode des VUS au style coup\u00e9 date d\u2019environ 20 ans, mais depuis 10 ans, on dirait que tous les constructeurs veulent se pr\u00eater au jeu, si bien que ce qui \u00e9tait original jadis ne l\u2019est plus vraiment. Les exercices sont parfois r\u00e9ussis sur le plan stylistique, parfois compl\u00e8tement rat\u00e9.<\/p>\n<p>\u00c0 son tour, Audi r\u00e9serve \u00e0 son <a href=\"https:\/\/www.auto123.com\/fr\/essais-routiers\/audi-q6-etron-2025-premier-essai\/71605\/\">nouveau Q6 e-tron<\/a> le traitement de type Fastback. Ce n\u2019est pas une surprise, car Audi commercialise d\u00e9j\u00e0 des versions au style coup\u00e9 de ses deux autres VUS tout \u00e9lectriques, soit le Q4 e-tron, ou encore le <a href=\"https:\/\/www.auto123.com\/fr\/essais-routiers\/audi-q8-etron-2024-premier-essai\/70354\/\">Q8 e-tron<\/a>.<\/p>\n<p>Le Q6 Sportback e-tron devrait nous arriver dans le courant de l\u2019ann\u00e9e prochaine.<\/p>\n<p><\/p>\n<figure><img decoding=\"async\" src=\"https:\/\/news.canadamotorjobs.com\/wp-content\/uploads\/2024\/10\/Original-13462-a244299-large-5.jpg\" alt=\"Audi SQ6 Sportback e-tron 2025\" \/><figcaption>Audi SQ6 Sportback e-tron 2025 | Auto123.com<\/figcaption><\/figure>\n<h2>Design du Audi Q6 Sportback e-tron 2025<\/h2>\n<p>\u00c9videmment, le style demeure le m\u00eame \u00e0 l\u2019avant, alors que la partie arri\u00e8re prend une tout autre allure, m\u00eame si la signature Audi est bien reconnaissable. Concr\u00e8tement, le toit s\u2019abaisse de 1,4 pouce en plongeant vers le hayon. L\u00e0, il rencontre un petit aileron qui int\u00e8gre le troisi\u00e8me feu, qui est obligatoire \u00e0 l\u2019arri\u00e8re de tout v\u00e9hicule depuis 1986, rappelons-le.<\/p>\n<p>La partie arri\u00e8re demeure identique \u00e0 celle du Q6 e-tron que l\u2019on a d\u00e9j\u00e0 essay\u00e9, avec une bande lumineuse qui relie les feux, et un pare-chocs imposant.<\/p>\n<p><\/p>\n<figure><img decoding=\"async\" src=\"https:\/\/news.canadamotorjobs.com\/wp-content\/uploads\/2024\/10\/Original-13466-a244289-large-1.jpg\" alt=\"Audi SQ6 Sportback e-tron 2025, int\u00e9rieur\" \/><figcaption>Audi SQ6 Sportback e-tron 2025, int\u00e9rieur | Auto123.com<\/figcaption><\/figure>\n<p><strong>L\u2019int\u00e9rieur<\/strong><\/p>\n<p>\u00c0 bord, ne cherchez pas de changements. La seule diff\u00e9rence, sans surprise, c\u2019est que l\u2019espace de chargement est un tantinet amput\u00e9. La planche de bord compte toujours deux \u00e9crans de 11,9 et 14,5 pouces (bloc d\u2019instruments et syst\u00e8me multim\u00e9dia, dans l\u2019ordre), ainsi qu\u2019une surface de 10,9 pouces devant le passager, une des options propos\u00e9es.<\/p>\n<p>Concernant la structure du v\u00e9hicule, le Q6 e-tron Sportback repose \u00e9videmment sur la plateforme PPE (Premium Plateform Electric) du groupe Volkswagen, qui sert \u00e9galement le Macan \u00e9lectrique chez Porsche. La batterie de 94,4 kWh du mod\u00e8le devrait offrir sensiblement le m\u00eame genre d\u2019autonomie, soit autour de 500 kilom\u00e8tres. L\u2019architecture de 800 volts va autoriser une recharge maximale \u00e0 270 kW sur une borne rapide de niveau 3. Et pour faire passer la r\u00e9serve d\u2019\u00e9nergie de la batterie de 10 % \u00e0 80 %, il faut compter 21 minutes.<\/p>\n<p><\/p>\n<figure><img decoding=\"async\" src=\"https:\/\/news.canadamotorjobs.com\/wp-content\/uploads\/2024\/10\/Original-13437-a244288-large-1.jpg\" alt=\"Audi Q6 Sportback e-tron 2025, de profil\" \/><figcaption>Audi Q6 Sportback e-tron 2025, de profil | Auto123.com<\/figcaption><\/figure>\n<p>Au Canada, aucun Q6 e-tron n\u2019est propos\u00e9 avec une configuration \u00e0 propulsion, comme c\u2019est le cas ailleurs. Avec le mod\u00e8le Sportback, c\u2019est le rouage int\u00e9gral partout, ce qui fait qu\u2019on va nager en terrain connu de ce c\u00f4t\u00e9-ci de la fronti\u00e8re.<\/p>\n<p>Le groupe motopropulseur \u00e0 deux moteurs de la version Sportback va proposer jusqu\u2019\u00e0 456 chevaux. La variante SQ6 e-tron Sportback va aussi profiter de deux moteurs \u00e9lectriques, mais sa puissance maximale sera de 509 chevaux.<\/p>\n<p>D\u2019autres d\u00e9tails suivront concernant l\u2019arriv\u00e9e de ces variantes sur le march\u00e9, ainsi que leurs prix.<\/p>\n<p><\/p>\n<figure><img decoding=\"async\" src=\"https:\/\/news.canadamotorjobs.com\/wp-content\/uploads\/2024\/10\/Original-13439-a244292-large-1.jpg\" alt=\"Audi Q6 Sportback e-tron 2025, sur la route\" \/><figcaption>Audi Q6 Sportback e-tron 2025, sur la route | Auto123.com<\/figcaption><\/figure>\n<figure><img decoding=\"async\" src=\"https:\/\/news.canadamotorjobs.com\/wp-content\/uploads\/2024\/10\/Original-13470-a244283-large-1.jpg\" alt=\"Audi SQ6 Sportback e-tron 2025, de profil\" \/><figcaption>Audi SQ6 Sportback e-tron 2025, de profil | Auto123.com<\/figcaption><\/figure>\n<figure><img decoding=\"async\" src=\"https:\/\/news.canadamotorjobs.com\/wp-content\/uploads\/2024\/10\/Original-13452-a244309-large-1.jpg\" alt=\"Audi SQ6 Sportback e-tron 2025, avant\" \/><figcaption>Audi SQ6 Sportback e-tron 2025, avant | Auto123.com<\/figcaption><\/figure>\n<figure><img decoding=\"async\" src=\"https:\/\/news.canadamotorjobs.com\/wp-content\/uploads\/2024\/10\/Original-13440-a244294-large-1.jpg\" alt=\"Audi Q6 Sportback e-tron 2025, arri\u00e8re\" \/><figcaption>Audi Q6 Sportback e-tron 2025, arri\u00e8re | Auto123.com<\/figcaption><\/figure>\n<p style=\"padding-top: 15px\">Contenu original de <a href=\"https:\/\/www.auto123.com\/fr\/actualites\/audi-q6-sq6-sportback-etron-2025\/71954\/\">auto123<\/a>.<\/p>\n<p>Le texte <a rel=\"nofollow\" href=\"https:\/\/annuelauto.ca\/audi-ajoute-des-versions-sportback-a-son-q6-e-tron-pour-2025\/\">Audi ajoute des versions Sportback \u00e0 son Q6 e-tron pour 2025<\/a> provient de <a rel=\"nofollow\" href=\"https:\/\/annuelauto.ca\">L&#8217;annuel de l&#8217;automobile &#8211; Actualit\u00e9 automobile<\/a><\/p>\n<p><\/p>\n","protected":false},"excerpt":{"rendered":"<p>\u2022\u00a0\u00a0\u00a0 Audi tient promesse et ajoute une carrosserie Sportback \u00e0 son mod\u00e8le Q6 e-tron pour 2025. La mode des VUS au style coup\u00e9 date d\u2019environ 20 ans, mais depuis 10 ans, on dirait que tous les constructeurs veulent se pr\u00eater au jeu, si bien que ce qui \u00e9tait original jadis ne l\u2019est plus vraiment. Les [&hellip;]<\/p>\n","protected":false},"author":8,"featured_media":177949,"comment_status":"close","ping_status":"closed","sticky":false,"template":"","format":"standard","meta":{"_monsterinsights_skip_tracking":false,"_monsterinsights_sitenote_active":false,"_monsterinsights_sitenote_note":"","_monsterinsights_sitenote_category":0,"footnotes":""},"categories":[101],"tags":[],"yoast_head":"<!-- This site is optimized with the Yoast SEO plugin v23.2 - https:\/\/yoast.com\/wordpress\/plugins\/seo\/ -->\n<title>Audi ajoute des versions Sportback \u00e0 son Q6 e-tron pour 2025 - CanadaMotorJobs.com<\/title>\n<meta name=\"description\" content=\"Audi ajoute des versions Sportback \u00e0 son Q6 e-tron pour 2025 - Benoit Charette - Annuel automobile - CanadaMotorJobs.com.\" \/>\n<meta name=\"robots\" content=\"index, follow, max-snippet:-1, max-image-preview:large, max-video-preview:-1\" \/>\n<meta property=\"og:locale\" content=\"fr_CA\" \/>\n<meta property=\"og:type\" content=\"article\" \/>\n<meta property=\"og:title\" content=\"Audi ajoute des versions Sportback \u00e0 son Q6 e-tron pour 2025 - CanadaMotorJobs.com\" \/>\n<meta property=\"og:description\" content=\"Audi ajoute des versions Sportback \u00e0 son Q6 e-tron pour 2025 - Benoit Charette - Annuel automobile - CanadaMotorJobs.com.\" \/>\n<meta property=\"og:url\" content=\"https:\/\/news.canadamotorjobs.com\/fr\/audi-ajoute-des-versions-sportback-a-son-q6-e-tron-pour-2025\/\" \/>\n<meta property=\"og:site_name\" content=\"CanadaMotorJobs.com\" \/>\n<meta property=\"article:publisher\" content=\"https:\/\/www.facebook.com\/canadamotorjobs\/\" \/>\n<meta property=\"article:published_time\" content=\"2024-10-18T19:24:29+00:00\" \/>\n<meta property=\"article:modified_time\" content=\"2024-10-18T19:29:10+00:00\" \/>\n<meta property=\"og:image\" content=\"https:\/\/news.canadamotorjobs.com\/wp-content\/uploads\/2024\/10\/Original-13462-a244299-large.jpg\" \/>\n\t<meta property=\"og:image:width\" content=\"1200\" \/>\n\t<meta property=\"og:image:height\" content=\"788\" \/>\n\t<meta property=\"og:image:type\" content=\"image\/jpeg\" \/>\n<meta name=\"author\" content=\"Benoit Charette\" \/>\n<meta name=\"twitter:card\" content=\"summary_large_image\" \/>\n<meta name=\"twitter:creator\" content=\"@canadamotorjobs\" \/>\n<meta name=\"twitter:site\" content=\"@canadamotorjobs\" \/>\n<meta name=\"twitter:label1\" content=\"\u00c9crit par\" \/>\n\t<meta name=\"twitter:data1\" content=\"Benoit Charette\" \/>\n\t<meta name=\"twitter:label2\" content=\"Estimation du temps de lecture\" \/>\n\t<meta name=\"twitter:data2\" content=\"3 minutes\" \/>\n<!-- \/ Yoast SEO plugin. -->","yoast_head_json":{"title":"Audi ajoute des versions Sportback \u00e0 son Q6 e-tron pour 2025 - CanadaMotorJobs.com","description":"Audi ajoute des versions Sportback \u00e0 son Q6 e-tron pour 2025 - Benoit Charette - Annuel automobile - CanadaMotorJobs.com.","robots":{"index":"index","follow":"follow","max-snippet":"max-snippet:-1","max-image-preview":"max-image-preview:large","max-video-preview":"max-video-preview:-1"},"og_locale":"fr_CA","og_type":"article","og_title":"Audi ajoute des versions Sportback \u00e0 son Q6 e-tron pour 2025 - CanadaMotorJobs.com","og_description":"Audi ajoute des versions Sportback \u00e0 son Q6 e-tron pour 2025 - Benoit Charette - Annuel automobile - CanadaMotorJobs.com.","og_url":"https:\/\/news.canadamotorjobs.com\/fr\/audi-ajoute-des-versions-sportback-a-son-q6-e-tron-pour-2025\/","og_site_name":"CanadaMotorJobs.com","article_publisher":"https:\/\/www.facebook.com\/canadamotorjobs\/","article_published_time":"2024-10-18T19:24:29+00:00","article_modified_time":"2024-10-18T19:29:10+00:00","og_image":[{"width":1200,"height":788,"url":"https:\/\/news.canadamotorjobs.com\/wp-content\/uploads\/2024\/10\/Original-13462-a244299-large.jpg","type":"image\/jpeg"}],"author":"Benoit Charette","twitter_card":"summary_large_image","twitter_creator":"@canadamotorjobs","twitter_site":"@canadamotorjobs","twitter_misc":{"\u00c9crit par":"Benoit Charette","Estimation du temps de lecture":"3 minutes"},"schema":{"@context":"https:\/\/schema.org","@graph":[{"@type":"Article","@id":"https:\/\/news.canadamotorjobs.com\/fr\/audi-ajoute-des-versions-sportback-a-son-q6-e-tron-pour-2025\/#article","isPartOf":{"@id":"https:\/\/news.canadamotorjobs.com\/fr\/audi-ajoute-des-versions-sportback-a-son-q6-e-tron-pour-2025\/"},"author":{"name":"Benoit Charette","@id":"https:\/\/news.canadamotorjobs.com\/#\/schema\/person\/51793d1f87d44011d7bcc2ed99269a90"},"headline":"Audi ajoute des versions Sportback \u00e0 son Q6 e-tron pour 2025","datePublished":"2024-10-18T19:24:29+00:00","dateModified":"2024-10-18T19:29:10+00:00","mainEntityOfPage":{"@id":"https:\/\/news.canadamotorjobs.com\/fr\/audi-ajoute-des-versions-sportback-a-son-q6-e-tron-pour-2025\/"},"wordCount":564,"publisher":{"@id":"https:\/\/news.canadamotorjobs.com\/#organization"},"image":{"@id":"https:\/\/news.canadamotorjobs.com\/fr\/audi-ajoute-des-versions-sportback-a-son-q6-e-tron-pour-2025\/#primaryimage"},"thumbnailUrl":"https:\/\/news.canadamotorjobs.com\/wp-content\/uploads\/2024\/10\/Original-13462-a244299-large.jpg","articleSection":["Annuel automobile"],"inLanguage":"fr-CA"},{"@type":"WebPage","@id":"https:\/\/news.canadamotorjobs.com\/fr\/audi-ajoute-des-versions-sportback-a-son-q6-e-tron-pour-2025\/","url":"https:\/\/news.canadamotorjobs.com\/fr\/audi-ajoute-des-versions-sportback-a-son-q6-e-tron-pour-2025\/","name":"Audi ajoute des versions Sportback \u00e0 son Q6 e-tron pour 2025 - CanadaMotorJobs.com","isPartOf":{"@id":"https:\/\/news.canadamotorjobs.com\/#website"},"primaryImageOfPage":{"@id":"https:\/\/news.canadamotorjobs.com\/fr\/audi-ajoute-des-versions-sportback-a-son-q6-e-tron-pour-2025\/#primaryimage"},"image":{"@id":"https:\/\/news.canadamotorjobs.com\/fr\/audi-ajoute-des-versions-sportback-a-son-q6-e-tron-pour-2025\/#primaryimage"},"thumbnailUrl":"https:\/\/news.canadamotorjobs.com\/wp-content\/uploads\/2024\/10\/Original-13462-a244299-large.jpg","datePublished":"2024-10-18T19:24:29+00:00","dateModified":"2024-10-18T19:29:10+00:00","description":"Audi ajoute des versions Sportback \u00e0 son Q6 e-tron pour 2025 - Benoit Charette - Annuel automobile - CanadaMotorJobs.com.","breadcrumb":{"@id":"https:\/\/news.canadamotorjobs.com\/fr\/audi-ajoute-des-versions-sportback-a-son-q6-e-tron-pour-2025\/#breadcrumb"},"inLanguage":"fr-CA","potentialAction":[{"@type":"ReadAction","target":["https:\/\/news.canadamotorjobs.com\/fr\/audi-ajoute-des-versions-sportback-a-son-q6-e-tron-pour-2025\/"]}]},{"@type":"ImageObject","inLanguage":"fr-CA","@id":"https:\/\/news.canadamotorjobs.com\/fr\/audi-ajoute-des-versions-sportback-a-son-q6-e-tron-pour-2025\/#primaryimage","url":"https:\/\/news.canadamotorjobs.com\/wp-content\/uploads\/2024\/10\/Original-13462-a244299-large.jpg","contentUrl":"https:\/\/news.canadamotorjobs.com\/wp-content\/uploads\/2024\/10\/Original-13462-a244299-large.jpg","width":1200,"height":788},{"@type":"BreadcrumbList","@id":"https:\/\/news.canadamotorjobs.com\/fr\/audi-ajoute-des-versions-sportback-a-son-q6-e-tron-pour-2025\/#breadcrumb","itemListElement":[{"@type":"ListItem","position":1,"name":"Home","item":"https:\/\/news.canadamotorjobs.com\/fr\/blog\/"},{"@type":"ListItem","position":2,"name":"Audi ajoute des versions Sportback \u00e0 son Q6 e-tron pour 2025"}]},{"@type":"WebSite","@id":"https:\/\/news.canadamotorjobs.com\/#website","url":"https:\/\/news.canadamotorjobs.com\/","name":"CanadaMotorJobs.com","description":"Automotive Jobs","publisher":{"@id":"https:\/\/news.canadamotorjobs.com\/#organization"},"potentialAction":[{"@type":"SearchAction","target":{"@type":"EntryPoint","urlTemplate":"https:\/\/news.canadamotorjobs.com\/?s={search_term_string}"},"query-input":"required name=search_term_string"}],"inLanguage":"fr-CA"},{"@type":"Organization","@id":"https:\/\/news.canadamotorjobs.com\/#organization","name":"Canada Motor Jobs","url":"https:\/\/news.canadamotorjobs.com\/","logo":{"@type":"ImageObject","inLanguage":"fr-CA","@id":"https:\/\/news.canadamotorjobs.com\/#\/schema\/logo\/image\/","url":"https:\/\/news.canadamotorjobs.com\/wp-content\/uploads\/2022\/10\/logo-canada-motor-jobs-1.png","contentUrl":"https:\/\/news.canadamotorjobs.com\/wp-content\/uploads\/2022\/10\/logo-canada-motor-jobs-1.png","width":800,"height":400,"caption":"Canada Motor Jobs"},"image":{"@id":"https:\/\/news.canadamotorjobs.com\/#\/schema\/logo\/image\/"},"sameAs":["https:\/\/www.facebook.com\/canadamotorjobs\/","https:\/\/x.com\/canadamotorjobs","https:\/\/www.instagram.com\/canadamotorjobs\/","https:\/\/www.linkedin.com\/company\/canadamotorjobs"]},{"@type":"Person","@id":"https:\/\/news.canadamotorjobs.com\/#\/schema\/person\/51793d1f87d44011d7bcc2ed99269a90","name":"Benoit Charette","image":{"@type":"ImageObject","inLanguage":"fr-CA","@id":"https:\/\/news.canadamotorjobs.com\/#\/schema\/person\/image\/","url":"https:\/\/secure.gravatar.com\/avatar\/45f3d2eebcccd909668d7ce7ea7267b6?s=96&d=mm&r=g","contentUrl":"https:\/\/secure.gravatar.com\/avatar\/45f3d2eebcccd909668d7ce7ea7267b6?s=96&d=mm&r=g","caption":"Benoit Charette"},"description":"Benoit Charette \/ Propri\u00e9taire et r\u00e9dacteur en chef Benoit Charette pratique le journalisme automobile depuis bient\u00f4t 30 ans. Il a fait ses classes au c\u00f4t\u00e9 de Daniel H\u00e9raud et au Carnet de route de 1992 \u00e0 2001. Il est fondateur, copropri\u00e9taire et r\u00e9dacteur en chef de L\u2019Annuel de l\u2019automobile, qu\u2019il publie depuis 2001. Il a anim\u00e9 les \u00e9missions RPM et RPM+ sur V et les L\u00e9gendes de la route sur Historia. \u00c0 la radio depuis 1986, il reprend l\u2019antenne cette ann\u00e9e sur les ondes de Cogeco et participe pour la deuxi\u00e8me ann\u00e9e \u00e0 l\u2019\u00e9mission Passion Auto sur RDS en plus de mettre en ligne le site Web officiel de L\u2019Annuel de l\u2019automobile sur annuelauto.ca.","sameAs":["https:\/\/annuelauto.ca\/"],"url":"https:\/\/news.canadamotorjobs.com\/fr\/author\/benoit-charette\/"}]}},"_links":{"self":[{"href":"https:\/\/news.canadamotorjobs.com\/fr\/wp-json\/wp\/v2\/posts\/177947"}],"collection":[{"href":"https:\/\/news.canadamotorjobs.com\/fr\/wp-json\/wp\/v2\/posts"}],"about":[{"href":"https:\/\/news.canadamotorjobs.com\/fr\/wp-json\/wp\/v2\/types\/post"}],"author":[{"embeddable":true,"href":"https:\/\/news.canadamotorjobs.com\/fr\/wp-json\/wp\/v2\/users\/8"}],"replies":[{"embeddable":true,"href":"https:\/\/news.canadamotorjobs.com\/fr\/wp-json\/wp\/v2\/comments?post=177947"}],"version-history":[{"count":3,"href":"https:\/\/news.canadamotorjobs.com\/fr\/wp-json\/wp\/v2\/posts\/177947\/revisions"}],"predecessor-version":[{"id":177998,"href":"https:\/\/news.canadamotorjobs.com\/fr\/wp-json\/wp\/v2\/posts\/177947\/revisions\/177998"}],"wp:featuredmedia":[{"embeddable":true,"href":"https:\/\/news.canadamotorjobs.com\/fr\/wp-json\/wp\/v2\/media\/177949"}],"wp:attachment":[{"href":"https:\/\/news.canadamotorjobs.com\/fr\/wp-json\/wp\/v2\/media?parent=177947"}],"wp:term":[{"taxonomy":"category","embeddable":true,"href":"https:\/\/news.canadamotorjobs.com\/fr\/wp-json\/wp\/v2\/categories?post=177947"},{"taxonomy":"post_tag","embeddable":true,"href":"https:\/\/news.canadamotorjobs.com\/fr\/wp-json\/wp\/v2\/tags?post=177947"}],"curies":[{"name":"wp","href":"https:\/\/api.w.org\/{rel}","templated":true}]}}