{"id":177887,"date":"2024-10-17T15:24:31","date_gmt":"2024-10-17T19:24:31","guid":{"rendered":"https:\/\/news.canadamotorjobs.com\/?p=177887"},"modified":"2024-10-17T15:30:18","modified_gmt":"2024-10-17T19:30:18","slug":"deux-ans-de-recharges-gratuites-avec-electrify-canada-a-lachat-dun-porsche-macan-ev","status":"publish","type":"post","link":"https:\/\/news.canadamotorjobs.com\/fr\/deux-ans-de-recharges-gratuites-avec-electrify-canada-a-lachat-dun-porsche-macan-ev\/","title":{"rendered":"Deux ans de recharges gratuites avec Electrify Canada \u00e0 l\u2019achat d\u2019un Porsche Macan EV"},"content":{"rendered":"<\/p>\n<p>Porsche Canada vient d\u2019annoncer une nouvelle entente avec Electrify Canada, offrant aux acheteurs du Porsche Macan \u00e9lectrique un forfait de recharge gratuit pendant deux ans. Cette proposition inclut des s\u00e9ances de recharge rapide de 30 minutes \u00e0 travers tout le r\u00e9seau Electrify Canada.<\/p>\n<p>Le forfait est compris dans le prix du v\u00e9hicule, qui commence \u00e0 94 900 $ pour le Macan de base \u00e0 propulsion.<\/p>\n<p><strong>Un r\u00e9seau de recharge en pleine croissance<\/strong><\/p>\n<p>Le r\u00e9seau Electrify Canada, qui continue de se d\u00e9velopper, inclut des bornes de recharge situ\u00e9es pr\u00e8s des autoroutes et \u00e0 l\u2019int\u00e9rieur des zones m\u00e9tropolitaines, ainsi que dans plusieurs Centres Porsche.<\/p>\n<p>Les bornes offrent des niveaux de puissance allant jusqu\u2019\u00e0 350 kW. Gr\u00e2ce \u00e0 son architecture de 800 volts, le Macan \u00e9lectrique peut \u00eatre recharg\u00e9 en courant continu \u00e0 une capacit\u00e9 maximale de 270 kW. Cela permet de recharger la batterie de 10 % \u00e0 80 % en environ 21 minutes sur une borne compatible.<\/p>\n<p><\/p>\n<figure><img decoding=\"async\" src=\"https:\/\/news.canadamotorjobs.com\/wp-content\/uploads\/2024\/10\/porsche-macan-ev-2025-electrify-canada-002-5.jpg\" alt=\"Un Porsche Macan EV 2025, au chargement\" \/><figcaption>Un Porsche Macan EV 2025, au chargement | Auto123.com<\/figcaption><\/figure>\n<p><strong>Un forfait de recharge pratique et inclus \u00e0 l\u2019achat<\/strong><\/p>\n<p>Le forfait, activ\u00e9 lors de la livraison, permet aux conducteurs de profiter des bornes Electrify Canada d\u00e8s l\u2019achat de leur v\u00e9hicule. Ils pourront \u00e9galement localiser les bornes accessibles gr\u00e2ce \u00e0 l\u2019application mobile ou au syst\u00e8me de navigation int\u00e9gr\u00e9 du Macan.<\/p>\n<p><strong>Un r\u00e9seau de recharge national en pleine expansion<\/strong><\/p>\n<p>Avec l\u2019ajout de plus de 40 bornes hyper rapides de nouvelle g\u00e9n\u00e9ration, le r\u00e9seau Electrify Canada couvre d\u00e9sormais plusieurs provinces, incluant la Colombie-Britannique, l\u2019Alberta, la Saskatchewan, l\u2019Ontario, le Qu\u00e9bec, le Nouveau-Brunswick et la Nouvelle-\u00c9cosse. Ces bornes, situ\u00e9es pr\u00e8s des principales autoroutes, facilitent les longs trajets pour les propri\u00e9taires de v\u00e9hicules \u00e9lectriques Porsche.<\/p>\n<p><\/p>\n<figure><img decoding=\"async\" src=\"https:\/\/news.canadamotorjobs.com\/wp-content\/uploads\/2024\/10\/porsche-macan-ev-2025-electrify-canada-001-1.jpg\" alt=\"L&#039;offre de chargement gratuit est valable pour deux ans\" \/><figcaption>L&#8217;offre de chargement gratuit est valable pour deux ans | Auto123.com<\/figcaption><\/figure>\n<p style=\"padding-top: 15px\">Contenu original de <a href=\"https:\/\/www.auto123.com\/fr\/actualites\/porsche-macan-ev-bornes-electrify-canada\/71949\/\">auto123<\/a>.<\/p>\n<p>Le texte <a rel=\"nofollow\" href=\"https:\/\/annuelauto.ca\/deux-ans-de-recharges-gratuites-avec-electrify-canada-a-lachat-dun-porsche-macan-ev\/\">Deux ans de recharges gratuites avec Electrify Canada \u00e0 l\u2019achat d\u2019un Porsche Macan EV<\/a> provient de <a rel=\"nofollow\" href=\"https:\/\/annuelauto.ca\">L&#8217;annuel de l&#8217;automobile &#8211; Actualit\u00e9 automobile<\/a><\/p>\n<p><\/p>\n","protected":false},"excerpt":{"rendered":"<p>Porsche Canada vient d\u2019annoncer une nouvelle entente avec Electrify Canada, offrant aux acheteurs du Porsche Macan \u00e9lectrique un forfait de recharge gratuit pendant deux ans. Cette proposition inclut des s\u00e9ances de recharge rapide de 30 minutes \u00e0 travers tout le r\u00e9seau Electrify Canada. Le forfait est compris dans le prix du v\u00e9hicule, qui commence \u00e0 [&hellip;]<\/p>\n","protected":false},"author":8,"featured_media":177889,"comment_status":"close","ping_status":"closed","sticky":false,"template":"","format":"standard","meta":{"_monsterinsights_skip_tracking":false,"_monsterinsights_sitenote_active":false,"_monsterinsights_sitenote_note":"","_monsterinsights_sitenote_category":0,"footnotes":""},"categories":[101],"tags":[],"yoast_head":"<!-- This site is optimized with the Yoast SEO plugin v23.2 - https:\/\/yoast.com\/wordpress\/plugins\/seo\/ -->\n<title>Deux ans de recharges gratuites avec Electrify Canada \u00e0 l\u2019achat d\u2019un Porsche Macan EV - CanadaMotorJobs.com<\/title>\n<meta name=\"description\" content=\"Deux ans de recharges gratuites avec Electrify Canada \u00e0 l\u2019achat d\u2019un Porsche Macan EV - Benoit Charette - Annuel automobile - CanadaMotorJobs.com.\" \/>\n<meta name=\"robots\" content=\"index, follow, max-snippet:-1, max-image-preview:large, max-video-preview:-1\" \/>\n<meta property=\"og:locale\" content=\"fr_CA\" \/>\n<meta property=\"og:type\" content=\"article\" \/>\n<meta property=\"og:title\" content=\"Deux ans de recharges gratuites avec Electrify Canada \u00e0 l\u2019achat d\u2019un Porsche Macan EV - CanadaMotorJobs.com\" \/>\n<meta property=\"og:description\" content=\"Deux ans de recharges gratuites avec Electrify Canada \u00e0 l\u2019achat d\u2019un Porsche Macan EV - Benoit Charette - Annuel automobile - CanadaMotorJobs.com.\" \/>\n<meta property=\"og:url\" content=\"https:\/\/news.canadamotorjobs.com\/fr\/deux-ans-de-recharges-gratuites-avec-electrify-canada-a-lachat-dun-porsche-macan-ev\/\" \/>\n<meta property=\"og:site_name\" content=\"CanadaMotorJobs.com\" \/>\n<meta property=\"article:publisher\" content=\"https:\/\/www.facebook.com\/canadamotorjobs\/\" \/>\n<meta property=\"article:published_time\" content=\"2024-10-17T19:24:31+00:00\" \/>\n<meta property=\"article:modified_time\" content=\"2024-10-17T19:30:18+00:00\" \/>\n<meta property=\"og:image\" content=\"https:\/\/news.canadamotorjobs.com\/wp-content\/uploads\/2024\/10\/porsche-macan-ev-2025-electrify-canada-002.jpg\" \/>\n\t<meta property=\"og:image:width\" content=\"1200\" \/>\n\t<meta property=\"og:image:height\" content=\"677\" \/>\n\t<meta property=\"og:image:type\" content=\"image\/jpeg\" \/>\n<meta name=\"author\" content=\"Benoit Charette\" \/>\n<meta name=\"twitter:card\" content=\"summary_large_image\" \/>\n<meta name=\"twitter:creator\" content=\"@canadamotorjobs\" \/>\n<meta name=\"twitter:site\" content=\"@canadamotorjobs\" \/>\n<meta name=\"twitter:label1\" content=\"\u00c9crit par\" \/>\n\t<meta name=\"twitter:data1\" content=\"Benoit Charette\" \/>\n\t<meta name=\"twitter:label2\" content=\"Estimation du temps de lecture\" \/>\n\t<meta name=\"twitter:data2\" content=\"2 minutes\" \/>\n<!-- \/ Yoast SEO plugin. -->","yoast_head_json":{"title":"Deux ans de recharges gratuites avec Electrify Canada \u00e0 l\u2019achat d\u2019un Porsche Macan EV - CanadaMotorJobs.com","description":"Deux ans de recharges gratuites avec Electrify Canada \u00e0 l\u2019achat d\u2019un Porsche Macan EV - Benoit Charette - Annuel automobile - CanadaMotorJobs.com.","robots":{"index":"index","follow":"follow","max-snippet":"max-snippet:-1","max-image-preview":"max-image-preview:large","max-video-preview":"max-video-preview:-1"},"og_locale":"fr_CA","og_type":"article","og_title":"Deux ans de recharges gratuites avec Electrify Canada \u00e0 l\u2019achat d\u2019un Porsche Macan EV - CanadaMotorJobs.com","og_description":"Deux ans de recharges gratuites avec Electrify Canada \u00e0 l\u2019achat d\u2019un Porsche Macan EV - Benoit Charette - Annuel automobile - CanadaMotorJobs.com.","og_url":"https:\/\/news.canadamotorjobs.com\/fr\/deux-ans-de-recharges-gratuites-avec-electrify-canada-a-lachat-dun-porsche-macan-ev\/","og_site_name":"CanadaMotorJobs.com","article_publisher":"https:\/\/www.facebook.com\/canadamotorjobs\/","article_published_time":"2024-10-17T19:24:31+00:00","article_modified_time":"2024-10-17T19:30:18+00:00","og_image":[{"width":1200,"height":677,"url":"https:\/\/news.canadamotorjobs.com\/wp-content\/uploads\/2024\/10\/porsche-macan-ev-2025-electrify-canada-002.jpg","type":"image\/jpeg"}],"author":"Benoit Charette","twitter_card":"summary_large_image","twitter_creator":"@canadamotorjobs","twitter_site":"@canadamotorjobs","twitter_misc":{"\u00c9crit par":"Benoit Charette","Estimation du temps de lecture":"2 minutes"},"schema":{"@context":"https:\/\/schema.org","@graph":[{"@type":"Article","@id":"https:\/\/news.canadamotorjobs.com\/fr\/deux-ans-de-recharges-gratuites-avec-electrify-canada-a-lachat-dun-porsche-macan-ev\/#article","isPartOf":{"@id":"https:\/\/news.canadamotorjobs.com\/fr\/deux-ans-de-recharges-gratuites-avec-electrify-canada-a-lachat-dun-porsche-macan-ev\/"},"author":{"name":"Benoit Charette","@id":"https:\/\/news.canadamotorjobs.com\/#\/schema\/person\/51793d1f87d44011d7bcc2ed99269a90"},"headline":"Deux ans de recharges gratuites avec Electrify Canada \u00e0 l\u2019achat d\u2019un Porsche Macan EV","datePublished":"2024-10-17T19:24:31+00:00","dateModified":"2024-10-17T19:30:18+00:00","mainEntityOfPage":{"@id":"https:\/\/news.canadamotorjobs.com\/fr\/deux-ans-de-recharges-gratuites-avec-electrify-canada-a-lachat-dun-porsche-macan-ev\/"},"wordCount":344,"publisher":{"@id":"https:\/\/news.canadamotorjobs.com\/#organization"},"image":{"@id":"https:\/\/news.canadamotorjobs.com\/fr\/deux-ans-de-recharges-gratuites-avec-electrify-canada-a-lachat-dun-porsche-macan-ev\/#primaryimage"},"thumbnailUrl":"https:\/\/news.canadamotorjobs.com\/wp-content\/uploads\/2024\/10\/porsche-macan-ev-2025-electrify-canada-002.jpg","articleSection":["Annuel automobile"],"inLanguage":"fr-CA"},{"@type":"WebPage","@id":"https:\/\/news.canadamotorjobs.com\/fr\/deux-ans-de-recharges-gratuites-avec-electrify-canada-a-lachat-dun-porsche-macan-ev\/","url":"https:\/\/news.canadamotorjobs.com\/fr\/deux-ans-de-recharges-gratuites-avec-electrify-canada-a-lachat-dun-porsche-macan-ev\/","name":"Deux ans de recharges gratuites avec Electrify Canada \u00e0 l\u2019achat d\u2019un Porsche Macan EV - CanadaMotorJobs.com","isPartOf":{"@id":"https:\/\/news.canadamotorjobs.com\/#website"},"primaryImageOfPage":{"@id":"https:\/\/news.canadamotorjobs.com\/fr\/deux-ans-de-recharges-gratuites-avec-electrify-canada-a-lachat-dun-porsche-macan-ev\/#primaryimage"},"image":{"@id":"https:\/\/news.canadamotorjobs.com\/fr\/deux-ans-de-recharges-gratuites-avec-electrify-canada-a-lachat-dun-porsche-macan-ev\/#primaryimage"},"thumbnailUrl":"https:\/\/news.canadamotorjobs.com\/wp-content\/uploads\/2024\/10\/porsche-macan-ev-2025-electrify-canada-002.jpg","datePublished":"2024-10-17T19:24:31+00:00","dateModified":"2024-10-17T19:30:18+00:00","description":"Deux ans de recharges gratuites avec Electrify Canada \u00e0 l\u2019achat d\u2019un Porsche Macan EV - Benoit Charette - Annuel automobile - CanadaMotorJobs.com.","breadcrumb":{"@id":"https:\/\/news.canadamotorjobs.com\/fr\/deux-ans-de-recharges-gratuites-avec-electrify-canada-a-lachat-dun-porsche-macan-ev\/#breadcrumb"},"inLanguage":"fr-CA","potentialAction":[{"@type":"ReadAction","target":["https:\/\/news.canadamotorjobs.com\/fr\/deux-ans-de-recharges-gratuites-avec-electrify-canada-a-lachat-dun-porsche-macan-ev\/"]}]},{"@type":"ImageObject","inLanguage":"fr-CA","@id":"https:\/\/news.canadamotorjobs.com\/fr\/deux-ans-de-recharges-gratuites-avec-electrify-canada-a-lachat-dun-porsche-macan-ev\/#primaryimage","url":"https:\/\/news.canadamotorjobs.com\/wp-content\/uploads\/2024\/10\/porsche-macan-ev-2025-electrify-canada-002.jpg","contentUrl":"https:\/\/news.canadamotorjobs.com\/wp-content\/uploads\/2024\/10\/porsche-macan-ev-2025-electrify-canada-002.jpg","width":1200,"height":677},{"@type":"BreadcrumbList","@id":"https:\/\/news.canadamotorjobs.com\/fr\/deux-ans-de-recharges-gratuites-avec-electrify-canada-a-lachat-dun-porsche-macan-ev\/#breadcrumb","itemListElement":[{"@type":"ListItem","position":1,"name":"Home","item":"https:\/\/news.canadamotorjobs.com\/fr\/blog\/"},{"@type":"ListItem","position":2,"name":"Deux ans de recharges gratuites avec Electrify Canada \u00e0 l\u2019achat d\u2019un Porsche Macan EV"}]},{"@type":"WebSite","@id":"https:\/\/news.canadamotorjobs.com\/#website","url":"https:\/\/news.canadamotorjobs.com\/","name":"CanadaMotorJobs.com","description":"Automotive Jobs","publisher":{"@id":"https:\/\/news.canadamotorjobs.com\/#organization"},"potentialAction":[{"@type":"SearchAction","target":{"@type":"EntryPoint","urlTemplate":"https:\/\/news.canadamotorjobs.com\/?s={search_term_string}"},"query-input":"required name=search_term_string"}],"inLanguage":"fr-CA"},{"@type":"Organization","@id":"https:\/\/news.canadamotorjobs.com\/#organization","name":"Canada Motor Jobs","url":"https:\/\/news.canadamotorjobs.com\/","logo":{"@type":"ImageObject","inLanguage":"fr-CA","@id":"https:\/\/news.canadamotorjobs.com\/#\/schema\/logo\/image\/","url":"https:\/\/news.canadamotorjobs.com\/wp-content\/uploads\/2022\/10\/logo-canada-motor-jobs-1.png","contentUrl":"https:\/\/news.canadamotorjobs.com\/wp-content\/uploads\/2022\/10\/logo-canada-motor-jobs-1.png","width":800,"height":400,"caption":"Canada Motor Jobs"},"image":{"@id":"https:\/\/news.canadamotorjobs.com\/#\/schema\/logo\/image\/"},"sameAs":["https:\/\/www.facebook.com\/canadamotorjobs\/","https:\/\/x.com\/canadamotorjobs","https:\/\/www.instagram.com\/canadamotorjobs\/","https:\/\/www.linkedin.com\/company\/canadamotorjobs"]},{"@type":"Person","@id":"https:\/\/news.canadamotorjobs.com\/#\/schema\/person\/51793d1f87d44011d7bcc2ed99269a90","name":"Benoit Charette","image":{"@type":"ImageObject","inLanguage":"fr-CA","@id":"https:\/\/news.canadamotorjobs.com\/#\/schema\/person\/image\/","url":"https:\/\/secure.gravatar.com\/avatar\/45f3d2eebcccd909668d7ce7ea7267b6?s=96&d=mm&r=g","contentUrl":"https:\/\/secure.gravatar.com\/avatar\/45f3d2eebcccd909668d7ce7ea7267b6?s=96&d=mm&r=g","caption":"Benoit Charette"},"description":"Benoit Charette \/ Propri\u00e9taire et r\u00e9dacteur en chef Benoit Charette pratique le journalisme automobile depuis bient\u00f4t 30 ans. Il a fait ses classes au c\u00f4t\u00e9 de Daniel H\u00e9raud et au Carnet de route de 1992 \u00e0 2001. Il est fondateur, copropri\u00e9taire et r\u00e9dacteur en chef de L\u2019Annuel de l\u2019automobile, qu\u2019il publie depuis 2001. Il a anim\u00e9 les \u00e9missions RPM et RPM+ sur V et les L\u00e9gendes de la route sur Historia. \u00c0 la radio depuis 1986, il reprend l\u2019antenne cette ann\u00e9e sur les ondes de Cogeco et participe pour la deuxi\u00e8me ann\u00e9e \u00e0 l\u2019\u00e9mission Passion Auto sur RDS en plus de mettre en ligne le site Web officiel de L\u2019Annuel de l\u2019automobile sur annuelauto.ca.","sameAs":["https:\/\/annuelauto.ca\/"],"url":"https:\/\/news.canadamotorjobs.com\/fr\/author\/benoit-charette\/"}]}},"_links":{"self":[{"href":"https:\/\/news.canadamotorjobs.com\/fr\/wp-json\/wp\/v2\/posts\/177887"}],"collection":[{"href":"https:\/\/news.canadamotorjobs.com\/fr\/wp-json\/wp\/v2\/posts"}],"about":[{"href":"https:\/\/news.canadamotorjobs.com\/fr\/wp-json\/wp\/v2\/types\/post"}],"author":[{"embeddable":true,"href":"https:\/\/news.canadamotorjobs.com\/fr\/wp-json\/wp\/v2\/users\/8"}],"replies":[{"embeddable":true,"href":"https:\/\/news.canadamotorjobs.com\/fr\/wp-json\/wp\/v2\/comments?post=177887"}],"version-history":[{"count":3,"href":"https:\/\/news.canadamotorjobs.com\/fr\/wp-json\/wp\/v2\/posts\/177887\/revisions"}],"predecessor-version":[{"id":177918,"href":"https:\/\/news.canadamotorjobs.com\/fr\/wp-json\/wp\/v2\/posts\/177887\/revisions\/177918"}],"wp:featuredmedia":[{"embeddable":true,"href":"https:\/\/news.canadamotorjobs.com\/fr\/wp-json\/wp\/v2\/media\/177889"}],"wp:attachment":[{"href":"https:\/\/news.canadamotorjobs.com\/fr\/wp-json\/wp\/v2\/media?parent=177887"}],"wp:term":[{"taxonomy":"category","embeddable":true,"href":"https:\/\/news.canadamotorjobs.com\/fr\/wp-json\/wp\/v2\/categories?post=177887"},{"taxonomy":"post_tag","embeddable":true,"href":"https:\/\/news.canadamotorjobs.com\/fr\/wp-json\/wp\/v2\/tags?post=177887"}],"curies":[{"name":"wp","href":"https:\/\/api.w.org\/{rel}","templated":true}]}}