{"id":177763,"date":"2024-10-17T15:24:32","date_gmt":"2024-10-17T19:24:32","guid":{"rendered":"https:\/\/news.canadamotorjobs.com\/?p=177763"},"modified":"2024-10-17T15:29:24","modified_gmt":"2024-10-17T19:29:24","slug":"les-ventes-electriques-explosent-chez-general-motors","status":"publish","type":"post","link":"https:\/\/news.canadamotorjobs.com\/fr\/les-ventes-electriques-explosent-chez-general-motors\/","title":{"rendered":"Les ventes \u00e9lectriques explosent chez General Motors"},"content":{"rendered":"<\/p>\n<p>Si certains constructeurs ne vendent pas leurs mod\u00e8les \u00e9lectriques au rythme escompt\u00e9 (qu\u2019on pense \u00e0 Mercedes-Benz, notamment), d\u2019autres commencent \u00e0 les \u00e9couler \u00e0 un rythme fort int\u00e9ressant. C\u2019est le cas au sein de l\u2019empire de General Motors (GM) o\u00f9 chaque nouveau trimestre nous fait vivre un nouveau record de livraisons de v\u00e9hicules \u00e9lectriques.<\/p>\n<p>Concr\u00e8tement, les chiffres de ventes du troisi\u00e8me trimestre montrent que les mod\u00e8les \u00e9lectriques de la marque ont le vent dans les voiles. Ajoutez \u00e0 cela que la gamme de v\u00e9hicules \u00e9lectriques de GM ne fait qu\u2019accueillir de nouveaux joueurs et il est facile de comprendre pourquoi les r\u00e9sultats sont \u00e0 la hausse et que l\u2019heure est \u00e0 la r\u00e9jouissance.<\/p>\n<p><strong>Les chiffres<\/strong><\/p>\n<p>GM a vendu 32 095 v\u00e9hicules \u00e9lectriques entre juillet et septembre de cette ann\u00e9e. C\u2019est le meilleur trimestre jamais enregistr\u00e9 par le constructeur avec ce type de mod\u00e8les. En gros, les transactions ont augment\u00e9 de 40 % par rapport au deuxi\u00e8me trimestre, au cours duquel le constructeur avait vendu 21 930 v\u00e9hicules \u00e9lectriques. Et c\u2019est encore une plus grande progression par rapport au premier trimestre de cette ann\u00e9e o\u00f9 GM avait \u00e9coul\u00e9 16 425 V\u00c9.<\/p>\n<p>Cons\u00e9quemment, ses parts de march\u00e9 dans l\u2019univers du v\u00e9hicule \u00e9lectrique aux \u00c9tats-Unis sont pass\u00e9es de 6,5 % \u00e0 9,5 %, du premier au troisi\u00e8me trimestre de cette ann\u00e9e.<\/p>\n<p>Et imaginez, la Chevrolet Bolt EV n\u2019est plus au menu. En fait, la compagnie en a vendu 168 exemplaires de juillet \u00e0 septembre, des mod\u00e8les restant en concession. Lorsque le produit fera un retour en 2026, il va contribuer \u00e0 faire progresser les ventes.<\/p>\n<p><\/p>\n<figure><img decoding=\"async\" src=\"https:\/\/news.canadamotorjobs.com\/wp-content\/uploads\/2024\/10\/Chevrolet-Equinox-EV-2024-14-5.jpg\" alt=\"Chevrolet Equinox EV, \u00e9cusson\" \/><figcaption>Chevrolet Equinox EV, \u00e9cusson | Auto123.com<\/figcaption><\/figure>\n<p>En ce moment, celui qui joue ce r\u00f4le, c\u2019est le nouveau <a href=\"https:\/\/www.auto123.com\/fr\/essais-routiers\/chevrolet-equinox-ev-2024-premier-essai\/71510\/\">Chevrolet Equinox EV<\/a>. Au Canada seulement, on a vu ce mod\u00e8le devancer la Tesla Model 3 pour les demandes de rabais gouvernementaux. Il s\u2019av\u00e8re populaire aupr\u00e8s de nos amis du sud, en raison de son prix et de ce qu\u2019il propose en mati\u00e8re d\u2019autonomie.<\/p>\n<p>Chevrolet \u00e9coule aussi plusieurs <a href=\"https:\/\/www.auto123.com\/fr\/essais-routiers\/chevrolet-silverado-ev-2024-essai\/71484\/\">Silverado EV<\/a>. Les ventes ont quelque peu recul\u00e9 entre les deuxi\u00e8me et troisi\u00e8me trimestres (2196 contre 1995), mais l\u2019arriv\u00e9e d\u2019une version plus abordable et les d\u00e9buts de la version \u00e9lectrique du GMC Sierra vont redonner un peu de vie au segment.<\/p>\n<p>M\u00eame le <a href=\"https:\/\/www.auto123.com\/fr\/essais-routiers\/gmc-hummer-ev-2025-essai-routier\/71809\/\">GMC Hummer EV<\/a>, dans toute son opulence, joue son r\u00f4le, lui qui est en voie de franchir la barre des 10 000 unit\u00e9s vendues cette ann\u00e9e. Au cours du troisi\u00e8me trimestre seulement, il a enregistr\u00e9 la moiti\u00e9 de ses r\u00e9sultats jusqu\u2019ici pour l\u2019ann\u00e9e.<\/p>\n<p><\/p>\n<figure><img decoding=\"async\" src=\"https:\/\/news.canadamotorjobs.com\/wp-content\/uploads\/2024\/10\/2023-Cadillac-LYRIQ-006-1.jpg\" alt=\"Le Cadillac Lyriq\" \/><figcaption>Le Cadillac Lyriq | Auto123.com<\/figcaption><\/figure>\n<p>Et chez Cadillac, le <a href=\"https:\/\/www.auto123.com\/fr\/essais-routiers\/cadillac-lyriq-2023-premier-essai\/69362\/\">Lyriq<\/a> est en route vers 20 000 transactions cette ann\u00e9e. L\u2019<a href=\"https:\/\/www.auto123.com\/fr\/actualites\/cadillac-Optiq-2025-prix-canada\/71874\/\">Optiq<\/a>, l\u2019<a href=\"https:\/\/www.auto123.com\/fr\/actualites\/cadillac-escalade-iq-2025-presentation\/70602\/\">Escalade IQ<\/a>, ainsi que le <a href=\"https:\/\/www.auto123.com\/fr\/actualites\/cadillac-vistiq-vus-electrique-confirme\/71005\/\">Vistiq<\/a> doivent faire leurs d\u00e9buts d\u2019ici quelques mois au sein de la marque de luxe, ce qui va aussi avoir un effet sur les ventes. D\u2019ailleurs, concernant le Vistiq, soyez certains de ne pas manquer notre pr\u00e9sentation de ce mod\u00e8le sous peu, alors que nous effectuerons un petit d\u00e9tour du c\u00f4t\u00e9 de D\u00e9troit au d\u00e9but de la semaine prochaine pour assister \u00e0 la pr\u00e9sentation statique de ce mod\u00e8le.<\/p>\n<p>Avec sa gamme vari\u00e9e, et ses mod\u00e8les qui sont offerts dans toutes les fourchettes de prix, la strat\u00e9gie \u00e9lectrique de GM semble se diriger dans la bonne direction. Il faudra bien s\u00fbr surveiller les tendances, mais disons que \u00e7a regarde bien pour le moment.<\/p>\n<p><\/p>\n<figure><img decoding=\"async\" src=\"https:\/\/news.canadamotorjobs.com\/wp-content\/uploads\/2024\/10\/2024-Silverado-EV-RST-026-1.jpg\" alt=\"Le Chevrolet Silverado EV RST\" \/><figcaption>Le Chevrolet Silverado EV RST | Auto123.com<\/figcaption><\/figure>\n<p style=\"padding-top: 15px\">Contenu original de <a href=\"https:\/\/www.auto123.com\/fr\/actualites\/general-motors-ventes-ve-chevrolet-croissance\/71952\/\">auto123<\/a>.<\/p>\n<p>Le texte <a rel=\"nofollow\" href=\"https:\/\/annuelauto.ca\/les-ventes-electriques-explosent-chez-general-motors\/\">Les ventes \u00e9lectriques explosent chez General Motors<\/a> provient de <a rel=\"nofollow\" href=\"https:\/\/annuelauto.ca\">L&#8217;annuel de l&#8217;automobile &#8211; Actualit\u00e9 automobile<\/a><\/p>\n<p><\/p>\n","protected":false},"excerpt":{"rendered":"<p>Si certains constructeurs ne vendent pas leurs mod\u00e8les \u00e9lectriques au rythme escompt\u00e9 (qu\u2019on pense \u00e0 Mercedes-Benz, notamment), d\u2019autres commencent \u00e0 les \u00e9couler \u00e0 un rythme fort int\u00e9ressant. C\u2019est le cas au sein de l\u2019empire de General Motors (GM) o\u00f9 chaque nouveau trimestre nous fait vivre un nouveau record de livraisons de v\u00e9hicules \u00e9lectriques. Concr\u00e8tement, les [&hellip;]<\/p>\n","protected":false},"author":8,"featured_media":177765,"comment_status":"close","ping_status":"closed","sticky":false,"template":"","format":"standard","meta":{"_monsterinsights_skip_tracking":false,"_monsterinsights_sitenote_active":false,"_monsterinsights_sitenote_note":"","_monsterinsights_sitenote_category":0,"footnotes":""},"categories":[101],"tags":[],"yoast_head":"<!-- This site is optimized with the Yoast SEO plugin v23.2 - https:\/\/yoast.com\/wordpress\/plugins\/seo\/ -->\n<title>Les ventes \u00e9lectriques explosent chez General Motors - CanadaMotorJobs.com<\/title>\n<meta name=\"description\" content=\"Les ventes \u00e9lectriques explosent chez General Motors - Benoit Charette - Annuel automobile - CanadaMotorJobs.com.\" \/>\n<meta name=\"robots\" content=\"index, follow, max-snippet:-1, max-image-preview:large, max-video-preview:-1\" \/>\n<meta property=\"og:locale\" content=\"fr_CA\" \/>\n<meta property=\"og:type\" content=\"article\" \/>\n<meta property=\"og:title\" content=\"Les ventes \u00e9lectriques explosent chez General Motors - CanadaMotorJobs.com\" \/>\n<meta property=\"og:description\" content=\"Les ventes \u00e9lectriques explosent chez General Motors - Benoit Charette - Annuel automobile - CanadaMotorJobs.com.\" \/>\n<meta property=\"og:url\" content=\"https:\/\/news.canadamotorjobs.com\/fr\/les-ventes-electriques-explosent-chez-general-motors\/\" \/>\n<meta property=\"og:site_name\" content=\"CanadaMotorJobs.com\" \/>\n<meta property=\"article:publisher\" content=\"https:\/\/www.facebook.com\/canadamotorjobs\/\" \/>\n<meta property=\"article:published_time\" content=\"2024-10-17T19:24:32+00:00\" \/>\n<meta property=\"article:modified_time\" content=\"2024-10-17T19:29:24+00:00\" \/>\n<meta property=\"og:image\" content=\"https:\/\/news.canadamotorjobs.com\/wp-content\/uploads\/2024\/10\/Chevrolet-Equinox-EV-2024-14.jpg\" \/>\n\t<meta property=\"og:image:width\" content=\"1200\" \/>\n\t<meta property=\"og:image:height\" content=\"800\" \/>\n\t<meta property=\"og:image:type\" content=\"image\/jpeg\" \/>\n<meta name=\"author\" content=\"Benoit Charette\" \/>\n<meta name=\"twitter:card\" content=\"summary_large_image\" \/>\n<meta name=\"twitter:creator\" content=\"@canadamotorjobs\" \/>\n<meta name=\"twitter:site\" content=\"@canadamotorjobs\" \/>\n<meta name=\"twitter:label1\" content=\"\u00c9crit par\" \/>\n\t<meta name=\"twitter:data1\" content=\"Benoit Charette\" \/>\n\t<meta name=\"twitter:label2\" content=\"Estimation du temps de lecture\" \/>\n\t<meta name=\"twitter:data2\" content=\"3 minutes\" \/>\n<!-- \/ Yoast SEO plugin. -->","yoast_head_json":{"title":"Les ventes \u00e9lectriques explosent chez General Motors - CanadaMotorJobs.com","description":"Les ventes \u00e9lectriques explosent chez General Motors - Benoit Charette - Annuel automobile - CanadaMotorJobs.com.","robots":{"index":"index","follow":"follow","max-snippet":"max-snippet:-1","max-image-preview":"max-image-preview:large","max-video-preview":"max-video-preview:-1"},"og_locale":"fr_CA","og_type":"article","og_title":"Les ventes \u00e9lectriques explosent chez General Motors - CanadaMotorJobs.com","og_description":"Les ventes \u00e9lectriques explosent chez General Motors - Benoit Charette - Annuel automobile - CanadaMotorJobs.com.","og_url":"https:\/\/news.canadamotorjobs.com\/fr\/les-ventes-electriques-explosent-chez-general-motors\/","og_site_name":"CanadaMotorJobs.com","article_publisher":"https:\/\/www.facebook.com\/canadamotorjobs\/","article_published_time":"2024-10-17T19:24:32+00:00","article_modified_time":"2024-10-17T19:29:24+00:00","og_image":[{"width":1200,"height":800,"url":"https:\/\/news.canadamotorjobs.com\/wp-content\/uploads\/2024\/10\/Chevrolet-Equinox-EV-2024-14.jpg","type":"image\/jpeg"}],"author":"Benoit Charette","twitter_card":"summary_large_image","twitter_creator":"@canadamotorjobs","twitter_site":"@canadamotorjobs","twitter_misc":{"\u00c9crit par":"Benoit Charette","Estimation du temps de lecture":"3 minutes"},"schema":{"@context":"https:\/\/schema.org","@graph":[{"@type":"Article","@id":"https:\/\/news.canadamotorjobs.com\/fr\/les-ventes-electriques-explosent-chez-general-motors\/#article","isPartOf":{"@id":"https:\/\/news.canadamotorjobs.com\/fr\/les-ventes-electriques-explosent-chez-general-motors\/"},"author":{"name":"Benoit Charette","@id":"https:\/\/news.canadamotorjobs.com\/#\/schema\/person\/51793d1f87d44011d7bcc2ed99269a90"},"headline":"Les ventes \u00e9lectriques explosent chez General Motors","datePublished":"2024-10-17T19:24:32+00:00","dateModified":"2024-10-17T19:29:24+00:00","mainEntityOfPage":{"@id":"https:\/\/news.canadamotorjobs.com\/fr\/les-ventes-electriques-explosent-chez-general-motors\/"},"wordCount":628,"publisher":{"@id":"https:\/\/news.canadamotorjobs.com\/#organization"},"image":{"@id":"https:\/\/news.canadamotorjobs.com\/fr\/les-ventes-electriques-explosent-chez-general-motors\/#primaryimage"},"thumbnailUrl":"https:\/\/news.canadamotorjobs.com\/wp-content\/uploads\/2024\/10\/Chevrolet-Equinox-EV-2024-14.jpg","articleSection":["Annuel automobile"],"inLanguage":"fr-CA"},{"@type":"WebPage","@id":"https:\/\/news.canadamotorjobs.com\/fr\/les-ventes-electriques-explosent-chez-general-motors\/","url":"https:\/\/news.canadamotorjobs.com\/fr\/les-ventes-electriques-explosent-chez-general-motors\/","name":"Les ventes \u00e9lectriques explosent chez General Motors - CanadaMotorJobs.com","isPartOf":{"@id":"https:\/\/news.canadamotorjobs.com\/#website"},"primaryImageOfPage":{"@id":"https:\/\/news.canadamotorjobs.com\/fr\/les-ventes-electriques-explosent-chez-general-motors\/#primaryimage"},"image":{"@id":"https:\/\/news.canadamotorjobs.com\/fr\/les-ventes-electriques-explosent-chez-general-motors\/#primaryimage"},"thumbnailUrl":"https:\/\/news.canadamotorjobs.com\/wp-content\/uploads\/2024\/10\/Chevrolet-Equinox-EV-2024-14.jpg","datePublished":"2024-10-17T19:24:32+00:00","dateModified":"2024-10-17T19:29:24+00:00","description":"Les ventes \u00e9lectriques explosent chez General Motors - Benoit Charette - Annuel automobile - CanadaMotorJobs.com.","breadcrumb":{"@id":"https:\/\/news.canadamotorjobs.com\/fr\/les-ventes-electriques-explosent-chez-general-motors\/#breadcrumb"},"inLanguage":"fr-CA","potentialAction":[{"@type":"ReadAction","target":["https:\/\/news.canadamotorjobs.com\/fr\/les-ventes-electriques-explosent-chez-general-motors\/"]}]},{"@type":"ImageObject","inLanguage":"fr-CA","@id":"https:\/\/news.canadamotorjobs.com\/fr\/les-ventes-electriques-explosent-chez-general-motors\/#primaryimage","url":"https:\/\/news.canadamotorjobs.com\/wp-content\/uploads\/2024\/10\/Chevrolet-Equinox-EV-2024-14.jpg","contentUrl":"https:\/\/news.canadamotorjobs.com\/wp-content\/uploads\/2024\/10\/Chevrolet-Equinox-EV-2024-14.jpg","width":1200,"height":800},{"@type":"BreadcrumbList","@id":"https:\/\/news.canadamotorjobs.com\/fr\/les-ventes-electriques-explosent-chez-general-motors\/#breadcrumb","itemListElement":[{"@type":"ListItem","position":1,"name":"Home","item":"https:\/\/news.canadamotorjobs.com\/fr\/blog\/"},{"@type":"ListItem","position":2,"name":"Les ventes \u00e9lectriques explosent chez General Motors"}]},{"@type":"WebSite","@id":"https:\/\/news.canadamotorjobs.com\/#website","url":"https:\/\/news.canadamotorjobs.com\/","name":"CanadaMotorJobs.com","description":"Automotive Jobs","publisher":{"@id":"https:\/\/news.canadamotorjobs.com\/#organization"},"potentialAction":[{"@type":"SearchAction","target":{"@type":"EntryPoint","urlTemplate":"https:\/\/news.canadamotorjobs.com\/?s={search_term_string}"},"query-input":"required name=search_term_string"}],"inLanguage":"fr-CA"},{"@type":"Organization","@id":"https:\/\/news.canadamotorjobs.com\/#organization","name":"Canada Motor Jobs","url":"https:\/\/news.canadamotorjobs.com\/","logo":{"@type":"ImageObject","inLanguage":"fr-CA","@id":"https:\/\/news.canadamotorjobs.com\/#\/schema\/logo\/image\/","url":"https:\/\/news.canadamotorjobs.com\/wp-content\/uploads\/2022\/10\/logo-canada-motor-jobs-1.png","contentUrl":"https:\/\/news.canadamotorjobs.com\/wp-content\/uploads\/2022\/10\/logo-canada-motor-jobs-1.png","width":800,"height":400,"caption":"Canada Motor Jobs"},"image":{"@id":"https:\/\/news.canadamotorjobs.com\/#\/schema\/logo\/image\/"},"sameAs":["https:\/\/www.facebook.com\/canadamotorjobs\/","https:\/\/x.com\/canadamotorjobs","https:\/\/www.instagram.com\/canadamotorjobs\/","https:\/\/www.linkedin.com\/company\/canadamotorjobs"]},{"@type":"Person","@id":"https:\/\/news.canadamotorjobs.com\/#\/schema\/person\/51793d1f87d44011d7bcc2ed99269a90","name":"Benoit Charette","image":{"@type":"ImageObject","inLanguage":"fr-CA","@id":"https:\/\/news.canadamotorjobs.com\/#\/schema\/person\/image\/","url":"https:\/\/secure.gravatar.com\/avatar\/45f3d2eebcccd909668d7ce7ea7267b6?s=96&d=mm&r=g","contentUrl":"https:\/\/secure.gravatar.com\/avatar\/45f3d2eebcccd909668d7ce7ea7267b6?s=96&d=mm&r=g","caption":"Benoit Charette"},"description":"Benoit Charette \/ Propri\u00e9taire et r\u00e9dacteur en chef Benoit Charette pratique le journalisme automobile depuis bient\u00f4t 30 ans. Il a fait ses classes au c\u00f4t\u00e9 de Daniel H\u00e9raud et au Carnet de route de 1992 \u00e0 2001. Il est fondateur, copropri\u00e9taire et r\u00e9dacteur en chef de L\u2019Annuel de l\u2019automobile, qu\u2019il publie depuis 2001. Il a anim\u00e9 les \u00e9missions RPM et RPM+ sur V et les L\u00e9gendes de la route sur Historia. \u00c0 la radio depuis 1986, il reprend l\u2019antenne cette ann\u00e9e sur les ondes de Cogeco et participe pour la deuxi\u00e8me ann\u00e9e \u00e0 l\u2019\u00e9mission Passion Auto sur RDS en plus de mettre en ligne le site Web officiel de L\u2019Annuel de l\u2019automobile sur annuelauto.ca.","sameAs":["https:\/\/annuelauto.ca\/"],"url":"https:\/\/news.canadamotorjobs.com\/fr\/author\/benoit-charette\/"}]}},"_links":{"self":[{"href":"https:\/\/news.canadamotorjobs.com\/fr\/wp-json\/wp\/v2\/posts\/177763"}],"collection":[{"href":"https:\/\/news.canadamotorjobs.com\/fr\/wp-json\/wp\/v2\/posts"}],"about":[{"href":"https:\/\/news.canadamotorjobs.com\/fr\/wp-json\/wp\/v2\/types\/post"}],"author":[{"embeddable":true,"href":"https:\/\/news.canadamotorjobs.com\/fr\/wp-json\/wp\/v2\/users\/8"}],"replies":[{"embeddable":true,"href":"https:\/\/news.canadamotorjobs.com\/fr\/wp-json\/wp\/v2\/comments?post=177763"}],"version-history":[{"count":3,"href":"https:\/\/news.canadamotorjobs.com\/fr\/wp-json\/wp\/v2\/posts\/177763\/revisions"}],"predecessor-version":[{"id":177798,"href":"https:\/\/news.canadamotorjobs.com\/fr\/wp-json\/wp\/v2\/posts\/177763\/revisions\/177798"}],"wp:featuredmedia":[{"embeddable":true,"href":"https:\/\/news.canadamotorjobs.com\/fr\/wp-json\/wp\/v2\/media\/177765"}],"wp:attachment":[{"href":"https:\/\/news.canadamotorjobs.com\/fr\/wp-json\/wp\/v2\/media?parent=177763"}],"wp:term":[{"taxonomy":"category","embeddable":true,"href":"https:\/\/news.canadamotorjobs.com\/fr\/wp-json\/wp\/v2\/categories?post=177763"},{"taxonomy":"post_tag","embeddable":true,"href":"https:\/\/news.canadamotorjobs.com\/fr\/wp-json\/wp\/v2\/tags?post=177763"}],"curies":[{"name":"wp","href":"https:\/\/api.w.org\/{rel}","templated":true}]}}